{"id":12916,"date":"2025-10-18T20:29:33","date_gmt":"2025-10-19T00:29:33","guid":{"rendered":"https:\/\/blogdacondessa.com.br\/blog\/?p=12916"},"modified":"2025-10-18T20:29:33","modified_gmt":"2025-10-19T00:29:33","slug":"governo-de-mt-entrega-casas-para-familias-em-situacao-de-vulnerabilidade","status":"publish","type":"post","link":"https:\/\/blogdacondessa.com.br\/blog\/uncategorized\/governo-de-mt-entrega-casas-para-familias-em-situacao-de-vulnerabilidade\/","title":{"rendered":"Governo de MT entrega casas para fam\u00edlias em situa\u00e7\u00e3o de vulnerabilidade"},"content":{"rendered":"<p>\u201cEsperei 12 anos por esse momento\u201d, afirma contemplada.<\/p>\n<p>O Governo de Mato Grosso realizou, na manh\u00e3 de s\u00e1bado (18.10), a segunda entrega de chaves de casas populares do dia, pelo programa SER Fam\u00edlia Habita\u00e7\u00e3o. Em Lucas do Rio Verde, 30 fam\u00edlias em situa\u00e7\u00e3o de vulnerabilidade social receberam gratuitamente as chaves da casa pr\u00f3pria, no bairro Jardim Primavera III.<\/p>\n<p>Ainda no munic\u00edpio, o governador Mauro Mendes e a primeira-dama Virginia Mendes realizaram o lan\u00e7amento da pedra fundamental para a constru\u00e7\u00e3o de mais 2 mil casas pelo programa.<\/p>\n<p>Uma das contempladas com a doa\u00e7\u00e3o da casa \u00e9 a moradora Sueli Ferreira. \u201cEsperei 12 anos por esse momento, de ser contemplada com uma casa. Sempre pedi muito a Deus, muitas vezes eu chorava, mas aqui estou hoje com a chave gra\u00e7as a voc\u00eas do Governo. Estou muito feliz, voc\u00eas n\u00e3o t\u00eam nem explica\u00e7\u00e3o\u201d, comentou.<\/p>\n<p>Sueli e as outras 29 fam\u00edlias tamb\u00e9m foram contempladas pelo SER Fam\u00edlia Habita\u00e7\u00e3o Faixa 0, voltado para fam\u00edlias com renda per capita de at\u00e9 R$ 218. Elas recebem a casa sem precisar dar entrada ou pagar pelo financiamento.<\/p>\n<p>\u201c\u00c9 um sonho de todo ser humano ter uma casa pr\u00f3pria. Estou muito grata a Deus, ao Governo e \u00e0 Prefeitura por essa entrega. \u00c9 a realiza\u00e7\u00e3o de um sonho, essa casa vai mudar minha vida\u201d, destacou Creuza da Silva, outra moradora contemplada com a doa\u00e7\u00e3o da casa.<\/p>\n<p>O governador Mauro Mendes afirmou que os im\u00f3veis dar\u00e3o mais seguran\u00e7a para as fam\u00edlias contempladas. \u201cSeguran\u00e7a \u00e9 um dos valores fundamentais para o ser humano. Para voc\u00ea se sentir numa fam\u00edlia segura, \u00e9 preciso ter um lar, um teto, para saber que, no final do dia, voc\u00ea vai criar uma vida e ter um local para repousar quando chegar \u00e0 velhice. Estamos, em nome do povo mato-grossense, realizando o sonho dessas pessoas\u201d, pontuou.<\/p>\n<p>Idealizadora do programa, a primeira-dama Virginia Mendes tamb\u00e9m afirmou que a entrega representa a realiza\u00e7\u00e3o de um sonho das fam\u00edlias. \u201cEntregar uma casa pr\u00f3pria \u00e9 oferecer dignidade, esperan\u00e7a e seguran\u00e7a para cada fam\u00edlia. A gratid\u00e3o \u00e9 imensa. Agrade\u00e7o a Deus pela oportunidade de proporcionar essa felicidade e transformar vidas por meio desse programa\u201d, destacou.<\/p>\n<p><strong>Mais unidades habitacionais para Lucas do Rio Verde<\/strong><\/p>\n<p>Ap\u00f3s a doa\u00e7\u00e3o das casas, o governador Mauro Mendes lan\u00e7ou a pedra fundamental para a constru\u00e7\u00e3o de mais 2 mil unidades habitacionais do Residencial Jardim Esperan\u00e7a I, em Lucas do Rio Verde, por meio das demais faixas do programa SER Fam\u00edlia Habita\u00e7\u00e3o. O empreendimento j\u00e1 est\u00e1 em obras e fica localizado no bairro Jardim Esperan\u00e7a. O aporte do Estado pode chegar a mais de R$ 33 milh\u00f5es nos im\u00f3veis.<\/p>\n<p>\u201c\u00c9 fundamental para a vida das pessoas ter a oportunidade de conquistar a casa pr\u00f3pria. Para a cidade, \u00e9 importante fixar as pessoas aqui, fortalecendo o processo de crescimento e desenvolvimento. Contem com o Governo para que possamos continuar desenvolvendo o setor de habita\u00e7\u00e3o e realizando os sonhos das pessoas\u201d, destacou o governador Mauro Mendes.<\/p>\n<p>Pelas Faixas 1 a 4, o programa SER Fam\u00edlia Habita\u00e7\u00e3o, na modalidade Entrada Facilitada, concede at\u00e9 R$ 35 mil para serem aplicados na entrada de im\u00f3veis, para fam\u00edlias que recebem at\u00e9 R$ 12 mil de renda. O valor pode ser somado aos benef\u00edcios do programa federal de habita\u00e7\u00e3o Minha Casa, Minha Vida, e o terreno doado pelo munic\u00edpio tamb\u00e9m \u00e9 abatido do valor total do im\u00f3vel, tornando a aquisi\u00e7\u00e3o ainda mais acess\u00edvel.<\/p>\n<p>O prefeito de Lucas do Rio Verde, Miguel Vaz, apontou que, al\u00e9m dos subs\u00eddios dos governos federal e estadual, a Prefeitura ainda faz um aporte de mais R$ 10 mil para cada benefici\u00e1rio do programa.<\/p>\n<p>\u201c\u00c9 o programa de habita\u00e7\u00e3o mais inovador do Brasil. Eu n\u00e3o conhe\u00e7o nenhum outro governo que tenha um programa com a participa\u00e7\u00e3o t\u00e3o intensa e cir\u00fargica para resolver o problema do d\u00e9ficit habitacional nas cidades. Se n\u00e3o fosse o apoio dos governos, metade dos beneficiados ficaria no caminho, porque n\u00e3o tem dinheiro para pagar a entrada. Essa \u00e9 uma realidade aqui em Lucas: 70% dos nossos trabalhadores recebem at\u00e9 cinco sal\u00e1rios m\u00ednimos e pagam um aluguel de R$ 1,5 mil reais. Como sobra para fazer uma poupan\u00e7a? Por isso, esse programa tem tido tanto sucesso, por conta dessa uni\u00e3o de esfor\u00e7os\u201d, disse.<\/p>\n<p>O assessor especial da Presid\u00eancia da Rep\u00fablica, Valtenir Pereira, que representou o Governo Federal, destacou que as casas v\u00e3o marcar um novo cap\u00edtulo na hist\u00f3ria das fam\u00edlias.<\/p>\n<p>\u201cCada casa que come\u00e7a a se erguer neste solo representa um sonho que deixa de ser promessa e passa a ser realidade. Este canteiro de obras \u00e9 o s\u00edmbolo de uma grande alian\u00e7a pelo povo, por meio dos programas Minha Casa, Minha Vida e SER Fam\u00edlia Habita\u00e7\u00e3o. Dois programas, dois governos e um mesmo prop\u00f3sito: dar dignidade, moradia e esperan\u00e7a ao povo\u201d, disse.<\/p>\n<p>Tamb\u00e9m acompanharam o deputado estadual Valmir Moretto, os secret\u00e1rios Klebson Gomes (Assist\u00eancia Social e Cidadania) e Vitor Hugo Bruzulato (Justi\u00e7a), o presidente da MT Par, Wener Santos, o comandante-geral da PM, coronel Fernando Tinoco, e o superintendente da Caixa Econ\u00f4mica Federal em Mato Grosso, Jo\u00e3o Henrique Oliveira.<\/p>\n","protected":false},"excerpt":{"rendered":"<p>\u201cEsperei 12 anos por esse momento\u201d, afirma contemplada. O Governo de Mato Grosso realizou, na manh\u00e3 de s\u00e1bado (18.10), a segunda entrega de chaves de casas populares do dia, pelo programa SER Fam\u00edlia Habita\u00e7\u00e3o. Em Lucas do Rio Verde, 30 fam\u00edlias em situa\u00e7\u00e3o de vulnerabilidade social receberam gratuitamente as chaves da casa pr\u00f3pria, no bairro [&hellip;]<\/p>\n","protected":false},"author":2,"featured_media":12917,"comment_status":"closed","ping_status":"closed","sticky":false,"template":"","format":"standard","meta":{"iawp_total_views":20,"footnotes":""},"categories":[1],"tags":[],"class_list":["post-12916","post","type-post","status-publish","format-standard","has-post-thumbnail","hentry","category-uncategorized"],"yoast_head":"<!-- This site is optimized with the Yoast SEO plugin v27.3 - https:\/\/yoast.com\/product\/yoast-seo-wordpress\/ -->\n<title>Governo de MT entrega casas para fam\u00edlias em situa\u00e7\u00e3o de vulnerabilidade &#8902; Blog da Condessa<\/title>\n<meta name=\"robots\" content=\"index, follow, max-snippet:-1, max-image-preview:large, max-video-preview:-1\" \/>\n<link rel=\"canonical\" href=\"https:\/\/blogdacondessa.com.br\/blog\/uncategorized\/governo-de-mt-entrega-casas-para-familias-em-situacao-de-vulnerabilidade\/\" \/>\n<meta property=\"og:locale\" content=\"pt_BR\" \/>\n<meta property=\"og:type\" content=\"article\" \/>\n<meta property=\"og:title\" content=\"Governo de MT entrega casas para fam\u00edlias em situa\u00e7\u00e3o de vulnerabilidade &#8902; Blog da Condessa\" \/>\n<meta property=\"og:description\" content=\"\u201cEsperei 12 anos por esse momento\u201d, afirma contemplada. O Governo de Mato Grosso realizou, na manh\u00e3 de s\u00e1bado (18.10), a segunda entrega de chaves de casas populares do dia, pelo programa SER Fam\u00edlia Habita\u00e7\u00e3o. Em Lucas do Rio Verde, 30 fam\u00edlias em situa\u00e7\u00e3o de vulnerabilidade social receberam gratuitamente as chaves da casa pr\u00f3pria, no bairro [&hellip;]\" \/>\n<meta property=\"og:url\" content=\"https:\/\/blogdacondessa.com.br\/blog\/uncategorized\/governo-de-mt-entrega-casas-para-familias-em-situacao-de-vulnerabilidade\/\" \/>\n<meta property=\"og:site_name\" content=\"Blog da Condessa\" \/>\n<meta property=\"article:published_time\" content=\"2025-10-19T00:29:33+00:00\" \/>\n<meta property=\"og:image\" content=\"https:\/\/blogdacondessa.com.br\/blog\/wp-content\/uploads\/2025\/10\/Casas_lucas-do-rio-verde_ser-familia-0312.jpg\" \/>\n\t<meta property=\"og:image:width\" content=\"1024\" \/>\n\t<meta property=\"og:image:height\" content=\"683\" \/>\n\t<meta property=\"og:image:type\" content=\"image\/jpeg\" \/>\n<meta name=\"author\" content=\"Blog da Condessa\" \/>\n<meta name=\"twitter:card\" content=\"summary_large_image\" \/>\n<meta name=\"twitter:label1\" content=\"Escrito por\" \/>\n\t<meta name=\"twitter:data1\" content=\"Blog da Condessa\" \/>\n\t<meta name=\"twitter:label2\" content=\"Est. tempo de leitura\" \/>\n\t<meta name=\"twitter:data2\" content=\"5 minutos\" \/>\n<script type=\"application\/ld+json\" class=\"yoast-schema-graph\">{\"@context\":\"https:\\\/\\\/schema.org\",\"@graph\":[{\"@type\":\"Article\",\"@id\":\"https:\\\/\\\/blogdacondessa.com.br\\\/blog\\\/uncategorized\\\/governo-de-mt-entrega-casas-para-familias-em-situacao-de-vulnerabilidade\\\/#article\",\"isPartOf\":{\"@id\":\"https:\\\/\\\/blogdacondessa.com.br\\\/blog\\\/uncategorized\\\/governo-de-mt-entrega-casas-para-familias-em-situacao-de-vulnerabilidade\\\/\"},\"author\":{\"name\":\"Blog da Condessa\",\"@id\":\"https:\\\/\\\/blogdacondessa.com.br\\\/blog\\\/#\\\/schema\\\/person\\\/1d667ff8b785195b568677489d266035\"},\"headline\":\"Governo de MT entrega casas para fam\u00edlias em situa\u00e7\u00e3o de vulnerabilidade\",\"datePublished\":\"2025-10-19T00:29:33+00:00\",\"mainEntityOfPage\":{\"@id\":\"https:\\\/\\\/blogdacondessa.com.br\\\/blog\\\/uncategorized\\\/governo-de-mt-entrega-casas-para-familias-em-situacao-de-vulnerabilidade\\\/\"},\"wordCount\":911,\"image\":{\"@id\":\"https:\\\/\\\/blogdacondessa.com.br\\\/blog\\\/uncategorized\\\/governo-de-mt-entrega-casas-para-familias-em-situacao-de-vulnerabilidade\\\/#primaryimage\"},\"thumbnailUrl\":\"https:\\\/\\\/blogdacondessa.com.br\\\/blog\\\/wp-content\\\/uploads\\\/2025\\\/10\\\/Casas_lucas-do-rio-verde_ser-familia-0312.jpg\",\"articleSection\":[\"Uncategorized\"],\"inLanguage\":\"pt-BR\"},{\"@type\":\"WebPage\",\"@id\":\"https:\\\/\\\/blogdacondessa.com.br\\\/blog\\\/uncategorized\\\/governo-de-mt-entrega-casas-para-familias-em-situacao-de-vulnerabilidade\\\/\",\"url\":\"https:\\\/\\\/blogdacondessa.com.br\\\/blog\\\/uncategorized\\\/governo-de-mt-entrega-casas-para-familias-em-situacao-de-vulnerabilidade\\\/\",\"name\":\"Governo de MT entrega casas para fam\u00edlias em situa\u00e7\u00e3o de vulnerabilidade &#8902; Blog da Condessa\",\"isPartOf\":{\"@id\":\"https:\\\/\\\/blogdacondessa.com.br\\\/blog\\\/#website\"},\"primaryImageOfPage\":{\"@id\":\"https:\\\/\\\/blogdacondessa.com.br\\\/blog\\\/uncategorized\\\/governo-de-mt-entrega-casas-para-familias-em-situacao-de-vulnerabilidade\\\/#primaryimage\"},\"image\":{\"@id\":\"https:\\\/\\\/blogdacondessa.com.br\\\/blog\\\/uncategorized\\\/governo-de-mt-entrega-casas-para-familias-em-situacao-de-vulnerabilidade\\\/#primaryimage\"},\"thumbnailUrl\":\"https:\\\/\\\/blogdacondessa.com.br\\\/blog\\\/wp-content\\\/uploads\\\/2025\\\/10\\\/Casas_lucas-do-rio-verde_ser-familia-0312.jpg\",\"datePublished\":\"2025-10-19T00:29:33+00:00\",\"author\":{\"@id\":\"https:\\\/\\\/blogdacondessa.com.br\\\/blog\\\/#\\\/schema\\\/person\\\/1d667ff8b785195b568677489d266035\"},\"breadcrumb\":{\"@id\":\"https:\\\/\\\/blogdacondessa.com.br\\\/blog\\\/uncategorized\\\/governo-de-mt-entrega-casas-para-familias-em-situacao-de-vulnerabilidade\\\/#breadcrumb\"},\"inLanguage\":\"pt-BR\",\"potentialAction\":[{\"@type\":\"ReadAction\",\"target\":[\"https:\\\/\\\/blogdacondessa.com.br\\\/blog\\\/uncategorized\\\/governo-de-mt-entrega-casas-para-familias-em-situacao-de-vulnerabilidade\\\/\"]}]},{\"@type\":\"ImageObject\",\"inLanguage\":\"pt-BR\",\"@id\":\"https:\\\/\\\/blogdacondessa.com.br\\\/blog\\\/uncategorized\\\/governo-de-mt-entrega-casas-para-familias-em-situacao-de-vulnerabilidade\\\/#primaryimage\",\"url\":\"https:\\\/\\\/blogdacondessa.com.br\\\/blog\\\/wp-content\\\/uploads\\\/2025\\\/10\\\/Casas_lucas-do-rio-verde_ser-familia-0312.jpg\",\"contentUrl\":\"https:\\\/\\\/blogdacondessa.com.br\\\/blog\\\/wp-content\\\/uploads\\\/2025\\\/10\\\/Casas_lucas-do-rio-verde_ser-familia-0312.jpg\",\"width\":1024,\"height\":683,\"caption\":\"Cr\u00e9dito - Mayke Toscano\\\/Secom-MT\"},{\"@type\":\"BreadcrumbList\",\"@id\":\"https:\\\/\\\/blogdacondessa.com.br\\\/blog\\\/uncategorized\\\/governo-de-mt-entrega-casas-para-familias-em-situacao-de-vulnerabilidade\\\/#breadcrumb\",\"itemListElement\":[{\"@type\":\"ListItem\",\"position\":1,\"name\":\"In\u00edcio\",\"item\":\"https:\\\/\\\/blogdacondessa.com.br\\\/blog\\\/\"},{\"@type\":\"ListItem\",\"position\":2,\"name\":\"Governo de MT entrega casas para fam\u00edlias em situa\u00e7\u00e3o de vulnerabilidade\"}]},{\"@type\":\"WebSite\",\"@id\":\"https:\\\/\\\/blogdacondessa.com.br\\\/blog\\\/#website\",\"url\":\"https:\\\/\\\/blogdacondessa.com.br\\\/blog\\\/\",\"name\":\"Blog da Condessa\",\"description\":\"Com Shirley de Souza O\u2019Campos\",\"potentialAction\":[{\"@type\":\"SearchAction\",\"target\":{\"@type\":\"EntryPoint\",\"urlTemplate\":\"https:\\\/\\\/blogdacondessa.com.br\\\/blog\\\/?s={search_term_string}\"},\"query-input\":{\"@type\":\"PropertyValueSpecification\",\"valueRequired\":true,\"valueName\":\"search_term_string\"}}],\"inLanguage\":\"pt-BR\"},{\"@type\":\"Person\",\"@id\":\"https:\\\/\\\/blogdacondessa.com.br\\\/blog\\\/#\\\/schema\\\/person\\\/1d667ff8b785195b568677489d266035\",\"name\":\"Blog da Condessa\",\"image\":{\"@type\":\"ImageObject\",\"inLanguage\":\"pt-BR\",\"@id\":\"https:\\\/\\\/secure.gravatar.com\\\/avatar\\\/377c0eb8b4ad2bfc25461b41564b5971e721ca34a57642868fc7b0c8ac7b52c5?s=96&d=mm&r=g\",\"url\":\"https:\\\/\\\/secure.gravatar.com\\\/avatar\\\/377c0eb8b4ad2bfc25461b41564b5971e721ca34a57642868fc7b0c8ac7b52c5?s=96&d=mm&r=g\",\"contentUrl\":\"https:\\\/\\\/secure.gravatar.com\\\/avatar\\\/377c0eb8b4ad2bfc25461b41564b5971e721ca34a57642868fc7b0c8ac7b52c5?s=96&d=mm&r=g\",\"caption\":\"Blog da Condessa\"},\"url\":\"https:\\\/\\\/blogdacondessa.com.br\\\/blog\\\/author\\\/beatriz\\\/\"}]}<\/script>\n<!-- \/ Yoast SEO plugin. -->","yoast_head_json":{"title":"Governo de MT entrega casas para fam\u00edlias em situa\u00e7\u00e3o de vulnerabilidade &#8902; Blog da Condessa","robots":{"index":"index","follow":"follow","max-snippet":"max-snippet:-1","max-image-preview":"max-image-preview:large","max-video-preview":"max-video-preview:-1"},"canonical":"https:\/\/blogdacondessa.com.br\/blog\/uncategorized\/governo-de-mt-entrega-casas-para-familias-em-situacao-de-vulnerabilidade\/","og_locale":"pt_BR","og_type":"article","og_title":"Governo de MT entrega casas para fam\u00edlias em situa\u00e7\u00e3o de vulnerabilidade &#8902; Blog da Condessa","og_description":"\u201cEsperei 12 anos por esse momento\u201d, afirma contemplada. O Governo de Mato Grosso realizou, na manh\u00e3 de s\u00e1bado (18.10), a segunda entrega de chaves de casas populares do dia, pelo programa SER Fam\u00edlia Habita\u00e7\u00e3o. Em Lucas do Rio Verde, 30 fam\u00edlias em situa\u00e7\u00e3o de vulnerabilidade social receberam gratuitamente as chaves da casa pr\u00f3pria, no bairro [&hellip;]","og_url":"https:\/\/blogdacondessa.com.br\/blog\/uncategorized\/governo-de-mt-entrega-casas-para-familias-em-situacao-de-vulnerabilidade\/","og_site_name":"Blog da Condessa","article_published_time":"2025-10-19T00:29:33+00:00","og_image":[{"width":1024,"height":683,"url":"https:\/\/blogdacondessa.com.br\/blog\/wp-content\/uploads\/2025\/10\/Casas_lucas-do-rio-verde_ser-familia-0312.jpg","type":"image\/jpeg"}],"author":"Blog da Condessa","twitter_card":"summary_large_image","twitter_misc":{"Escrito por":"Blog da Condessa","Est. tempo de leitura":"5 minutos"},"schema":{"@context":"https:\/\/schema.org","@graph":[{"@type":"Article","@id":"https:\/\/blogdacondessa.com.br\/blog\/uncategorized\/governo-de-mt-entrega-casas-para-familias-em-situacao-de-vulnerabilidade\/#article","isPartOf":{"@id":"https:\/\/blogdacondessa.com.br\/blog\/uncategorized\/governo-de-mt-entrega-casas-para-familias-em-situacao-de-vulnerabilidade\/"},"author":{"name":"Blog da Condessa","@id":"https:\/\/blogdacondessa.com.br\/blog\/#\/schema\/person\/1d667ff8b785195b568677489d266035"},"headline":"Governo de MT entrega casas para fam\u00edlias em situa\u00e7\u00e3o de vulnerabilidade","datePublished":"2025-10-19T00:29:33+00:00","mainEntityOfPage":{"@id":"https:\/\/blogdacondessa.com.br\/blog\/uncategorized\/governo-de-mt-entrega-casas-para-familias-em-situacao-de-vulnerabilidade\/"},"wordCount":911,"image":{"@id":"https:\/\/blogdacondessa.com.br\/blog\/uncategorized\/governo-de-mt-entrega-casas-para-familias-em-situacao-de-vulnerabilidade\/#primaryimage"},"thumbnailUrl":"https:\/\/blogdacondessa.com.br\/blog\/wp-content\/uploads\/2025\/10\/Casas_lucas-do-rio-verde_ser-familia-0312.jpg","articleSection":["Uncategorized"],"inLanguage":"pt-BR"},{"@type":"WebPage","@id":"https:\/\/blogdacondessa.com.br\/blog\/uncategorized\/governo-de-mt-entrega-casas-para-familias-em-situacao-de-vulnerabilidade\/","url":"https:\/\/blogdacondessa.com.br\/blog\/uncategorized\/governo-de-mt-entrega-casas-para-familias-em-situacao-de-vulnerabilidade\/","name":"Governo de MT entrega casas para fam\u00edlias em situa\u00e7\u00e3o de vulnerabilidade &#8902; Blog da Condessa","isPartOf":{"@id":"https:\/\/blogdacondessa.com.br\/blog\/#website"},"primaryImageOfPage":{"@id":"https:\/\/blogdacondessa.com.br\/blog\/uncategorized\/governo-de-mt-entrega-casas-para-familias-em-situacao-de-vulnerabilidade\/#primaryimage"},"image":{"@id":"https:\/\/blogdacondessa.com.br\/blog\/uncategorized\/governo-de-mt-entrega-casas-para-familias-em-situacao-de-vulnerabilidade\/#primaryimage"},"thumbnailUrl":"https:\/\/blogdacondessa.com.br\/blog\/wp-content\/uploads\/2025\/10\/Casas_lucas-do-rio-verde_ser-familia-0312.jpg","datePublished":"2025-10-19T00:29:33+00:00","author":{"@id":"https:\/\/blogdacondessa.com.br\/blog\/#\/schema\/person\/1d667ff8b785195b568677489d266035"},"breadcrumb":{"@id":"https:\/\/blogdacondessa.com.br\/blog\/uncategorized\/governo-de-mt-entrega-casas-para-familias-em-situacao-de-vulnerabilidade\/#breadcrumb"},"inLanguage":"pt-BR","potentialAction":[{"@type":"ReadAction","target":["https:\/\/blogdacondessa.com.br\/blog\/uncategorized\/governo-de-mt-entrega-casas-para-familias-em-situacao-de-vulnerabilidade\/"]}]},{"@type":"ImageObject","inLanguage":"pt-BR","@id":"https:\/\/blogdacondessa.com.br\/blog\/uncategorized\/governo-de-mt-entrega-casas-para-familias-em-situacao-de-vulnerabilidade\/#primaryimage","url":"https:\/\/blogdacondessa.com.br\/blog\/wp-content\/uploads\/2025\/10\/Casas_lucas-do-rio-verde_ser-familia-0312.jpg","contentUrl":"https:\/\/blogdacondessa.com.br\/blog\/wp-content\/uploads\/2025\/10\/Casas_lucas-do-rio-verde_ser-familia-0312.jpg","width":1024,"height":683,"caption":"Cr\u00e9dito - Mayke Toscano\/Secom-MT"},{"@type":"BreadcrumbList","@id":"https:\/\/blogdacondessa.com.br\/blog\/uncategorized\/governo-de-mt-entrega-casas-para-familias-em-situacao-de-vulnerabilidade\/#breadcrumb","itemListElement":[{"@type":"ListItem","position":1,"name":"In\u00edcio","item":"https:\/\/blogdacondessa.com.br\/blog\/"},{"@type":"ListItem","position":2,"name":"Governo de MT entrega casas para fam\u00edlias em situa\u00e7\u00e3o de vulnerabilidade"}]},{"@type":"WebSite","@id":"https:\/\/blogdacondessa.com.br\/blog\/#website","url":"https:\/\/blogdacondessa.com.br\/blog\/","name":"Blog da Condessa","description":"Com Shirley de Souza O\u2019Campos","potentialAction":[{"@type":"SearchAction","target":{"@type":"EntryPoint","urlTemplate":"https:\/\/blogdacondessa.com.br\/blog\/?s={search_term_string}"},"query-input":{"@type":"PropertyValueSpecification","valueRequired":true,"valueName":"search_term_string"}}],"inLanguage":"pt-BR"},{"@type":"Person","@id":"https:\/\/blogdacondessa.com.br\/blog\/#\/schema\/person\/1d667ff8b785195b568677489d266035","name":"Blog da Condessa","image":{"@type":"ImageObject","inLanguage":"pt-BR","@id":"https:\/\/secure.gravatar.com\/avatar\/377c0eb8b4ad2bfc25461b41564b5971e721ca34a57642868fc7b0c8ac7b52c5?s=96&d=mm&r=g","url":"https:\/\/secure.gravatar.com\/avatar\/377c0eb8b4ad2bfc25461b41564b5971e721ca34a57642868fc7b0c8ac7b52c5?s=96&d=mm&r=g","contentUrl":"https:\/\/secure.gravatar.com\/avatar\/377c0eb8b4ad2bfc25461b41564b5971e721ca34a57642868fc7b0c8ac7b52c5?s=96&d=mm&r=g","caption":"Blog da Condessa"},"url":"https:\/\/blogdacondessa.com.br\/blog\/author\/beatriz\/"}]}},"_links":{"self":[{"href":"https:\/\/blogdacondessa.com.br\/blog\/wp-json\/wp\/v2\/posts\/12916","targetHints":{"allow":["GET"]}}],"collection":[{"href":"https:\/\/blogdacondessa.com.br\/blog\/wp-json\/wp\/v2\/posts"}],"about":[{"href":"https:\/\/blogdacondessa.com.br\/blog\/wp-json\/wp\/v2\/types\/post"}],"author":[{"embeddable":true,"href":"https:\/\/blogdacondessa.com.br\/blog\/wp-json\/wp\/v2\/users\/2"}],"replies":[{"embeddable":true,"href":"https:\/\/blogdacondessa.com.br\/blog\/wp-json\/wp\/v2\/comments?post=12916"}],"version-history":[{"count":1,"href":"https:\/\/blogdacondessa.com.br\/blog\/wp-json\/wp\/v2\/posts\/12916\/revisions"}],"predecessor-version":[{"id":12918,"href":"https:\/\/blogdacondessa.com.br\/blog\/wp-json\/wp\/v2\/posts\/12916\/revisions\/12918"}],"wp:featuredmedia":[{"embeddable":true,"href":"https:\/\/blogdacondessa.com.br\/blog\/wp-json\/wp\/v2\/media\/12917"}],"wp:attachment":[{"href":"https:\/\/blogdacondessa.com.br\/blog\/wp-json\/wp\/v2\/media?parent=12916"}],"wp:term":[{"taxonomy":"category","embeddable":true,"href":"https:\/\/blogdacondessa.com.br\/blog\/wp-json\/wp\/v2\/categories?post=12916"},{"taxonomy":"post_tag","embeddable":true,"href":"https:\/\/blogdacondessa.com.br\/blog\/wp-json\/wp\/v2\/tags?post=12916"}],"curies":[{"name":"wp","href":"https:\/\/api.w.org\/{rel}","templated":true}]}}