{"id":12913,"date":"2025-10-18T20:21:34","date_gmt":"2025-10-19T00:21:34","guid":{"rendered":"https:\/\/blogdacondessa.com.br\/blog\/?p=12913"},"modified":"2025-10-18T20:21:34","modified_gmt":"2025-10-19T00:21:34","slug":"exames-ajudam-no-diagnostico-precoce-de-alzheimer","status":"publish","type":"post","link":"https:\/\/blogdacondessa.com.br\/blog\/uncategorized\/exames-ajudam-no-diagnostico-precoce-de-alzheimer\/","title":{"rendered":"Exames ajudam no diagn\u00f3stico precoce de Alzheimer"},"content":{"rendered":"<p>Condi\u00e7\u00e3o neurodegenerativa progressiva, que afeta a mem\u00f3ria, o comportamento e a autoestima das pessoas, a doen\u00e7a de Alzheimer representa entre 60% e 70% dos casos de Dem\u00eancia no Brasil. Segundo o Relat\u00f3rio Nacional sobre Dem\u00eancia 2024, estima-se que o pa\u00eds tenha cerca de 2 milh\u00f5es de pessoas vivendo com a condi\u00e7\u00e3o, com aproximadamente 300 mil novos casos por ano e a maioria dos diagn\u00f3sticos ocorre em pessoas com mais de 70 anos.<\/p>\n<p>A m\u00e9dica geneticista Rosenelle Ara\u00fajo, que faz parte da equipe do setor de gen\u00f4mica do Sabin Diagn\u00f3stico e Sa\u00fade, esclarece sobre a import\u00e2ncia do diagn\u00f3stico precoce da doen\u00e7a, que \u00e9 cl\u00ednico, mas pode ser complementado por meio de exames que incluem exames de neuroimagem, como resson\u00e2ncia magn\u00e9tica e tomografia computadorizada, testes neuropsicol\u00f3gicos e, mais recentemente dispon\u00edveis, exames gen\u00e9ticos e an\u00e1lise de biomarcadores. \u201cOs exames auxiliam na precis\u00e3o diagn\u00f3stica, ao afastar ou confirmar uma hip\u00f3tese em paciente que apresenta os sintomas, bem como pode auxiliar em diagn\u00f3sticos diferenciais raros, no caso do painel para doen\u00e7as neurodegenerativas, que se destaca como uma importante ferramenta diagn\u00f3stica para an\u00e1lise de m\u00faltiplos genes associados a essas condi\u00e7\u00f5es, na suspeita de causa gen\u00e9tica\u201d, explica.<\/p>\n<p>Nesse sentido, a especialista destaca tr\u00eas diferentes exames para auxiliar no diagn\u00f3stico de doen\u00e7a de Alzheimer, em pessoas afetadas com quadros demenciais. Um deles \u00e9 a pesquisa de variantes no gene APOE (apolipoprote\u00edna E), que pode indicar um fator de risco n\u00e3o mendeliano (o que quer dizer que o achado da variante n\u00e3o \u00e9 sin\u00f4nimo de que a pessoa \u00e9 afetada pela doen\u00e7a de Alzheimer, apenas que pode ter um risco mais alto do que quem n\u00e3o tem a variante), associado ao aumento de risco de desenvolvimento de doen\u00e7a de Alzheimer, principalmente nos indiv\u00edduos que herdaram duas c\u00f3pias id\u00eanticas de uma mesma variante de risco de cada um dos pais.<\/p>\n<p>&nbsp;<\/p>\n<p>Ela ainda pontua que, para uma investiga\u00e7\u00e3o mais abrangente, que inclui pesquisa de condi\u00e7\u00f5es monog\u00eanicas associadas ao Alzheimer, que geralmente se manifestam com recorr\u00eancia familiar e in\u00edcio precoce, tamb\u00e9m h\u00e1 um painel para doen\u00e7as neurodegenerativas por sequenciamento de nova gera\u00e7\u00e3o, que pode identificar variantes em genes associados a diagn\u00f3sticos diferenciais de quadros demenciais.<\/p>\n<p>H\u00e1 ainda o exame PrecivityAD2, que utiliza a espectrometria de massa. Trata-se de um exame de sangue inovador para a detec\u00e7\u00e3o precoce da doen\u00e7a de Alzheimer que permite a investiga\u00e7\u00e3o de biomarcador identificado mesmo em quadros iniciais da doen\u00e7a, auxiliando no diagn\u00f3stico precoce em pessoas sintom\u00e1ticas. O exame \u00e9 indicado para pessoas com mais de 55 anos que demonstram sinais de comprometimento cognitivo e deve ser solicitado por um m\u00e9dico para garantir uma melhor abordagem terap\u00eautica para o paciente.<\/p>\n<p>\u201cOs exames gen\u00e9ticos para Alzheimer est\u00e3o indicados para indiv\u00edduos sintom\u00e1ticos, como apoio ao diagn\u00f3stico, e n\u00e3o est\u00e3o indicados em contexto preditivo. O motivo \u00e9 a penetr\u00e2ncia incompleta frequentemente associada a variantes gen\u00e9ticas, porque identificar uma variante gen\u00e9tica n\u00e3o \u00e9 garantia que a pessoa assintom\u00e1tica vai desenvolver a condi\u00e7\u00e3o\u201d, esclarece ela, acrescentando que o diagn\u00f3stico de Alzheimer \u00e9 complexo e envolve a exclus\u00e3o de outras poss\u00edveis causas de dem\u00eancia, mas que os exames podem auxiliar no progn\u00f3stico, na melhoria da compreens\u00e3o da condi\u00e7\u00e3o e na amplia\u00e7\u00e3o das op\u00e7\u00f5es terap\u00eauticas e dos cuidados personalizados indicados por profissionais qualificados.<\/p>\n<p><strong>\u00a0\u00a0*Sinais de Alzheimer*<\/strong><\/p>\n<p>A doen\u00e7a de Alzheimer est\u00e1 associada a alguns sinais importantes, como perda de mem\u00f3ria de eventos, como esquecer o que foi dito recentemente ou acontecimentos do cotidiano; dificuldades na comunica\u00e7\u00e3o, como encontrar palavras certas ou formular frases; desorienta\u00e7\u00e3o no espa\u00e7o e no tempo; dificuldades em resolver problemas e realizar tarefas do dia a dia que a pessoa j\u00e1 estava acostumada, al\u00e9m de altera\u00e7\u00f5es no humor e na personalidade, como irritabilidade, ansiedade ou desconfian\u00e7a.<\/p>\n<p>\u201cAo aparecerem esses sintomas, \u00e9 fundamental procurar o atendimento m\u00e9dico para investigar a causa e iniciar, assim que poss\u00edvel, o melhor acompanhamento para o paciente\u201d, afirma a m\u00e9dica.<\/p>\n","protected":false},"excerpt":{"rendered":"<p>Condi\u00e7\u00e3o neurodegenerativa progressiva, que afeta a mem\u00f3ria, o comportamento e a autoestima das pessoas, a doen\u00e7a de Alzheimer representa entre 60% e 70% dos casos de Dem\u00eancia no Brasil. Segundo o Relat\u00f3rio Nacional sobre Dem\u00eancia 2024, estima-se que o pa\u00eds tenha cerca de 2 milh\u00f5es de pessoas vivendo com a condi\u00e7\u00e3o, com aproximadamente 300 mil [&hellip;]<\/p>\n","protected":false},"author":2,"featured_media":12914,"comment_status":"closed","ping_status":"closed","sticky":false,"template":"","format":"standard","meta":{"iawp_total_views":4,"footnotes":""},"categories":[1],"tags":[],"class_list":["post-12913","post","type-post","status-publish","format-standard","has-post-thumbnail","hentry","category-uncategorized"],"yoast_head":"<!-- This site is optimized with the Yoast SEO plugin v27.3 - https:\/\/yoast.com\/product\/yoast-seo-wordpress\/ -->\n<title>Exames ajudam no diagn\u00f3stico precoce de Alzheimer &#8902; Blog da Condessa<\/title>\n<meta name=\"robots\" content=\"index, follow, max-snippet:-1, max-image-preview:large, max-video-preview:-1\" \/>\n<link rel=\"canonical\" href=\"https:\/\/blogdacondessa.com.br\/blog\/uncategorized\/exames-ajudam-no-diagnostico-precoce-de-alzheimer\/\" \/>\n<meta property=\"og:locale\" content=\"pt_BR\" \/>\n<meta property=\"og:type\" content=\"article\" \/>\n<meta property=\"og:title\" content=\"Exames ajudam no diagn\u00f3stico precoce de Alzheimer &#8902; Blog da Condessa\" \/>\n<meta property=\"og:description\" content=\"Condi\u00e7\u00e3o neurodegenerativa progressiva, que afeta a mem\u00f3ria, o comportamento e a autoestima das pessoas, a doen\u00e7a de Alzheimer representa entre 60% e 70% dos casos de Dem\u00eancia no Brasil. Segundo o Relat\u00f3rio Nacional sobre Dem\u00eancia 2024, estima-se que o pa\u00eds tenha cerca de 2 milh\u00f5es de pessoas vivendo com a condi\u00e7\u00e3o, com aproximadamente 300 mil [&hellip;]\" \/>\n<meta property=\"og:url\" content=\"https:\/\/blogdacondessa.com.br\/blog\/uncategorized\/exames-ajudam-no-diagnostico-precoce-de-alzheimer\/\" \/>\n<meta property=\"og:site_name\" content=\"Blog da Condessa\" \/>\n<meta property=\"article:published_time\" content=\"2025-10-19T00:21:34+00:00\" \/>\n<meta property=\"og:image\" content=\"https:\/\/blogdacondessa.com.br\/blog\/wp-content\/uploads\/2025\/10\/ALZEIMER-scaled.jpg\" \/>\n\t<meta property=\"og:image:width\" content=\"2560\" \/>\n\t<meta property=\"og:image:height\" content=\"1708\" \/>\n\t<meta property=\"og:image:type\" content=\"image\/jpeg\" \/>\n<meta name=\"author\" content=\"Blog da Condessa\" \/>\n<meta name=\"twitter:card\" content=\"summary_large_image\" \/>\n<meta name=\"twitter:label1\" content=\"Escrito por\" \/>\n\t<meta name=\"twitter:data1\" content=\"Blog da Condessa\" \/>\n\t<meta name=\"twitter:label2\" content=\"Est. tempo de leitura\" \/>\n\t<meta name=\"twitter:data2\" content=\"4 minutos\" \/>\n<script type=\"application\/ld+json\" class=\"yoast-schema-graph\">{\"@context\":\"https:\\\/\\\/schema.org\",\"@graph\":[{\"@type\":\"Article\",\"@id\":\"https:\\\/\\\/blogdacondessa.com.br\\\/blog\\\/uncategorized\\\/exames-ajudam-no-diagnostico-precoce-de-alzheimer\\\/#article\",\"isPartOf\":{\"@id\":\"https:\\\/\\\/blogdacondessa.com.br\\\/blog\\\/uncategorized\\\/exames-ajudam-no-diagnostico-precoce-de-alzheimer\\\/\"},\"author\":{\"name\":\"Blog da Condessa\",\"@id\":\"https:\\\/\\\/blogdacondessa.com.br\\\/blog\\\/#\\\/schema\\\/person\\\/1d667ff8b785195b568677489d266035\"},\"headline\":\"Exames ajudam no diagn\u00f3stico precoce de Alzheimer\",\"datePublished\":\"2025-10-19T00:21:34+00:00\",\"mainEntityOfPage\":{\"@id\":\"https:\\\/\\\/blogdacondessa.com.br\\\/blog\\\/uncategorized\\\/exames-ajudam-no-diagnostico-precoce-de-alzheimer\\\/\"},\"wordCount\":724,\"image\":{\"@id\":\"https:\\\/\\\/blogdacondessa.com.br\\\/blog\\\/uncategorized\\\/exames-ajudam-no-diagnostico-precoce-de-alzheimer\\\/#primaryimage\"},\"thumbnailUrl\":\"https:\\\/\\\/blogdacondessa.com.br\\\/blog\\\/wp-content\\\/uploads\\\/2025\\\/10\\\/ALZEIMER-scaled.jpg\",\"articleSection\":[\"Uncategorized\"],\"inLanguage\":\"pt-BR\"},{\"@type\":\"WebPage\",\"@id\":\"https:\\\/\\\/blogdacondessa.com.br\\\/blog\\\/uncategorized\\\/exames-ajudam-no-diagnostico-precoce-de-alzheimer\\\/\",\"url\":\"https:\\\/\\\/blogdacondessa.com.br\\\/blog\\\/uncategorized\\\/exames-ajudam-no-diagnostico-precoce-de-alzheimer\\\/\",\"name\":\"Exames ajudam no diagn\u00f3stico precoce de Alzheimer &#8902; Blog da Condessa\",\"isPartOf\":{\"@id\":\"https:\\\/\\\/blogdacondessa.com.br\\\/blog\\\/#website\"},\"primaryImageOfPage\":{\"@id\":\"https:\\\/\\\/blogdacondessa.com.br\\\/blog\\\/uncategorized\\\/exames-ajudam-no-diagnostico-precoce-de-alzheimer\\\/#primaryimage\"},\"image\":{\"@id\":\"https:\\\/\\\/blogdacondessa.com.br\\\/blog\\\/uncategorized\\\/exames-ajudam-no-diagnostico-precoce-de-alzheimer\\\/#primaryimage\"},\"thumbnailUrl\":\"https:\\\/\\\/blogdacondessa.com.br\\\/blog\\\/wp-content\\\/uploads\\\/2025\\\/10\\\/ALZEIMER-scaled.jpg\",\"datePublished\":\"2025-10-19T00:21:34+00:00\",\"author\":{\"@id\":\"https:\\\/\\\/blogdacondessa.com.br\\\/blog\\\/#\\\/schema\\\/person\\\/1d667ff8b785195b568677489d266035\"},\"breadcrumb\":{\"@id\":\"https:\\\/\\\/blogdacondessa.com.br\\\/blog\\\/uncategorized\\\/exames-ajudam-no-diagnostico-precoce-de-alzheimer\\\/#breadcrumb\"},\"inLanguage\":\"pt-BR\",\"potentialAction\":[{\"@type\":\"ReadAction\",\"target\":[\"https:\\\/\\\/blogdacondessa.com.br\\\/blog\\\/uncategorized\\\/exames-ajudam-no-diagnostico-precoce-de-alzheimer\\\/\"]}]},{\"@type\":\"ImageObject\",\"inLanguage\":\"pt-BR\",\"@id\":\"https:\\\/\\\/blogdacondessa.com.br\\\/blog\\\/uncategorized\\\/exames-ajudam-no-diagnostico-precoce-de-alzheimer\\\/#primaryimage\",\"url\":\"https:\\\/\\\/blogdacondessa.com.br\\\/blog\\\/wp-content\\\/uploads\\\/2025\\\/10\\\/ALZEIMER-scaled.jpg\",\"contentUrl\":\"https:\\\/\\\/blogdacondessa.com.br\\\/blog\\\/wp-content\\\/uploads\\\/2025\\\/10\\\/ALZEIMER-scaled.jpg\",\"width\":2560,\"height\":1708},{\"@type\":\"BreadcrumbList\",\"@id\":\"https:\\\/\\\/blogdacondessa.com.br\\\/blog\\\/uncategorized\\\/exames-ajudam-no-diagnostico-precoce-de-alzheimer\\\/#breadcrumb\",\"itemListElement\":[{\"@type\":\"ListItem\",\"position\":1,\"name\":\"In\u00edcio\",\"item\":\"https:\\\/\\\/blogdacondessa.com.br\\\/blog\\\/\"},{\"@type\":\"ListItem\",\"position\":2,\"name\":\"Exames ajudam no diagn\u00f3stico precoce de Alzheimer\"}]},{\"@type\":\"WebSite\",\"@id\":\"https:\\\/\\\/blogdacondessa.com.br\\\/blog\\\/#website\",\"url\":\"https:\\\/\\\/blogdacondessa.com.br\\\/blog\\\/\",\"name\":\"Blog da Condessa\",\"description\":\"Com Shirley de Souza O\u2019Campos\",\"potentialAction\":[{\"@type\":\"SearchAction\",\"target\":{\"@type\":\"EntryPoint\",\"urlTemplate\":\"https:\\\/\\\/blogdacondessa.com.br\\\/blog\\\/?s={search_term_string}\"},\"query-input\":{\"@type\":\"PropertyValueSpecification\",\"valueRequired\":true,\"valueName\":\"search_term_string\"}}],\"inLanguage\":\"pt-BR\"},{\"@type\":\"Person\",\"@id\":\"https:\\\/\\\/blogdacondessa.com.br\\\/blog\\\/#\\\/schema\\\/person\\\/1d667ff8b785195b568677489d266035\",\"name\":\"Blog da Condessa\",\"image\":{\"@type\":\"ImageObject\",\"inLanguage\":\"pt-BR\",\"@id\":\"https:\\\/\\\/secure.gravatar.com\\\/avatar\\\/377c0eb8b4ad2bfc25461b41564b5971e721ca34a57642868fc7b0c8ac7b52c5?s=96&d=mm&r=g\",\"url\":\"https:\\\/\\\/secure.gravatar.com\\\/avatar\\\/377c0eb8b4ad2bfc25461b41564b5971e721ca34a57642868fc7b0c8ac7b52c5?s=96&d=mm&r=g\",\"contentUrl\":\"https:\\\/\\\/secure.gravatar.com\\\/avatar\\\/377c0eb8b4ad2bfc25461b41564b5971e721ca34a57642868fc7b0c8ac7b52c5?s=96&d=mm&r=g\",\"caption\":\"Blog da Condessa\"},\"url\":\"https:\\\/\\\/blogdacondessa.com.br\\\/blog\\\/author\\\/beatriz\\\/\"}]}<\/script>\n<!-- \/ Yoast SEO plugin. -->","yoast_head_json":{"title":"Exames ajudam no diagn\u00f3stico precoce de Alzheimer &#8902; Blog da Condessa","robots":{"index":"index","follow":"follow","max-snippet":"max-snippet:-1","max-image-preview":"max-image-preview:large","max-video-preview":"max-video-preview:-1"},"canonical":"https:\/\/blogdacondessa.com.br\/blog\/uncategorized\/exames-ajudam-no-diagnostico-precoce-de-alzheimer\/","og_locale":"pt_BR","og_type":"article","og_title":"Exames ajudam no diagn\u00f3stico precoce de Alzheimer &#8902; Blog da Condessa","og_description":"Condi\u00e7\u00e3o neurodegenerativa progressiva, que afeta a mem\u00f3ria, o comportamento e a autoestima das pessoas, a doen\u00e7a de Alzheimer representa entre 60% e 70% dos casos de Dem\u00eancia no Brasil. Segundo o Relat\u00f3rio Nacional sobre Dem\u00eancia 2024, estima-se que o pa\u00eds tenha cerca de 2 milh\u00f5es de pessoas vivendo com a condi\u00e7\u00e3o, com aproximadamente 300 mil [&hellip;]","og_url":"https:\/\/blogdacondessa.com.br\/blog\/uncategorized\/exames-ajudam-no-diagnostico-precoce-de-alzheimer\/","og_site_name":"Blog da Condessa","article_published_time":"2025-10-19T00:21:34+00:00","og_image":[{"width":2560,"height":1708,"url":"https:\/\/blogdacondessa.com.br\/blog\/wp-content\/uploads\/2025\/10\/ALZEIMER-scaled.jpg","type":"image\/jpeg"}],"author":"Blog da Condessa","twitter_card":"summary_large_image","twitter_misc":{"Escrito por":"Blog da Condessa","Est. tempo de leitura":"4 minutos"},"schema":{"@context":"https:\/\/schema.org","@graph":[{"@type":"Article","@id":"https:\/\/blogdacondessa.com.br\/blog\/uncategorized\/exames-ajudam-no-diagnostico-precoce-de-alzheimer\/#article","isPartOf":{"@id":"https:\/\/blogdacondessa.com.br\/blog\/uncategorized\/exames-ajudam-no-diagnostico-precoce-de-alzheimer\/"},"author":{"name":"Blog da Condessa","@id":"https:\/\/blogdacondessa.com.br\/blog\/#\/schema\/person\/1d667ff8b785195b568677489d266035"},"headline":"Exames ajudam no diagn\u00f3stico precoce de Alzheimer","datePublished":"2025-10-19T00:21:34+00:00","mainEntityOfPage":{"@id":"https:\/\/blogdacondessa.com.br\/blog\/uncategorized\/exames-ajudam-no-diagnostico-precoce-de-alzheimer\/"},"wordCount":724,"image":{"@id":"https:\/\/blogdacondessa.com.br\/blog\/uncategorized\/exames-ajudam-no-diagnostico-precoce-de-alzheimer\/#primaryimage"},"thumbnailUrl":"https:\/\/blogdacondessa.com.br\/blog\/wp-content\/uploads\/2025\/10\/ALZEIMER-scaled.jpg","articleSection":["Uncategorized"],"inLanguage":"pt-BR"},{"@type":"WebPage","@id":"https:\/\/blogdacondessa.com.br\/blog\/uncategorized\/exames-ajudam-no-diagnostico-precoce-de-alzheimer\/","url":"https:\/\/blogdacondessa.com.br\/blog\/uncategorized\/exames-ajudam-no-diagnostico-precoce-de-alzheimer\/","name":"Exames ajudam no diagn\u00f3stico precoce de Alzheimer &#8902; Blog da Condessa","isPartOf":{"@id":"https:\/\/blogdacondessa.com.br\/blog\/#website"},"primaryImageOfPage":{"@id":"https:\/\/blogdacondessa.com.br\/blog\/uncategorized\/exames-ajudam-no-diagnostico-precoce-de-alzheimer\/#primaryimage"},"image":{"@id":"https:\/\/blogdacondessa.com.br\/blog\/uncategorized\/exames-ajudam-no-diagnostico-precoce-de-alzheimer\/#primaryimage"},"thumbnailUrl":"https:\/\/blogdacondessa.com.br\/blog\/wp-content\/uploads\/2025\/10\/ALZEIMER-scaled.jpg","datePublished":"2025-10-19T00:21:34+00:00","author":{"@id":"https:\/\/blogdacondessa.com.br\/blog\/#\/schema\/person\/1d667ff8b785195b568677489d266035"},"breadcrumb":{"@id":"https:\/\/blogdacondessa.com.br\/blog\/uncategorized\/exames-ajudam-no-diagnostico-precoce-de-alzheimer\/#breadcrumb"},"inLanguage":"pt-BR","potentialAction":[{"@type":"ReadAction","target":["https:\/\/blogdacondessa.com.br\/blog\/uncategorized\/exames-ajudam-no-diagnostico-precoce-de-alzheimer\/"]}]},{"@type":"ImageObject","inLanguage":"pt-BR","@id":"https:\/\/blogdacondessa.com.br\/blog\/uncategorized\/exames-ajudam-no-diagnostico-precoce-de-alzheimer\/#primaryimage","url":"https:\/\/blogdacondessa.com.br\/blog\/wp-content\/uploads\/2025\/10\/ALZEIMER-scaled.jpg","contentUrl":"https:\/\/blogdacondessa.com.br\/blog\/wp-content\/uploads\/2025\/10\/ALZEIMER-scaled.jpg","width":2560,"height":1708},{"@type":"BreadcrumbList","@id":"https:\/\/blogdacondessa.com.br\/blog\/uncategorized\/exames-ajudam-no-diagnostico-precoce-de-alzheimer\/#breadcrumb","itemListElement":[{"@type":"ListItem","position":1,"name":"In\u00edcio","item":"https:\/\/blogdacondessa.com.br\/blog\/"},{"@type":"ListItem","position":2,"name":"Exames ajudam no diagn\u00f3stico precoce de Alzheimer"}]},{"@type":"WebSite","@id":"https:\/\/blogdacondessa.com.br\/blog\/#website","url":"https:\/\/blogdacondessa.com.br\/blog\/","name":"Blog da Condessa","description":"Com Shirley de Souza O\u2019Campos","potentialAction":[{"@type":"SearchAction","target":{"@type":"EntryPoint","urlTemplate":"https:\/\/blogdacondessa.com.br\/blog\/?s={search_term_string}"},"query-input":{"@type":"PropertyValueSpecification","valueRequired":true,"valueName":"search_term_string"}}],"inLanguage":"pt-BR"},{"@type":"Person","@id":"https:\/\/blogdacondessa.com.br\/blog\/#\/schema\/person\/1d667ff8b785195b568677489d266035","name":"Blog da Condessa","image":{"@type":"ImageObject","inLanguage":"pt-BR","@id":"https:\/\/secure.gravatar.com\/avatar\/377c0eb8b4ad2bfc25461b41564b5971e721ca34a57642868fc7b0c8ac7b52c5?s=96&d=mm&r=g","url":"https:\/\/secure.gravatar.com\/avatar\/377c0eb8b4ad2bfc25461b41564b5971e721ca34a57642868fc7b0c8ac7b52c5?s=96&d=mm&r=g","contentUrl":"https:\/\/secure.gravatar.com\/avatar\/377c0eb8b4ad2bfc25461b41564b5971e721ca34a57642868fc7b0c8ac7b52c5?s=96&d=mm&r=g","caption":"Blog da Condessa"},"url":"https:\/\/blogdacondessa.com.br\/blog\/author\/beatriz\/"}]}},"_links":{"self":[{"href":"https:\/\/blogdacondessa.com.br\/blog\/wp-json\/wp\/v2\/posts\/12913","targetHints":{"allow":["GET"]}}],"collection":[{"href":"https:\/\/blogdacondessa.com.br\/blog\/wp-json\/wp\/v2\/posts"}],"about":[{"href":"https:\/\/blogdacondessa.com.br\/blog\/wp-json\/wp\/v2\/types\/post"}],"author":[{"embeddable":true,"href":"https:\/\/blogdacondessa.com.br\/blog\/wp-json\/wp\/v2\/users\/2"}],"replies":[{"embeddable":true,"href":"https:\/\/blogdacondessa.com.br\/blog\/wp-json\/wp\/v2\/comments?post=12913"}],"version-history":[{"count":1,"href":"https:\/\/blogdacondessa.com.br\/blog\/wp-json\/wp\/v2\/posts\/12913\/revisions"}],"predecessor-version":[{"id":12915,"href":"https:\/\/blogdacondessa.com.br\/blog\/wp-json\/wp\/v2\/posts\/12913\/revisions\/12915"}],"wp:featuredmedia":[{"embeddable":true,"href":"https:\/\/blogdacondessa.com.br\/blog\/wp-json\/wp\/v2\/media\/12914"}],"wp:attachment":[{"href":"https:\/\/blogdacondessa.com.br\/blog\/wp-json\/wp\/v2\/media?parent=12913"}],"wp:term":[{"taxonomy":"category","embeddable":true,"href":"https:\/\/blogdacondessa.com.br\/blog\/wp-json\/wp\/v2\/categories?post=12913"},{"taxonomy":"post_tag","embeddable":true,"href":"https:\/\/blogdacondessa.com.br\/blog\/wp-json\/wp\/v2\/tags?post=12913"}],"curies":[{"name":"wp","href":"https:\/\/api.w.org\/{rel}","templated":true}]}}