{"id":1291,"date":"2021-05-31T23:10:38","date_gmt":"2021-05-31T23:10:38","guid":{"rendered":"https:\/\/blogdacondessa.local\/queremos-incentivar-a-agricultura-familiar-tradicional-e-o-processo-produtivo-artesanal\/"},"modified":"2021-06-24T17:02:14","modified_gmt":"2021-06-24T17:02:14","slug":"queremos-incentivar-a-agricultura-familiar-tradicional-e-o-processo-produtivo-artesanal","status":"publish","type":"post","link":"https:\/\/blogdacondessa.com.br\/blog\/politica\/queremos-incentivar-a-agricultura-familiar-tradicional-e-o-processo-produtivo-artesanal\/","title":{"rendered":"\u201cQueremos incentivar a agricultura familiar tradicional e o processo produtivo artesanal\u201d"},"content":{"rendered":"<p><em>Produtos artesanais de microempresas e agricultura familiar ser\u00e3o certificados.<\/em><\/p>\n<p>Alimentos artesanais produzidos pela agricultura familiar e microempresas de Mato Grosso ter\u00e3o maior controle de qualidade. \u00c9 o que prev\u00ea a Lei 11.393\/21 publicada no Di\u00e1rio Oficial, na semana passada, que estabelece a certifica\u00e7\u00e3o de qualidade desses alimentos produzidos com caracter\u00edsticas tradicionais, culturais e regionais.<\/p>\n<p>De autoria do primeiro-secret\u00e1rio da Assembleia Legislativa \u2013 ALMT, deputado Eduardo Botelho (DEM), objetivo \u00e9 valorizar os produtos e fomentar a economia local. O regulamento dessa nova lei estabelecer\u00e1 os requisitos e as especifica\u00e7\u00f5es de qualidade, necess\u00e1rios \u00e0 concess\u00e3o do certificado.<\/p>\n<p>Defensor de melhorias aos pequenos produtores, Botelho destacou a iniciativa. \u201cQueremos incentivar a agricultura familiar tradicional e o processo produtivo artesanal, que preservem em suas caracter\u00edsticas a cultura regional e a atividade de microempreendedores e pequenos produtores, assegurando a comercializa\u00e7\u00e3o e seguran\u00e7a alimentar.<\/p>\n<p>Para fortalecer o setor, Botelho tamb\u00e9m \u00e9 autor do Projeto de Lei 593\/19, aprovado em 1\u00aa vota\u00e7\u00e3o, que determina que pacientes da rede p\u00fablica hospitalar recebam alimenta\u00e7\u00e3o com produtos org\u00e2nicos ou de base agroecol\u00f3gica. E da Lei 10.902\/19 que institui o Programa Feira da Mulher Rural \u00e0 promo\u00e7\u00e3o, inclus\u00e3o e a valoriza\u00e7\u00e3o da mulher rural, atrav\u00e9s da comercializa\u00e7\u00e3o e divulga\u00e7\u00e3o dos produtos oriundos da agricultura familiar.<\/p>\n<p>\u00a0<\/p>\n","protected":false},"excerpt":{"rendered":"<p>Produtos artesanais de microempresas e agricultura familiar ser\u00e3o certificados. Alimentos artesanais produzidos pela agricultura familiar e microempresas de Mato Grosso ter\u00e3o maior controle de qualidade. \u00c9 o que prev\u00ea a Lei 11.393\/21 publicada no Di\u00e1rio Oficial, na semana passada, que estabelece a certifica\u00e7\u00e3o de qualidade desses alimentos produzidos com caracter\u00edsticas tradicionais, culturais e regionais. De [&hellip;]<\/p>\n","protected":false},"author":2,"featured_media":1812,"comment_status":"open","ping_status":"closed","sticky":false,"template":"","format":"standard","meta":{"iawp_total_views":0,"footnotes":""},"categories":[10],"tags":[],"class_list":["post-1291","post","type-post","status-publish","format-standard","has-post-thumbnail","hentry","category-politica"],"yoast_head":"<!-- This site is optimized with the Yoast SEO plugin v27.3 - https:\/\/yoast.com\/product\/yoast-seo-wordpress\/ -->\n<title>\u201cQueremos incentivar a agricultura familiar tradicional e o processo produtivo artesanal\u201d &#8902; Blog da Condessa<\/title>\n<meta name=\"robots\" content=\"index, follow, max-snippet:-1, max-image-preview:large, max-video-preview:-1\" \/>\n<link rel=\"canonical\" href=\"https:\/\/blogdacondessa.com.br\/blog\/politica\/queremos-incentivar-a-agricultura-familiar-tradicional-e-o-processo-produtivo-artesanal\/\" \/>\n<meta property=\"og:locale\" content=\"pt_BR\" \/>\n<meta property=\"og:type\" content=\"article\" \/>\n<meta property=\"og:title\" content=\"\u201cQueremos incentivar a agricultura familiar tradicional e o processo produtivo artesanal\u201d &#8902; Blog da Condessa\" \/>\n<meta property=\"og:description\" content=\"Produtos artesanais de microempresas e agricultura familiar ser\u00e3o certificados. Alimentos artesanais produzidos pela agricultura familiar e microempresas de Mato Grosso ter\u00e3o maior controle de qualidade. \u00c9 o que prev\u00ea a Lei 11.393\/21 publicada no Di\u00e1rio Oficial, na semana passada, que estabelece a certifica\u00e7\u00e3o de qualidade desses alimentos produzidos com caracter\u00edsticas tradicionais, culturais e regionais. De [&hellip;]\" \/>\n<meta property=\"og:url\" content=\"https:\/\/blogdacondessa.com.br\/blog\/politica\/queremos-incentivar-a-agricultura-familiar-tradicional-e-o-processo-produtivo-artesanal\/\" \/>\n<meta property=\"og:site_name\" content=\"Blog da Condessa\" \/>\n<meta property=\"article:published_time\" content=\"2021-05-31T23:10:38+00:00\" \/>\n<meta property=\"article:modified_time\" content=\"2021-06-24T17:02:14+00:00\" \/>\n<meta property=\"og:image\" content=\"https:\/\/blogdacondessa.com.br\/blog\/wp-content\/uploads\/2021\/06\/1e3c9dbcc3313d4457c9e940970626c5_L.jpg\" \/>\n\t<meta property=\"og:image:width\" content=\"600\" \/>\n\t<meta property=\"og:image:height\" content=\"397\" \/>\n\t<meta property=\"og:image:type\" content=\"image\/jpeg\" \/>\n<meta name=\"author\" content=\"Blog da Condessa\" \/>\n<meta name=\"twitter:card\" content=\"summary_large_image\" \/>\n<meta name=\"twitter:label1\" content=\"Escrito por\" \/>\n\t<meta name=\"twitter:data1\" content=\"Blog da Condessa\" \/>\n\t<meta name=\"twitter:label2\" content=\"Est. tempo de leitura\" \/>\n\t<meta name=\"twitter:data2\" content=\"1 minuto\" \/>\n<script type=\"application\/ld+json\" class=\"yoast-schema-graph\">{\"@context\":\"https:\\\/\\\/schema.org\",\"@graph\":[{\"@type\":\"Article\",\"@id\":\"https:\\\/\\\/blogdacondessa.com.br\\\/blog\\\/politica\\\/queremos-incentivar-a-agricultura-familiar-tradicional-e-o-processo-produtivo-artesanal\\\/#article\",\"isPartOf\":{\"@id\":\"https:\\\/\\\/blogdacondessa.com.br\\\/blog\\\/politica\\\/queremos-incentivar-a-agricultura-familiar-tradicional-e-o-processo-produtivo-artesanal\\\/\"},\"author\":{\"name\":\"Blog da Condessa\",\"@id\":\"https:\\\/\\\/blogdacondessa.com.br\\\/blog\\\/#\\\/schema\\\/person\\\/1d667ff8b785195b568677489d266035\"},\"headline\":\"\u201cQueremos incentivar a agricultura familiar tradicional e o processo produtivo artesanal\u201d\",\"datePublished\":\"2021-05-31T23:10:38+00:00\",\"dateModified\":\"2021-06-24T17:02:14+00:00\",\"mainEntityOfPage\":{\"@id\":\"https:\\\/\\\/blogdacondessa.com.br\\\/blog\\\/politica\\\/queremos-incentivar-a-agricultura-familiar-tradicional-e-o-processo-produtivo-artesanal\\\/\"},\"wordCount\":229,\"commentCount\":0,\"image\":{\"@id\":\"https:\\\/\\\/blogdacondessa.com.br\\\/blog\\\/politica\\\/queremos-incentivar-a-agricultura-familiar-tradicional-e-o-processo-produtivo-artesanal\\\/#primaryimage\"},\"thumbnailUrl\":\"https:\\\/\\\/blogdacondessa.com.br\\\/blog\\\/wp-content\\\/uploads\\\/2021\\\/06\\\/1e3c9dbcc3313d4457c9e940970626c5_L.jpg\",\"articleSection\":[\"Pol\u00edtica\"],\"inLanguage\":\"pt-BR\",\"potentialAction\":[{\"@type\":\"CommentAction\",\"name\":\"Comment\",\"target\":[\"https:\\\/\\\/blogdacondessa.com.br\\\/blog\\\/politica\\\/queremos-incentivar-a-agricultura-familiar-tradicional-e-o-processo-produtivo-artesanal\\\/#respond\"]}]},{\"@type\":\"WebPage\",\"@id\":\"https:\\\/\\\/blogdacondessa.com.br\\\/blog\\\/politica\\\/queremos-incentivar-a-agricultura-familiar-tradicional-e-o-processo-produtivo-artesanal\\\/\",\"url\":\"https:\\\/\\\/blogdacondessa.com.br\\\/blog\\\/politica\\\/queremos-incentivar-a-agricultura-familiar-tradicional-e-o-processo-produtivo-artesanal\\\/\",\"name\":\"\u201cQueremos incentivar a agricultura familiar tradicional e o processo produtivo artesanal\u201d &#8902; Blog da Condessa\",\"isPartOf\":{\"@id\":\"https:\\\/\\\/blogdacondessa.com.br\\\/blog\\\/#website\"},\"primaryImageOfPage\":{\"@id\":\"https:\\\/\\\/blogdacondessa.com.br\\\/blog\\\/politica\\\/queremos-incentivar-a-agricultura-familiar-tradicional-e-o-processo-produtivo-artesanal\\\/#primaryimage\"},\"image\":{\"@id\":\"https:\\\/\\\/blogdacondessa.com.br\\\/blog\\\/politica\\\/queremos-incentivar-a-agricultura-familiar-tradicional-e-o-processo-produtivo-artesanal\\\/#primaryimage\"},\"thumbnailUrl\":\"https:\\\/\\\/blogdacondessa.com.br\\\/blog\\\/wp-content\\\/uploads\\\/2021\\\/06\\\/1e3c9dbcc3313d4457c9e940970626c5_L.jpg\",\"datePublished\":\"2021-05-31T23:10:38+00:00\",\"dateModified\":\"2021-06-24T17:02:14+00:00\",\"author\":{\"@id\":\"https:\\\/\\\/blogdacondessa.com.br\\\/blog\\\/#\\\/schema\\\/person\\\/1d667ff8b785195b568677489d266035\"},\"breadcrumb\":{\"@id\":\"https:\\\/\\\/blogdacondessa.com.br\\\/blog\\\/politica\\\/queremos-incentivar-a-agricultura-familiar-tradicional-e-o-processo-produtivo-artesanal\\\/#breadcrumb\"},\"inLanguage\":\"pt-BR\",\"potentialAction\":[{\"@type\":\"ReadAction\",\"target\":[\"https:\\\/\\\/blogdacondessa.com.br\\\/blog\\\/politica\\\/queremos-incentivar-a-agricultura-familiar-tradicional-e-o-processo-produtivo-artesanal\\\/\"]}]},{\"@type\":\"ImageObject\",\"inLanguage\":\"pt-BR\",\"@id\":\"https:\\\/\\\/blogdacondessa.com.br\\\/blog\\\/politica\\\/queremos-incentivar-a-agricultura-familiar-tradicional-e-o-processo-produtivo-artesanal\\\/#primaryimage\",\"url\":\"https:\\\/\\\/blogdacondessa.com.br\\\/blog\\\/wp-content\\\/uploads\\\/2021\\\/06\\\/1e3c9dbcc3313d4457c9e940970626c5_L.jpg\",\"contentUrl\":\"https:\\\/\\\/blogdacondessa.com.br\\\/blog\\\/wp-content\\\/uploads\\\/2021\\\/06\\\/1e3c9dbcc3313d4457c9e940970626c5_L.jpg\",\"width\":600,\"height\":397},{\"@type\":\"BreadcrumbList\",\"@id\":\"https:\\\/\\\/blogdacondessa.com.br\\\/blog\\\/politica\\\/queremos-incentivar-a-agricultura-familiar-tradicional-e-o-processo-produtivo-artesanal\\\/#breadcrumb\",\"itemListElement\":[{\"@type\":\"ListItem\",\"position\":1,\"name\":\"In\u00edcio\",\"item\":\"https:\\\/\\\/blogdacondessa.com.br\\\/blog\\\/\"},{\"@type\":\"ListItem\",\"position\":2,\"name\":\"\u201cQueremos incentivar a agricultura familiar tradicional e o processo produtivo artesanal\u201d\"}]},{\"@type\":\"WebSite\",\"@id\":\"https:\\\/\\\/blogdacondessa.com.br\\\/blog\\\/#website\",\"url\":\"https:\\\/\\\/blogdacondessa.com.br\\\/blog\\\/\",\"name\":\"Blog da Condessa\",\"description\":\"Com Shirley de Souza O\u2019Campos\",\"potentialAction\":[{\"@type\":\"SearchAction\",\"target\":{\"@type\":\"EntryPoint\",\"urlTemplate\":\"https:\\\/\\\/blogdacondessa.com.br\\\/blog\\\/?s={search_term_string}\"},\"query-input\":{\"@type\":\"PropertyValueSpecification\",\"valueRequired\":true,\"valueName\":\"search_term_string\"}}],\"inLanguage\":\"pt-BR\"},{\"@type\":\"Person\",\"@id\":\"https:\\\/\\\/blogdacondessa.com.br\\\/blog\\\/#\\\/schema\\\/person\\\/1d667ff8b785195b568677489d266035\",\"name\":\"Blog da Condessa\",\"image\":{\"@type\":\"ImageObject\",\"inLanguage\":\"pt-BR\",\"@id\":\"https:\\\/\\\/secure.gravatar.com\\\/avatar\\\/377c0eb8b4ad2bfc25461b41564b5971e721ca34a57642868fc7b0c8ac7b52c5?s=96&d=mm&r=g\",\"url\":\"https:\\\/\\\/secure.gravatar.com\\\/avatar\\\/377c0eb8b4ad2bfc25461b41564b5971e721ca34a57642868fc7b0c8ac7b52c5?s=96&d=mm&r=g\",\"contentUrl\":\"https:\\\/\\\/secure.gravatar.com\\\/avatar\\\/377c0eb8b4ad2bfc25461b41564b5971e721ca34a57642868fc7b0c8ac7b52c5?s=96&d=mm&r=g\",\"caption\":\"Blog da Condessa\"},\"url\":\"https:\\\/\\\/blogdacondessa.com.br\\\/blog\\\/author\\\/beatriz\\\/\"}]}<\/script>\n<!-- \/ Yoast SEO plugin. -->","yoast_head_json":{"title":"\u201cQueremos incentivar a agricultura familiar tradicional e o processo produtivo artesanal\u201d &#8902; Blog da Condessa","robots":{"index":"index","follow":"follow","max-snippet":"max-snippet:-1","max-image-preview":"max-image-preview:large","max-video-preview":"max-video-preview:-1"},"canonical":"https:\/\/blogdacondessa.com.br\/blog\/politica\/queremos-incentivar-a-agricultura-familiar-tradicional-e-o-processo-produtivo-artesanal\/","og_locale":"pt_BR","og_type":"article","og_title":"\u201cQueremos incentivar a agricultura familiar tradicional e o processo produtivo artesanal\u201d &#8902; Blog da Condessa","og_description":"Produtos artesanais de microempresas e agricultura familiar ser\u00e3o certificados. Alimentos artesanais produzidos pela agricultura familiar e microempresas de Mato Grosso ter\u00e3o maior controle de qualidade. \u00c9 o que prev\u00ea a Lei 11.393\/21 publicada no Di\u00e1rio Oficial, na semana passada, que estabelece a certifica\u00e7\u00e3o de qualidade desses alimentos produzidos com caracter\u00edsticas tradicionais, culturais e regionais. De [&hellip;]","og_url":"https:\/\/blogdacondessa.com.br\/blog\/politica\/queremos-incentivar-a-agricultura-familiar-tradicional-e-o-processo-produtivo-artesanal\/","og_site_name":"Blog da Condessa","article_published_time":"2021-05-31T23:10:38+00:00","article_modified_time":"2021-06-24T17:02:14+00:00","og_image":[{"width":600,"height":397,"url":"https:\/\/blogdacondessa.com.br\/blog\/wp-content\/uploads\/2021\/06\/1e3c9dbcc3313d4457c9e940970626c5_L.jpg","type":"image\/jpeg"}],"author":"Blog da Condessa","twitter_card":"summary_large_image","twitter_misc":{"Escrito por":"Blog da Condessa","Est. tempo de leitura":"1 minuto"},"schema":{"@context":"https:\/\/schema.org","@graph":[{"@type":"Article","@id":"https:\/\/blogdacondessa.com.br\/blog\/politica\/queremos-incentivar-a-agricultura-familiar-tradicional-e-o-processo-produtivo-artesanal\/#article","isPartOf":{"@id":"https:\/\/blogdacondessa.com.br\/blog\/politica\/queremos-incentivar-a-agricultura-familiar-tradicional-e-o-processo-produtivo-artesanal\/"},"author":{"name":"Blog da Condessa","@id":"https:\/\/blogdacondessa.com.br\/blog\/#\/schema\/person\/1d667ff8b785195b568677489d266035"},"headline":"\u201cQueremos incentivar a agricultura familiar tradicional e o processo produtivo artesanal\u201d","datePublished":"2021-05-31T23:10:38+00:00","dateModified":"2021-06-24T17:02:14+00:00","mainEntityOfPage":{"@id":"https:\/\/blogdacondessa.com.br\/blog\/politica\/queremos-incentivar-a-agricultura-familiar-tradicional-e-o-processo-produtivo-artesanal\/"},"wordCount":229,"commentCount":0,"image":{"@id":"https:\/\/blogdacondessa.com.br\/blog\/politica\/queremos-incentivar-a-agricultura-familiar-tradicional-e-o-processo-produtivo-artesanal\/#primaryimage"},"thumbnailUrl":"https:\/\/blogdacondessa.com.br\/blog\/wp-content\/uploads\/2021\/06\/1e3c9dbcc3313d4457c9e940970626c5_L.jpg","articleSection":["Pol\u00edtica"],"inLanguage":"pt-BR","potentialAction":[{"@type":"CommentAction","name":"Comment","target":["https:\/\/blogdacondessa.com.br\/blog\/politica\/queremos-incentivar-a-agricultura-familiar-tradicional-e-o-processo-produtivo-artesanal\/#respond"]}]},{"@type":"WebPage","@id":"https:\/\/blogdacondessa.com.br\/blog\/politica\/queremos-incentivar-a-agricultura-familiar-tradicional-e-o-processo-produtivo-artesanal\/","url":"https:\/\/blogdacondessa.com.br\/blog\/politica\/queremos-incentivar-a-agricultura-familiar-tradicional-e-o-processo-produtivo-artesanal\/","name":"\u201cQueremos incentivar a agricultura familiar tradicional e o processo produtivo artesanal\u201d &#8902; Blog da Condessa","isPartOf":{"@id":"https:\/\/blogdacondessa.com.br\/blog\/#website"},"primaryImageOfPage":{"@id":"https:\/\/blogdacondessa.com.br\/blog\/politica\/queremos-incentivar-a-agricultura-familiar-tradicional-e-o-processo-produtivo-artesanal\/#primaryimage"},"image":{"@id":"https:\/\/blogdacondessa.com.br\/blog\/politica\/queremos-incentivar-a-agricultura-familiar-tradicional-e-o-processo-produtivo-artesanal\/#primaryimage"},"thumbnailUrl":"https:\/\/blogdacondessa.com.br\/blog\/wp-content\/uploads\/2021\/06\/1e3c9dbcc3313d4457c9e940970626c5_L.jpg","datePublished":"2021-05-31T23:10:38+00:00","dateModified":"2021-06-24T17:02:14+00:00","author":{"@id":"https:\/\/blogdacondessa.com.br\/blog\/#\/schema\/person\/1d667ff8b785195b568677489d266035"},"breadcrumb":{"@id":"https:\/\/blogdacondessa.com.br\/blog\/politica\/queremos-incentivar-a-agricultura-familiar-tradicional-e-o-processo-produtivo-artesanal\/#breadcrumb"},"inLanguage":"pt-BR","potentialAction":[{"@type":"ReadAction","target":["https:\/\/blogdacondessa.com.br\/blog\/politica\/queremos-incentivar-a-agricultura-familiar-tradicional-e-o-processo-produtivo-artesanal\/"]}]},{"@type":"ImageObject","inLanguage":"pt-BR","@id":"https:\/\/blogdacondessa.com.br\/blog\/politica\/queremos-incentivar-a-agricultura-familiar-tradicional-e-o-processo-produtivo-artesanal\/#primaryimage","url":"https:\/\/blogdacondessa.com.br\/blog\/wp-content\/uploads\/2021\/06\/1e3c9dbcc3313d4457c9e940970626c5_L.jpg","contentUrl":"https:\/\/blogdacondessa.com.br\/blog\/wp-content\/uploads\/2021\/06\/1e3c9dbcc3313d4457c9e940970626c5_L.jpg","width":600,"height":397},{"@type":"BreadcrumbList","@id":"https:\/\/blogdacondessa.com.br\/blog\/politica\/queremos-incentivar-a-agricultura-familiar-tradicional-e-o-processo-produtivo-artesanal\/#breadcrumb","itemListElement":[{"@type":"ListItem","position":1,"name":"In\u00edcio","item":"https:\/\/blogdacondessa.com.br\/blog\/"},{"@type":"ListItem","position":2,"name":"\u201cQueremos incentivar a agricultura familiar tradicional e o processo produtivo artesanal\u201d"}]},{"@type":"WebSite","@id":"https:\/\/blogdacondessa.com.br\/blog\/#website","url":"https:\/\/blogdacondessa.com.br\/blog\/","name":"Blog da Condessa","description":"Com Shirley de Souza O\u2019Campos","potentialAction":[{"@type":"SearchAction","target":{"@type":"EntryPoint","urlTemplate":"https:\/\/blogdacondessa.com.br\/blog\/?s={search_term_string}"},"query-input":{"@type":"PropertyValueSpecification","valueRequired":true,"valueName":"search_term_string"}}],"inLanguage":"pt-BR"},{"@type":"Person","@id":"https:\/\/blogdacondessa.com.br\/blog\/#\/schema\/person\/1d667ff8b785195b568677489d266035","name":"Blog da Condessa","image":{"@type":"ImageObject","inLanguage":"pt-BR","@id":"https:\/\/secure.gravatar.com\/avatar\/377c0eb8b4ad2bfc25461b41564b5971e721ca34a57642868fc7b0c8ac7b52c5?s=96&d=mm&r=g","url":"https:\/\/secure.gravatar.com\/avatar\/377c0eb8b4ad2bfc25461b41564b5971e721ca34a57642868fc7b0c8ac7b52c5?s=96&d=mm&r=g","contentUrl":"https:\/\/secure.gravatar.com\/avatar\/377c0eb8b4ad2bfc25461b41564b5971e721ca34a57642868fc7b0c8ac7b52c5?s=96&d=mm&r=g","caption":"Blog da Condessa"},"url":"https:\/\/blogdacondessa.com.br\/blog\/author\/beatriz\/"}]}},"_links":{"self":[{"href":"https:\/\/blogdacondessa.com.br\/blog\/wp-json\/wp\/v2\/posts\/1291","targetHints":{"allow":["GET"]}}],"collection":[{"href":"https:\/\/blogdacondessa.com.br\/blog\/wp-json\/wp\/v2\/posts"}],"about":[{"href":"https:\/\/blogdacondessa.com.br\/blog\/wp-json\/wp\/v2\/types\/post"}],"author":[{"embeddable":true,"href":"https:\/\/blogdacondessa.com.br\/blog\/wp-json\/wp\/v2\/users\/2"}],"replies":[{"embeddable":true,"href":"https:\/\/blogdacondessa.com.br\/blog\/wp-json\/wp\/v2\/comments?post=1291"}],"version-history":[{"count":0,"href":"https:\/\/blogdacondessa.com.br\/blog\/wp-json\/wp\/v2\/posts\/1291\/revisions"}],"wp:featuredmedia":[{"embeddable":true,"href":"https:\/\/blogdacondessa.com.br\/blog\/wp-json\/wp\/v2\/media\/1812"}],"wp:attachment":[{"href":"https:\/\/blogdacondessa.com.br\/blog\/wp-json\/wp\/v2\/media?parent=1291"}],"wp:term":[{"taxonomy":"category","embeddable":true,"href":"https:\/\/blogdacondessa.com.br\/blog\/wp-json\/wp\/v2\/categories?post=1291"},{"taxonomy":"post_tag","embeddable":true,"href":"https:\/\/blogdacondessa.com.br\/blog\/wp-json\/wp\/v2\/tags?post=1291"}],"curies":[{"name":"wp","href":"https:\/\/api.w.org\/{rel}","templated":true}]}}