{"id":12889,"date":"2025-10-17T10:50:21","date_gmt":"2025-10-17T14:50:21","guid":{"rendered":"https:\/\/blogdacondessa.com.br\/blog\/?p=12889"},"modified":"2025-10-17T10:50:21","modified_gmt":"2025-10-17T14:50:21","slug":"a-passarela-do-bem","status":"publish","type":"post","link":"https:\/\/blogdacondessa.com.br\/blog\/uncategorized\/a-passarela-do-bem\/","title":{"rendered":"A passarela do bem"},"content":{"rendered":"<p>Cuiab\u00e1 Fashion Week |Ver\u00e3o 2026 n\u00e3o \u00e9 apenas o evento mais esperado da moda matogrossense; \u00e9 um movimento vibrante que prova que a eleg\u00e2ncia se mede pelo tamanho da generosidade. De 13 a 15 de novembro, o Camarote VIP da Arena Pantanal se transformar\u00e1 na passarela do bem, apresentando a Cole\u00e7\u00e3o Alto-Ver\u00e3o e, acima de tudo, o esp\u00edrito solid\u00e1rio de Mato Grosso.<\/p>\n<p>A edi\u00e7\u00e3o deste ano tem o privil\u00e9gio de ser abra\u00e7ada pela embaixadora Virginia Mendes, primeira-dama do Estado de Mato Grosso e um verdadeiro s\u00edmbolo de empatia, generosidade e a\u00e7\u00e3o firme. Virginia empresta seu prest\u00edgio e, mais importante, seu cora\u00e7\u00e3o imenso a esta causa. Sua trajet\u00f3ria \u00e0 frente do Programa SER Fam\u00edlia e do Projeto Siminina em Cuiab\u00e1 revela a ess\u00eancia de uma mulher que traduz o poder p\u00fablico em cuidado e transforma\u00e7\u00e3o. Como resumem os organizadores, \u201cVirginia tem o dom raro de fazer o bem com eleg\u00e2ncia e humildade\u201d. Por isso, ela \u00e9 a grande homenageada e Embaixadora do Cuiab\u00e1 Fashion Week Ver\u00e3o 2026, representando a moda que tem alma e prop\u00f3sito.<\/p>\n<p><strong>As madrinhas<\/strong><\/p>\n<p>O sucesso e o calor deste evento s\u00e3o amplificados pela presen\u00e7a de um time de mulheres incr\u00edveis: as Madrinhas do Cuiab\u00e1 Fashion Week. Cada uma, em seu segmento de atua\u00e7\u00e3o e com sua marca de amor, afeto e acima de tudo solidariedade, empresta seu nome e influ\u00eancia a esta causa nobre. S\u00e3o elas que injetam ainda mais brilho e prop\u00f3sito: Natasha Slhessarenko, Rose Piran, Andreia Muller, Rosilei Borges (primeira-dama de Campo Verde), Josiane Nardez, Zilda Zompero, Rose Capriata, Priscila Maraschin, Elda Teles, Dione Miranda e Kely Lara. Elogiamos essas madrinhas de cora\u00e7\u00f5es generosos que vestem a causa e desfilam empatia! A uni\u00e3o dessas for\u00e7as femininas \u00e9 o que torna o evento verdadeiramente poderoso.<\/p>\n<p><strong>A moda a servi\u00e7o da APAE<\/strong><\/p>\n<p>A causa \u00e9 nobre: o evento refor\u00e7a seu compromisso social com uma campanha de arrecada\u00e7\u00e3o de alimentos em prol da APAE Cuiab\u00e1, que atende mais de 100 alunos. A entrada? Totalmente gratuita, bastando \u00e0 doa\u00e7\u00e3o nas lojas participantes, um gesto simples com impacto direto na rotina da associa\u00e7\u00e3o. \u201cPrecisamos de eventos que agreguem e ajudem as pessoas. Ver os alunos participando \u00e9 emocionante,\u201d destacou Virginia, ressaltando o prop\u00f3sito que nos move. Idealizado por Edson Guilherme, o Cuiab\u00e1 Fashion Week \u00e9 um manifesto de que a moda \u00e9, sim, instrumento de transforma\u00e7\u00e3o. \u201c\u00c9 mais que uma vitrine, \u00e9 um movimento que conecta o p\u00fablico a uma causa nobre e traduz o esp\u00edrito solid\u00e1rio de nossa cidade\u201d, afirma o criador.<\/p>\n<p><strong>As marcas<\/strong><\/p>\n<p>Durante os tr\u00eas dias de programa\u00e7\u00e3o, o p\u00fablico poder\u00e1 conhecer cole\u00e7\u00f5es in\u00e9ditas, propostas autorais e cria\u00e7\u00f5es que v\u00e3o do infantil ao feminino sofisticado, com participa\u00e7\u00e3o de marcas consagradas e emergentes do cen\u00e1rio fashion de Mato Grosso.<\/p>\n<p>As principais marcas e boutiques da regi\u00e3o s\u00e3o as estrelas da passarela, desfilando o melhor do Alto-Ver\u00e3o em tr\u00eas dias de pura inspira\u00e7\u00e3o. Os convites s\u00e3o distribu\u00eddos com carinho nas lojas participantes, que se tornam pontos de solidariedade ao aderir \u00e0 causa com entusiasmo.<\/p>\n<p><strong>Entre as marcas confirmadas est\u00e3o:<br \/>\n<\/strong><br \/>\nLabrugi L\u00f6wio Brand, Rafaela Metello, Espa\u00e7o Nika &amp; \u00c1urea Maria, Bimu Brand .Lan\u00e7a Perfume, Art Kids Teens , Yas Miranda Clothing , Caramello Moda Infantil , Kely Boutique , FC Kids &amp; Teen, Liz Bella Meninas e Bebel Store .<\/p>\n<p>N\u00e3o perca tamb\u00e9m o Tributo \u00e0 inesquec\u00edvel Id\u00ea Guimar\u00e3es, \u00edcone da moda e da cultura cuiabana!<\/p>\n<p>O Cuiab\u00e1 Fashion Week 2025 \u00e9 a prova de que moda \u00e9 arte, \u00e9 neg\u00f3cio e \u00e9, sobretudo, humanidade. Compare\u00e7a, doe e deixe-se inspirar! fa\u00e7a uma rea de sevi\u00e7o e cite que os convites podem ser adquiridos nas lojas partiicpantes medinte a doa\u00e7\u00e3o de um lito de leite Que \u00f3tima adi\u00e7\u00e3o! Incluir uma se\u00e7\u00e3o de servi\u00e7o \u00e9 crucial para o p\u00fablico. Aqui est\u00e1 a se\u00e7\u00e3o revisada, integrada ao texto anterior e focada na informa\u00e7\u00e3o que voc\u00ea pediu, com o ajuste da doa\u00e7\u00e3o: A entrada \u00e9 gratuita mediante a doa\u00e7\u00e3o de 2 litros de leite, mas os convites s\u00e3o retirados nas lojas participantes (que \u00e9 o que o p\u00fablico precisa saber para participar).<\/p>\n<p><strong>Servi\u00e7o<\/strong><\/p>\n<p>Como participar do Cuiab\u00e1 Fashion Week 2025<\/p>\n<p>Para fazer parte deste espet\u00e1culo de moda e solidariedade, fique atento aos detalhes pr\u00e1ticos. O Cuiab\u00e1 Fashion Week 2025 n\u00e3o cobra ingresso, mas exige um gesto de generosidade: \u2022<\/p>\n<p>Entrada Solid\u00e1ria: Gratuita mediante a doa\u00e7\u00e3o de alimento n\u00e3o perec\u00edvel.<br \/>\nToda a arrecada\u00e7\u00e3o ser\u00e1 destinada \u00e0 APAE Cuiab\u00e1, que apoia mais de 100 alunos. Sua presen\u00e7a \u00e9 o seu apoio! \u2022<\/p>\n<p>Retirada de Convites: Os convites para o Camarote VIP da Arena Pantanal (local do evento) devem ser adquiridos\/retirados diretamente nas lojas e boutiques participantes dos desfiles.<br \/>\nProcure sua marca favorita e garanta sua vaga na passarela mais solid\u00e1ria do Estado.<\/p>\n<p>Datas: 13, 14 e 15 de novembro<br \/>\nLocal: Camarote VIP da Arena Pantanal, Cuiab\u00e1.<br \/>\nHor\u00e1rio: A partir das 19h<\/p>\n","protected":false},"excerpt":{"rendered":"<p>Cuiab\u00e1 Fashion Week |Ver\u00e3o 2026 n\u00e3o \u00e9 apenas o evento mais esperado da moda matogrossense; \u00e9 um movimento vibrante que prova que a eleg\u00e2ncia se mede pelo tamanho da generosidade. De 13 a 15 de novembro, o Camarote VIP da Arena Pantanal se transformar\u00e1 na passarela do bem, apresentando a Cole\u00e7\u00e3o Alto-Ver\u00e3o e, acima de [&hellip;]<\/p>\n","protected":false},"author":2,"featured_media":12890,"comment_status":"closed","ping_status":"closed","sticky":false,"template":"","format":"standard","meta":{"iawp_total_views":78,"footnotes":""},"categories":[1],"tags":[],"class_list":["post-12889","post","type-post","status-publish","format-standard","has-post-thumbnail","hentry","category-uncategorized"],"yoast_head":"<!-- This site is optimized with the Yoast SEO plugin v27.3 - https:\/\/yoast.com\/product\/yoast-seo-wordpress\/ -->\n<title>A passarela do bem &#8902; Blog da Condessa<\/title>\n<meta name=\"robots\" content=\"index, follow, max-snippet:-1, max-image-preview:large, max-video-preview:-1\" \/>\n<link rel=\"canonical\" href=\"https:\/\/blogdacondessa.com.br\/blog\/uncategorized\/a-passarela-do-bem\/\" \/>\n<meta property=\"og:locale\" content=\"pt_BR\" \/>\n<meta property=\"og:type\" content=\"article\" \/>\n<meta property=\"og:title\" content=\"A passarela do bem &#8902; Blog da Condessa\" \/>\n<meta property=\"og:description\" content=\"Cuiab\u00e1 Fashion Week |Ver\u00e3o 2026 n\u00e3o \u00e9 apenas o evento mais esperado da moda matogrossense; \u00e9 um movimento vibrante que prova que a eleg\u00e2ncia se mede pelo tamanho da generosidade. De 13 a 15 de novembro, o Camarote VIP da Arena Pantanal se transformar\u00e1 na passarela do bem, apresentando a Cole\u00e7\u00e3o Alto-Ver\u00e3o e, acima de [&hellip;]\" \/>\n<meta property=\"og:url\" content=\"https:\/\/blogdacondessa.com.br\/blog\/uncategorized\/a-passarela-do-bem\/\" \/>\n<meta property=\"og:site_name\" content=\"Blog da Condessa\" \/>\n<meta property=\"article:published_time\" content=\"2025-10-17T14:50:21+00:00\" \/>\n<meta property=\"og:image\" content=\"https:\/\/blogdacondessa.com.br\/blog\/wp-content\/uploads\/2025\/10\/CUIABA-FASHION.jpeg\" \/>\n\t<meta property=\"og:image:width\" content=\"560\" \/>\n\t<meta property=\"og:image:height\" content=\"373\" \/>\n\t<meta property=\"og:image:type\" content=\"image\/jpeg\" \/>\n<meta name=\"author\" content=\"Blog da Condessa\" \/>\n<meta name=\"twitter:card\" content=\"summary_large_image\" \/>\n<meta name=\"twitter:label1\" content=\"Escrito por\" \/>\n\t<meta name=\"twitter:data1\" content=\"Blog da Condessa\" \/>\n\t<meta name=\"twitter:label2\" content=\"Est. tempo de leitura\" \/>\n\t<meta name=\"twitter:data2\" content=\"5 minutos\" \/>\n<script type=\"application\/ld+json\" class=\"yoast-schema-graph\">{\"@context\":\"https:\\\/\\\/schema.org\",\"@graph\":[{\"@type\":\"Article\",\"@id\":\"https:\\\/\\\/blogdacondessa.com.br\\\/blog\\\/uncategorized\\\/a-passarela-do-bem\\\/#article\",\"isPartOf\":{\"@id\":\"https:\\\/\\\/blogdacondessa.com.br\\\/blog\\\/uncategorized\\\/a-passarela-do-bem\\\/\"},\"author\":{\"name\":\"Blog da Condessa\",\"@id\":\"https:\\\/\\\/blogdacondessa.com.br\\\/blog\\\/#\\\/schema\\\/person\\\/1d667ff8b785195b568677489d266035\"},\"headline\":\"A passarela do bem\",\"datePublished\":\"2025-10-17T14:50:21+00:00\",\"mainEntityOfPage\":{\"@id\":\"https:\\\/\\\/blogdacondessa.com.br\\\/blog\\\/uncategorized\\\/a-passarela-do-bem\\\/\"},\"wordCount\":850,\"image\":{\"@id\":\"https:\\\/\\\/blogdacondessa.com.br\\\/blog\\\/uncategorized\\\/a-passarela-do-bem\\\/#primaryimage\"},\"thumbnailUrl\":\"https:\\\/\\\/blogdacondessa.com.br\\\/blog\\\/wp-content\\\/uploads\\\/2025\\\/10\\\/CUIABA-FASHION.jpeg\",\"articleSection\":[\"Uncategorized\"],\"inLanguage\":\"pt-BR\"},{\"@type\":\"WebPage\",\"@id\":\"https:\\\/\\\/blogdacondessa.com.br\\\/blog\\\/uncategorized\\\/a-passarela-do-bem\\\/\",\"url\":\"https:\\\/\\\/blogdacondessa.com.br\\\/blog\\\/uncategorized\\\/a-passarela-do-bem\\\/\",\"name\":\"A passarela do bem &#8902; Blog da Condessa\",\"isPartOf\":{\"@id\":\"https:\\\/\\\/blogdacondessa.com.br\\\/blog\\\/#website\"},\"primaryImageOfPage\":{\"@id\":\"https:\\\/\\\/blogdacondessa.com.br\\\/blog\\\/uncategorized\\\/a-passarela-do-bem\\\/#primaryimage\"},\"image\":{\"@id\":\"https:\\\/\\\/blogdacondessa.com.br\\\/blog\\\/uncategorized\\\/a-passarela-do-bem\\\/#primaryimage\"},\"thumbnailUrl\":\"https:\\\/\\\/blogdacondessa.com.br\\\/blog\\\/wp-content\\\/uploads\\\/2025\\\/10\\\/CUIABA-FASHION.jpeg\",\"datePublished\":\"2025-10-17T14:50:21+00:00\",\"author\":{\"@id\":\"https:\\\/\\\/blogdacondessa.com.br\\\/blog\\\/#\\\/schema\\\/person\\\/1d667ff8b785195b568677489d266035\"},\"breadcrumb\":{\"@id\":\"https:\\\/\\\/blogdacondessa.com.br\\\/blog\\\/uncategorized\\\/a-passarela-do-bem\\\/#breadcrumb\"},\"inLanguage\":\"pt-BR\",\"potentialAction\":[{\"@type\":\"ReadAction\",\"target\":[\"https:\\\/\\\/blogdacondessa.com.br\\\/blog\\\/uncategorized\\\/a-passarela-do-bem\\\/\"]}]},{\"@type\":\"ImageObject\",\"inLanguage\":\"pt-BR\",\"@id\":\"https:\\\/\\\/blogdacondessa.com.br\\\/blog\\\/uncategorized\\\/a-passarela-do-bem\\\/#primaryimage\",\"url\":\"https:\\\/\\\/blogdacondessa.com.br\\\/blog\\\/wp-content\\\/uploads\\\/2025\\\/10\\\/CUIABA-FASHION.jpeg\",\"contentUrl\":\"https:\\\/\\\/blogdacondessa.com.br\\\/blog\\\/wp-content\\\/uploads\\\/2025\\\/10\\\/CUIABA-FASHION.jpeg\",\"width\":560,\"height\":373,\"caption\":\"Foto: Assessoria\"},{\"@type\":\"BreadcrumbList\",\"@id\":\"https:\\\/\\\/blogdacondessa.com.br\\\/blog\\\/uncategorized\\\/a-passarela-do-bem\\\/#breadcrumb\",\"itemListElement\":[{\"@type\":\"ListItem\",\"position\":1,\"name\":\"In\u00edcio\",\"item\":\"https:\\\/\\\/blogdacondessa.com.br\\\/blog\\\/\"},{\"@type\":\"ListItem\",\"position\":2,\"name\":\"A passarela do bem\"}]},{\"@type\":\"WebSite\",\"@id\":\"https:\\\/\\\/blogdacondessa.com.br\\\/blog\\\/#website\",\"url\":\"https:\\\/\\\/blogdacondessa.com.br\\\/blog\\\/\",\"name\":\"Blog da Condessa\",\"description\":\"Com Shirley de Souza O\u2019Campos\",\"potentialAction\":[{\"@type\":\"SearchAction\",\"target\":{\"@type\":\"EntryPoint\",\"urlTemplate\":\"https:\\\/\\\/blogdacondessa.com.br\\\/blog\\\/?s={search_term_string}\"},\"query-input\":{\"@type\":\"PropertyValueSpecification\",\"valueRequired\":true,\"valueName\":\"search_term_string\"}}],\"inLanguage\":\"pt-BR\"},{\"@type\":\"Person\",\"@id\":\"https:\\\/\\\/blogdacondessa.com.br\\\/blog\\\/#\\\/schema\\\/person\\\/1d667ff8b785195b568677489d266035\",\"name\":\"Blog da Condessa\",\"image\":{\"@type\":\"ImageObject\",\"inLanguage\":\"pt-BR\",\"@id\":\"https:\\\/\\\/secure.gravatar.com\\\/avatar\\\/377c0eb8b4ad2bfc25461b41564b5971e721ca34a57642868fc7b0c8ac7b52c5?s=96&d=mm&r=g\",\"url\":\"https:\\\/\\\/secure.gravatar.com\\\/avatar\\\/377c0eb8b4ad2bfc25461b41564b5971e721ca34a57642868fc7b0c8ac7b52c5?s=96&d=mm&r=g\",\"contentUrl\":\"https:\\\/\\\/secure.gravatar.com\\\/avatar\\\/377c0eb8b4ad2bfc25461b41564b5971e721ca34a57642868fc7b0c8ac7b52c5?s=96&d=mm&r=g\",\"caption\":\"Blog da Condessa\"},\"url\":\"https:\\\/\\\/blogdacondessa.com.br\\\/blog\\\/author\\\/beatriz\\\/\"}]}<\/script>\n<!-- \/ Yoast SEO plugin. -->","yoast_head_json":{"title":"A passarela do bem &#8902; Blog da Condessa","robots":{"index":"index","follow":"follow","max-snippet":"max-snippet:-1","max-image-preview":"max-image-preview:large","max-video-preview":"max-video-preview:-1"},"canonical":"https:\/\/blogdacondessa.com.br\/blog\/uncategorized\/a-passarela-do-bem\/","og_locale":"pt_BR","og_type":"article","og_title":"A passarela do bem &#8902; Blog da Condessa","og_description":"Cuiab\u00e1 Fashion Week |Ver\u00e3o 2026 n\u00e3o \u00e9 apenas o evento mais esperado da moda matogrossense; \u00e9 um movimento vibrante que prova que a eleg\u00e2ncia se mede pelo tamanho da generosidade. De 13 a 15 de novembro, o Camarote VIP da Arena Pantanal se transformar\u00e1 na passarela do bem, apresentando a Cole\u00e7\u00e3o Alto-Ver\u00e3o e, acima de [&hellip;]","og_url":"https:\/\/blogdacondessa.com.br\/blog\/uncategorized\/a-passarela-do-bem\/","og_site_name":"Blog da Condessa","article_published_time":"2025-10-17T14:50:21+00:00","og_image":[{"width":560,"height":373,"url":"https:\/\/blogdacondessa.com.br\/blog\/wp-content\/uploads\/2025\/10\/CUIABA-FASHION.jpeg","type":"image\/jpeg"}],"author":"Blog da Condessa","twitter_card":"summary_large_image","twitter_misc":{"Escrito por":"Blog da Condessa","Est. tempo de leitura":"5 minutos"},"schema":{"@context":"https:\/\/schema.org","@graph":[{"@type":"Article","@id":"https:\/\/blogdacondessa.com.br\/blog\/uncategorized\/a-passarela-do-bem\/#article","isPartOf":{"@id":"https:\/\/blogdacondessa.com.br\/blog\/uncategorized\/a-passarela-do-bem\/"},"author":{"name":"Blog da Condessa","@id":"https:\/\/blogdacondessa.com.br\/blog\/#\/schema\/person\/1d667ff8b785195b568677489d266035"},"headline":"A passarela do bem","datePublished":"2025-10-17T14:50:21+00:00","mainEntityOfPage":{"@id":"https:\/\/blogdacondessa.com.br\/blog\/uncategorized\/a-passarela-do-bem\/"},"wordCount":850,"image":{"@id":"https:\/\/blogdacondessa.com.br\/blog\/uncategorized\/a-passarela-do-bem\/#primaryimage"},"thumbnailUrl":"https:\/\/blogdacondessa.com.br\/blog\/wp-content\/uploads\/2025\/10\/CUIABA-FASHION.jpeg","articleSection":["Uncategorized"],"inLanguage":"pt-BR"},{"@type":"WebPage","@id":"https:\/\/blogdacondessa.com.br\/blog\/uncategorized\/a-passarela-do-bem\/","url":"https:\/\/blogdacondessa.com.br\/blog\/uncategorized\/a-passarela-do-bem\/","name":"A passarela do bem &#8902; Blog da Condessa","isPartOf":{"@id":"https:\/\/blogdacondessa.com.br\/blog\/#website"},"primaryImageOfPage":{"@id":"https:\/\/blogdacondessa.com.br\/blog\/uncategorized\/a-passarela-do-bem\/#primaryimage"},"image":{"@id":"https:\/\/blogdacondessa.com.br\/blog\/uncategorized\/a-passarela-do-bem\/#primaryimage"},"thumbnailUrl":"https:\/\/blogdacondessa.com.br\/blog\/wp-content\/uploads\/2025\/10\/CUIABA-FASHION.jpeg","datePublished":"2025-10-17T14:50:21+00:00","author":{"@id":"https:\/\/blogdacondessa.com.br\/blog\/#\/schema\/person\/1d667ff8b785195b568677489d266035"},"breadcrumb":{"@id":"https:\/\/blogdacondessa.com.br\/blog\/uncategorized\/a-passarela-do-bem\/#breadcrumb"},"inLanguage":"pt-BR","potentialAction":[{"@type":"ReadAction","target":["https:\/\/blogdacondessa.com.br\/blog\/uncategorized\/a-passarela-do-bem\/"]}]},{"@type":"ImageObject","inLanguage":"pt-BR","@id":"https:\/\/blogdacondessa.com.br\/blog\/uncategorized\/a-passarela-do-bem\/#primaryimage","url":"https:\/\/blogdacondessa.com.br\/blog\/wp-content\/uploads\/2025\/10\/CUIABA-FASHION.jpeg","contentUrl":"https:\/\/blogdacondessa.com.br\/blog\/wp-content\/uploads\/2025\/10\/CUIABA-FASHION.jpeg","width":560,"height":373,"caption":"Foto: Assessoria"},{"@type":"BreadcrumbList","@id":"https:\/\/blogdacondessa.com.br\/blog\/uncategorized\/a-passarela-do-bem\/#breadcrumb","itemListElement":[{"@type":"ListItem","position":1,"name":"In\u00edcio","item":"https:\/\/blogdacondessa.com.br\/blog\/"},{"@type":"ListItem","position":2,"name":"A passarela do bem"}]},{"@type":"WebSite","@id":"https:\/\/blogdacondessa.com.br\/blog\/#website","url":"https:\/\/blogdacondessa.com.br\/blog\/","name":"Blog da Condessa","description":"Com Shirley de Souza O\u2019Campos","potentialAction":[{"@type":"SearchAction","target":{"@type":"EntryPoint","urlTemplate":"https:\/\/blogdacondessa.com.br\/blog\/?s={search_term_string}"},"query-input":{"@type":"PropertyValueSpecification","valueRequired":true,"valueName":"search_term_string"}}],"inLanguage":"pt-BR"},{"@type":"Person","@id":"https:\/\/blogdacondessa.com.br\/blog\/#\/schema\/person\/1d667ff8b785195b568677489d266035","name":"Blog da Condessa","image":{"@type":"ImageObject","inLanguage":"pt-BR","@id":"https:\/\/secure.gravatar.com\/avatar\/377c0eb8b4ad2bfc25461b41564b5971e721ca34a57642868fc7b0c8ac7b52c5?s=96&d=mm&r=g","url":"https:\/\/secure.gravatar.com\/avatar\/377c0eb8b4ad2bfc25461b41564b5971e721ca34a57642868fc7b0c8ac7b52c5?s=96&d=mm&r=g","contentUrl":"https:\/\/secure.gravatar.com\/avatar\/377c0eb8b4ad2bfc25461b41564b5971e721ca34a57642868fc7b0c8ac7b52c5?s=96&d=mm&r=g","caption":"Blog da Condessa"},"url":"https:\/\/blogdacondessa.com.br\/blog\/author\/beatriz\/"}]}},"_links":{"self":[{"href":"https:\/\/blogdacondessa.com.br\/blog\/wp-json\/wp\/v2\/posts\/12889","targetHints":{"allow":["GET"]}}],"collection":[{"href":"https:\/\/blogdacondessa.com.br\/blog\/wp-json\/wp\/v2\/posts"}],"about":[{"href":"https:\/\/blogdacondessa.com.br\/blog\/wp-json\/wp\/v2\/types\/post"}],"author":[{"embeddable":true,"href":"https:\/\/blogdacondessa.com.br\/blog\/wp-json\/wp\/v2\/users\/2"}],"replies":[{"embeddable":true,"href":"https:\/\/blogdacondessa.com.br\/blog\/wp-json\/wp\/v2\/comments?post=12889"}],"version-history":[{"count":1,"href":"https:\/\/blogdacondessa.com.br\/blog\/wp-json\/wp\/v2\/posts\/12889\/revisions"}],"predecessor-version":[{"id":12891,"href":"https:\/\/blogdacondessa.com.br\/blog\/wp-json\/wp\/v2\/posts\/12889\/revisions\/12891"}],"wp:featuredmedia":[{"embeddable":true,"href":"https:\/\/blogdacondessa.com.br\/blog\/wp-json\/wp\/v2\/media\/12890"}],"wp:attachment":[{"href":"https:\/\/blogdacondessa.com.br\/blog\/wp-json\/wp\/v2\/media?parent=12889"}],"wp:term":[{"taxonomy":"category","embeddable":true,"href":"https:\/\/blogdacondessa.com.br\/blog\/wp-json\/wp\/v2\/categories?post=12889"},{"taxonomy":"post_tag","embeddable":true,"href":"https:\/\/blogdacondessa.com.br\/blog\/wp-json\/wp\/v2\/tags?post=12889"}],"curies":[{"name":"wp","href":"https:\/\/api.w.org\/{rel}","templated":true}]}}