{"id":1288,"date":"2021-05-31T09:00:00","date_gmt":"2021-05-31T09:00:00","guid":{"rendered":"https:\/\/blogdacondessa.local\/as-tres-gracas\/"},"modified":"2021-06-28T12:56:29","modified_gmt":"2021-06-28T12:56:29","slug":"as-tres-gracas","status":"publish","type":"post","link":"https:\/\/blogdacondessa.com.br\/blog\/cidades\/as-tres-gracas\/","title":{"rendered":"\u2018As Tr\u00eas Gra\u00e7as\u2019"},"content":{"rendered":"<p><em>Escultura \u00e9 restaurada e evidencia o cuidado com o patrim\u00f4nio cultural .<\/em><\/p>\n<p>Constru\u00edda no ano de 1990 para homenagear tr\u00eas mulheres incentivadoras da cultura mato-grossense: a jornalista\u00a0Luiza de Figueiredo Calhao (Nhalu), a professora e escritora\u00a0Guilhermina de Figueiredo e a compositora, maestrina, educadora e teatr\u00f3loga, Zulmira D\u2019Andrade Canavarros, a obra de arte sofreu com a a\u00e7\u00e3o do tempo.<\/p>\n<p>Representando o prefeito Emanuel Pinheiro e a primeira-dama M\u00e1rcia Pinheiro, os secret\u00e1rios municipais de Turismo, Oscarlino Alves e da Mulher, Luciana Zamproni, entregaram na sexta-feira (28), o monumento\u00a0\u2018As Tr\u00eas Gra\u00e7as\u2019. Totalmente recuperado pelo artista pl\u00e1stico Fred Foga\u00e7a. Esse \u00e9 um dos equipamentos culturais mais importantes da hist\u00f3ria da cuiabania.\u00a0A cerim\u00f4nia foi realizada com todos os cuidados necess\u00e1rios de biosseguran\u00e7a.<\/p>\n<p>Com um olhar atento e sempre voltado para as causas femininas no munic\u00edpio de Cuiab\u00e1, a primeira-dama M\u00e1rcia Pinheiro,\u00a0 faz quest\u00e3o de refor\u00e7ar a preocupa\u00e7\u00e3o da gest\u00e3o Emanuel Pinheiro. \u201cCom muita valoriza\u00e7\u00e3o, a gest\u00e3o acredita na for\u00e7a feminina, com v\u00e1rias secretarias comandadas por mulheres. \u00c9 um dever do poder p\u00fablico prestar essa homenagem e recuperar uma obra com tamanha grandeza, restituindo essa obra de arte para o conv\u00edvio da popula\u00e7\u00e3o cuiabana. Tr\u00eas grandes mulheres, cada uma com suas particularidades\u201d, ressaltou M\u00e1rcia Pinheiro.<\/p>\n<p>O secret\u00e1rio municipal de Turismo lembra que a escultura foi retirada pela Empresa Cuiabana de Zeladoria e Servi\u00e7os Urbanos- Limpurb e recuperada pela pasta.\u00a0 A base da obra de arte tamb\u00e9m foi atingida por um autom\u00f3vel o que causou s\u00e9rios danos estruturais.\u00a0\u201cA devolu\u00e7\u00e3o desse monumento, sendo entregue com as origens mantidas pelo artista Fred Foga\u00e7a, representa a figura de um cuiabano nato que ama e cuida da sua cidade de origem. Desde que assumi a pasta do Turismo tenho uma miss\u00e3o, que \u00e9 de fortalecer o potencial tur\u00edstico da capital. Podemos citar como exemplo a entrega do Beco do Candeeiro h\u00e1 duas semanas. S\u00e3o pequenas amostras que ser\u00e3o somatizadas num conjunto de obras que ir\u00e3o fortalecer as ricas hist\u00f3rias de Mato Grosso<\/p>\n<p>\u201cComo secret\u00e1ria da Mulher eu tenho de dizer que sinto orgulho por me sentir representada por essas tr\u00eas mulheres que representam muita mais que uma escultura, mais a vida, \u00e9 uma hist\u00f3ria. O trabalho que cada uma delas deixou \u00e9 muito importante. Que cada mulher que passar por aqui, pela Avenida Coronel Escol\u00e1stica, se sinta representada\u201d, declarou a secret\u00e1ria\u00a0 Luciana Zamproni. \u00a0\u00a0\u00a0<\/p>\n<p><strong>Vida e Trabalho<\/strong><\/p>\n<p>A jornalista\u00a0Luiza de Figueiredo Calhao (Nhalu)\u00a0nasceu em Cuiab\u00e1 em julho de 1866, carinhosamente chamada de \u201cNhalu\u201d. Filha de Constantino de Figueiredo e D. Ignez Maria Paes de Faria de Figueiredo. Casou-se com o Major Em\u00edlio do Espirito Santo Rodrigues Calhao em 15 de agosto de 1881, filho de Joaquim Jos\u00e9 Rodrigues Calhao, falecido em Cuiab\u00e1 a 14 de junho de 1885, depois de ter contribu\u00eddo para o seu desenvolvimento cultural. Redator do jornal O Liberal e fundador do jornal A Prov\u00edncia de Mato Grosso, que Em\u00edlio Calhau, seu filho simplificou para O Mato Grosso. Nhalu ao entrar na fam\u00edlia, aprendeu a arte de escrever e tornou-se uma promissora jornalista. Um dos trabalhos dela era incentivar a dinamicidade do \u201cJornal A Voz do Norte\u201d, um jornal noticioso, independente e liter\u00e1rio.\u00a0<\/p>\n<p>\u00a0J\u00e1 a professora e escritora\u00a0Guilhermina de Figueiredo\u00a0nasceu em Cuiab\u00e1 na Rua 13 de Junho, no dia 05 de junho de 1911. Filha de Jo\u00e3o Louren\u00e7o de Figueiredo e de Dona Francisca Izabel de Figueiredo. Faleceu no dia 04 de julho de 1981, nesta Capital. Ela cursou o 1\u00ba grau na escola Estadual Bar\u00e3o de Melga\u00e7o e o 2\u00ba grau na Escola Estadual Liceu Cuiabano, onde concluiu o curso normal. Segundo seu irm\u00e3o Benedito de Figueiredo ainda vivo, era autodidata e como tal aprendeu outras profiss\u00f5es, como por exemplo, m\u00fasica e para aperfei\u00e7oamento fez curso de piano, no estado de Guanabara, hoje do Rio de Janeiro.\u00a0\u00a0Tem dois livros editados, um o ABC da Literatura e Lampejos d\u00b4alma, colaborou com a revista \u201cA violeta\u201d, ajudou a criar a Funda\u00e7\u00e3o Pio XII.<\/p>\n<p>&#8211; Nascida em 14 de novembro de 1895,\u00a0Zulmira D\u2019Andrade Canavarros\u00a0era compositora, maestrina, educadora e teatr\u00f3loga e faleceu no ano de 1961. Foi a primeira mulher em Mato Grosso a fundar um clube de futebol. Trata-se do Mixto Esporte Clube, fundado a 20 de maio de 1934. Foi, tamb\u00e9m, uma intensa ativista cultural e social, al\u00e9m de uma intensa empreendedora.<\/p>\n<p>\u00a0Zulmira come\u00e7ou a compor e a escrever pe\u00e7as de teatro, na adolesc\u00eancia, e durante toda a vida tocou piano e violino. Suas composi\u00e7\u00f5es foram escritas em v\u00e1rios g\u00eaneros: sambas, quadrilhas, marchas, toada caipira, bolero, rasqueado, dobrado e embolada. As letras das m\u00fasicas falam do amor, do sofrimento, do casamento, da rela\u00e7\u00e3o entre o homem e a mulher e aspectos do cotidiano de Cuiab\u00e1.<\/p>\n<p>Foi tamb\u00e9m uma das fundadoras da r\u00e1dio Voz d\u2019Oeste, em 1939, primeira r\u00e1dio de Mato Grosso. Al\u00e9m dos programas jornal\u00edsticos, a r\u00e1dio oferecia programas musicais, onde Zulmira, atuava ao lado de\u00a0m\u00fasicos como Ivo Arruda, D\u00e9cio Gama e Juven\u00edlio de Freitas, encantavam a popula\u00e7\u00e3o mato-grossense.\u00a0(Com\u00a0informa\u00e7\u00f5es da disserta\u00e7\u00e3o de mestrado de Viviane Gon\u00e7alves da Silva, na tese: \u201cZulmira de Andrade Canavarros uma mulher sem fronteiras na Cuiab\u00e1 da primeira metade do s\u00e9culo XX. (Texto com informa\u00e7\u00f5es da jornalista Neila Barreto)<\/p>\n<p>\u00a0<\/p>\n","protected":false},"excerpt":{"rendered":"<p>Escultura \u00e9 restaurada e evidencia o cuidado com o patrim\u00f4nio cultural . Constru\u00edda no ano de 1990 para homenagear tr\u00eas mulheres incentivadoras da cultura mato-grossense: a jornalista\u00a0Luiza de Figueiredo Calhao (Nhalu), a professora e escritora\u00a0Guilhermina de Figueiredo e a compositora, maestrina, educadora e teatr\u00f3loga, Zulmira D\u2019Andrade Canavarros, a obra de arte sofreu com a a\u00e7\u00e3o [&hellip;]<\/p>\n","protected":false},"author":2,"featured_media":1899,"comment_status":"open","ping_status":"closed","sticky":false,"template":"","format":"standard","meta":{"iawp_total_views":0,"footnotes":""},"categories":[12],"tags":[],"class_list":["post-1288","post","type-post","status-publish","format-standard","has-post-thumbnail","hentry","category-cidades"],"yoast_head":"<!-- This site is optimized with the Yoast SEO plugin v27.3 - https:\/\/yoast.com\/product\/yoast-seo-wordpress\/ -->\n<title>\u2018As Tr\u00eas Gra\u00e7as\u2019 &#8902; Blog da Condessa<\/title>\n<meta name=\"robots\" content=\"index, follow, max-snippet:-1, max-image-preview:large, max-video-preview:-1\" \/>\n<link rel=\"canonical\" href=\"https:\/\/blogdacondessa.com.br\/blog\/cidades\/as-tres-gracas\/\" \/>\n<meta property=\"og:locale\" content=\"pt_BR\" \/>\n<meta property=\"og:type\" content=\"article\" \/>\n<meta property=\"og:title\" content=\"\u2018As Tr\u00eas Gra\u00e7as\u2019 &#8902; Blog da Condessa\" \/>\n<meta property=\"og:description\" content=\"Escultura \u00e9 restaurada e evidencia o cuidado com o patrim\u00f4nio cultural . Constru\u00edda no ano de 1990 para homenagear tr\u00eas mulheres incentivadoras da cultura mato-grossense: a jornalista\u00a0Luiza de Figueiredo Calhao (Nhalu), a professora e escritora\u00a0Guilhermina de Figueiredo e a compositora, maestrina, educadora e teatr\u00f3loga, Zulmira D\u2019Andrade Canavarros, a obra de arte sofreu com a a\u00e7\u00e3o [&hellip;]\" \/>\n<meta property=\"og:url\" content=\"https:\/\/blogdacondessa.com.br\/blog\/cidades\/as-tres-gracas\/\" \/>\n<meta property=\"og:site_name\" content=\"Blog da Condessa\" \/>\n<meta property=\"article:published_time\" content=\"2021-05-31T09:00:00+00:00\" \/>\n<meta property=\"article:modified_time\" content=\"2021-06-28T12:56:29+00:00\" \/>\n<meta property=\"og:image\" content=\"https:\/\/blogdacondessa.com.br\/blog\/wp-content\/uploads\/2021\/06\/64af7abb597af8d7a9c59ee559bf7320_L.jpg\" \/>\n\t<meta property=\"og:image:width\" content=\"600\" \/>\n\t<meta property=\"og:image:height\" content=\"400\" \/>\n\t<meta property=\"og:image:type\" content=\"image\/jpeg\" \/>\n<meta name=\"author\" content=\"Blog da Condessa\" \/>\n<meta name=\"twitter:card\" content=\"summary_large_image\" \/>\n<meta name=\"twitter:label1\" content=\"Escrito por\" \/>\n\t<meta name=\"twitter:data1\" content=\"Blog da Condessa\" \/>\n\t<meta name=\"twitter:label2\" content=\"Est. tempo de leitura\" \/>\n\t<meta name=\"twitter:data2\" content=\"5 minutos\" \/>\n<script type=\"application\/ld+json\" class=\"yoast-schema-graph\">{\"@context\":\"https:\\\/\\\/schema.org\",\"@graph\":[{\"@type\":\"Article\",\"@id\":\"https:\\\/\\\/blogdacondessa.com.br\\\/blog\\\/cidades\\\/as-tres-gracas\\\/#article\",\"isPartOf\":{\"@id\":\"https:\\\/\\\/blogdacondessa.com.br\\\/blog\\\/cidades\\\/as-tres-gracas\\\/\"},\"author\":{\"name\":\"Blog da Condessa\",\"@id\":\"https:\\\/\\\/blogdacondessa.com.br\\\/blog\\\/#\\\/schema\\\/person\\\/1d667ff8b785195b568677489d266035\"},\"headline\":\"\u2018As Tr\u00eas Gra\u00e7as\u2019\",\"datePublished\":\"2021-05-31T09:00:00+00:00\",\"dateModified\":\"2021-06-28T12:56:29+00:00\",\"mainEntityOfPage\":{\"@id\":\"https:\\\/\\\/blogdacondessa.com.br\\\/blog\\\/cidades\\\/as-tres-gracas\\\/\"},\"wordCount\":928,\"commentCount\":0,\"image\":{\"@id\":\"https:\\\/\\\/blogdacondessa.com.br\\\/blog\\\/cidades\\\/as-tres-gracas\\\/#primaryimage\"},\"thumbnailUrl\":\"https:\\\/\\\/blogdacondessa.com.br\\\/blog\\\/wp-content\\\/uploads\\\/2021\\\/06\\\/64af7abb597af8d7a9c59ee559bf7320_L.jpg\",\"articleSection\":[\"Cidades\"],\"inLanguage\":\"pt-BR\",\"potentialAction\":[{\"@type\":\"CommentAction\",\"name\":\"Comment\",\"target\":[\"https:\\\/\\\/blogdacondessa.com.br\\\/blog\\\/cidades\\\/as-tres-gracas\\\/#respond\"]}]},{\"@type\":\"WebPage\",\"@id\":\"https:\\\/\\\/blogdacondessa.com.br\\\/blog\\\/cidades\\\/as-tres-gracas\\\/\",\"url\":\"https:\\\/\\\/blogdacondessa.com.br\\\/blog\\\/cidades\\\/as-tres-gracas\\\/\",\"name\":\"\u2018As Tr\u00eas Gra\u00e7as\u2019 &#8902; Blog da Condessa\",\"isPartOf\":{\"@id\":\"https:\\\/\\\/blogdacondessa.com.br\\\/blog\\\/#website\"},\"primaryImageOfPage\":{\"@id\":\"https:\\\/\\\/blogdacondessa.com.br\\\/blog\\\/cidades\\\/as-tres-gracas\\\/#primaryimage\"},\"image\":{\"@id\":\"https:\\\/\\\/blogdacondessa.com.br\\\/blog\\\/cidades\\\/as-tres-gracas\\\/#primaryimage\"},\"thumbnailUrl\":\"https:\\\/\\\/blogdacondessa.com.br\\\/blog\\\/wp-content\\\/uploads\\\/2021\\\/06\\\/64af7abb597af8d7a9c59ee559bf7320_L.jpg\",\"datePublished\":\"2021-05-31T09:00:00+00:00\",\"dateModified\":\"2021-06-28T12:56:29+00:00\",\"author\":{\"@id\":\"https:\\\/\\\/blogdacondessa.com.br\\\/blog\\\/#\\\/schema\\\/person\\\/1d667ff8b785195b568677489d266035\"},\"breadcrumb\":{\"@id\":\"https:\\\/\\\/blogdacondessa.com.br\\\/blog\\\/cidades\\\/as-tres-gracas\\\/#breadcrumb\"},\"inLanguage\":\"pt-BR\",\"potentialAction\":[{\"@type\":\"ReadAction\",\"target\":[\"https:\\\/\\\/blogdacondessa.com.br\\\/blog\\\/cidades\\\/as-tres-gracas\\\/\"]}]},{\"@type\":\"ImageObject\",\"inLanguage\":\"pt-BR\",\"@id\":\"https:\\\/\\\/blogdacondessa.com.br\\\/blog\\\/cidades\\\/as-tres-gracas\\\/#primaryimage\",\"url\":\"https:\\\/\\\/blogdacondessa.com.br\\\/blog\\\/wp-content\\\/uploads\\\/2021\\\/06\\\/64af7abb597af8d7a9c59ee559bf7320_L.jpg\",\"contentUrl\":\"https:\\\/\\\/blogdacondessa.com.br\\\/blog\\\/wp-content\\\/uploads\\\/2021\\\/06\\\/64af7abb597af8d7a9c59ee559bf7320_L.jpg\",\"width\":600,\"height\":400},{\"@type\":\"BreadcrumbList\",\"@id\":\"https:\\\/\\\/blogdacondessa.com.br\\\/blog\\\/cidades\\\/as-tres-gracas\\\/#breadcrumb\",\"itemListElement\":[{\"@type\":\"ListItem\",\"position\":1,\"name\":\"In\u00edcio\",\"item\":\"https:\\\/\\\/blogdacondessa.com.br\\\/blog\\\/\"},{\"@type\":\"ListItem\",\"position\":2,\"name\":\"\u2018As Tr\u00eas Gra\u00e7as\u2019\"}]},{\"@type\":\"WebSite\",\"@id\":\"https:\\\/\\\/blogdacondessa.com.br\\\/blog\\\/#website\",\"url\":\"https:\\\/\\\/blogdacondessa.com.br\\\/blog\\\/\",\"name\":\"Blog da Condessa\",\"description\":\"Com Shirley de Souza O\u2019Campos\",\"potentialAction\":[{\"@type\":\"SearchAction\",\"target\":{\"@type\":\"EntryPoint\",\"urlTemplate\":\"https:\\\/\\\/blogdacondessa.com.br\\\/blog\\\/?s={search_term_string}\"},\"query-input\":{\"@type\":\"PropertyValueSpecification\",\"valueRequired\":true,\"valueName\":\"search_term_string\"}}],\"inLanguage\":\"pt-BR\"},{\"@type\":\"Person\",\"@id\":\"https:\\\/\\\/blogdacondessa.com.br\\\/blog\\\/#\\\/schema\\\/person\\\/1d667ff8b785195b568677489d266035\",\"name\":\"Blog da Condessa\",\"image\":{\"@type\":\"ImageObject\",\"inLanguage\":\"pt-BR\",\"@id\":\"https:\\\/\\\/secure.gravatar.com\\\/avatar\\\/377c0eb8b4ad2bfc25461b41564b5971e721ca34a57642868fc7b0c8ac7b52c5?s=96&d=mm&r=g\",\"url\":\"https:\\\/\\\/secure.gravatar.com\\\/avatar\\\/377c0eb8b4ad2bfc25461b41564b5971e721ca34a57642868fc7b0c8ac7b52c5?s=96&d=mm&r=g\",\"contentUrl\":\"https:\\\/\\\/secure.gravatar.com\\\/avatar\\\/377c0eb8b4ad2bfc25461b41564b5971e721ca34a57642868fc7b0c8ac7b52c5?s=96&d=mm&r=g\",\"caption\":\"Blog da Condessa\"},\"url\":\"https:\\\/\\\/blogdacondessa.com.br\\\/blog\\\/author\\\/beatriz\\\/\"}]}<\/script>\n<!-- \/ Yoast SEO plugin. -->","yoast_head_json":{"title":"\u2018As Tr\u00eas Gra\u00e7as\u2019 &#8902; Blog da Condessa","robots":{"index":"index","follow":"follow","max-snippet":"max-snippet:-1","max-image-preview":"max-image-preview:large","max-video-preview":"max-video-preview:-1"},"canonical":"https:\/\/blogdacondessa.com.br\/blog\/cidades\/as-tres-gracas\/","og_locale":"pt_BR","og_type":"article","og_title":"\u2018As Tr\u00eas Gra\u00e7as\u2019 &#8902; Blog da Condessa","og_description":"Escultura \u00e9 restaurada e evidencia o cuidado com o patrim\u00f4nio cultural . Constru\u00edda no ano de 1990 para homenagear tr\u00eas mulheres incentivadoras da cultura mato-grossense: a jornalista\u00a0Luiza de Figueiredo Calhao (Nhalu), a professora e escritora\u00a0Guilhermina de Figueiredo e a compositora, maestrina, educadora e teatr\u00f3loga, Zulmira D\u2019Andrade Canavarros, a obra de arte sofreu com a a\u00e7\u00e3o [&hellip;]","og_url":"https:\/\/blogdacondessa.com.br\/blog\/cidades\/as-tres-gracas\/","og_site_name":"Blog da Condessa","article_published_time":"2021-05-31T09:00:00+00:00","article_modified_time":"2021-06-28T12:56:29+00:00","og_image":[{"width":600,"height":400,"url":"https:\/\/blogdacondessa.com.br\/blog\/wp-content\/uploads\/2021\/06\/64af7abb597af8d7a9c59ee559bf7320_L.jpg","type":"image\/jpeg"}],"author":"Blog da Condessa","twitter_card":"summary_large_image","twitter_misc":{"Escrito por":"Blog da Condessa","Est. tempo de leitura":"5 minutos"},"schema":{"@context":"https:\/\/schema.org","@graph":[{"@type":"Article","@id":"https:\/\/blogdacondessa.com.br\/blog\/cidades\/as-tres-gracas\/#article","isPartOf":{"@id":"https:\/\/blogdacondessa.com.br\/blog\/cidades\/as-tres-gracas\/"},"author":{"name":"Blog da Condessa","@id":"https:\/\/blogdacondessa.com.br\/blog\/#\/schema\/person\/1d667ff8b785195b568677489d266035"},"headline":"\u2018As Tr\u00eas Gra\u00e7as\u2019","datePublished":"2021-05-31T09:00:00+00:00","dateModified":"2021-06-28T12:56:29+00:00","mainEntityOfPage":{"@id":"https:\/\/blogdacondessa.com.br\/blog\/cidades\/as-tres-gracas\/"},"wordCount":928,"commentCount":0,"image":{"@id":"https:\/\/blogdacondessa.com.br\/blog\/cidades\/as-tres-gracas\/#primaryimage"},"thumbnailUrl":"https:\/\/blogdacondessa.com.br\/blog\/wp-content\/uploads\/2021\/06\/64af7abb597af8d7a9c59ee559bf7320_L.jpg","articleSection":["Cidades"],"inLanguage":"pt-BR","potentialAction":[{"@type":"CommentAction","name":"Comment","target":["https:\/\/blogdacondessa.com.br\/blog\/cidades\/as-tres-gracas\/#respond"]}]},{"@type":"WebPage","@id":"https:\/\/blogdacondessa.com.br\/blog\/cidades\/as-tres-gracas\/","url":"https:\/\/blogdacondessa.com.br\/blog\/cidades\/as-tres-gracas\/","name":"\u2018As Tr\u00eas Gra\u00e7as\u2019 &#8902; Blog da Condessa","isPartOf":{"@id":"https:\/\/blogdacondessa.com.br\/blog\/#website"},"primaryImageOfPage":{"@id":"https:\/\/blogdacondessa.com.br\/blog\/cidades\/as-tres-gracas\/#primaryimage"},"image":{"@id":"https:\/\/blogdacondessa.com.br\/blog\/cidades\/as-tres-gracas\/#primaryimage"},"thumbnailUrl":"https:\/\/blogdacondessa.com.br\/blog\/wp-content\/uploads\/2021\/06\/64af7abb597af8d7a9c59ee559bf7320_L.jpg","datePublished":"2021-05-31T09:00:00+00:00","dateModified":"2021-06-28T12:56:29+00:00","author":{"@id":"https:\/\/blogdacondessa.com.br\/blog\/#\/schema\/person\/1d667ff8b785195b568677489d266035"},"breadcrumb":{"@id":"https:\/\/blogdacondessa.com.br\/blog\/cidades\/as-tres-gracas\/#breadcrumb"},"inLanguage":"pt-BR","potentialAction":[{"@type":"ReadAction","target":["https:\/\/blogdacondessa.com.br\/blog\/cidades\/as-tres-gracas\/"]}]},{"@type":"ImageObject","inLanguage":"pt-BR","@id":"https:\/\/blogdacondessa.com.br\/blog\/cidades\/as-tres-gracas\/#primaryimage","url":"https:\/\/blogdacondessa.com.br\/blog\/wp-content\/uploads\/2021\/06\/64af7abb597af8d7a9c59ee559bf7320_L.jpg","contentUrl":"https:\/\/blogdacondessa.com.br\/blog\/wp-content\/uploads\/2021\/06\/64af7abb597af8d7a9c59ee559bf7320_L.jpg","width":600,"height":400},{"@type":"BreadcrumbList","@id":"https:\/\/blogdacondessa.com.br\/blog\/cidades\/as-tres-gracas\/#breadcrumb","itemListElement":[{"@type":"ListItem","position":1,"name":"In\u00edcio","item":"https:\/\/blogdacondessa.com.br\/blog\/"},{"@type":"ListItem","position":2,"name":"\u2018As Tr\u00eas Gra\u00e7as\u2019"}]},{"@type":"WebSite","@id":"https:\/\/blogdacondessa.com.br\/blog\/#website","url":"https:\/\/blogdacondessa.com.br\/blog\/","name":"Blog da Condessa","description":"Com Shirley de Souza O\u2019Campos","potentialAction":[{"@type":"SearchAction","target":{"@type":"EntryPoint","urlTemplate":"https:\/\/blogdacondessa.com.br\/blog\/?s={search_term_string}"},"query-input":{"@type":"PropertyValueSpecification","valueRequired":true,"valueName":"search_term_string"}}],"inLanguage":"pt-BR"},{"@type":"Person","@id":"https:\/\/blogdacondessa.com.br\/blog\/#\/schema\/person\/1d667ff8b785195b568677489d266035","name":"Blog da Condessa","image":{"@type":"ImageObject","inLanguage":"pt-BR","@id":"https:\/\/secure.gravatar.com\/avatar\/377c0eb8b4ad2bfc25461b41564b5971e721ca34a57642868fc7b0c8ac7b52c5?s=96&d=mm&r=g","url":"https:\/\/secure.gravatar.com\/avatar\/377c0eb8b4ad2bfc25461b41564b5971e721ca34a57642868fc7b0c8ac7b52c5?s=96&d=mm&r=g","contentUrl":"https:\/\/secure.gravatar.com\/avatar\/377c0eb8b4ad2bfc25461b41564b5971e721ca34a57642868fc7b0c8ac7b52c5?s=96&d=mm&r=g","caption":"Blog da Condessa"},"url":"https:\/\/blogdacondessa.com.br\/blog\/author\/beatriz\/"}]}},"_links":{"self":[{"href":"https:\/\/blogdacondessa.com.br\/blog\/wp-json\/wp\/v2\/posts\/1288","targetHints":{"allow":["GET"]}}],"collection":[{"href":"https:\/\/blogdacondessa.com.br\/blog\/wp-json\/wp\/v2\/posts"}],"about":[{"href":"https:\/\/blogdacondessa.com.br\/blog\/wp-json\/wp\/v2\/types\/post"}],"author":[{"embeddable":true,"href":"https:\/\/blogdacondessa.com.br\/blog\/wp-json\/wp\/v2\/users\/2"}],"replies":[{"embeddable":true,"href":"https:\/\/blogdacondessa.com.br\/blog\/wp-json\/wp\/v2\/comments?post=1288"}],"version-history":[{"count":0,"href":"https:\/\/blogdacondessa.com.br\/blog\/wp-json\/wp\/v2\/posts\/1288\/revisions"}],"wp:featuredmedia":[{"embeddable":true,"href":"https:\/\/blogdacondessa.com.br\/blog\/wp-json\/wp\/v2\/media\/1899"}],"wp:attachment":[{"href":"https:\/\/blogdacondessa.com.br\/blog\/wp-json\/wp\/v2\/media?parent=1288"}],"wp:term":[{"taxonomy":"category","embeddable":true,"href":"https:\/\/blogdacondessa.com.br\/blog\/wp-json\/wp\/v2\/categories?post=1288"},{"taxonomy":"post_tag","embeddable":true,"href":"https:\/\/blogdacondessa.com.br\/blog\/wp-json\/wp\/v2\/tags?post=1288"}],"curies":[{"name":"wp","href":"https:\/\/api.w.org\/{rel}","templated":true}]}}