{"id":12874,"date":"2025-10-06T05:00:46","date_gmt":"2025-10-06T09:00:46","guid":{"rendered":"https:\/\/blogdacondessa.com.br\/blog\/?p=12874"},"modified":"2025-10-05T18:23:18","modified_gmt":"2025-10-05T22:23:18","slug":"embratur-destaca-pantanal-e-mato-grosso-como-potencias-do-turismo-brasileiro","status":"publish","type":"post","link":"https:\/\/blogdacondessa.com.br\/blog\/uncategorized\/embratur-destaca-pantanal-e-mato-grosso-como-potencias-do-turismo-brasileiro\/","title":{"rendered":"Embratur destaca Pantanal e Mato Grosso como pot\u00eancias do turismo brasileiro"},"content":{"rendered":"<p>A proposta \u00e9 apresentar o Pantanal como destino de saf\u00e1ri, de observa\u00e7\u00e3o da vida silvestre a exemplo do que ocorre nos pa\u00edses africanos.<br \/>\nMato Grosso est\u00e1 no centro da estrat\u00e9gia do Brasil para conquistar o mercado internacional de turismo. O presidente da Embratur, Marcelo Freixo, destacou o potencial do estado e do Pantanal como um dos grandes ativos nacionais na promo\u00e7\u00e3o do pa\u00eds no exterior.<br \/>\nEntre 29 de outubro e 2 de novembro, Nova York recebe a Galeria Visit Brasil Pantanal, um projeto itinerante e imersivo da Embratur em parceria com o Sebrae. A a\u00e7\u00e3o ser\u00e1 realizada no distrito de Chelsea, um dos principais polos de arte da cidade norte-americana, e ter\u00e1 como tema exclusivo o bioma pantaneiro, com experi\u00eancias sensoriais que envolvem gastronomia, cultura, biodiversidade e sustentabilidade. A proposta \u00e9 apresentar o Pantanal como destino de saf\u00e1ri, de observa\u00e7\u00e3o da vida silvestre a exemplo do que ocorre nos pa\u00edses africanos.<br \/>\nSegundo Freixo, o evento \u00e9 estrat\u00e9gico para atrair turistas dos Estados Unidos, mercado que enviou mais de 728 mil visitantes ao Brasil em 2024, com gasto m\u00e9dio de US$ 3,6 mil.<br \/>\n\u201cO Pantanal \u00e9 uma das maiores pot\u00eancias do turismo de natureza do mundo. N\u00e3o existe nada igual. N\u00f3s j\u00e1 estudamos o mercado norte-americano e sabemos do potencial de visita\u00e7\u00e3o para o Mato Grosso e o Pantanal especificamente\u201d, afirmou durante a FIT Am\u00e9rica Latina, de 26 a 29 de setembro, em Buenos Aires, na Argentina.<br \/>\nAl\u00e9m da promo\u00e7\u00e3o cultural e tur\u00edstica, a Embratur tamb\u00e9m se comprometeu a apoiar a amplia\u00e7\u00e3o da malha a\u00e9rea, considerada essencial para consolidar o destino. O Governo de Mato Grosso, por meio da Secretaria de Estado de Desenvolvimento Econ\u00f4mico (Sedec), trabalha para conseguir uma rota internacional no Aeroporto Internacional Marechal Rondon, em V\u00e1rzea Grande. Nas \u00faltimas duas semanas foram realizadas reuni\u00f5es com a Latam, Jetsmart, Aerol\u00edneas Argentinas e GOL.<br \/>\n\u201cSe estamos promovendo o Pantanal e o Mato Grosso, precisamos garantir a avia\u00e7\u00e3o. Temos um setor espec\u00edfico na Embratur que estuda modais e estamos \u00e0 disposi\u00e7\u00e3o para dialogar com companhias a\u00e9reas. A Embratur ser\u00e1 parceira do Governo de Mato Grosso nesse esfor\u00e7o\u201d, refor\u00e7ou Freixo.<br \/>\nPara a secret\u00e1ria adjunta de Turismo da Sedec, Maria Let\u00edcia Costa, ao destacar o Pantanal e Mato Grosso como protagonistas da promo\u00e7\u00e3o internacional, a Embratur refor\u00e7a a relev\u00e2ncia das a\u00e7\u00f5es que o estado j\u00e1 vem desenvolvendo para consolidar o turismo como vetor de desenvolvimento econ\u00f4mico e social.<br \/>\n\u201cEsse reconhecimento \u00e9 fundamental porque amplia nossa visibilidade em mercados estrat\u00e9gicos, como o norte-americano, e fortalece a integra\u00e7\u00e3o com pol\u00edticas nacionais de promo\u00e7\u00e3o. Para n\u00f3s, significa mais oportunidades para os empreendedores locais, mais gera\u00e7\u00e3o de emprego e renda e, sobretudo, mais valoriza\u00e7\u00e3o da nossa biodiversidade e da nossa cultura. Mato Grosso est\u00e1 preparado para receber o mundo\u201d.<br \/>\nA Galeria Visit Brasil \u00e9 uma iniciativa faz parte da estrat\u00e9gia de reposicionar a imagem do Brasil no cen\u00e1rio internacional, associando os destinos \u00e0 diversidade cultural e \u00e0 sustentabilidade. Em setembro, Nova York recebeu a Galeria Visit Brasil Amaz\u00f4nia, e agora ser\u00e1 a vez do Pantanal ocupar o protagonismo como vitrine do ecoturismo brasileiro.<br \/>\nReconhecido pela UNESCO como Patrim\u00f4nio Natural da Humanidade e Reserva da Biosfera, o Pantanal \u00e9 a maior plan\u00edcie alag\u00e1vel do planeta, abrigando esp\u00e9cies emblem\u00e1ticas como a on\u00e7a-pintada e o tamandu\u00e1-bandeira.<\/p>\n","protected":false},"excerpt":{"rendered":"<p>A proposta \u00e9 apresentar o Pantanal como destino de saf\u00e1ri, de observa\u00e7\u00e3o da vida silvestre a exemplo do que ocorre nos pa\u00edses africanos. Mato Grosso est\u00e1 no centro da estrat\u00e9gia do Brasil para conquistar o mercado internacional de turismo. O presidente da Embratur, Marcelo Freixo, destacou o potencial do estado e do Pantanal como um [&hellip;]<\/p>\n","protected":false},"author":2,"featured_media":12875,"comment_status":"closed","ping_status":"closed","sticky":false,"template":"","format":"standard","meta":{"iawp_total_views":19,"footnotes":""},"categories":[1],"tags":[],"class_list":["post-12874","post","type-post","status-publish","format-standard","has-post-thumbnail","hentry","category-uncategorized"],"yoast_head":"<!-- This site is optimized with the Yoast SEO plugin v27.3 - https:\/\/yoast.com\/product\/yoast-seo-wordpress\/ -->\n<title>Embratur destaca Pantanal e Mato Grosso como pot\u00eancias do turismo brasileiro &#8902; Blog da Condessa<\/title>\n<meta name=\"robots\" content=\"index, follow, max-snippet:-1, max-image-preview:large, max-video-preview:-1\" \/>\n<link rel=\"canonical\" href=\"https:\/\/blogdacondessa.com.br\/blog\/uncategorized\/embratur-destaca-pantanal-e-mato-grosso-como-potencias-do-turismo-brasileiro\/\" \/>\n<meta property=\"og:locale\" content=\"pt_BR\" \/>\n<meta property=\"og:type\" content=\"article\" \/>\n<meta property=\"og:title\" content=\"Embratur destaca Pantanal e Mato Grosso como pot\u00eancias do turismo brasileiro &#8902; Blog da Condessa\" \/>\n<meta property=\"og:description\" content=\"A proposta \u00e9 apresentar o Pantanal como destino de saf\u00e1ri, de observa\u00e7\u00e3o da vida silvestre a exemplo do que ocorre nos pa\u00edses africanos. Mato Grosso est\u00e1 no centro da estrat\u00e9gia do Brasil para conquistar o mercado internacional de turismo. O presidente da Embratur, Marcelo Freixo, destacou o potencial do estado e do Pantanal como um [&hellip;]\" \/>\n<meta property=\"og:url\" content=\"https:\/\/blogdacondessa.com.br\/blog\/uncategorized\/embratur-destaca-pantanal-e-mato-grosso-como-potencias-do-turismo-brasileiro\/\" \/>\n<meta property=\"og:site_name\" content=\"Blog da Condessa\" \/>\n<meta property=\"article:published_time\" content=\"2025-10-06T09:00:46+00:00\" \/>\n<meta property=\"og:image\" content=\"https:\/\/blogdacondessa.com.br\/blog\/wp-content\/uploads\/2025\/10\/onca-5.jpg\" \/>\n\t<meta property=\"og:image:width\" content=\"1024\" \/>\n\t<meta property=\"og:image:height\" content=\"683\" \/>\n\t<meta property=\"og:image:type\" content=\"image\/jpeg\" \/>\n<meta name=\"author\" content=\"Blog da Condessa\" \/>\n<meta name=\"twitter:card\" content=\"summary_large_image\" \/>\n<meta name=\"twitter:label1\" content=\"Escrito por\" \/>\n\t<meta name=\"twitter:data1\" content=\"Blog da Condessa\" \/>\n\t<meta name=\"twitter:label2\" content=\"Est. tempo de leitura\" \/>\n\t<meta name=\"twitter:data2\" content=\"4 minutos\" \/>\n<script type=\"application\/ld+json\" class=\"yoast-schema-graph\">{\"@context\":\"https:\\\/\\\/schema.org\",\"@graph\":[{\"@type\":\"Article\",\"@id\":\"https:\\\/\\\/blogdacondessa.com.br\\\/blog\\\/uncategorized\\\/embratur-destaca-pantanal-e-mato-grosso-como-potencias-do-turismo-brasileiro\\\/#article\",\"isPartOf\":{\"@id\":\"https:\\\/\\\/blogdacondessa.com.br\\\/blog\\\/uncategorized\\\/embratur-destaca-pantanal-e-mato-grosso-como-potencias-do-turismo-brasileiro\\\/\"},\"author\":{\"name\":\"Blog da Condessa\",\"@id\":\"https:\\\/\\\/blogdacondessa.com.br\\\/blog\\\/#\\\/schema\\\/person\\\/1d667ff8b785195b568677489d266035\"},\"headline\":\"Embratur destaca Pantanal e Mato Grosso como pot\u00eancias do turismo brasileiro\",\"datePublished\":\"2025-10-06T09:00:46+00:00\",\"mainEntityOfPage\":{\"@id\":\"https:\\\/\\\/blogdacondessa.com.br\\\/blog\\\/uncategorized\\\/embratur-destaca-pantanal-e-mato-grosso-como-potencias-do-turismo-brasileiro\\\/\"},\"wordCount\":589,\"image\":{\"@id\":\"https:\\\/\\\/blogdacondessa.com.br\\\/blog\\\/uncategorized\\\/embratur-destaca-pantanal-e-mato-grosso-como-potencias-do-turismo-brasileiro\\\/#primaryimage\"},\"thumbnailUrl\":\"https:\\\/\\\/blogdacondessa.com.br\\\/blog\\\/wp-content\\\/uploads\\\/2025\\\/10\\\/onca-5.jpg\",\"articleSection\":[\"Uncategorized\"],\"inLanguage\":\"pt-BR\"},{\"@type\":\"WebPage\",\"@id\":\"https:\\\/\\\/blogdacondessa.com.br\\\/blog\\\/uncategorized\\\/embratur-destaca-pantanal-e-mato-grosso-como-potencias-do-turismo-brasileiro\\\/\",\"url\":\"https:\\\/\\\/blogdacondessa.com.br\\\/blog\\\/uncategorized\\\/embratur-destaca-pantanal-e-mato-grosso-como-potencias-do-turismo-brasileiro\\\/\",\"name\":\"Embratur destaca Pantanal e Mato Grosso como pot\u00eancias do turismo brasileiro &#8902; Blog da Condessa\",\"isPartOf\":{\"@id\":\"https:\\\/\\\/blogdacondessa.com.br\\\/blog\\\/#website\"},\"primaryImageOfPage\":{\"@id\":\"https:\\\/\\\/blogdacondessa.com.br\\\/blog\\\/uncategorized\\\/embratur-destaca-pantanal-e-mato-grosso-como-potencias-do-turismo-brasileiro\\\/#primaryimage\"},\"image\":{\"@id\":\"https:\\\/\\\/blogdacondessa.com.br\\\/blog\\\/uncategorized\\\/embratur-destaca-pantanal-e-mato-grosso-como-potencias-do-turismo-brasileiro\\\/#primaryimage\"},\"thumbnailUrl\":\"https:\\\/\\\/blogdacondessa.com.br\\\/blog\\\/wp-content\\\/uploads\\\/2025\\\/10\\\/onca-5.jpg\",\"datePublished\":\"2025-10-06T09:00:46+00:00\",\"author\":{\"@id\":\"https:\\\/\\\/blogdacondessa.com.br\\\/blog\\\/#\\\/schema\\\/person\\\/1d667ff8b785195b568677489d266035\"},\"breadcrumb\":{\"@id\":\"https:\\\/\\\/blogdacondessa.com.br\\\/blog\\\/uncategorized\\\/embratur-destaca-pantanal-e-mato-grosso-como-potencias-do-turismo-brasileiro\\\/#breadcrumb\"},\"inLanguage\":\"pt-BR\",\"potentialAction\":[{\"@type\":\"ReadAction\",\"target\":[\"https:\\\/\\\/blogdacondessa.com.br\\\/blog\\\/uncategorized\\\/embratur-destaca-pantanal-e-mato-grosso-como-potencias-do-turismo-brasileiro\\\/\"]}]},{\"@type\":\"ImageObject\",\"inLanguage\":\"pt-BR\",\"@id\":\"https:\\\/\\\/blogdacondessa.com.br\\\/blog\\\/uncategorized\\\/embratur-destaca-pantanal-e-mato-grosso-como-potencias-do-turismo-brasileiro\\\/#primaryimage\",\"url\":\"https:\\\/\\\/blogdacondessa.com.br\\\/blog\\\/wp-content\\\/uploads\\\/2025\\\/10\\\/onca-5.jpg\",\"contentUrl\":\"https:\\\/\\\/blogdacondessa.com.br\\\/blog\\\/wp-content\\\/uploads\\\/2025\\\/10\\\/onca-5.jpg\",\"width\":1024,\"height\":683,\"caption\":\"Foto por: Mayke Toscano\\\/Secom-MT\"},{\"@type\":\"BreadcrumbList\",\"@id\":\"https:\\\/\\\/blogdacondessa.com.br\\\/blog\\\/uncategorized\\\/embratur-destaca-pantanal-e-mato-grosso-como-potencias-do-turismo-brasileiro\\\/#breadcrumb\",\"itemListElement\":[{\"@type\":\"ListItem\",\"position\":1,\"name\":\"In\u00edcio\",\"item\":\"https:\\\/\\\/blogdacondessa.com.br\\\/blog\\\/\"},{\"@type\":\"ListItem\",\"position\":2,\"name\":\"Embratur destaca Pantanal e Mato Grosso como pot\u00eancias do turismo brasileiro\"}]},{\"@type\":\"WebSite\",\"@id\":\"https:\\\/\\\/blogdacondessa.com.br\\\/blog\\\/#website\",\"url\":\"https:\\\/\\\/blogdacondessa.com.br\\\/blog\\\/\",\"name\":\"Blog da Condessa\",\"description\":\"Com Shirley de Souza O\u2019Campos\",\"potentialAction\":[{\"@type\":\"SearchAction\",\"target\":{\"@type\":\"EntryPoint\",\"urlTemplate\":\"https:\\\/\\\/blogdacondessa.com.br\\\/blog\\\/?s={search_term_string}\"},\"query-input\":{\"@type\":\"PropertyValueSpecification\",\"valueRequired\":true,\"valueName\":\"search_term_string\"}}],\"inLanguage\":\"pt-BR\"},{\"@type\":\"Person\",\"@id\":\"https:\\\/\\\/blogdacondessa.com.br\\\/blog\\\/#\\\/schema\\\/person\\\/1d667ff8b785195b568677489d266035\",\"name\":\"Blog da Condessa\",\"image\":{\"@type\":\"ImageObject\",\"inLanguage\":\"pt-BR\",\"@id\":\"https:\\\/\\\/secure.gravatar.com\\\/avatar\\\/377c0eb8b4ad2bfc25461b41564b5971e721ca34a57642868fc7b0c8ac7b52c5?s=96&d=mm&r=g\",\"url\":\"https:\\\/\\\/secure.gravatar.com\\\/avatar\\\/377c0eb8b4ad2bfc25461b41564b5971e721ca34a57642868fc7b0c8ac7b52c5?s=96&d=mm&r=g\",\"contentUrl\":\"https:\\\/\\\/secure.gravatar.com\\\/avatar\\\/377c0eb8b4ad2bfc25461b41564b5971e721ca34a57642868fc7b0c8ac7b52c5?s=96&d=mm&r=g\",\"caption\":\"Blog da Condessa\"},\"url\":\"https:\\\/\\\/blogdacondessa.com.br\\\/blog\\\/author\\\/beatriz\\\/\"}]}<\/script>\n<!-- \/ Yoast SEO plugin. -->","yoast_head_json":{"title":"Embratur destaca Pantanal e Mato Grosso como pot\u00eancias do turismo brasileiro &#8902; Blog da Condessa","robots":{"index":"index","follow":"follow","max-snippet":"max-snippet:-1","max-image-preview":"max-image-preview:large","max-video-preview":"max-video-preview:-1"},"canonical":"https:\/\/blogdacondessa.com.br\/blog\/uncategorized\/embratur-destaca-pantanal-e-mato-grosso-como-potencias-do-turismo-brasileiro\/","og_locale":"pt_BR","og_type":"article","og_title":"Embratur destaca Pantanal e Mato Grosso como pot\u00eancias do turismo brasileiro &#8902; Blog da Condessa","og_description":"A proposta \u00e9 apresentar o Pantanal como destino de saf\u00e1ri, de observa\u00e7\u00e3o da vida silvestre a exemplo do que ocorre nos pa\u00edses africanos. Mato Grosso est\u00e1 no centro da estrat\u00e9gia do Brasil para conquistar o mercado internacional de turismo. O presidente da Embratur, Marcelo Freixo, destacou o potencial do estado e do Pantanal como um [&hellip;]","og_url":"https:\/\/blogdacondessa.com.br\/blog\/uncategorized\/embratur-destaca-pantanal-e-mato-grosso-como-potencias-do-turismo-brasileiro\/","og_site_name":"Blog da Condessa","article_published_time":"2025-10-06T09:00:46+00:00","og_image":[{"width":1024,"height":683,"url":"https:\/\/blogdacondessa.com.br\/blog\/wp-content\/uploads\/2025\/10\/onca-5.jpg","type":"image\/jpeg"}],"author":"Blog da Condessa","twitter_card":"summary_large_image","twitter_misc":{"Escrito por":"Blog da Condessa","Est. tempo de leitura":"4 minutos"},"schema":{"@context":"https:\/\/schema.org","@graph":[{"@type":"Article","@id":"https:\/\/blogdacondessa.com.br\/blog\/uncategorized\/embratur-destaca-pantanal-e-mato-grosso-como-potencias-do-turismo-brasileiro\/#article","isPartOf":{"@id":"https:\/\/blogdacondessa.com.br\/blog\/uncategorized\/embratur-destaca-pantanal-e-mato-grosso-como-potencias-do-turismo-brasileiro\/"},"author":{"name":"Blog da Condessa","@id":"https:\/\/blogdacondessa.com.br\/blog\/#\/schema\/person\/1d667ff8b785195b568677489d266035"},"headline":"Embratur destaca Pantanal e Mato Grosso como pot\u00eancias do turismo brasileiro","datePublished":"2025-10-06T09:00:46+00:00","mainEntityOfPage":{"@id":"https:\/\/blogdacondessa.com.br\/blog\/uncategorized\/embratur-destaca-pantanal-e-mato-grosso-como-potencias-do-turismo-brasileiro\/"},"wordCount":589,"image":{"@id":"https:\/\/blogdacondessa.com.br\/blog\/uncategorized\/embratur-destaca-pantanal-e-mato-grosso-como-potencias-do-turismo-brasileiro\/#primaryimage"},"thumbnailUrl":"https:\/\/blogdacondessa.com.br\/blog\/wp-content\/uploads\/2025\/10\/onca-5.jpg","articleSection":["Uncategorized"],"inLanguage":"pt-BR"},{"@type":"WebPage","@id":"https:\/\/blogdacondessa.com.br\/blog\/uncategorized\/embratur-destaca-pantanal-e-mato-grosso-como-potencias-do-turismo-brasileiro\/","url":"https:\/\/blogdacondessa.com.br\/blog\/uncategorized\/embratur-destaca-pantanal-e-mato-grosso-como-potencias-do-turismo-brasileiro\/","name":"Embratur destaca Pantanal e Mato Grosso como pot\u00eancias do turismo brasileiro &#8902; Blog da Condessa","isPartOf":{"@id":"https:\/\/blogdacondessa.com.br\/blog\/#website"},"primaryImageOfPage":{"@id":"https:\/\/blogdacondessa.com.br\/blog\/uncategorized\/embratur-destaca-pantanal-e-mato-grosso-como-potencias-do-turismo-brasileiro\/#primaryimage"},"image":{"@id":"https:\/\/blogdacondessa.com.br\/blog\/uncategorized\/embratur-destaca-pantanal-e-mato-grosso-como-potencias-do-turismo-brasileiro\/#primaryimage"},"thumbnailUrl":"https:\/\/blogdacondessa.com.br\/blog\/wp-content\/uploads\/2025\/10\/onca-5.jpg","datePublished":"2025-10-06T09:00:46+00:00","author":{"@id":"https:\/\/blogdacondessa.com.br\/blog\/#\/schema\/person\/1d667ff8b785195b568677489d266035"},"breadcrumb":{"@id":"https:\/\/blogdacondessa.com.br\/blog\/uncategorized\/embratur-destaca-pantanal-e-mato-grosso-como-potencias-do-turismo-brasileiro\/#breadcrumb"},"inLanguage":"pt-BR","potentialAction":[{"@type":"ReadAction","target":["https:\/\/blogdacondessa.com.br\/blog\/uncategorized\/embratur-destaca-pantanal-e-mato-grosso-como-potencias-do-turismo-brasileiro\/"]}]},{"@type":"ImageObject","inLanguage":"pt-BR","@id":"https:\/\/blogdacondessa.com.br\/blog\/uncategorized\/embratur-destaca-pantanal-e-mato-grosso-como-potencias-do-turismo-brasileiro\/#primaryimage","url":"https:\/\/blogdacondessa.com.br\/blog\/wp-content\/uploads\/2025\/10\/onca-5.jpg","contentUrl":"https:\/\/blogdacondessa.com.br\/blog\/wp-content\/uploads\/2025\/10\/onca-5.jpg","width":1024,"height":683,"caption":"Foto por: Mayke Toscano\/Secom-MT"},{"@type":"BreadcrumbList","@id":"https:\/\/blogdacondessa.com.br\/blog\/uncategorized\/embratur-destaca-pantanal-e-mato-grosso-como-potencias-do-turismo-brasileiro\/#breadcrumb","itemListElement":[{"@type":"ListItem","position":1,"name":"In\u00edcio","item":"https:\/\/blogdacondessa.com.br\/blog\/"},{"@type":"ListItem","position":2,"name":"Embratur destaca Pantanal e Mato Grosso como pot\u00eancias do turismo brasileiro"}]},{"@type":"WebSite","@id":"https:\/\/blogdacondessa.com.br\/blog\/#website","url":"https:\/\/blogdacondessa.com.br\/blog\/","name":"Blog da Condessa","description":"Com Shirley de Souza O\u2019Campos","potentialAction":[{"@type":"SearchAction","target":{"@type":"EntryPoint","urlTemplate":"https:\/\/blogdacondessa.com.br\/blog\/?s={search_term_string}"},"query-input":{"@type":"PropertyValueSpecification","valueRequired":true,"valueName":"search_term_string"}}],"inLanguage":"pt-BR"},{"@type":"Person","@id":"https:\/\/blogdacondessa.com.br\/blog\/#\/schema\/person\/1d667ff8b785195b568677489d266035","name":"Blog da Condessa","image":{"@type":"ImageObject","inLanguage":"pt-BR","@id":"https:\/\/secure.gravatar.com\/avatar\/377c0eb8b4ad2bfc25461b41564b5971e721ca34a57642868fc7b0c8ac7b52c5?s=96&d=mm&r=g","url":"https:\/\/secure.gravatar.com\/avatar\/377c0eb8b4ad2bfc25461b41564b5971e721ca34a57642868fc7b0c8ac7b52c5?s=96&d=mm&r=g","contentUrl":"https:\/\/secure.gravatar.com\/avatar\/377c0eb8b4ad2bfc25461b41564b5971e721ca34a57642868fc7b0c8ac7b52c5?s=96&d=mm&r=g","caption":"Blog da Condessa"},"url":"https:\/\/blogdacondessa.com.br\/blog\/author\/beatriz\/"}]}},"_links":{"self":[{"href":"https:\/\/blogdacondessa.com.br\/blog\/wp-json\/wp\/v2\/posts\/12874","targetHints":{"allow":["GET"]}}],"collection":[{"href":"https:\/\/blogdacondessa.com.br\/blog\/wp-json\/wp\/v2\/posts"}],"about":[{"href":"https:\/\/blogdacondessa.com.br\/blog\/wp-json\/wp\/v2\/types\/post"}],"author":[{"embeddable":true,"href":"https:\/\/blogdacondessa.com.br\/blog\/wp-json\/wp\/v2\/users\/2"}],"replies":[{"embeddable":true,"href":"https:\/\/blogdacondessa.com.br\/blog\/wp-json\/wp\/v2\/comments?post=12874"}],"version-history":[{"count":1,"href":"https:\/\/blogdacondessa.com.br\/blog\/wp-json\/wp\/v2\/posts\/12874\/revisions"}],"predecessor-version":[{"id":12876,"href":"https:\/\/blogdacondessa.com.br\/blog\/wp-json\/wp\/v2\/posts\/12874\/revisions\/12876"}],"wp:featuredmedia":[{"embeddable":true,"href":"https:\/\/blogdacondessa.com.br\/blog\/wp-json\/wp\/v2\/media\/12875"}],"wp:attachment":[{"href":"https:\/\/blogdacondessa.com.br\/blog\/wp-json\/wp\/v2\/media?parent=12874"}],"wp:term":[{"taxonomy":"category","embeddable":true,"href":"https:\/\/blogdacondessa.com.br\/blog\/wp-json\/wp\/v2\/categories?post=12874"},{"taxonomy":"post_tag","embeddable":true,"href":"https:\/\/blogdacondessa.com.br\/blog\/wp-json\/wp\/v2\/tags?post=12874"}],"curies":[{"name":"wp","href":"https:\/\/api.w.org\/{rel}","templated":true}]}}