{"id":12871,"date":"2025-10-05T05:00:38","date_gmt":"2025-10-05T09:00:38","guid":{"rendered":"https:\/\/blogdacondessa.com.br\/blog\/?p=12871"},"modified":"2025-10-04T22:24:47","modified_gmt":"2025-10-05T02:24:47","slug":"projeto-piano-gente-presente-no-cotidiano-escolar","status":"publish","type":"post","link":"https:\/\/blogdacondessa.com.br\/blog\/uncategorized\/projeto-piano-gente-presente-no-cotidiano-escolar\/","title":{"rendered":"Projeto Piano Gente presente no cotidiano escolar"},"content":{"rendered":"<p>Projeto leva piano, saxofone e bal\u00e9 \u00e0s escolas p\u00fablicas de Cuiab\u00e1. Ciclo de apresenta\u00e7\u00f5es come\u00e7a na segunda e alcan\u00e7ar\u00e1 76 unidades at\u00e9 o fim do ano.<\/p>\n<p>A m\u00fasica e a dan\u00e7a v\u00e3o invadir as escolas p\u00fablicas de Cuiab\u00e1 a partir desta segunda-feira (6), com o in\u00edcio do ciclo de apresenta\u00e7\u00f5es do Projeto Piano Gente. A primeira exibi\u00e7\u00e3o acontece \u00e0s 15h, na Escola Municipal de Educa\u00e7\u00e3o B\u00e1sica (EMEB) Agostinho Simpl\u00edcio de Figueiredo, no bairro Po\u00e7\u00e3o. A iniciativa levar\u00e1 apresenta\u00e7\u00f5es de piano, saxofone e bal\u00e9 a 76 escolas municipais at\u00e9 o final do ano.<\/p>\n<p>Fruto de uma parceria entre a Prefeitura de Cuiab\u00e1, por meio da Secretaria Municipal de Educa\u00e7\u00e3o, e a Associa\u00e7\u00e3o Piano Gente, o projeto tem como objetivo despertar nos estudantes o interesse pela arte e pela cultura, estimulando o desenvolvimento emocional, criativo e cidad\u00e3o das crian\u00e7as.<\/p>\n<p>\u201cNossa ideia \u00e9 democratizar o conhecimento. Levar aos estudantes e professores o conhecimento da arte que tanto envolve emo\u00e7\u00e3o, imagina\u00e7\u00e3o, e \u00e9 imprescind\u00edvel para a forma\u00e7\u00e3o humana\u201d, afirma o secret\u00e1rio de Educa\u00e7\u00e3o, Amauri Monge Fernandes.<\/p>\n<p>Idealizado pelo m\u00fasico D\u00e1rio Scherner, o projeto nasceu de uma lembran\u00e7a afetiva: os momentos em que tocava piano ao lado do pai, tamb\u00e9m pianista, de mesmo nome. Agora, essa experi\u00eancia se transforma em um movimento de acesso e inclus\u00e3o cultural.<\/p>\n<p>\u201cO projeto rompe com a ideia elitista da m\u00fasica erudita, democratizando o acesso \u00e0 arte e possibilitando experi\u00eancias est\u00e9ticas de alta qualidade no cotidiano escolar. O Piano Gente contribui para a promo\u00e7\u00e3o da sa\u00fade emocional dos estudantes, atuando como espa\u00e7o de escuta, acolhimento e pertencimento, especialmente para aqueles que enfrentam realidades sociais marcadas por vulnerabilidades\u201d, destaca Scherner.<\/p>\n<p>As apresenta\u00e7\u00f5es, que unem m\u00fasica e dan\u00e7a, prometem transformar o ambiente escolar em um palco de sensibilidade e express\u00e3o, aproximando os estudantes do universo art\u00edstico de forma leve e inspiradora.<\/p>\n","protected":false},"excerpt":{"rendered":"<p>Projeto leva piano, saxofone e bal\u00e9 \u00e0s escolas p\u00fablicas de Cuiab\u00e1. Ciclo de apresenta\u00e7\u00f5es come\u00e7a na segunda e alcan\u00e7ar\u00e1 76 unidades at\u00e9 o fim do ano. A m\u00fasica e a dan\u00e7a v\u00e3o invadir as escolas p\u00fablicas de Cuiab\u00e1 a partir desta segunda-feira (6), com o in\u00edcio do ciclo de apresenta\u00e7\u00f5es do Projeto Piano Gente. A [&hellip;]<\/p>\n","protected":false},"author":2,"featured_media":12872,"comment_status":"closed","ping_status":"closed","sticky":false,"template":"","format":"standard","meta":{"iawp_total_views":30,"footnotes":""},"categories":[1],"tags":[],"class_list":["post-12871","post","type-post","status-publish","format-standard","has-post-thumbnail","hentry","category-uncategorized"],"yoast_head":"<!-- This site is optimized with the Yoast SEO plugin v27.3 - https:\/\/yoast.com\/product\/yoast-seo-wordpress\/ -->\n<title>Projeto Piano Gente presente no cotidiano escolar &#8902; Blog da Condessa<\/title>\n<meta name=\"robots\" content=\"index, follow, max-snippet:-1, max-image-preview:large, max-video-preview:-1\" \/>\n<link rel=\"canonical\" href=\"https:\/\/blogdacondessa.com.br\/blog\/uncategorized\/projeto-piano-gente-presente-no-cotidiano-escolar\/\" \/>\n<meta property=\"og:locale\" content=\"pt_BR\" \/>\n<meta property=\"og:type\" content=\"article\" \/>\n<meta property=\"og:title\" content=\"Projeto Piano Gente presente no cotidiano escolar &#8902; Blog da Condessa\" \/>\n<meta property=\"og:description\" content=\"Projeto leva piano, saxofone e bal\u00e9 \u00e0s escolas p\u00fablicas de Cuiab\u00e1. Ciclo de apresenta\u00e7\u00f5es come\u00e7a na segunda e alcan\u00e7ar\u00e1 76 unidades at\u00e9 o fim do ano. A m\u00fasica e a dan\u00e7a v\u00e3o invadir as escolas p\u00fablicas de Cuiab\u00e1 a partir desta segunda-feira (6), com o in\u00edcio do ciclo de apresenta\u00e7\u00f5es do Projeto Piano Gente. A [&hellip;]\" \/>\n<meta property=\"og:url\" content=\"https:\/\/blogdacondessa.com.br\/blog\/uncategorized\/projeto-piano-gente-presente-no-cotidiano-escolar\/\" \/>\n<meta property=\"og:site_name\" content=\"Blog da Condessa\" \/>\n<meta property=\"article:published_time\" content=\"2025-10-05T09:00:38+00:00\" \/>\n<meta property=\"og:image\" content=\"https:\/\/blogdacondessa.com.br\/blog\/wp-content\/uploads\/2025\/10\/bale-cuiaba_divulgacao.jpeg\" \/>\n\t<meta property=\"og:image:width\" content=\"400\" \/>\n\t<meta property=\"og:image:height\" content=\"533\" \/>\n\t<meta property=\"og:image:type\" content=\"image\/jpeg\" \/>\n<meta name=\"author\" content=\"Blog da Condessa\" \/>\n<meta name=\"twitter:card\" content=\"summary_large_image\" \/>\n<meta name=\"twitter:label1\" content=\"Escrito por\" \/>\n\t<meta name=\"twitter:data1\" content=\"Blog da Condessa\" \/>\n\t<meta name=\"twitter:label2\" content=\"Est. tempo de leitura\" \/>\n\t<meta name=\"twitter:data2\" content=\"2 minutos\" \/>\n<script type=\"application\/ld+json\" class=\"yoast-schema-graph\">{\"@context\":\"https:\\\/\\\/schema.org\",\"@graph\":[{\"@type\":\"Article\",\"@id\":\"https:\\\/\\\/blogdacondessa.com.br\\\/blog\\\/uncategorized\\\/projeto-piano-gente-presente-no-cotidiano-escolar\\\/#article\",\"isPartOf\":{\"@id\":\"https:\\\/\\\/blogdacondessa.com.br\\\/blog\\\/uncategorized\\\/projeto-piano-gente-presente-no-cotidiano-escolar\\\/\"},\"author\":{\"name\":\"Blog da Condessa\",\"@id\":\"https:\\\/\\\/blogdacondessa.com.br\\\/blog\\\/#\\\/schema\\\/person\\\/1d667ff8b785195b568677489d266035\"},\"headline\":\"Projeto Piano Gente presente no cotidiano escolar\",\"datePublished\":\"2025-10-05T09:00:38+00:00\",\"mainEntityOfPage\":{\"@id\":\"https:\\\/\\\/blogdacondessa.com.br\\\/blog\\\/uncategorized\\\/projeto-piano-gente-presente-no-cotidiano-escolar\\\/\"},\"wordCount\":343,\"image\":{\"@id\":\"https:\\\/\\\/blogdacondessa.com.br\\\/blog\\\/uncategorized\\\/projeto-piano-gente-presente-no-cotidiano-escolar\\\/#primaryimage\"},\"thumbnailUrl\":\"https:\\\/\\\/blogdacondessa.com.br\\\/blog\\\/wp-content\\\/uploads\\\/2025\\\/10\\\/bale-cuiaba_divulgacao.jpeg\",\"articleSection\":[\"Uncategorized\"],\"inLanguage\":\"pt-BR\"},{\"@type\":\"WebPage\",\"@id\":\"https:\\\/\\\/blogdacondessa.com.br\\\/blog\\\/uncategorized\\\/projeto-piano-gente-presente-no-cotidiano-escolar\\\/\",\"url\":\"https:\\\/\\\/blogdacondessa.com.br\\\/blog\\\/uncategorized\\\/projeto-piano-gente-presente-no-cotidiano-escolar\\\/\",\"name\":\"Projeto Piano Gente presente no cotidiano escolar &#8902; Blog da Condessa\",\"isPartOf\":{\"@id\":\"https:\\\/\\\/blogdacondessa.com.br\\\/blog\\\/#website\"},\"primaryImageOfPage\":{\"@id\":\"https:\\\/\\\/blogdacondessa.com.br\\\/blog\\\/uncategorized\\\/projeto-piano-gente-presente-no-cotidiano-escolar\\\/#primaryimage\"},\"image\":{\"@id\":\"https:\\\/\\\/blogdacondessa.com.br\\\/blog\\\/uncategorized\\\/projeto-piano-gente-presente-no-cotidiano-escolar\\\/#primaryimage\"},\"thumbnailUrl\":\"https:\\\/\\\/blogdacondessa.com.br\\\/blog\\\/wp-content\\\/uploads\\\/2025\\\/10\\\/bale-cuiaba_divulgacao.jpeg\",\"datePublished\":\"2025-10-05T09:00:38+00:00\",\"author\":{\"@id\":\"https:\\\/\\\/blogdacondessa.com.br\\\/blog\\\/#\\\/schema\\\/person\\\/1d667ff8b785195b568677489d266035\"},\"breadcrumb\":{\"@id\":\"https:\\\/\\\/blogdacondessa.com.br\\\/blog\\\/uncategorized\\\/projeto-piano-gente-presente-no-cotidiano-escolar\\\/#breadcrumb\"},\"inLanguage\":\"pt-BR\",\"potentialAction\":[{\"@type\":\"ReadAction\",\"target\":[\"https:\\\/\\\/blogdacondessa.com.br\\\/blog\\\/uncategorized\\\/projeto-piano-gente-presente-no-cotidiano-escolar\\\/\"]}]},{\"@type\":\"ImageObject\",\"inLanguage\":\"pt-BR\",\"@id\":\"https:\\\/\\\/blogdacondessa.com.br\\\/blog\\\/uncategorized\\\/projeto-piano-gente-presente-no-cotidiano-escolar\\\/#primaryimage\",\"url\":\"https:\\\/\\\/blogdacondessa.com.br\\\/blog\\\/wp-content\\\/uploads\\\/2025\\\/10\\\/bale-cuiaba_divulgacao.jpeg\",\"contentUrl\":\"https:\\\/\\\/blogdacondessa.com.br\\\/blog\\\/wp-content\\\/uploads\\\/2025\\\/10\\\/bale-cuiaba_divulgacao.jpeg\",\"width\":400,\"height\":533,\"caption\":\"Foto: Divulga\u00e7\u00e3o\"},{\"@type\":\"BreadcrumbList\",\"@id\":\"https:\\\/\\\/blogdacondessa.com.br\\\/blog\\\/uncategorized\\\/projeto-piano-gente-presente-no-cotidiano-escolar\\\/#breadcrumb\",\"itemListElement\":[{\"@type\":\"ListItem\",\"position\":1,\"name\":\"In\u00edcio\",\"item\":\"https:\\\/\\\/blogdacondessa.com.br\\\/blog\\\/\"},{\"@type\":\"ListItem\",\"position\":2,\"name\":\"Projeto Piano Gente presente no cotidiano escolar\"}]},{\"@type\":\"WebSite\",\"@id\":\"https:\\\/\\\/blogdacondessa.com.br\\\/blog\\\/#website\",\"url\":\"https:\\\/\\\/blogdacondessa.com.br\\\/blog\\\/\",\"name\":\"Blog da Condessa\",\"description\":\"Com Shirley de Souza O\u2019Campos\",\"potentialAction\":[{\"@type\":\"SearchAction\",\"target\":{\"@type\":\"EntryPoint\",\"urlTemplate\":\"https:\\\/\\\/blogdacondessa.com.br\\\/blog\\\/?s={search_term_string}\"},\"query-input\":{\"@type\":\"PropertyValueSpecification\",\"valueRequired\":true,\"valueName\":\"search_term_string\"}}],\"inLanguage\":\"pt-BR\"},{\"@type\":\"Person\",\"@id\":\"https:\\\/\\\/blogdacondessa.com.br\\\/blog\\\/#\\\/schema\\\/person\\\/1d667ff8b785195b568677489d266035\",\"name\":\"Blog da Condessa\",\"image\":{\"@type\":\"ImageObject\",\"inLanguage\":\"pt-BR\",\"@id\":\"https:\\\/\\\/secure.gravatar.com\\\/avatar\\\/377c0eb8b4ad2bfc25461b41564b5971e721ca34a57642868fc7b0c8ac7b52c5?s=96&d=mm&r=g\",\"url\":\"https:\\\/\\\/secure.gravatar.com\\\/avatar\\\/377c0eb8b4ad2bfc25461b41564b5971e721ca34a57642868fc7b0c8ac7b52c5?s=96&d=mm&r=g\",\"contentUrl\":\"https:\\\/\\\/secure.gravatar.com\\\/avatar\\\/377c0eb8b4ad2bfc25461b41564b5971e721ca34a57642868fc7b0c8ac7b52c5?s=96&d=mm&r=g\",\"caption\":\"Blog da Condessa\"},\"url\":\"https:\\\/\\\/blogdacondessa.com.br\\\/blog\\\/author\\\/beatriz\\\/\"}]}<\/script>\n<!-- \/ Yoast SEO plugin. -->","yoast_head_json":{"title":"Projeto Piano Gente presente no cotidiano escolar &#8902; Blog da Condessa","robots":{"index":"index","follow":"follow","max-snippet":"max-snippet:-1","max-image-preview":"max-image-preview:large","max-video-preview":"max-video-preview:-1"},"canonical":"https:\/\/blogdacondessa.com.br\/blog\/uncategorized\/projeto-piano-gente-presente-no-cotidiano-escolar\/","og_locale":"pt_BR","og_type":"article","og_title":"Projeto Piano Gente presente no cotidiano escolar &#8902; Blog da Condessa","og_description":"Projeto leva piano, saxofone e bal\u00e9 \u00e0s escolas p\u00fablicas de Cuiab\u00e1. Ciclo de apresenta\u00e7\u00f5es come\u00e7a na segunda e alcan\u00e7ar\u00e1 76 unidades at\u00e9 o fim do ano. A m\u00fasica e a dan\u00e7a v\u00e3o invadir as escolas p\u00fablicas de Cuiab\u00e1 a partir desta segunda-feira (6), com o in\u00edcio do ciclo de apresenta\u00e7\u00f5es do Projeto Piano Gente. A [&hellip;]","og_url":"https:\/\/blogdacondessa.com.br\/blog\/uncategorized\/projeto-piano-gente-presente-no-cotidiano-escolar\/","og_site_name":"Blog da Condessa","article_published_time":"2025-10-05T09:00:38+00:00","og_image":[{"width":400,"height":533,"url":"https:\/\/blogdacondessa.com.br\/blog\/wp-content\/uploads\/2025\/10\/bale-cuiaba_divulgacao.jpeg","type":"image\/jpeg"}],"author":"Blog da Condessa","twitter_card":"summary_large_image","twitter_misc":{"Escrito por":"Blog da Condessa","Est. tempo de leitura":"2 minutos"},"schema":{"@context":"https:\/\/schema.org","@graph":[{"@type":"Article","@id":"https:\/\/blogdacondessa.com.br\/blog\/uncategorized\/projeto-piano-gente-presente-no-cotidiano-escolar\/#article","isPartOf":{"@id":"https:\/\/blogdacondessa.com.br\/blog\/uncategorized\/projeto-piano-gente-presente-no-cotidiano-escolar\/"},"author":{"name":"Blog da Condessa","@id":"https:\/\/blogdacondessa.com.br\/blog\/#\/schema\/person\/1d667ff8b785195b568677489d266035"},"headline":"Projeto Piano Gente presente no cotidiano escolar","datePublished":"2025-10-05T09:00:38+00:00","mainEntityOfPage":{"@id":"https:\/\/blogdacondessa.com.br\/blog\/uncategorized\/projeto-piano-gente-presente-no-cotidiano-escolar\/"},"wordCount":343,"image":{"@id":"https:\/\/blogdacondessa.com.br\/blog\/uncategorized\/projeto-piano-gente-presente-no-cotidiano-escolar\/#primaryimage"},"thumbnailUrl":"https:\/\/blogdacondessa.com.br\/blog\/wp-content\/uploads\/2025\/10\/bale-cuiaba_divulgacao.jpeg","articleSection":["Uncategorized"],"inLanguage":"pt-BR"},{"@type":"WebPage","@id":"https:\/\/blogdacondessa.com.br\/blog\/uncategorized\/projeto-piano-gente-presente-no-cotidiano-escolar\/","url":"https:\/\/blogdacondessa.com.br\/blog\/uncategorized\/projeto-piano-gente-presente-no-cotidiano-escolar\/","name":"Projeto Piano Gente presente no cotidiano escolar &#8902; Blog da Condessa","isPartOf":{"@id":"https:\/\/blogdacondessa.com.br\/blog\/#website"},"primaryImageOfPage":{"@id":"https:\/\/blogdacondessa.com.br\/blog\/uncategorized\/projeto-piano-gente-presente-no-cotidiano-escolar\/#primaryimage"},"image":{"@id":"https:\/\/blogdacondessa.com.br\/blog\/uncategorized\/projeto-piano-gente-presente-no-cotidiano-escolar\/#primaryimage"},"thumbnailUrl":"https:\/\/blogdacondessa.com.br\/blog\/wp-content\/uploads\/2025\/10\/bale-cuiaba_divulgacao.jpeg","datePublished":"2025-10-05T09:00:38+00:00","author":{"@id":"https:\/\/blogdacondessa.com.br\/blog\/#\/schema\/person\/1d667ff8b785195b568677489d266035"},"breadcrumb":{"@id":"https:\/\/blogdacondessa.com.br\/blog\/uncategorized\/projeto-piano-gente-presente-no-cotidiano-escolar\/#breadcrumb"},"inLanguage":"pt-BR","potentialAction":[{"@type":"ReadAction","target":["https:\/\/blogdacondessa.com.br\/blog\/uncategorized\/projeto-piano-gente-presente-no-cotidiano-escolar\/"]}]},{"@type":"ImageObject","inLanguage":"pt-BR","@id":"https:\/\/blogdacondessa.com.br\/blog\/uncategorized\/projeto-piano-gente-presente-no-cotidiano-escolar\/#primaryimage","url":"https:\/\/blogdacondessa.com.br\/blog\/wp-content\/uploads\/2025\/10\/bale-cuiaba_divulgacao.jpeg","contentUrl":"https:\/\/blogdacondessa.com.br\/blog\/wp-content\/uploads\/2025\/10\/bale-cuiaba_divulgacao.jpeg","width":400,"height":533,"caption":"Foto: Divulga\u00e7\u00e3o"},{"@type":"BreadcrumbList","@id":"https:\/\/blogdacondessa.com.br\/blog\/uncategorized\/projeto-piano-gente-presente-no-cotidiano-escolar\/#breadcrumb","itemListElement":[{"@type":"ListItem","position":1,"name":"In\u00edcio","item":"https:\/\/blogdacondessa.com.br\/blog\/"},{"@type":"ListItem","position":2,"name":"Projeto Piano Gente presente no cotidiano escolar"}]},{"@type":"WebSite","@id":"https:\/\/blogdacondessa.com.br\/blog\/#website","url":"https:\/\/blogdacondessa.com.br\/blog\/","name":"Blog da Condessa","description":"Com Shirley de Souza O\u2019Campos","potentialAction":[{"@type":"SearchAction","target":{"@type":"EntryPoint","urlTemplate":"https:\/\/blogdacondessa.com.br\/blog\/?s={search_term_string}"},"query-input":{"@type":"PropertyValueSpecification","valueRequired":true,"valueName":"search_term_string"}}],"inLanguage":"pt-BR"},{"@type":"Person","@id":"https:\/\/blogdacondessa.com.br\/blog\/#\/schema\/person\/1d667ff8b785195b568677489d266035","name":"Blog da Condessa","image":{"@type":"ImageObject","inLanguage":"pt-BR","@id":"https:\/\/secure.gravatar.com\/avatar\/377c0eb8b4ad2bfc25461b41564b5971e721ca34a57642868fc7b0c8ac7b52c5?s=96&d=mm&r=g","url":"https:\/\/secure.gravatar.com\/avatar\/377c0eb8b4ad2bfc25461b41564b5971e721ca34a57642868fc7b0c8ac7b52c5?s=96&d=mm&r=g","contentUrl":"https:\/\/secure.gravatar.com\/avatar\/377c0eb8b4ad2bfc25461b41564b5971e721ca34a57642868fc7b0c8ac7b52c5?s=96&d=mm&r=g","caption":"Blog da Condessa"},"url":"https:\/\/blogdacondessa.com.br\/blog\/author\/beatriz\/"}]}},"_links":{"self":[{"href":"https:\/\/blogdacondessa.com.br\/blog\/wp-json\/wp\/v2\/posts\/12871","targetHints":{"allow":["GET"]}}],"collection":[{"href":"https:\/\/blogdacondessa.com.br\/blog\/wp-json\/wp\/v2\/posts"}],"about":[{"href":"https:\/\/blogdacondessa.com.br\/blog\/wp-json\/wp\/v2\/types\/post"}],"author":[{"embeddable":true,"href":"https:\/\/blogdacondessa.com.br\/blog\/wp-json\/wp\/v2\/users\/2"}],"replies":[{"embeddable":true,"href":"https:\/\/blogdacondessa.com.br\/blog\/wp-json\/wp\/v2\/comments?post=12871"}],"version-history":[{"count":1,"href":"https:\/\/blogdacondessa.com.br\/blog\/wp-json\/wp\/v2\/posts\/12871\/revisions"}],"predecessor-version":[{"id":12873,"href":"https:\/\/blogdacondessa.com.br\/blog\/wp-json\/wp\/v2\/posts\/12871\/revisions\/12873"}],"wp:featuredmedia":[{"embeddable":true,"href":"https:\/\/blogdacondessa.com.br\/blog\/wp-json\/wp\/v2\/media\/12872"}],"wp:attachment":[{"href":"https:\/\/blogdacondessa.com.br\/blog\/wp-json\/wp\/v2\/media?parent=12871"}],"wp:term":[{"taxonomy":"category","embeddable":true,"href":"https:\/\/blogdacondessa.com.br\/blog\/wp-json\/wp\/v2\/categories?post=12871"},{"taxonomy":"post_tag","embeddable":true,"href":"https:\/\/blogdacondessa.com.br\/blog\/wp-json\/wp\/v2\/tags?post=12871"}],"curies":[{"name":"wp","href":"https:\/\/api.w.org\/{rel}","templated":true}]}}