{"id":12865,"date":"2025-10-03T19:47:54","date_gmt":"2025-10-03T23:47:54","guid":{"rendered":"https:\/\/blogdacondessa.com.br\/blog\/?p=12865"},"modified":"2025-10-03T19:47:54","modified_gmt":"2025-10-03T23:47:54","slug":"obra-resgata-a-historia-e-o-legado-da-ufmt","status":"publish","type":"post","link":"https:\/\/blogdacondessa.com.br\/blog\/educacao\/obra-resgata-a-historia-e-o-legado-da-ufmt\/","title":{"rendered":"Obra resgata a hist\u00f3ria e o legado da UFMT"},"content":{"rendered":"<p>Recentemente a Assembleia Legislativa de Mato Grosso (ALMT) realizou uma sess\u00e3o especial em homenagem aos 60 anos da Faculdade de Economia da Universidade Federal de Mato Grosso (UFMT). A iniciativa proposta pelo economista deputado Thiago Silva (MDB) tamb\u00e9m celebrou o lan\u00e7amento do livro &#8220;Concerto UFMT: Faculdade de Economia&#8221;, de autoria do professor Dr. Fernando Tadeu de Miranda Borges. Com 285 p\u00e1ginas, a obra \u00e9 fruto de d\u00e9cadas de documentos, mem\u00f3rias e viv\u00eancias dentro da UFMT. O autor, professor da faculdade desde 1981, afirmou que a obra nasceu do desejo de registrar a rica trajet\u00f3ria da unidade acad\u00eamica.<\/p>\n<p>\u201cFoi o meu primeiro trabalho na \u00e1rea institucional\u201d, disse o professor.<\/p>\n<p>O livro foi dedicado ao economista e estat\u00edstico prof. Pedro Novis Neves, e traz duas falas hist\u00f3ricas: do reitor fundador da UFMT, Dr. Gabriel Novis Neves e do primeiro diretor da Faculdade\u00a0 de Economia, Economista Agripino Bonilha Filho.<\/p>\n<p>Ele explicou ainda que o t\u00edtulo Concerto UFMT se refere a um conjunto harm\u00f4nico de pessoas, saberes e a\u00e7\u00f5es que formam a hist\u00f3ria da Faculdade de Economia, mais antiga que a pr\u00f3pria UFMT, criada oficialmente em 1970.<\/p>\n<p>\u201cMuitos colegas professores e ex-estudantes escreveram suas impress\u00f5es, sendo v\u00e1rios os m\u00fasicos, maestros e maestrinas\u201d, observou.<\/p>\n<p>O professor relatou que a Faculdade de Economia da UFMT foi criada pelo governo do estado durante a gest\u00e3o de Fernando Corr\u00eaa da Costa, denominada Faculdade de Ci\u00eancias Econ\u00f4micas de Mato Grosso, de acordo com a Lei n\u00ba 2.413, de 8 de setembro de 1965, tendo como primeiro diretor o Professor Agripino Bonilha Filho. Um ano depois, a institui\u00e7\u00e3o foi incorporada ao Instituto de Ci\u00eancias e Letras de Cuiab\u00e1, conforme a Lei n\u00ba 2.629, de 26 de julho de 1966.<\/p>\n<p>\u201cPara as futuras gera\u00e7\u00f5es de Economistas acredito que esse livro dever\u00e1 representar o registro de nascimento da Faculdade de Economia em Mato Grosso.\u00a0Desejo, portanto, que surjam outros livros sobre a Faculdade de Economia, importante na consolida\u00e7\u00e3o da UFMT, hoje sob a condu\u00e7\u00e3o competente da Reitora Profa. Dra. Marluce Aparecida Souza e Silva\u201d, concluiu.<\/p>\n<p>&nbsp;<\/p>\n","protected":false},"excerpt":{"rendered":"<p>Recentemente a Assembleia Legislativa de Mato Grosso (ALMT) realizou uma sess\u00e3o especial em homenagem aos 60 anos da Faculdade de Economia da Universidade Federal de Mato Grosso (UFMT). A iniciativa proposta pelo economista deputado Thiago Silva (MDB) tamb\u00e9m celebrou o lan\u00e7amento do livro &#8220;Concerto UFMT: Faculdade de Economia&#8221;, de autoria do professor Dr. Fernando Tadeu [&hellip;]<\/p>\n","protected":false},"author":2,"featured_media":12869,"comment_status":"closed","ping_status":"closed","sticky":false,"template":"","format":"standard","meta":{"iawp_total_views":57,"footnotes":""},"categories":[20],"tags":[],"class_list":["post-12865","post","type-post","status-publish","format-standard","has-post-thumbnail","hentry","category-educacao"],"yoast_head":"<!-- This site is optimized with the Yoast SEO plugin v27.3 - https:\/\/yoast.com\/product\/yoast-seo-wordpress\/ -->\n<title>Obra resgata a hist\u00f3ria e o legado da UFMT &#8902; Blog da Condessa<\/title>\n<meta name=\"robots\" content=\"index, follow, max-snippet:-1, max-image-preview:large, max-video-preview:-1\" \/>\n<link rel=\"canonical\" href=\"https:\/\/blogdacondessa.com.br\/blog\/educacao\/obra-resgata-a-historia-e-o-legado-da-ufmt\/\" \/>\n<meta property=\"og:locale\" content=\"pt_BR\" \/>\n<meta property=\"og:type\" content=\"article\" \/>\n<meta property=\"og:title\" content=\"Obra resgata a hist\u00f3ria e o legado da UFMT &#8902; Blog da Condessa\" \/>\n<meta property=\"og:description\" content=\"Recentemente a Assembleia Legislativa de Mato Grosso (ALMT) realizou uma sess\u00e3o especial em homenagem aos 60 anos da Faculdade de Economia da Universidade Federal de Mato Grosso (UFMT). A iniciativa proposta pelo economista deputado Thiago Silva (MDB) tamb\u00e9m celebrou o lan\u00e7amento do livro &#8220;Concerto UFMT: Faculdade de Economia&#8221;, de autoria do professor Dr. Fernando Tadeu [&hellip;]\" \/>\n<meta property=\"og:url\" content=\"https:\/\/blogdacondessa.com.br\/blog\/educacao\/obra-resgata-a-historia-e-o-legado-da-ufmt\/\" \/>\n<meta property=\"og:site_name\" content=\"Blog da Condessa\" \/>\n<meta property=\"article:published_time\" content=\"2025-10-03T23:47:54+00:00\" \/>\n<meta property=\"og:image\" content=\"https:\/\/blogdacondessa.com.br\/blog\/wp-content\/uploads\/2025\/10\/PROFESSOR-FERNANDO.jpg\" \/>\n\t<meta property=\"og:image:width\" content=\"884\" \/>\n\t<meta property=\"og:image:height\" content=\"1066\" \/>\n\t<meta property=\"og:image:type\" content=\"image\/jpeg\" \/>\n<meta name=\"author\" content=\"Blog da Condessa\" \/>\n<meta name=\"twitter:card\" content=\"summary_large_image\" \/>\n<meta name=\"twitter:label1\" content=\"Escrito por\" \/>\n\t<meta name=\"twitter:data1\" content=\"Blog da Condessa\" \/>\n\t<meta name=\"twitter:label2\" content=\"Est. tempo de leitura\" \/>\n\t<meta name=\"twitter:data2\" content=\"3 minutos\" \/>\n<script type=\"application\/ld+json\" class=\"yoast-schema-graph\">{\"@context\":\"https:\\\/\\\/schema.org\",\"@graph\":[{\"@type\":\"Article\",\"@id\":\"https:\\\/\\\/blogdacondessa.com.br\\\/blog\\\/educacao\\\/obra-resgata-a-historia-e-o-legado-da-ufmt\\\/#article\",\"isPartOf\":{\"@id\":\"https:\\\/\\\/blogdacondessa.com.br\\\/blog\\\/educacao\\\/obra-resgata-a-historia-e-o-legado-da-ufmt\\\/\"},\"author\":{\"name\":\"Blog da Condessa\",\"@id\":\"https:\\\/\\\/blogdacondessa.com.br\\\/blog\\\/#\\\/schema\\\/person\\\/1d667ff8b785195b568677489d266035\"},\"headline\":\"Obra resgata a hist\u00f3ria e o legado da UFMT\",\"datePublished\":\"2025-10-03T23:47:54+00:00\",\"mainEntityOfPage\":{\"@id\":\"https:\\\/\\\/blogdacondessa.com.br\\\/blog\\\/educacao\\\/obra-resgata-a-historia-e-o-legado-da-ufmt\\\/\"},\"wordCount\":361,\"image\":{\"@id\":\"https:\\\/\\\/blogdacondessa.com.br\\\/blog\\\/educacao\\\/obra-resgata-a-historia-e-o-legado-da-ufmt\\\/#primaryimage\"},\"thumbnailUrl\":\"https:\\\/\\\/blogdacondessa.com.br\\\/blog\\\/wp-content\\\/uploads\\\/2025\\\/10\\\/PROFESSOR-FERNANDO.jpg\",\"articleSection\":[\"Educa\u00e7\u00e3o\"],\"inLanguage\":\"pt-BR\"},{\"@type\":\"WebPage\",\"@id\":\"https:\\\/\\\/blogdacondessa.com.br\\\/blog\\\/educacao\\\/obra-resgata-a-historia-e-o-legado-da-ufmt\\\/\",\"url\":\"https:\\\/\\\/blogdacondessa.com.br\\\/blog\\\/educacao\\\/obra-resgata-a-historia-e-o-legado-da-ufmt\\\/\",\"name\":\"Obra resgata a hist\u00f3ria e o legado da UFMT &#8902; Blog da Condessa\",\"isPartOf\":{\"@id\":\"https:\\\/\\\/blogdacondessa.com.br\\\/blog\\\/#website\"},\"primaryImageOfPage\":{\"@id\":\"https:\\\/\\\/blogdacondessa.com.br\\\/blog\\\/educacao\\\/obra-resgata-a-historia-e-o-legado-da-ufmt\\\/#primaryimage\"},\"image\":{\"@id\":\"https:\\\/\\\/blogdacondessa.com.br\\\/blog\\\/educacao\\\/obra-resgata-a-historia-e-o-legado-da-ufmt\\\/#primaryimage\"},\"thumbnailUrl\":\"https:\\\/\\\/blogdacondessa.com.br\\\/blog\\\/wp-content\\\/uploads\\\/2025\\\/10\\\/PROFESSOR-FERNANDO.jpg\",\"datePublished\":\"2025-10-03T23:47:54+00:00\",\"author\":{\"@id\":\"https:\\\/\\\/blogdacondessa.com.br\\\/blog\\\/#\\\/schema\\\/person\\\/1d667ff8b785195b568677489d266035\"},\"breadcrumb\":{\"@id\":\"https:\\\/\\\/blogdacondessa.com.br\\\/blog\\\/educacao\\\/obra-resgata-a-historia-e-o-legado-da-ufmt\\\/#breadcrumb\"},\"inLanguage\":\"pt-BR\",\"potentialAction\":[{\"@type\":\"ReadAction\",\"target\":[\"https:\\\/\\\/blogdacondessa.com.br\\\/blog\\\/educacao\\\/obra-resgata-a-historia-e-o-legado-da-ufmt\\\/\"]}]},{\"@type\":\"ImageObject\",\"inLanguage\":\"pt-BR\",\"@id\":\"https:\\\/\\\/blogdacondessa.com.br\\\/blog\\\/educacao\\\/obra-resgata-a-historia-e-o-legado-da-ufmt\\\/#primaryimage\",\"url\":\"https:\\\/\\\/blogdacondessa.com.br\\\/blog\\\/wp-content\\\/uploads\\\/2025\\\/10\\\/PROFESSOR-FERNANDO.jpg\",\"contentUrl\":\"https:\\\/\\\/blogdacondessa.com.br\\\/blog\\\/wp-content\\\/uploads\\\/2025\\\/10\\\/PROFESSOR-FERNANDO.jpg\",\"width\":884,\"height\":1066,\"caption\":\"Foto: Acervo ALMT\"},{\"@type\":\"BreadcrumbList\",\"@id\":\"https:\\\/\\\/blogdacondessa.com.br\\\/blog\\\/educacao\\\/obra-resgata-a-historia-e-o-legado-da-ufmt\\\/#breadcrumb\",\"itemListElement\":[{\"@type\":\"ListItem\",\"position\":1,\"name\":\"In\u00edcio\",\"item\":\"https:\\\/\\\/blogdacondessa.com.br\\\/blog\\\/\"},{\"@type\":\"ListItem\",\"position\":2,\"name\":\"Obra resgata a hist\u00f3ria e o legado da UFMT\"}]},{\"@type\":\"WebSite\",\"@id\":\"https:\\\/\\\/blogdacondessa.com.br\\\/blog\\\/#website\",\"url\":\"https:\\\/\\\/blogdacondessa.com.br\\\/blog\\\/\",\"name\":\"Blog da Condessa\",\"description\":\"Com Shirley de Souza O\u2019Campos\",\"potentialAction\":[{\"@type\":\"SearchAction\",\"target\":{\"@type\":\"EntryPoint\",\"urlTemplate\":\"https:\\\/\\\/blogdacondessa.com.br\\\/blog\\\/?s={search_term_string}\"},\"query-input\":{\"@type\":\"PropertyValueSpecification\",\"valueRequired\":true,\"valueName\":\"search_term_string\"}}],\"inLanguage\":\"pt-BR\"},{\"@type\":\"Person\",\"@id\":\"https:\\\/\\\/blogdacondessa.com.br\\\/blog\\\/#\\\/schema\\\/person\\\/1d667ff8b785195b568677489d266035\",\"name\":\"Blog da Condessa\",\"image\":{\"@type\":\"ImageObject\",\"inLanguage\":\"pt-BR\",\"@id\":\"https:\\\/\\\/secure.gravatar.com\\\/avatar\\\/377c0eb8b4ad2bfc25461b41564b5971e721ca34a57642868fc7b0c8ac7b52c5?s=96&d=mm&r=g\",\"url\":\"https:\\\/\\\/secure.gravatar.com\\\/avatar\\\/377c0eb8b4ad2bfc25461b41564b5971e721ca34a57642868fc7b0c8ac7b52c5?s=96&d=mm&r=g\",\"contentUrl\":\"https:\\\/\\\/secure.gravatar.com\\\/avatar\\\/377c0eb8b4ad2bfc25461b41564b5971e721ca34a57642868fc7b0c8ac7b52c5?s=96&d=mm&r=g\",\"caption\":\"Blog da Condessa\"},\"url\":\"https:\\\/\\\/blogdacondessa.com.br\\\/blog\\\/author\\\/beatriz\\\/\"}]}<\/script>\n<!-- \/ Yoast SEO plugin. -->","yoast_head_json":{"title":"Obra resgata a hist\u00f3ria e o legado da UFMT &#8902; Blog da Condessa","robots":{"index":"index","follow":"follow","max-snippet":"max-snippet:-1","max-image-preview":"max-image-preview:large","max-video-preview":"max-video-preview:-1"},"canonical":"https:\/\/blogdacondessa.com.br\/blog\/educacao\/obra-resgata-a-historia-e-o-legado-da-ufmt\/","og_locale":"pt_BR","og_type":"article","og_title":"Obra resgata a hist\u00f3ria e o legado da UFMT &#8902; Blog da Condessa","og_description":"Recentemente a Assembleia Legislativa de Mato Grosso (ALMT) realizou uma sess\u00e3o especial em homenagem aos 60 anos da Faculdade de Economia da Universidade Federal de Mato Grosso (UFMT). A iniciativa proposta pelo economista deputado Thiago Silva (MDB) tamb\u00e9m celebrou o lan\u00e7amento do livro &#8220;Concerto UFMT: Faculdade de Economia&#8221;, de autoria do professor Dr. Fernando Tadeu [&hellip;]","og_url":"https:\/\/blogdacondessa.com.br\/blog\/educacao\/obra-resgata-a-historia-e-o-legado-da-ufmt\/","og_site_name":"Blog da Condessa","article_published_time":"2025-10-03T23:47:54+00:00","og_image":[{"width":884,"height":1066,"url":"https:\/\/blogdacondessa.com.br\/blog\/wp-content\/uploads\/2025\/10\/PROFESSOR-FERNANDO.jpg","type":"image\/jpeg"}],"author":"Blog da Condessa","twitter_card":"summary_large_image","twitter_misc":{"Escrito por":"Blog da Condessa","Est. tempo de leitura":"3 minutos"},"schema":{"@context":"https:\/\/schema.org","@graph":[{"@type":"Article","@id":"https:\/\/blogdacondessa.com.br\/blog\/educacao\/obra-resgata-a-historia-e-o-legado-da-ufmt\/#article","isPartOf":{"@id":"https:\/\/blogdacondessa.com.br\/blog\/educacao\/obra-resgata-a-historia-e-o-legado-da-ufmt\/"},"author":{"name":"Blog da Condessa","@id":"https:\/\/blogdacondessa.com.br\/blog\/#\/schema\/person\/1d667ff8b785195b568677489d266035"},"headline":"Obra resgata a hist\u00f3ria e o legado da UFMT","datePublished":"2025-10-03T23:47:54+00:00","mainEntityOfPage":{"@id":"https:\/\/blogdacondessa.com.br\/blog\/educacao\/obra-resgata-a-historia-e-o-legado-da-ufmt\/"},"wordCount":361,"image":{"@id":"https:\/\/blogdacondessa.com.br\/blog\/educacao\/obra-resgata-a-historia-e-o-legado-da-ufmt\/#primaryimage"},"thumbnailUrl":"https:\/\/blogdacondessa.com.br\/blog\/wp-content\/uploads\/2025\/10\/PROFESSOR-FERNANDO.jpg","articleSection":["Educa\u00e7\u00e3o"],"inLanguage":"pt-BR"},{"@type":"WebPage","@id":"https:\/\/blogdacondessa.com.br\/blog\/educacao\/obra-resgata-a-historia-e-o-legado-da-ufmt\/","url":"https:\/\/blogdacondessa.com.br\/blog\/educacao\/obra-resgata-a-historia-e-o-legado-da-ufmt\/","name":"Obra resgata a hist\u00f3ria e o legado da UFMT &#8902; Blog da Condessa","isPartOf":{"@id":"https:\/\/blogdacondessa.com.br\/blog\/#website"},"primaryImageOfPage":{"@id":"https:\/\/blogdacondessa.com.br\/blog\/educacao\/obra-resgata-a-historia-e-o-legado-da-ufmt\/#primaryimage"},"image":{"@id":"https:\/\/blogdacondessa.com.br\/blog\/educacao\/obra-resgata-a-historia-e-o-legado-da-ufmt\/#primaryimage"},"thumbnailUrl":"https:\/\/blogdacondessa.com.br\/blog\/wp-content\/uploads\/2025\/10\/PROFESSOR-FERNANDO.jpg","datePublished":"2025-10-03T23:47:54+00:00","author":{"@id":"https:\/\/blogdacondessa.com.br\/blog\/#\/schema\/person\/1d667ff8b785195b568677489d266035"},"breadcrumb":{"@id":"https:\/\/blogdacondessa.com.br\/blog\/educacao\/obra-resgata-a-historia-e-o-legado-da-ufmt\/#breadcrumb"},"inLanguage":"pt-BR","potentialAction":[{"@type":"ReadAction","target":["https:\/\/blogdacondessa.com.br\/blog\/educacao\/obra-resgata-a-historia-e-o-legado-da-ufmt\/"]}]},{"@type":"ImageObject","inLanguage":"pt-BR","@id":"https:\/\/blogdacondessa.com.br\/blog\/educacao\/obra-resgata-a-historia-e-o-legado-da-ufmt\/#primaryimage","url":"https:\/\/blogdacondessa.com.br\/blog\/wp-content\/uploads\/2025\/10\/PROFESSOR-FERNANDO.jpg","contentUrl":"https:\/\/blogdacondessa.com.br\/blog\/wp-content\/uploads\/2025\/10\/PROFESSOR-FERNANDO.jpg","width":884,"height":1066,"caption":"Foto: Acervo ALMT"},{"@type":"BreadcrumbList","@id":"https:\/\/blogdacondessa.com.br\/blog\/educacao\/obra-resgata-a-historia-e-o-legado-da-ufmt\/#breadcrumb","itemListElement":[{"@type":"ListItem","position":1,"name":"In\u00edcio","item":"https:\/\/blogdacondessa.com.br\/blog\/"},{"@type":"ListItem","position":2,"name":"Obra resgata a hist\u00f3ria e o legado da UFMT"}]},{"@type":"WebSite","@id":"https:\/\/blogdacondessa.com.br\/blog\/#website","url":"https:\/\/blogdacondessa.com.br\/blog\/","name":"Blog da Condessa","description":"Com Shirley de Souza O\u2019Campos","potentialAction":[{"@type":"SearchAction","target":{"@type":"EntryPoint","urlTemplate":"https:\/\/blogdacondessa.com.br\/blog\/?s={search_term_string}"},"query-input":{"@type":"PropertyValueSpecification","valueRequired":true,"valueName":"search_term_string"}}],"inLanguage":"pt-BR"},{"@type":"Person","@id":"https:\/\/blogdacondessa.com.br\/blog\/#\/schema\/person\/1d667ff8b785195b568677489d266035","name":"Blog da Condessa","image":{"@type":"ImageObject","inLanguage":"pt-BR","@id":"https:\/\/secure.gravatar.com\/avatar\/377c0eb8b4ad2bfc25461b41564b5971e721ca34a57642868fc7b0c8ac7b52c5?s=96&d=mm&r=g","url":"https:\/\/secure.gravatar.com\/avatar\/377c0eb8b4ad2bfc25461b41564b5971e721ca34a57642868fc7b0c8ac7b52c5?s=96&d=mm&r=g","contentUrl":"https:\/\/secure.gravatar.com\/avatar\/377c0eb8b4ad2bfc25461b41564b5971e721ca34a57642868fc7b0c8ac7b52c5?s=96&d=mm&r=g","caption":"Blog da Condessa"},"url":"https:\/\/blogdacondessa.com.br\/blog\/author\/beatriz\/"}]}},"_links":{"self":[{"href":"https:\/\/blogdacondessa.com.br\/blog\/wp-json\/wp\/v2\/posts\/12865","targetHints":{"allow":["GET"]}}],"collection":[{"href":"https:\/\/blogdacondessa.com.br\/blog\/wp-json\/wp\/v2\/posts"}],"about":[{"href":"https:\/\/blogdacondessa.com.br\/blog\/wp-json\/wp\/v2\/types\/post"}],"author":[{"embeddable":true,"href":"https:\/\/blogdacondessa.com.br\/blog\/wp-json\/wp\/v2\/users\/2"}],"replies":[{"embeddable":true,"href":"https:\/\/blogdacondessa.com.br\/blog\/wp-json\/wp\/v2\/comments?post=12865"}],"version-history":[{"count":1,"href":"https:\/\/blogdacondessa.com.br\/blog\/wp-json\/wp\/v2\/posts\/12865\/revisions"}],"predecessor-version":[{"id":12870,"href":"https:\/\/blogdacondessa.com.br\/blog\/wp-json\/wp\/v2\/posts\/12865\/revisions\/12870"}],"wp:featuredmedia":[{"embeddable":true,"href":"https:\/\/blogdacondessa.com.br\/blog\/wp-json\/wp\/v2\/media\/12869"}],"wp:attachment":[{"href":"https:\/\/blogdacondessa.com.br\/blog\/wp-json\/wp\/v2\/media?parent=12865"}],"wp:term":[{"taxonomy":"category","embeddable":true,"href":"https:\/\/blogdacondessa.com.br\/blog\/wp-json\/wp\/v2\/categories?post=12865"},{"taxonomy":"post_tag","embeddable":true,"href":"https:\/\/blogdacondessa.com.br\/blog\/wp-json\/wp\/v2\/tags?post=12865"}],"curies":[{"name":"wp","href":"https:\/\/api.w.org\/{rel}","templated":true}]}}