{"id":12861,"date":"2025-10-02T05:00:42","date_gmt":"2025-10-02T09:00:42","guid":{"rendered":"https:\/\/blogdacondessa.com.br\/blog\/?p=12861"},"modified":"2025-10-01T17:46:09","modified_gmt":"2025-10-01T21:46:09","slug":"mato-grosso-consolida-lideranca-e-encerra-safra-de-algodao-com-crescimento-de-8","status":"publish","type":"post","link":"https:\/\/blogdacondessa.com.br\/blog\/agronegocio\/mato-grosso-consolida-lideranca-e-encerra-safra-de-algodao-com-crescimento-de-8\/","title":{"rendered":"Mato Grosso consolida lideran\u00e7a e encerra safra de algod\u00e3o com crescimento de 8%"},"content":{"rendered":"<p><em>Estado \u00e9 respons\u00e1vel por mais de 70% da produ\u00e7\u00e3o nacional e mant\u00e9m posi\u00e7\u00e3o de destaque no setor algodoeiro<\/em><\/p>\n<p>Mato Grosso encerrou a colheita da safra 2024\/2025 de algod\u00e3o e manteve a lideran\u00e7a nacional na produ\u00e7\u00e3o da fibra. O estado segue como principal produtor no Brasil, com ampla participa\u00e7\u00e3o no volume total colhido em todo o pa\u00eds.<\/p>\n<p>De acordo com o 12\u00ba levantamento de safra da Companhia Nacional de Abastecimento (Conab), Mato Grosso produziu 6,92 milh\u00f5es de toneladas de algod\u00e3o em caro\u00e7o e pluma, um crescimento de 8,3% em rela\u00e7\u00e3o ao ciclo anterior, quando foram registradas 6,3 milh\u00f5es de toneladas. A \u00e1rea plantada tamb\u00e9m avan\u00e7ou, passando de 1,41 milh\u00e3o de hectares para 1,46 milh\u00e3o, aumento de 3,3%.<\/p>\n<p>O desempenho coloca o estado como respons\u00e1vel por 71% de toda a produ\u00e7\u00e3o nacional de algod\u00e3o. Apenas em pluma, foram produzidas 2,87 milh\u00f5es de toneladas, consolidando a posi\u00e7\u00e3o de Mato Grosso como o maior produtor do pa\u00eds. Os n\u00fameros refletem a for\u00e7a do setor agr\u00edcola local e a import\u00e2ncia da cultura para a economia estadual e nacional.<\/p>\n<p>Para a secret\u00e1ria adjunta de Agroneg\u00f3cios, Cr\u00e9dito e Energia da Sedec, Linacis Silva Vogel Lisboa, os resultados da safra 24\/25 refor\u00e7am a posi\u00e7\u00e3o de Mato Grosso como protagonista na produ\u00e7\u00e3o agr\u00edcola e evidenciam a for\u00e7a do setor algodoeiro para a economia do estado.<\/p>\n<p>\u201cO crescimento da safra mostra como Mato Grosso vem se destacando cada vez mais. Temos um clima favor\u00e1vel, produtores que investem em tecnologia e pr\u00e1ticas de manejo que aumentam a produtividade. Tudo isso faz com que o algod\u00e3o seja um setor que n\u00e3o s\u00f3 gera muitos empregos, mas tamb\u00e9m movimenta a economia em v\u00e1rias \u00e1reas, do campo ao transporte e \u00e0s exporta\u00e7\u00f5es. \u00c9 um resultado que refor\u00e7a o papel estrat\u00e9gico do nosso estado na agricultura brasileira.\u201d<\/p>\n<p>&nbsp;<\/p>\n","protected":false},"excerpt":{"rendered":"<p>Estado \u00e9 respons\u00e1vel por mais de 70% da produ\u00e7\u00e3o nacional e mant\u00e9m posi\u00e7\u00e3o de destaque no setor algodoeiro Mato Grosso encerrou a colheita da safra 2024\/2025 de algod\u00e3o e manteve a lideran\u00e7a nacional na produ\u00e7\u00e3o da fibra. O estado segue como principal produtor no Brasil, com ampla participa\u00e7\u00e3o no volume total colhido em todo o [&hellip;]<\/p>\n","protected":false},"author":2,"featured_media":12862,"comment_status":"closed","ping_status":"closed","sticky":false,"template":"","format":"standard","meta":{"iawp_total_views":3,"footnotes":""},"categories":[11],"tags":[],"class_list":["post-12861","post","type-post","status-publish","format-standard","has-post-thumbnail","hentry","category-agronegocio"],"yoast_head":"<!-- This site is optimized with the Yoast SEO plugin v27.3 - https:\/\/yoast.com\/product\/yoast-seo-wordpress\/ -->\n<title>Mato Grosso consolida lideran\u00e7a e encerra safra de algod\u00e3o com crescimento de 8% &#8902; Blog da Condessa<\/title>\n<meta name=\"robots\" content=\"index, follow, max-snippet:-1, max-image-preview:large, max-video-preview:-1\" \/>\n<link rel=\"canonical\" href=\"https:\/\/blogdacondessa.com.br\/blog\/agronegocio\/mato-grosso-consolida-lideranca-e-encerra-safra-de-algodao-com-crescimento-de-8\/\" \/>\n<meta property=\"og:locale\" content=\"pt_BR\" \/>\n<meta property=\"og:type\" content=\"article\" \/>\n<meta property=\"og:title\" content=\"Mato Grosso consolida lideran\u00e7a e encerra safra de algod\u00e3o com crescimento de 8% &#8902; Blog da Condessa\" \/>\n<meta property=\"og:description\" content=\"Estado \u00e9 respons\u00e1vel por mais de 70% da produ\u00e7\u00e3o nacional e mant\u00e9m posi\u00e7\u00e3o de destaque no setor algodoeiro Mato Grosso encerrou a colheita da safra 2024\/2025 de algod\u00e3o e manteve a lideran\u00e7a nacional na produ\u00e7\u00e3o da fibra. O estado segue como principal produtor no Brasil, com ampla participa\u00e7\u00e3o no volume total colhido em todo o [&hellip;]\" \/>\n<meta property=\"og:url\" content=\"https:\/\/blogdacondessa.com.br\/blog\/agronegocio\/mato-grosso-consolida-lideranca-e-encerra-safra-de-algodao-com-crescimento-de-8\/\" \/>\n<meta property=\"og:site_name\" content=\"Blog da Condessa\" \/>\n<meta property=\"article:published_time\" content=\"2025-10-02T09:00:42+00:00\" \/>\n<meta property=\"og:image\" content=\"https:\/\/blogdacondessa.com.br\/blog\/wp-content\/uploads\/2025\/10\/algodao.jpg\" \/>\n\t<meta property=\"og:image:width\" content=\"1654\" \/>\n\t<meta property=\"og:image:height\" content=\"1103\" \/>\n\t<meta property=\"og:image:type\" content=\"image\/jpeg\" \/>\n<meta name=\"author\" content=\"Blog da Condessa\" \/>\n<meta name=\"twitter:card\" content=\"summary_large_image\" \/>\n<meta name=\"twitter:label1\" content=\"Escrito por\" \/>\n\t<meta name=\"twitter:data1\" content=\"Blog da Condessa\" \/>\n\t<meta name=\"twitter:label2\" content=\"Est. tempo de leitura\" \/>\n\t<meta name=\"twitter:data2\" content=\"2 minutos\" \/>\n<script type=\"application\/ld+json\" class=\"yoast-schema-graph\">{\"@context\":\"https:\\\/\\\/schema.org\",\"@graph\":[{\"@type\":\"Article\",\"@id\":\"https:\\\/\\\/blogdacondessa.com.br\\\/blog\\\/agronegocio\\\/mato-grosso-consolida-lideranca-e-encerra-safra-de-algodao-com-crescimento-de-8\\\/#article\",\"isPartOf\":{\"@id\":\"https:\\\/\\\/blogdacondessa.com.br\\\/blog\\\/agronegocio\\\/mato-grosso-consolida-lideranca-e-encerra-safra-de-algodao-com-crescimento-de-8\\\/\"},\"author\":{\"name\":\"Blog da Condessa\",\"@id\":\"https:\\\/\\\/blogdacondessa.com.br\\\/blog\\\/#\\\/schema\\\/person\\\/1d667ff8b785195b568677489d266035\"},\"headline\":\"Mato Grosso consolida lideran\u00e7a e encerra safra de algod\u00e3o com crescimento de 8%\",\"datePublished\":\"2025-10-02T09:00:42+00:00\",\"mainEntityOfPage\":{\"@id\":\"https:\\\/\\\/blogdacondessa.com.br\\\/blog\\\/agronegocio\\\/mato-grosso-consolida-lideranca-e-encerra-safra-de-algodao-com-crescimento-de-8\\\/\"},\"wordCount\":338,\"image\":{\"@id\":\"https:\\\/\\\/blogdacondessa.com.br\\\/blog\\\/agronegocio\\\/mato-grosso-consolida-lideranca-e-encerra-safra-de-algodao-com-crescimento-de-8\\\/#primaryimage\"},\"thumbnailUrl\":\"https:\\\/\\\/blogdacondessa.com.br\\\/blog\\\/wp-content\\\/uploads\\\/2025\\\/10\\\/algodao.jpg\",\"articleSection\":[\"Agroneg\u00f3cio\"],\"inLanguage\":\"pt-BR\"},{\"@type\":\"WebPage\",\"@id\":\"https:\\\/\\\/blogdacondessa.com.br\\\/blog\\\/agronegocio\\\/mato-grosso-consolida-lideranca-e-encerra-safra-de-algodao-com-crescimento-de-8\\\/\",\"url\":\"https:\\\/\\\/blogdacondessa.com.br\\\/blog\\\/agronegocio\\\/mato-grosso-consolida-lideranca-e-encerra-safra-de-algodao-com-crescimento-de-8\\\/\",\"name\":\"Mato Grosso consolida lideran\u00e7a e encerra safra de algod\u00e3o com crescimento de 8% &#8902; Blog da Condessa\",\"isPartOf\":{\"@id\":\"https:\\\/\\\/blogdacondessa.com.br\\\/blog\\\/#website\"},\"primaryImageOfPage\":{\"@id\":\"https:\\\/\\\/blogdacondessa.com.br\\\/blog\\\/agronegocio\\\/mato-grosso-consolida-lideranca-e-encerra-safra-de-algodao-com-crescimento-de-8\\\/#primaryimage\"},\"image\":{\"@id\":\"https:\\\/\\\/blogdacondessa.com.br\\\/blog\\\/agronegocio\\\/mato-grosso-consolida-lideranca-e-encerra-safra-de-algodao-com-crescimento-de-8\\\/#primaryimage\"},\"thumbnailUrl\":\"https:\\\/\\\/blogdacondessa.com.br\\\/blog\\\/wp-content\\\/uploads\\\/2025\\\/10\\\/algodao.jpg\",\"datePublished\":\"2025-10-02T09:00:42+00:00\",\"author\":{\"@id\":\"https:\\\/\\\/blogdacondessa.com.br\\\/blog\\\/#\\\/schema\\\/person\\\/1d667ff8b785195b568677489d266035\"},\"breadcrumb\":{\"@id\":\"https:\\\/\\\/blogdacondessa.com.br\\\/blog\\\/agronegocio\\\/mato-grosso-consolida-lideranca-e-encerra-safra-de-algodao-com-crescimento-de-8\\\/#breadcrumb\"},\"inLanguage\":\"pt-BR\",\"potentialAction\":[{\"@type\":\"ReadAction\",\"target\":[\"https:\\\/\\\/blogdacondessa.com.br\\\/blog\\\/agronegocio\\\/mato-grosso-consolida-lideranca-e-encerra-safra-de-algodao-com-crescimento-de-8\\\/\"]}]},{\"@type\":\"ImageObject\",\"inLanguage\":\"pt-BR\",\"@id\":\"https:\\\/\\\/blogdacondessa.com.br\\\/blog\\\/agronegocio\\\/mato-grosso-consolida-lideranca-e-encerra-safra-de-algodao-com-crescimento-de-8\\\/#primaryimage\",\"url\":\"https:\\\/\\\/blogdacondessa.com.br\\\/blog\\\/wp-content\\\/uploads\\\/2025\\\/10\\\/algodao.jpg\",\"contentUrl\":\"https:\\\/\\\/blogdacondessa.com.br\\\/blog\\\/wp-content\\\/uploads\\\/2025\\\/10\\\/algodao.jpg\",\"width\":1654,\"height\":1103,\"caption\":\"Foto: Christiano Antonucci - Secom - MT\"},{\"@type\":\"BreadcrumbList\",\"@id\":\"https:\\\/\\\/blogdacondessa.com.br\\\/blog\\\/agronegocio\\\/mato-grosso-consolida-lideranca-e-encerra-safra-de-algodao-com-crescimento-de-8\\\/#breadcrumb\",\"itemListElement\":[{\"@type\":\"ListItem\",\"position\":1,\"name\":\"In\u00edcio\",\"item\":\"https:\\\/\\\/blogdacondessa.com.br\\\/blog\\\/\"},{\"@type\":\"ListItem\",\"position\":2,\"name\":\"Mato Grosso consolida lideran\u00e7a e encerra safra de algod\u00e3o com crescimento de 8%\"}]},{\"@type\":\"WebSite\",\"@id\":\"https:\\\/\\\/blogdacondessa.com.br\\\/blog\\\/#website\",\"url\":\"https:\\\/\\\/blogdacondessa.com.br\\\/blog\\\/\",\"name\":\"Blog da Condessa\",\"description\":\"Com Shirley de Souza O\u2019Campos\",\"potentialAction\":[{\"@type\":\"SearchAction\",\"target\":{\"@type\":\"EntryPoint\",\"urlTemplate\":\"https:\\\/\\\/blogdacondessa.com.br\\\/blog\\\/?s={search_term_string}\"},\"query-input\":{\"@type\":\"PropertyValueSpecification\",\"valueRequired\":true,\"valueName\":\"search_term_string\"}}],\"inLanguage\":\"pt-BR\"},{\"@type\":\"Person\",\"@id\":\"https:\\\/\\\/blogdacondessa.com.br\\\/blog\\\/#\\\/schema\\\/person\\\/1d667ff8b785195b568677489d266035\",\"name\":\"Blog da Condessa\",\"image\":{\"@type\":\"ImageObject\",\"inLanguage\":\"pt-BR\",\"@id\":\"https:\\\/\\\/secure.gravatar.com\\\/avatar\\\/377c0eb8b4ad2bfc25461b41564b5971e721ca34a57642868fc7b0c8ac7b52c5?s=96&d=mm&r=g\",\"url\":\"https:\\\/\\\/secure.gravatar.com\\\/avatar\\\/377c0eb8b4ad2bfc25461b41564b5971e721ca34a57642868fc7b0c8ac7b52c5?s=96&d=mm&r=g\",\"contentUrl\":\"https:\\\/\\\/secure.gravatar.com\\\/avatar\\\/377c0eb8b4ad2bfc25461b41564b5971e721ca34a57642868fc7b0c8ac7b52c5?s=96&d=mm&r=g\",\"caption\":\"Blog da Condessa\"},\"url\":\"https:\\\/\\\/blogdacondessa.com.br\\\/blog\\\/author\\\/beatriz\\\/\"}]}<\/script>\n<!-- \/ Yoast SEO plugin. -->","yoast_head_json":{"title":"Mato Grosso consolida lideran\u00e7a e encerra safra de algod\u00e3o com crescimento de 8% &#8902; Blog da Condessa","robots":{"index":"index","follow":"follow","max-snippet":"max-snippet:-1","max-image-preview":"max-image-preview:large","max-video-preview":"max-video-preview:-1"},"canonical":"https:\/\/blogdacondessa.com.br\/blog\/agronegocio\/mato-grosso-consolida-lideranca-e-encerra-safra-de-algodao-com-crescimento-de-8\/","og_locale":"pt_BR","og_type":"article","og_title":"Mato Grosso consolida lideran\u00e7a e encerra safra de algod\u00e3o com crescimento de 8% &#8902; Blog da Condessa","og_description":"Estado \u00e9 respons\u00e1vel por mais de 70% da produ\u00e7\u00e3o nacional e mant\u00e9m posi\u00e7\u00e3o de destaque no setor algodoeiro Mato Grosso encerrou a colheita da safra 2024\/2025 de algod\u00e3o e manteve a lideran\u00e7a nacional na produ\u00e7\u00e3o da fibra. O estado segue como principal produtor no Brasil, com ampla participa\u00e7\u00e3o no volume total colhido em todo o [&hellip;]","og_url":"https:\/\/blogdacondessa.com.br\/blog\/agronegocio\/mato-grosso-consolida-lideranca-e-encerra-safra-de-algodao-com-crescimento-de-8\/","og_site_name":"Blog da Condessa","article_published_time":"2025-10-02T09:00:42+00:00","og_image":[{"width":1654,"height":1103,"url":"https:\/\/blogdacondessa.com.br\/blog\/wp-content\/uploads\/2025\/10\/algodao.jpg","type":"image\/jpeg"}],"author":"Blog da Condessa","twitter_card":"summary_large_image","twitter_misc":{"Escrito por":"Blog da Condessa","Est. tempo de leitura":"2 minutos"},"schema":{"@context":"https:\/\/schema.org","@graph":[{"@type":"Article","@id":"https:\/\/blogdacondessa.com.br\/blog\/agronegocio\/mato-grosso-consolida-lideranca-e-encerra-safra-de-algodao-com-crescimento-de-8\/#article","isPartOf":{"@id":"https:\/\/blogdacondessa.com.br\/blog\/agronegocio\/mato-grosso-consolida-lideranca-e-encerra-safra-de-algodao-com-crescimento-de-8\/"},"author":{"name":"Blog da Condessa","@id":"https:\/\/blogdacondessa.com.br\/blog\/#\/schema\/person\/1d667ff8b785195b568677489d266035"},"headline":"Mato Grosso consolida lideran\u00e7a e encerra safra de algod\u00e3o com crescimento de 8%","datePublished":"2025-10-02T09:00:42+00:00","mainEntityOfPage":{"@id":"https:\/\/blogdacondessa.com.br\/blog\/agronegocio\/mato-grosso-consolida-lideranca-e-encerra-safra-de-algodao-com-crescimento-de-8\/"},"wordCount":338,"image":{"@id":"https:\/\/blogdacondessa.com.br\/blog\/agronegocio\/mato-grosso-consolida-lideranca-e-encerra-safra-de-algodao-com-crescimento-de-8\/#primaryimage"},"thumbnailUrl":"https:\/\/blogdacondessa.com.br\/blog\/wp-content\/uploads\/2025\/10\/algodao.jpg","articleSection":["Agroneg\u00f3cio"],"inLanguage":"pt-BR"},{"@type":"WebPage","@id":"https:\/\/blogdacondessa.com.br\/blog\/agronegocio\/mato-grosso-consolida-lideranca-e-encerra-safra-de-algodao-com-crescimento-de-8\/","url":"https:\/\/blogdacondessa.com.br\/blog\/agronegocio\/mato-grosso-consolida-lideranca-e-encerra-safra-de-algodao-com-crescimento-de-8\/","name":"Mato Grosso consolida lideran\u00e7a e encerra safra de algod\u00e3o com crescimento de 8% &#8902; Blog da Condessa","isPartOf":{"@id":"https:\/\/blogdacondessa.com.br\/blog\/#website"},"primaryImageOfPage":{"@id":"https:\/\/blogdacondessa.com.br\/blog\/agronegocio\/mato-grosso-consolida-lideranca-e-encerra-safra-de-algodao-com-crescimento-de-8\/#primaryimage"},"image":{"@id":"https:\/\/blogdacondessa.com.br\/blog\/agronegocio\/mato-grosso-consolida-lideranca-e-encerra-safra-de-algodao-com-crescimento-de-8\/#primaryimage"},"thumbnailUrl":"https:\/\/blogdacondessa.com.br\/blog\/wp-content\/uploads\/2025\/10\/algodao.jpg","datePublished":"2025-10-02T09:00:42+00:00","author":{"@id":"https:\/\/blogdacondessa.com.br\/blog\/#\/schema\/person\/1d667ff8b785195b568677489d266035"},"breadcrumb":{"@id":"https:\/\/blogdacondessa.com.br\/blog\/agronegocio\/mato-grosso-consolida-lideranca-e-encerra-safra-de-algodao-com-crescimento-de-8\/#breadcrumb"},"inLanguage":"pt-BR","potentialAction":[{"@type":"ReadAction","target":["https:\/\/blogdacondessa.com.br\/blog\/agronegocio\/mato-grosso-consolida-lideranca-e-encerra-safra-de-algodao-com-crescimento-de-8\/"]}]},{"@type":"ImageObject","inLanguage":"pt-BR","@id":"https:\/\/blogdacondessa.com.br\/blog\/agronegocio\/mato-grosso-consolida-lideranca-e-encerra-safra-de-algodao-com-crescimento-de-8\/#primaryimage","url":"https:\/\/blogdacondessa.com.br\/blog\/wp-content\/uploads\/2025\/10\/algodao.jpg","contentUrl":"https:\/\/blogdacondessa.com.br\/blog\/wp-content\/uploads\/2025\/10\/algodao.jpg","width":1654,"height":1103,"caption":"Foto: Christiano Antonucci - Secom - MT"},{"@type":"BreadcrumbList","@id":"https:\/\/blogdacondessa.com.br\/blog\/agronegocio\/mato-grosso-consolida-lideranca-e-encerra-safra-de-algodao-com-crescimento-de-8\/#breadcrumb","itemListElement":[{"@type":"ListItem","position":1,"name":"In\u00edcio","item":"https:\/\/blogdacondessa.com.br\/blog\/"},{"@type":"ListItem","position":2,"name":"Mato Grosso consolida lideran\u00e7a e encerra safra de algod\u00e3o com crescimento de 8%"}]},{"@type":"WebSite","@id":"https:\/\/blogdacondessa.com.br\/blog\/#website","url":"https:\/\/blogdacondessa.com.br\/blog\/","name":"Blog da Condessa","description":"Com Shirley de Souza O\u2019Campos","potentialAction":[{"@type":"SearchAction","target":{"@type":"EntryPoint","urlTemplate":"https:\/\/blogdacondessa.com.br\/blog\/?s={search_term_string}"},"query-input":{"@type":"PropertyValueSpecification","valueRequired":true,"valueName":"search_term_string"}}],"inLanguage":"pt-BR"},{"@type":"Person","@id":"https:\/\/blogdacondessa.com.br\/blog\/#\/schema\/person\/1d667ff8b785195b568677489d266035","name":"Blog da Condessa","image":{"@type":"ImageObject","inLanguage":"pt-BR","@id":"https:\/\/secure.gravatar.com\/avatar\/377c0eb8b4ad2bfc25461b41564b5971e721ca34a57642868fc7b0c8ac7b52c5?s=96&d=mm&r=g","url":"https:\/\/secure.gravatar.com\/avatar\/377c0eb8b4ad2bfc25461b41564b5971e721ca34a57642868fc7b0c8ac7b52c5?s=96&d=mm&r=g","contentUrl":"https:\/\/secure.gravatar.com\/avatar\/377c0eb8b4ad2bfc25461b41564b5971e721ca34a57642868fc7b0c8ac7b52c5?s=96&d=mm&r=g","caption":"Blog da Condessa"},"url":"https:\/\/blogdacondessa.com.br\/blog\/author\/beatriz\/"}]}},"_links":{"self":[{"href":"https:\/\/blogdacondessa.com.br\/blog\/wp-json\/wp\/v2\/posts\/12861","targetHints":{"allow":["GET"]}}],"collection":[{"href":"https:\/\/blogdacondessa.com.br\/blog\/wp-json\/wp\/v2\/posts"}],"about":[{"href":"https:\/\/blogdacondessa.com.br\/blog\/wp-json\/wp\/v2\/types\/post"}],"author":[{"embeddable":true,"href":"https:\/\/blogdacondessa.com.br\/blog\/wp-json\/wp\/v2\/users\/2"}],"replies":[{"embeddable":true,"href":"https:\/\/blogdacondessa.com.br\/blog\/wp-json\/wp\/v2\/comments?post=12861"}],"version-history":[{"count":1,"href":"https:\/\/blogdacondessa.com.br\/blog\/wp-json\/wp\/v2\/posts\/12861\/revisions"}],"predecessor-version":[{"id":12863,"href":"https:\/\/blogdacondessa.com.br\/blog\/wp-json\/wp\/v2\/posts\/12861\/revisions\/12863"}],"wp:featuredmedia":[{"embeddable":true,"href":"https:\/\/blogdacondessa.com.br\/blog\/wp-json\/wp\/v2\/media\/12862"}],"wp:attachment":[{"href":"https:\/\/blogdacondessa.com.br\/blog\/wp-json\/wp\/v2\/media?parent=12861"}],"wp:term":[{"taxonomy":"category","embeddable":true,"href":"https:\/\/blogdacondessa.com.br\/blog\/wp-json\/wp\/v2\/categories?post=12861"},{"taxonomy":"post_tag","embeddable":true,"href":"https:\/\/blogdacondessa.com.br\/blog\/wp-json\/wp\/v2\/tags?post=12861"}],"curies":[{"name":"wp","href":"https:\/\/api.w.org\/{rel}","templated":true}]}}