{"id":12856,"date":"2025-10-01T05:00:36","date_gmt":"2025-10-01T09:00:36","guid":{"rendered":"https:\/\/blogdacondessa.com.br\/blog\/?p=12856"},"modified":"2025-09-30T21:49:28","modified_gmt":"2025-10-01T01:49:28","slug":"as-praticas-restaurativas-tem-transformado-o-clima-escolar","status":"publish","type":"post","link":"https:\/\/blogdacondessa.com.br\/blog\/educacao\/as-praticas-restaurativas-tem-transformado-o-clima-escolar\/","title":{"rendered":"\u201cAs pr\u00e1ticas restaurativas t\u00eam transformado o clima escolar\u201d"},"content":{"rendered":"<p><em>\u00a0C\u00edrculos de Paz transformam rela\u00e7\u00f5es nas escolas p\u00fablicas de Mato Grosso. Parceria com o TJMT reflete o compromisso da rede estadual com o fortalecimento emocional da comunidade escolar.<\/em><\/p>\n<p>A Secretaria de Estado de Educa\u00e7\u00e3o de Mato Grosso (Seduc-MT) tem sido uma das principais parceiras do Poder Judici\u00e1rio na consolida\u00e7\u00e3o do Programa de Pacifica\u00e7\u00e3o nas Escolas. Desde 2016, quando a parceria foi firmada, j\u00e1 somam mais de 75 mil participa\u00e7\u00f5es em prol de ambientes mais acolhedores e humanos.<\/p>\n<p>Entre 2023 e 2024, por exemplo, o avan\u00e7o foi expressivo passando de 1.691 para 15 mil, um salto que reflete o compromisso da rede estadual com o fortalecimento emocional e relacional da comunidade escolar.<\/p>\n<p>\u201cInvestir na forma\u00e7\u00e3o continuada e fortalecer as equipes psicossociais \u00e9 reafirmar que educar vai muito al\u00e9m de transmitir conte\u00fado. \u00c9 sobre cultivar rela\u00e7\u00f5es saud\u00e1veis e preparar os jovens para viver com empatia, \u00e9tica e solidariedade\u201d, destaca o secret\u00e1rio de Estado de Educa\u00e7\u00e3o, Alan Porto.<\/p>\n<p>Segundo ele, os resultados j\u00e1 podem ser sentidos no cotidiano das escolas. \u201cAs pr\u00e1ticas restaurativas t\u00eam transformado o clima escolar, tornando-o mais acolhedor e centrado na aprendizagem e no desenvolvimento humano. O di\u00e1logo e a escuta est\u00e3o abrindo caminhos para uma conviv\u00eancia mais respeitosa e colaborativa entre alunos e educadores\u201d.<\/p>\n<p>A maioria dessas a\u00e7\u00f5es acontece dentro das escolas p\u00fablicas, onde estudantes, professores e comunidade encontram no di\u00e1logo um caminho para transformar conflitos em aprendizado, fortalecer v\u00ednculos e construir rela\u00e7\u00f5es mais emp\u00e1ticas e solid\u00e1rias.<\/p>\n<p>Para o Poder Judici\u00e1rio de Mato Grosso a iniciativa nasceu da compreens\u00e3o de que o Judici\u00e1rio deve estar ao lado da educa\u00e7\u00e3o e da sociedade, oferecendo respostas eficazes ao enfrentamento da viol\u00eancia e da evas\u00e3o escolar. Para a desembargadora Clarice Claudino da Silva, a Justi\u00e7a Restaurativa representa um novo modo de se relacionar e de olhar para o outro, promovendo a empatia, o respeito e a corresponsabilidade dentro das escolas.<\/p>\n<p>\u201cA Justi\u00e7a Restaurativa n\u00e3o busca culpados, mas oferece uma oportunidade de reformular valores por meio de uma comunica\u00e7\u00e3o n\u00e3o violenta e voltada para a compreens\u00e3o de si e do outro. Quando trabalhamos o di\u00e1logo, fortalecemos nossa humanidade, mesmo em condi\u00e7\u00f5es adversas\u201d, afirma a magistrada, que preside o N\u00facleo Gestor da Justi\u00e7a Restaurativa (NUGJUR).<\/p>\n<p>O sucesso, segundo ela, se deve ao espa\u00e7o estruturado de di\u00e1logo em que todos t\u00eam voz e s\u00e3o convidados a ouvir com aten\u00e7\u00e3o. \u201cEssa din\u00e2mica cria um ambiente acolhedor e democr\u00e1tico, no qual hist\u00f3rias e sentimentos podem ser compartilhados, permitindo que dores e conflitos sejam ressignificados, conclui Clarice.<\/p>\n","protected":false},"excerpt":{"rendered":"<p>\u00a0C\u00edrculos de Paz transformam rela\u00e7\u00f5es nas escolas p\u00fablicas de Mato Grosso. Parceria com o TJMT reflete o compromisso da rede estadual com o fortalecimento emocional da comunidade escolar. A Secretaria de Estado de Educa\u00e7\u00e3o de Mato Grosso (Seduc-MT) tem sido uma das principais parceiras do Poder Judici\u00e1rio na consolida\u00e7\u00e3o do Programa de Pacifica\u00e7\u00e3o nas Escolas. [&hellip;]<\/p>\n","protected":false},"author":2,"featured_media":12857,"comment_status":"closed","ping_status":"closed","sticky":false,"template":"","format":"standard","meta":{"iawp_total_views":5,"footnotes":""},"categories":[20],"tags":[],"class_list":["post-12856","post","type-post","status-publish","format-standard","has-post-thumbnail","hentry","category-educacao"],"yoast_head":"<!-- This site is optimized with the Yoast SEO plugin v27.3 - https:\/\/yoast.com\/product\/yoast-seo-wordpress\/ -->\n<title>\u201cAs pr\u00e1ticas restaurativas t\u00eam transformado o clima escolar\u201d &#8902; Blog da Condessa<\/title>\n<meta name=\"robots\" content=\"index, follow, max-snippet:-1, max-image-preview:large, max-video-preview:-1\" \/>\n<link rel=\"canonical\" href=\"https:\/\/blogdacondessa.com.br\/blog\/educacao\/as-praticas-restaurativas-tem-transformado-o-clima-escolar\/\" \/>\n<meta property=\"og:locale\" content=\"pt_BR\" \/>\n<meta property=\"og:type\" content=\"article\" \/>\n<meta property=\"og:title\" content=\"\u201cAs pr\u00e1ticas restaurativas t\u00eam transformado o clima escolar\u201d &#8902; Blog da Condessa\" \/>\n<meta property=\"og:description\" content=\"\u00a0C\u00edrculos de Paz transformam rela\u00e7\u00f5es nas escolas p\u00fablicas de Mato Grosso. Parceria com o TJMT reflete o compromisso da rede estadual com o fortalecimento emocional da comunidade escolar. A Secretaria de Estado de Educa\u00e7\u00e3o de Mato Grosso (Seduc-MT) tem sido uma das principais parceiras do Poder Judici\u00e1rio na consolida\u00e7\u00e3o do Programa de Pacifica\u00e7\u00e3o nas Escolas. [&hellip;]\" \/>\n<meta property=\"og:url\" content=\"https:\/\/blogdacondessa.com.br\/blog\/educacao\/as-praticas-restaurativas-tem-transformado-o-clima-escolar\/\" \/>\n<meta property=\"og:site_name\" content=\"Blog da Condessa\" \/>\n<meta property=\"article:published_time\" content=\"2025-10-01T09:00:36+00:00\" \/>\n<meta property=\"og:image\" content=\"https:\/\/blogdacondessa.com.br\/blog\/wp-content\/uploads\/2025\/09\/circulo-da-paz.jpg\" \/>\n\t<meta property=\"og:image:width\" content=\"1024\" \/>\n\t<meta property=\"og:image:height\" content=\"768\" \/>\n\t<meta property=\"og:image:type\" content=\"image\/jpeg\" \/>\n<meta name=\"author\" content=\"Blog da Condessa\" \/>\n<meta name=\"twitter:card\" content=\"summary_large_image\" \/>\n<meta name=\"twitter:label1\" content=\"Escrito por\" \/>\n\t<meta name=\"twitter:data1\" content=\"Blog da Condessa\" \/>\n\t<meta name=\"twitter:label2\" content=\"Est. tempo de leitura\" \/>\n\t<meta name=\"twitter:data2\" content=\"3 minutos\" \/>\n<script type=\"application\/ld+json\" class=\"yoast-schema-graph\">{\"@context\":\"https:\\\/\\\/schema.org\",\"@graph\":[{\"@type\":\"Article\",\"@id\":\"https:\\\/\\\/blogdacondessa.com.br\\\/blog\\\/educacao\\\/as-praticas-restaurativas-tem-transformado-o-clima-escolar\\\/#article\",\"isPartOf\":{\"@id\":\"https:\\\/\\\/blogdacondessa.com.br\\\/blog\\\/educacao\\\/as-praticas-restaurativas-tem-transformado-o-clima-escolar\\\/\"},\"author\":{\"name\":\"Blog da Condessa\",\"@id\":\"https:\\\/\\\/blogdacondessa.com.br\\\/blog\\\/#\\\/schema\\\/person\\\/1d667ff8b785195b568677489d266035\"},\"headline\":\"\u201cAs pr\u00e1ticas restaurativas t\u00eam transformado o clima escolar\u201d\",\"datePublished\":\"2025-10-01T09:00:36+00:00\",\"mainEntityOfPage\":{\"@id\":\"https:\\\/\\\/blogdacondessa.com.br\\\/blog\\\/educacao\\\/as-praticas-restaurativas-tem-transformado-o-clima-escolar\\\/\"},\"wordCount\":463,\"image\":{\"@id\":\"https:\\\/\\\/blogdacondessa.com.br\\\/blog\\\/educacao\\\/as-praticas-restaurativas-tem-transformado-o-clima-escolar\\\/#primaryimage\"},\"thumbnailUrl\":\"https:\\\/\\\/blogdacondessa.com.br\\\/blog\\\/wp-content\\\/uploads\\\/2025\\\/09\\\/circulo-da-paz.jpg\",\"articleSection\":[\"Educa\u00e7\u00e3o\"],\"inLanguage\":\"pt-BR\"},{\"@type\":\"WebPage\",\"@id\":\"https:\\\/\\\/blogdacondessa.com.br\\\/blog\\\/educacao\\\/as-praticas-restaurativas-tem-transformado-o-clima-escolar\\\/\",\"url\":\"https:\\\/\\\/blogdacondessa.com.br\\\/blog\\\/educacao\\\/as-praticas-restaurativas-tem-transformado-o-clima-escolar\\\/\",\"name\":\"\u201cAs pr\u00e1ticas restaurativas t\u00eam transformado o clima escolar\u201d &#8902; Blog da Condessa\",\"isPartOf\":{\"@id\":\"https:\\\/\\\/blogdacondessa.com.br\\\/blog\\\/#website\"},\"primaryImageOfPage\":{\"@id\":\"https:\\\/\\\/blogdacondessa.com.br\\\/blog\\\/educacao\\\/as-praticas-restaurativas-tem-transformado-o-clima-escolar\\\/#primaryimage\"},\"image\":{\"@id\":\"https:\\\/\\\/blogdacondessa.com.br\\\/blog\\\/educacao\\\/as-praticas-restaurativas-tem-transformado-o-clima-escolar\\\/#primaryimage\"},\"thumbnailUrl\":\"https:\\\/\\\/blogdacondessa.com.br\\\/blog\\\/wp-content\\\/uploads\\\/2025\\\/09\\\/circulo-da-paz.jpg\",\"datePublished\":\"2025-10-01T09:00:36+00:00\",\"author\":{\"@id\":\"https:\\\/\\\/blogdacondessa.com.br\\\/blog\\\/#\\\/schema\\\/person\\\/1d667ff8b785195b568677489d266035\"},\"breadcrumb\":{\"@id\":\"https:\\\/\\\/blogdacondessa.com.br\\\/blog\\\/educacao\\\/as-praticas-restaurativas-tem-transformado-o-clima-escolar\\\/#breadcrumb\"},\"inLanguage\":\"pt-BR\",\"potentialAction\":[{\"@type\":\"ReadAction\",\"target\":[\"https:\\\/\\\/blogdacondessa.com.br\\\/blog\\\/educacao\\\/as-praticas-restaurativas-tem-transformado-o-clima-escolar\\\/\"]}]},{\"@type\":\"ImageObject\",\"inLanguage\":\"pt-BR\",\"@id\":\"https:\\\/\\\/blogdacondessa.com.br\\\/blog\\\/educacao\\\/as-praticas-restaurativas-tem-transformado-o-clima-escolar\\\/#primaryimage\",\"url\":\"https:\\\/\\\/blogdacondessa.com.br\\\/blog\\\/wp-content\\\/uploads\\\/2025\\\/09\\\/circulo-da-paz.jpg\",\"contentUrl\":\"https:\\\/\\\/blogdacondessa.com.br\\\/blog\\\/wp-content\\\/uploads\\\/2025\\\/09\\\/circulo-da-paz.jpg\",\"width\":1024,\"height\":768,\"caption\":\"Foto: Rodrigo Fonseca | Seduc-MT\"},{\"@type\":\"BreadcrumbList\",\"@id\":\"https:\\\/\\\/blogdacondessa.com.br\\\/blog\\\/educacao\\\/as-praticas-restaurativas-tem-transformado-o-clima-escolar\\\/#breadcrumb\",\"itemListElement\":[{\"@type\":\"ListItem\",\"position\":1,\"name\":\"In\u00edcio\",\"item\":\"https:\\\/\\\/blogdacondessa.com.br\\\/blog\\\/\"},{\"@type\":\"ListItem\",\"position\":2,\"name\":\"\u201cAs pr\u00e1ticas restaurativas t\u00eam transformado o clima escolar\u201d\"}]},{\"@type\":\"WebSite\",\"@id\":\"https:\\\/\\\/blogdacondessa.com.br\\\/blog\\\/#website\",\"url\":\"https:\\\/\\\/blogdacondessa.com.br\\\/blog\\\/\",\"name\":\"Blog da Condessa\",\"description\":\"Com Shirley de Souza O\u2019Campos\",\"potentialAction\":[{\"@type\":\"SearchAction\",\"target\":{\"@type\":\"EntryPoint\",\"urlTemplate\":\"https:\\\/\\\/blogdacondessa.com.br\\\/blog\\\/?s={search_term_string}\"},\"query-input\":{\"@type\":\"PropertyValueSpecification\",\"valueRequired\":true,\"valueName\":\"search_term_string\"}}],\"inLanguage\":\"pt-BR\"},{\"@type\":\"Person\",\"@id\":\"https:\\\/\\\/blogdacondessa.com.br\\\/blog\\\/#\\\/schema\\\/person\\\/1d667ff8b785195b568677489d266035\",\"name\":\"Blog da Condessa\",\"image\":{\"@type\":\"ImageObject\",\"inLanguage\":\"pt-BR\",\"@id\":\"https:\\\/\\\/secure.gravatar.com\\\/avatar\\\/377c0eb8b4ad2bfc25461b41564b5971e721ca34a57642868fc7b0c8ac7b52c5?s=96&d=mm&r=g\",\"url\":\"https:\\\/\\\/secure.gravatar.com\\\/avatar\\\/377c0eb8b4ad2bfc25461b41564b5971e721ca34a57642868fc7b0c8ac7b52c5?s=96&d=mm&r=g\",\"contentUrl\":\"https:\\\/\\\/secure.gravatar.com\\\/avatar\\\/377c0eb8b4ad2bfc25461b41564b5971e721ca34a57642868fc7b0c8ac7b52c5?s=96&d=mm&r=g\",\"caption\":\"Blog da Condessa\"},\"url\":\"https:\\\/\\\/blogdacondessa.com.br\\\/blog\\\/author\\\/beatriz\\\/\"}]}<\/script>\n<!-- \/ Yoast SEO plugin. -->","yoast_head_json":{"title":"\u201cAs pr\u00e1ticas restaurativas t\u00eam transformado o clima escolar\u201d &#8902; Blog da Condessa","robots":{"index":"index","follow":"follow","max-snippet":"max-snippet:-1","max-image-preview":"max-image-preview:large","max-video-preview":"max-video-preview:-1"},"canonical":"https:\/\/blogdacondessa.com.br\/blog\/educacao\/as-praticas-restaurativas-tem-transformado-o-clima-escolar\/","og_locale":"pt_BR","og_type":"article","og_title":"\u201cAs pr\u00e1ticas restaurativas t\u00eam transformado o clima escolar\u201d &#8902; Blog da Condessa","og_description":"\u00a0C\u00edrculos de Paz transformam rela\u00e7\u00f5es nas escolas p\u00fablicas de Mato Grosso. Parceria com o TJMT reflete o compromisso da rede estadual com o fortalecimento emocional da comunidade escolar. A Secretaria de Estado de Educa\u00e7\u00e3o de Mato Grosso (Seduc-MT) tem sido uma das principais parceiras do Poder Judici\u00e1rio na consolida\u00e7\u00e3o do Programa de Pacifica\u00e7\u00e3o nas Escolas. [&hellip;]","og_url":"https:\/\/blogdacondessa.com.br\/blog\/educacao\/as-praticas-restaurativas-tem-transformado-o-clima-escolar\/","og_site_name":"Blog da Condessa","article_published_time":"2025-10-01T09:00:36+00:00","og_image":[{"width":1024,"height":768,"url":"https:\/\/blogdacondessa.com.br\/blog\/wp-content\/uploads\/2025\/09\/circulo-da-paz.jpg","type":"image\/jpeg"}],"author":"Blog da Condessa","twitter_card":"summary_large_image","twitter_misc":{"Escrito por":"Blog da Condessa","Est. tempo de leitura":"3 minutos"},"schema":{"@context":"https:\/\/schema.org","@graph":[{"@type":"Article","@id":"https:\/\/blogdacondessa.com.br\/blog\/educacao\/as-praticas-restaurativas-tem-transformado-o-clima-escolar\/#article","isPartOf":{"@id":"https:\/\/blogdacondessa.com.br\/blog\/educacao\/as-praticas-restaurativas-tem-transformado-o-clima-escolar\/"},"author":{"name":"Blog da Condessa","@id":"https:\/\/blogdacondessa.com.br\/blog\/#\/schema\/person\/1d667ff8b785195b568677489d266035"},"headline":"\u201cAs pr\u00e1ticas restaurativas t\u00eam transformado o clima escolar\u201d","datePublished":"2025-10-01T09:00:36+00:00","mainEntityOfPage":{"@id":"https:\/\/blogdacondessa.com.br\/blog\/educacao\/as-praticas-restaurativas-tem-transformado-o-clima-escolar\/"},"wordCount":463,"image":{"@id":"https:\/\/blogdacondessa.com.br\/blog\/educacao\/as-praticas-restaurativas-tem-transformado-o-clima-escolar\/#primaryimage"},"thumbnailUrl":"https:\/\/blogdacondessa.com.br\/blog\/wp-content\/uploads\/2025\/09\/circulo-da-paz.jpg","articleSection":["Educa\u00e7\u00e3o"],"inLanguage":"pt-BR"},{"@type":"WebPage","@id":"https:\/\/blogdacondessa.com.br\/blog\/educacao\/as-praticas-restaurativas-tem-transformado-o-clima-escolar\/","url":"https:\/\/blogdacondessa.com.br\/blog\/educacao\/as-praticas-restaurativas-tem-transformado-o-clima-escolar\/","name":"\u201cAs pr\u00e1ticas restaurativas t\u00eam transformado o clima escolar\u201d &#8902; Blog da Condessa","isPartOf":{"@id":"https:\/\/blogdacondessa.com.br\/blog\/#website"},"primaryImageOfPage":{"@id":"https:\/\/blogdacondessa.com.br\/blog\/educacao\/as-praticas-restaurativas-tem-transformado-o-clima-escolar\/#primaryimage"},"image":{"@id":"https:\/\/blogdacondessa.com.br\/blog\/educacao\/as-praticas-restaurativas-tem-transformado-o-clima-escolar\/#primaryimage"},"thumbnailUrl":"https:\/\/blogdacondessa.com.br\/blog\/wp-content\/uploads\/2025\/09\/circulo-da-paz.jpg","datePublished":"2025-10-01T09:00:36+00:00","author":{"@id":"https:\/\/blogdacondessa.com.br\/blog\/#\/schema\/person\/1d667ff8b785195b568677489d266035"},"breadcrumb":{"@id":"https:\/\/blogdacondessa.com.br\/blog\/educacao\/as-praticas-restaurativas-tem-transformado-o-clima-escolar\/#breadcrumb"},"inLanguage":"pt-BR","potentialAction":[{"@type":"ReadAction","target":["https:\/\/blogdacondessa.com.br\/blog\/educacao\/as-praticas-restaurativas-tem-transformado-o-clima-escolar\/"]}]},{"@type":"ImageObject","inLanguage":"pt-BR","@id":"https:\/\/blogdacondessa.com.br\/blog\/educacao\/as-praticas-restaurativas-tem-transformado-o-clima-escolar\/#primaryimage","url":"https:\/\/blogdacondessa.com.br\/blog\/wp-content\/uploads\/2025\/09\/circulo-da-paz.jpg","contentUrl":"https:\/\/blogdacondessa.com.br\/blog\/wp-content\/uploads\/2025\/09\/circulo-da-paz.jpg","width":1024,"height":768,"caption":"Foto: Rodrigo Fonseca | Seduc-MT"},{"@type":"BreadcrumbList","@id":"https:\/\/blogdacondessa.com.br\/blog\/educacao\/as-praticas-restaurativas-tem-transformado-o-clima-escolar\/#breadcrumb","itemListElement":[{"@type":"ListItem","position":1,"name":"In\u00edcio","item":"https:\/\/blogdacondessa.com.br\/blog\/"},{"@type":"ListItem","position":2,"name":"\u201cAs pr\u00e1ticas restaurativas t\u00eam transformado o clima escolar\u201d"}]},{"@type":"WebSite","@id":"https:\/\/blogdacondessa.com.br\/blog\/#website","url":"https:\/\/blogdacondessa.com.br\/blog\/","name":"Blog da Condessa","description":"Com Shirley de Souza O\u2019Campos","potentialAction":[{"@type":"SearchAction","target":{"@type":"EntryPoint","urlTemplate":"https:\/\/blogdacondessa.com.br\/blog\/?s={search_term_string}"},"query-input":{"@type":"PropertyValueSpecification","valueRequired":true,"valueName":"search_term_string"}}],"inLanguage":"pt-BR"},{"@type":"Person","@id":"https:\/\/blogdacondessa.com.br\/blog\/#\/schema\/person\/1d667ff8b785195b568677489d266035","name":"Blog da Condessa","image":{"@type":"ImageObject","inLanguage":"pt-BR","@id":"https:\/\/secure.gravatar.com\/avatar\/377c0eb8b4ad2bfc25461b41564b5971e721ca34a57642868fc7b0c8ac7b52c5?s=96&d=mm&r=g","url":"https:\/\/secure.gravatar.com\/avatar\/377c0eb8b4ad2bfc25461b41564b5971e721ca34a57642868fc7b0c8ac7b52c5?s=96&d=mm&r=g","contentUrl":"https:\/\/secure.gravatar.com\/avatar\/377c0eb8b4ad2bfc25461b41564b5971e721ca34a57642868fc7b0c8ac7b52c5?s=96&d=mm&r=g","caption":"Blog da Condessa"},"url":"https:\/\/blogdacondessa.com.br\/blog\/author\/beatriz\/"}]}},"_links":{"self":[{"href":"https:\/\/blogdacondessa.com.br\/blog\/wp-json\/wp\/v2\/posts\/12856","targetHints":{"allow":["GET"]}}],"collection":[{"href":"https:\/\/blogdacondessa.com.br\/blog\/wp-json\/wp\/v2\/posts"}],"about":[{"href":"https:\/\/blogdacondessa.com.br\/blog\/wp-json\/wp\/v2\/types\/post"}],"author":[{"embeddable":true,"href":"https:\/\/blogdacondessa.com.br\/blog\/wp-json\/wp\/v2\/users\/2"}],"replies":[{"embeddable":true,"href":"https:\/\/blogdacondessa.com.br\/blog\/wp-json\/wp\/v2\/comments?post=12856"}],"version-history":[{"count":1,"href":"https:\/\/blogdacondessa.com.br\/blog\/wp-json\/wp\/v2\/posts\/12856\/revisions"}],"predecessor-version":[{"id":12858,"href":"https:\/\/blogdacondessa.com.br\/blog\/wp-json\/wp\/v2\/posts\/12856\/revisions\/12858"}],"wp:featuredmedia":[{"embeddable":true,"href":"https:\/\/blogdacondessa.com.br\/blog\/wp-json\/wp\/v2\/media\/12857"}],"wp:attachment":[{"href":"https:\/\/blogdacondessa.com.br\/blog\/wp-json\/wp\/v2\/media?parent=12856"}],"wp:term":[{"taxonomy":"category","embeddable":true,"href":"https:\/\/blogdacondessa.com.br\/blog\/wp-json\/wp\/v2\/categories?post=12856"},{"taxonomy":"post_tag","embeddable":true,"href":"https:\/\/blogdacondessa.com.br\/blog\/wp-json\/wp\/v2\/tags?post=12856"}],"curies":[{"name":"wp","href":"https:\/\/api.w.org\/{rel}","templated":true}]}}