{"id":12853,"date":"2025-09-30T05:00:28","date_gmt":"2025-09-30T09:00:28","guid":{"rendered":"https:\/\/blogdacondessa.com.br\/blog\/?p=12853"},"modified":"2025-09-29T19:42:27","modified_gmt":"2025-09-29T23:42:27","slug":"clinicas-odontologicas-populares-uma-alternativa-acessivel-para-transformar-a-saude-bucal","status":"publish","type":"post","link":"https:\/\/blogdacondessa.com.br\/blog\/saude\/clinicas-odontologicas-populares-uma-alternativa-acessivel-para-transformar-a-saude-bucal\/","title":{"rendered":"Cl\u00ednicas odontol\u00f3gicas populares: uma alternativa acess\u00edvel para transformar a sa\u00fade bucal"},"content":{"rendered":"<p>O acesso \u00e0 sa\u00fade bucal ainda \u00e9 um dos grandes desafios enfrentados pela popula\u00e7\u00e3o mato-grossense, sobretudo pelas camadas mais vulner\u00e1veis da sociedade. A barreira financeira continua sendo o principal obst\u00e1culo para que milhares de pessoas realizem tratamentos odontol\u00f3gicos e previnam doen\u00e7as que comprometem n\u00e3o apenas a est\u00e9tica, mas tamb\u00e9m a qualidade de vida.<\/p>\n<p>A falta de acesso a cuidados de qualidade faz com que grande parte da popula\u00e7\u00e3o desenvolva doen\u00e7as bucais de forma silenciosa. Entre elas, o c\u00e2ncer de boca \u00e9 um dos principais problemas de sa\u00fade no Brasil e, em Mato Grosso, tem se tornado motivo de aten\u00e7\u00e3o especial. Segundo o Instituto Nacional de C\u00e2ncer (INCA), em 2023 o estado registrou cerca de 230 novos casos da doen\u00e7a, a maioria diagnosticada tardiamente.<\/p>\n<p>Esse diagn\u00f3stico tardio reduz as chances de cura e compromete o tratamento. Essa realidade \u00e9 agravada pela dificuldade de acesso a servi\u00e7os especializados, principalmente entre pessoas com menor poder aquisitivo, que muitas vezes n\u00e3o conseguem realizar consultas preventivas ou identificar precocemente les\u00f5es suspeitas.<\/p>\n<p>Nesse contexto, o papel das cl\u00ednicas populares ultrapassa a esfera cl\u00ednica e se torna uma contribui\u00e7\u00e3o social de grande relev\u00e2ncia. Essas unidades funcionam como porta de entrada fundamental para a detec\u00e7\u00e3o precoce do c\u00e2ncer de boca, ajudando a reduzir desigualdades em sa\u00fade e a salvar vidas por meio do diagn\u00f3stico antecipado. Mas n\u00e3o \u00e9 apenas do c\u00e2ncer que estamos falando: problemas bucais comuns tamb\u00e9m impactam diretamente na alimenta\u00e7\u00e3o, na autoestima e at\u00e9 nas oportunidades de trabalho.<\/p>\n<p>\u00c9 a\u00ed que entram as cl\u00ednicas odontol\u00f3gicas populares: acess\u00edveis, resolutivas e comprometidas em democratizar o atendimento. Elas oferecem \u00e0 popula\u00e7\u00e3o uma alternativa vi\u00e1vel para quem n\u00e3o tem condi\u00e7\u00f5es de arcar com os altos custos das cl\u00ednicas particulares tradicionais e n\u00e3o pode esperar meses por atendimento no SUS. A proposta \u00e9 simples, mas de impacto profundo: garantir que cada paciente tenha sua necessidade atendida de forma imediata e definitiva, indo al\u00e9m do atendimento paliativo.<\/p>\n<p>Se antes o cuidado odontol\u00f3gico era visto como privil\u00e9gio, hoje as cl\u00ednicas populares ajudam a transformar essa realidade, tornando o sorriso saud\u00e1vel uma possibilidade para todos. Mais do que um modelo de neg\u00f3cio, elas representam uma mudan\u00e7a necess\u00e1ria para que a sa\u00fade bucal seja compreendida como direito b\u00e1sico, e n\u00e3o como luxo. Ao oferecer servi\u00e7os de qualidade a pre\u00e7os acess\u00edveis, essas cl\u00ednicas reduzem desigualdades, aliviam a press\u00e3o sobre o sistema p\u00fablico e devolvem qualidade de vida a quem mais precisa.<\/p>\n<p>Na FEB Odonto da Carmindo de Campos, por exemplo, o atendimento \u00e9 diversificado e contempla desde procedimentos est\u00e9ticos e ortod\u00f4nticos at\u00e9 urg\u00eancias e odontopediatria. O diferencial est\u00e1 na combina\u00e7\u00e3o entre qualidade e valor acess\u00edvel, permitindo que pessoas que antes viviam sem alternativas possam cuidar da sa\u00fade bucal com dignidade. Nosso objetivo, enquanto cl\u00ednica popular, \u00e9 oferecer \u00e0 popula\u00e7\u00e3o socialmente vulner\u00e1vel acesso a um servi\u00e7o capaz de transformar sua realidade, e \u00e9 isso que temos conseguido, diariamente.<\/p>\n<p><strong><em>*Leila M\u00e1rcia Corr\u00eaa, gerente administrativa da Odonto FEB Carmindo de Campos<\/em><\/strong><\/p>\n<p>&nbsp;<\/p>\n","protected":false},"excerpt":{"rendered":"<p>O acesso \u00e0 sa\u00fade bucal ainda \u00e9 um dos grandes desafios enfrentados pela popula\u00e7\u00e3o mato-grossense, sobretudo pelas camadas mais vulner\u00e1veis da sociedade. A barreira financeira continua sendo o principal obst\u00e1culo para que milhares de pessoas realizem tratamentos odontol\u00f3gicos e previnam doen\u00e7as que comprometem n\u00e3o apenas a est\u00e9tica, mas tamb\u00e9m a qualidade de vida. A falta [&hellip;]<\/p>\n","protected":false},"author":2,"featured_media":12854,"comment_status":"closed","ping_status":"closed","sticky":false,"template":"","format":"standard","meta":{"iawp_total_views":6,"footnotes":""},"categories":[5],"tags":[],"class_list":["post-12853","post","type-post","status-publish","format-standard","has-post-thumbnail","hentry","category-saude"],"yoast_head":"<!-- This site is optimized with the Yoast SEO plugin v27.3 - https:\/\/yoast.com\/product\/yoast-seo-wordpress\/ -->\n<title>Cl\u00ednicas odontol\u00f3gicas populares: uma alternativa acess\u00edvel para transformar a sa\u00fade bucal &#8902; Blog da Condessa<\/title>\n<meta name=\"robots\" content=\"index, follow, max-snippet:-1, max-image-preview:large, max-video-preview:-1\" \/>\n<link rel=\"canonical\" href=\"https:\/\/blogdacondessa.com.br\/blog\/saude\/clinicas-odontologicas-populares-uma-alternativa-acessivel-para-transformar-a-saude-bucal\/\" \/>\n<meta property=\"og:locale\" content=\"pt_BR\" \/>\n<meta property=\"og:type\" content=\"article\" \/>\n<meta property=\"og:title\" content=\"Cl\u00ednicas odontol\u00f3gicas populares: uma alternativa acess\u00edvel para transformar a sa\u00fade bucal &#8902; Blog da Condessa\" \/>\n<meta property=\"og:description\" content=\"O acesso \u00e0 sa\u00fade bucal ainda \u00e9 um dos grandes desafios enfrentados pela popula\u00e7\u00e3o mato-grossense, sobretudo pelas camadas mais vulner\u00e1veis da sociedade. A barreira financeira continua sendo o principal obst\u00e1culo para que milhares de pessoas realizem tratamentos odontol\u00f3gicos e previnam doen\u00e7as que comprometem n\u00e3o apenas a est\u00e9tica, mas tamb\u00e9m a qualidade de vida. A falta [&hellip;]\" \/>\n<meta property=\"og:url\" content=\"https:\/\/blogdacondessa.com.br\/blog\/saude\/clinicas-odontologicas-populares-uma-alternativa-acessivel-para-transformar-a-saude-bucal\/\" \/>\n<meta property=\"og:site_name\" content=\"Blog da Condessa\" \/>\n<meta property=\"article:published_time\" content=\"2025-09-30T09:00:28+00:00\" \/>\n<meta property=\"og:image\" content=\"https:\/\/blogdacondessa.com.br\/blog\/wp-content\/uploads\/2025\/09\/Leila.jpeg\" \/>\n\t<meta property=\"og:image:width\" content=\"960\" \/>\n\t<meta property=\"og:image:height\" content=\"1280\" \/>\n\t<meta property=\"og:image:type\" content=\"image\/jpeg\" \/>\n<meta name=\"author\" content=\"Blog da Condessa\" \/>\n<meta name=\"twitter:card\" content=\"summary_large_image\" \/>\n<meta name=\"twitter:label1\" content=\"Escrito por\" \/>\n\t<meta name=\"twitter:data1\" content=\"Blog da Condessa\" \/>\n\t<meta name=\"twitter:label2\" content=\"Est. tempo de leitura\" \/>\n\t<meta name=\"twitter:data2\" content=\"3 minutos\" \/>\n<script type=\"application\/ld+json\" class=\"yoast-schema-graph\">{\"@context\":\"https:\\\/\\\/schema.org\",\"@graph\":[{\"@type\":\"Article\",\"@id\":\"https:\\\/\\\/blogdacondessa.com.br\\\/blog\\\/saude\\\/clinicas-odontologicas-populares-uma-alternativa-acessivel-para-transformar-a-saude-bucal\\\/#article\",\"isPartOf\":{\"@id\":\"https:\\\/\\\/blogdacondessa.com.br\\\/blog\\\/saude\\\/clinicas-odontologicas-populares-uma-alternativa-acessivel-para-transformar-a-saude-bucal\\\/\"},\"author\":{\"name\":\"Blog da Condessa\",\"@id\":\"https:\\\/\\\/blogdacondessa.com.br\\\/blog\\\/#\\\/schema\\\/person\\\/1d667ff8b785195b568677489d266035\"},\"headline\":\"Cl\u00ednicas odontol\u00f3gicas populares: uma alternativa acess\u00edvel para transformar a sa\u00fade bucal\",\"datePublished\":\"2025-09-30T09:00:28+00:00\",\"mainEntityOfPage\":{\"@id\":\"https:\\\/\\\/blogdacondessa.com.br\\\/blog\\\/saude\\\/clinicas-odontologicas-populares-uma-alternativa-acessivel-para-transformar-a-saude-bucal\\\/\"},\"wordCount\":554,\"image\":{\"@id\":\"https:\\\/\\\/blogdacondessa.com.br\\\/blog\\\/saude\\\/clinicas-odontologicas-populares-uma-alternativa-acessivel-para-transformar-a-saude-bucal\\\/#primaryimage\"},\"thumbnailUrl\":\"https:\\\/\\\/blogdacondessa.com.br\\\/blog\\\/wp-content\\\/uploads\\\/2025\\\/09\\\/Leila.jpeg\",\"articleSection\":[\"Sa\u00fade\"],\"inLanguage\":\"pt-BR\"},{\"@type\":\"WebPage\",\"@id\":\"https:\\\/\\\/blogdacondessa.com.br\\\/blog\\\/saude\\\/clinicas-odontologicas-populares-uma-alternativa-acessivel-para-transformar-a-saude-bucal\\\/\",\"url\":\"https:\\\/\\\/blogdacondessa.com.br\\\/blog\\\/saude\\\/clinicas-odontologicas-populares-uma-alternativa-acessivel-para-transformar-a-saude-bucal\\\/\",\"name\":\"Cl\u00ednicas odontol\u00f3gicas populares: uma alternativa acess\u00edvel para transformar a sa\u00fade bucal &#8902; Blog da Condessa\",\"isPartOf\":{\"@id\":\"https:\\\/\\\/blogdacondessa.com.br\\\/blog\\\/#website\"},\"primaryImageOfPage\":{\"@id\":\"https:\\\/\\\/blogdacondessa.com.br\\\/blog\\\/saude\\\/clinicas-odontologicas-populares-uma-alternativa-acessivel-para-transformar-a-saude-bucal\\\/#primaryimage\"},\"image\":{\"@id\":\"https:\\\/\\\/blogdacondessa.com.br\\\/blog\\\/saude\\\/clinicas-odontologicas-populares-uma-alternativa-acessivel-para-transformar-a-saude-bucal\\\/#primaryimage\"},\"thumbnailUrl\":\"https:\\\/\\\/blogdacondessa.com.br\\\/blog\\\/wp-content\\\/uploads\\\/2025\\\/09\\\/Leila.jpeg\",\"datePublished\":\"2025-09-30T09:00:28+00:00\",\"author\":{\"@id\":\"https:\\\/\\\/blogdacondessa.com.br\\\/blog\\\/#\\\/schema\\\/person\\\/1d667ff8b785195b568677489d266035\"},\"breadcrumb\":{\"@id\":\"https:\\\/\\\/blogdacondessa.com.br\\\/blog\\\/saude\\\/clinicas-odontologicas-populares-uma-alternativa-acessivel-para-transformar-a-saude-bucal\\\/#breadcrumb\"},\"inLanguage\":\"pt-BR\",\"potentialAction\":[{\"@type\":\"ReadAction\",\"target\":[\"https:\\\/\\\/blogdacondessa.com.br\\\/blog\\\/saude\\\/clinicas-odontologicas-populares-uma-alternativa-acessivel-para-transformar-a-saude-bucal\\\/\"]}]},{\"@type\":\"ImageObject\",\"inLanguage\":\"pt-BR\",\"@id\":\"https:\\\/\\\/blogdacondessa.com.br\\\/blog\\\/saude\\\/clinicas-odontologicas-populares-uma-alternativa-acessivel-para-transformar-a-saude-bucal\\\/#primaryimage\",\"url\":\"https:\\\/\\\/blogdacondessa.com.br\\\/blog\\\/wp-content\\\/uploads\\\/2025\\\/09\\\/Leila.jpeg\",\"contentUrl\":\"https:\\\/\\\/blogdacondessa.com.br\\\/blog\\\/wp-content\\\/uploads\\\/2025\\\/09\\\/Leila.jpeg\",\"width\":960,\"height\":1280},{\"@type\":\"BreadcrumbList\",\"@id\":\"https:\\\/\\\/blogdacondessa.com.br\\\/blog\\\/saude\\\/clinicas-odontologicas-populares-uma-alternativa-acessivel-para-transformar-a-saude-bucal\\\/#breadcrumb\",\"itemListElement\":[{\"@type\":\"ListItem\",\"position\":1,\"name\":\"In\u00edcio\",\"item\":\"https:\\\/\\\/blogdacondessa.com.br\\\/blog\\\/\"},{\"@type\":\"ListItem\",\"position\":2,\"name\":\"Cl\u00ednicas odontol\u00f3gicas populares: uma alternativa acess\u00edvel para transformar a sa\u00fade bucal\"}]},{\"@type\":\"WebSite\",\"@id\":\"https:\\\/\\\/blogdacondessa.com.br\\\/blog\\\/#website\",\"url\":\"https:\\\/\\\/blogdacondessa.com.br\\\/blog\\\/\",\"name\":\"Blog da Condessa\",\"description\":\"Com Shirley de Souza O\u2019Campos\",\"potentialAction\":[{\"@type\":\"SearchAction\",\"target\":{\"@type\":\"EntryPoint\",\"urlTemplate\":\"https:\\\/\\\/blogdacondessa.com.br\\\/blog\\\/?s={search_term_string}\"},\"query-input\":{\"@type\":\"PropertyValueSpecification\",\"valueRequired\":true,\"valueName\":\"search_term_string\"}}],\"inLanguage\":\"pt-BR\"},{\"@type\":\"Person\",\"@id\":\"https:\\\/\\\/blogdacondessa.com.br\\\/blog\\\/#\\\/schema\\\/person\\\/1d667ff8b785195b568677489d266035\",\"name\":\"Blog da Condessa\",\"image\":{\"@type\":\"ImageObject\",\"inLanguage\":\"pt-BR\",\"@id\":\"https:\\\/\\\/secure.gravatar.com\\\/avatar\\\/377c0eb8b4ad2bfc25461b41564b5971e721ca34a57642868fc7b0c8ac7b52c5?s=96&d=mm&r=g\",\"url\":\"https:\\\/\\\/secure.gravatar.com\\\/avatar\\\/377c0eb8b4ad2bfc25461b41564b5971e721ca34a57642868fc7b0c8ac7b52c5?s=96&d=mm&r=g\",\"contentUrl\":\"https:\\\/\\\/secure.gravatar.com\\\/avatar\\\/377c0eb8b4ad2bfc25461b41564b5971e721ca34a57642868fc7b0c8ac7b52c5?s=96&d=mm&r=g\",\"caption\":\"Blog da Condessa\"},\"url\":\"https:\\\/\\\/blogdacondessa.com.br\\\/blog\\\/author\\\/beatriz\\\/\"}]}<\/script>\n<!-- \/ Yoast SEO plugin. -->","yoast_head_json":{"title":"Cl\u00ednicas odontol\u00f3gicas populares: uma alternativa acess\u00edvel para transformar a sa\u00fade bucal &#8902; Blog da Condessa","robots":{"index":"index","follow":"follow","max-snippet":"max-snippet:-1","max-image-preview":"max-image-preview:large","max-video-preview":"max-video-preview:-1"},"canonical":"https:\/\/blogdacondessa.com.br\/blog\/saude\/clinicas-odontologicas-populares-uma-alternativa-acessivel-para-transformar-a-saude-bucal\/","og_locale":"pt_BR","og_type":"article","og_title":"Cl\u00ednicas odontol\u00f3gicas populares: uma alternativa acess\u00edvel para transformar a sa\u00fade bucal &#8902; Blog da Condessa","og_description":"O acesso \u00e0 sa\u00fade bucal ainda \u00e9 um dos grandes desafios enfrentados pela popula\u00e7\u00e3o mato-grossense, sobretudo pelas camadas mais vulner\u00e1veis da sociedade. A barreira financeira continua sendo o principal obst\u00e1culo para que milhares de pessoas realizem tratamentos odontol\u00f3gicos e previnam doen\u00e7as que comprometem n\u00e3o apenas a est\u00e9tica, mas tamb\u00e9m a qualidade de vida. A falta [&hellip;]","og_url":"https:\/\/blogdacondessa.com.br\/blog\/saude\/clinicas-odontologicas-populares-uma-alternativa-acessivel-para-transformar-a-saude-bucal\/","og_site_name":"Blog da Condessa","article_published_time":"2025-09-30T09:00:28+00:00","og_image":[{"width":960,"height":1280,"url":"https:\/\/blogdacondessa.com.br\/blog\/wp-content\/uploads\/2025\/09\/Leila.jpeg","type":"image\/jpeg"}],"author":"Blog da Condessa","twitter_card":"summary_large_image","twitter_misc":{"Escrito por":"Blog da Condessa","Est. tempo de leitura":"3 minutos"},"schema":{"@context":"https:\/\/schema.org","@graph":[{"@type":"Article","@id":"https:\/\/blogdacondessa.com.br\/blog\/saude\/clinicas-odontologicas-populares-uma-alternativa-acessivel-para-transformar-a-saude-bucal\/#article","isPartOf":{"@id":"https:\/\/blogdacondessa.com.br\/blog\/saude\/clinicas-odontologicas-populares-uma-alternativa-acessivel-para-transformar-a-saude-bucal\/"},"author":{"name":"Blog da Condessa","@id":"https:\/\/blogdacondessa.com.br\/blog\/#\/schema\/person\/1d667ff8b785195b568677489d266035"},"headline":"Cl\u00ednicas odontol\u00f3gicas populares: uma alternativa acess\u00edvel para transformar a sa\u00fade bucal","datePublished":"2025-09-30T09:00:28+00:00","mainEntityOfPage":{"@id":"https:\/\/blogdacondessa.com.br\/blog\/saude\/clinicas-odontologicas-populares-uma-alternativa-acessivel-para-transformar-a-saude-bucal\/"},"wordCount":554,"image":{"@id":"https:\/\/blogdacondessa.com.br\/blog\/saude\/clinicas-odontologicas-populares-uma-alternativa-acessivel-para-transformar-a-saude-bucal\/#primaryimage"},"thumbnailUrl":"https:\/\/blogdacondessa.com.br\/blog\/wp-content\/uploads\/2025\/09\/Leila.jpeg","articleSection":["Sa\u00fade"],"inLanguage":"pt-BR"},{"@type":"WebPage","@id":"https:\/\/blogdacondessa.com.br\/blog\/saude\/clinicas-odontologicas-populares-uma-alternativa-acessivel-para-transformar-a-saude-bucal\/","url":"https:\/\/blogdacondessa.com.br\/blog\/saude\/clinicas-odontologicas-populares-uma-alternativa-acessivel-para-transformar-a-saude-bucal\/","name":"Cl\u00ednicas odontol\u00f3gicas populares: uma alternativa acess\u00edvel para transformar a sa\u00fade bucal &#8902; Blog da Condessa","isPartOf":{"@id":"https:\/\/blogdacondessa.com.br\/blog\/#website"},"primaryImageOfPage":{"@id":"https:\/\/blogdacondessa.com.br\/blog\/saude\/clinicas-odontologicas-populares-uma-alternativa-acessivel-para-transformar-a-saude-bucal\/#primaryimage"},"image":{"@id":"https:\/\/blogdacondessa.com.br\/blog\/saude\/clinicas-odontologicas-populares-uma-alternativa-acessivel-para-transformar-a-saude-bucal\/#primaryimage"},"thumbnailUrl":"https:\/\/blogdacondessa.com.br\/blog\/wp-content\/uploads\/2025\/09\/Leila.jpeg","datePublished":"2025-09-30T09:00:28+00:00","author":{"@id":"https:\/\/blogdacondessa.com.br\/blog\/#\/schema\/person\/1d667ff8b785195b568677489d266035"},"breadcrumb":{"@id":"https:\/\/blogdacondessa.com.br\/blog\/saude\/clinicas-odontologicas-populares-uma-alternativa-acessivel-para-transformar-a-saude-bucal\/#breadcrumb"},"inLanguage":"pt-BR","potentialAction":[{"@type":"ReadAction","target":["https:\/\/blogdacondessa.com.br\/blog\/saude\/clinicas-odontologicas-populares-uma-alternativa-acessivel-para-transformar-a-saude-bucal\/"]}]},{"@type":"ImageObject","inLanguage":"pt-BR","@id":"https:\/\/blogdacondessa.com.br\/blog\/saude\/clinicas-odontologicas-populares-uma-alternativa-acessivel-para-transformar-a-saude-bucal\/#primaryimage","url":"https:\/\/blogdacondessa.com.br\/blog\/wp-content\/uploads\/2025\/09\/Leila.jpeg","contentUrl":"https:\/\/blogdacondessa.com.br\/blog\/wp-content\/uploads\/2025\/09\/Leila.jpeg","width":960,"height":1280},{"@type":"BreadcrumbList","@id":"https:\/\/blogdacondessa.com.br\/blog\/saude\/clinicas-odontologicas-populares-uma-alternativa-acessivel-para-transformar-a-saude-bucal\/#breadcrumb","itemListElement":[{"@type":"ListItem","position":1,"name":"In\u00edcio","item":"https:\/\/blogdacondessa.com.br\/blog\/"},{"@type":"ListItem","position":2,"name":"Cl\u00ednicas odontol\u00f3gicas populares: uma alternativa acess\u00edvel para transformar a sa\u00fade bucal"}]},{"@type":"WebSite","@id":"https:\/\/blogdacondessa.com.br\/blog\/#website","url":"https:\/\/blogdacondessa.com.br\/blog\/","name":"Blog da Condessa","description":"Com Shirley de Souza O\u2019Campos","potentialAction":[{"@type":"SearchAction","target":{"@type":"EntryPoint","urlTemplate":"https:\/\/blogdacondessa.com.br\/blog\/?s={search_term_string}"},"query-input":{"@type":"PropertyValueSpecification","valueRequired":true,"valueName":"search_term_string"}}],"inLanguage":"pt-BR"},{"@type":"Person","@id":"https:\/\/blogdacondessa.com.br\/blog\/#\/schema\/person\/1d667ff8b785195b568677489d266035","name":"Blog da Condessa","image":{"@type":"ImageObject","inLanguage":"pt-BR","@id":"https:\/\/secure.gravatar.com\/avatar\/377c0eb8b4ad2bfc25461b41564b5971e721ca34a57642868fc7b0c8ac7b52c5?s=96&d=mm&r=g","url":"https:\/\/secure.gravatar.com\/avatar\/377c0eb8b4ad2bfc25461b41564b5971e721ca34a57642868fc7b0c8ac7b52c5?s=96&d=mm&r=g","contentUrl":"https:\/\/secure.gravatar.com\/avatar\/377c0eb8b4ad2bfc25461b41564b5971e721ca34a57642868fc7b0c8ac7b52c5?s=96&d=mm&r=g","caption":"Blog da Condessa"},"url":"https:\/\/blogdacondessa.com.br\/blog\/author\/beatriz\/"}]}},"_links":{"self":[{"href":"https:\/\/blogdacondessa.com.br\/blog\/wp-json\/wp\/v2\/posts\/12853","targetHints":{"allow":["GET"]}}],"collection":[{"href":"https:\/\/blogdacondessa.com.br\/blog\/wp-json\/wp\/v2\/posts"}],"about":[{"href":"https:\/\/blogdacondessa.com.br\/blog\/wp-json\/wp\/v2\/types\/post"}],"author":[{"embeddable":true,"href":"https:\/\/blogdacondessa.com.br\/blog\/wp-json\/wp\/v2\/users\/2"}],"replies":[{"embeddable":true,"href":"https:\/\/blogdacondessa.com.br\/blog\/wp-json\/wp\/v2\/comments?post=12853"}],"version-history":[{"count":1,"href":"https:\/\/blogdacondessa.com.br\/blog\/wp-json\/wp\/v2\/posts\/12853\/revisions"}],"predecessor-version":[{"id":12855,"href":"https:\/\/blogdacondessa.com.br\/blog\/wp-json\/wp\/v2\/posts\/12853\/revisions\/12855"}],"wp:featuredmedia":[{"embeddable":true,"href":"https:\/\/blogdacondessa.com.br\/blog\/wp-json\/wp\/v2\/media\/12854"}],"wp:attachment":[{"href":"https:\/\/blogdacondessa.com.br\/blog\/wp-json\/wp\/v2\/media?parent=12853"}],"wp:term":[{"taxonomy":"category","embeddable":true,"href":"https:\/\/blogdacondessa.com.br\/blog\/wp-json\/wp\/v2\/categories?post=12853"},{"taxonomy":"post_tag","embeddable":true,"href":"https:\/\/blogdacondessa.com.br\/blog\/wp-json\/wp\/v2\/tags?post=12853"}],"curies":[{"name":"wp","href":"https:\/\/api.w.org\/{rel}","templated":true}]}}