{"id":12850,"date":"2025-09-30T05:00:27","date_gmt":"2025-09-30T09:00:27","guid":{"rendered":"https:\/\/blogdacondessa.com.br\/blog\/?p=12850"},"modified":"2025-10-01T17:35:28","modified_gmt":"2025-10-01T21:35:28","slug":"os-desafios-para-expandir-a-pecuaria-e-a-agroindustria-em-mt","status":"publish","type":"post","link":"https:\/\/blogdacondessa.com.br\/blog\/agronegocio\/os-desafios-para-expandir-a-pecuaria-e-a-agroindustria-em-mt\/","title":{"rendered":"Os desafios para expandir a pecu\u00e1ria e a agroind\u00fastria em Mato Grosso"},"content":{"rendered":"<p>A C\u00e2mara Setorial Tem\u00e1tica da Assembleia Legislativa de Mato Grosso (ALMT) realizou na segunda-feira (29) a oitava reuni\u00e3o para discutir pol\u00edticas p\u00fablicas voltadas \u00e0 melhoria da gen\u00e9tica na cria\u00e7\u00e3o de zebu\u00ednos, com foco na atua\u00e7\u00e3o da Empresa Mato-grossense de Pesquisa, Assist\u00eancia e Extens\u00e3o Rural (Empaer) na produ\u00e7\u00e3o animal.<\/p>\n<p>O deputado Dr. Jo\u00e3o (MDB), que \u00e9 autor do requerimento da CST dos Zebu\u00ednos, afirmou durante a reuni\u00e3o que apresentou uma emenda \u00e0 Lei de Diretrizes Or\u00e7amentaria de 2026, criando uma linha de cr\u00e9dito espec\u00edfica \u00e0 aquisi\u00e7\u00e3o de touros reprodutores e assist\u00eancia t\u00e9cnica voltada ao melhoramento gen\u00e9tico.<\/p>\n<p>Ele ressaltou ainda a import\u00e2ncia do di\u00e1logo com o governador Mauro Mendes, colocando-se \u00e0 disposi\u00e7\u00e3o para contribuir com as pol\u00edticas p\u00fablicas do setor, e mencionou o programa Pr\u00f3-Gen\u00e9tica, com \u00eanfase no uso da bacia leiteira e a possibilidade de sua adequa\u00e7\u00e3o \u00e0 pecu\u00e1ria de carne.<\/p>\n<p>O relator da CST, Alexandre El Hage, destacou a import\u00e2ncia da cadeia produtiva da pecu\u00e1ria, ressaltando que o aproveitamento do gado vai muito al\u00e9m da carne. \u201cO setor movimenta diferentes segmentos da economia, como couro, v\u00edsceras, cartilagens, chifres e at\u00e9 patas do animal, garantindo mat\u00e9ria-prima para diversas ind\u00fastrias\u201d, disse El Hage.<\/p>\n<p>O presidente da Empresa Mato-grossense de Pesquisa, Assist\u00eancia e Extens\u00e3o Rural (Empaer), Suelme Fernandes, destacou o potencial da produ\u00e7\u00e3o de queijos produzidos na Baixada Cuiabana, que j\u00e1 conquistou pr\u00eamios nacionais e internacionais pela qualidade e inova\u00e7\u00e3o.<\/p>\n<p>Segundo ele, apesar de o mercado promissor, a expans\u00e3o do setor ainda esbarra na falta de m\u00e3o de obra especializada, especialmente veterin\u00e1rios, o que limita a capacidade de atender \u00e0 demanda. Para enfrentar o desafio, Fernandes defendeu a cria\u00e7\u00e3o de programas de apoio com t\u00e9cnicas e tecnologias que garantam suporte \u00e1gil e qualificado, al\u00e9m de refor\u00e7ar a assist\u00eancia t\u00e9cnica junto aos munic\u00edpios.<\/p>\n<p>\u201cO governo do estado prev\u00ea um investimento de R$ 6 milh\u00f5es no pr\u00f3ximo ano, mas o maior obst\u00e1culo n\u00e3o \u00e9 o recurso financeiro, e sim a capacidade executiva de ampliar e colocar em pr\u00e1tica os projetos necess\u00e1rios para impulsionar a pecu\u00e1ria e a agroind\u00fastria local\u201d, disse Fernandes.<\/p>\n<p>Dr. Jo\u00e3o afirmou ainda que Mato Grosso \u00e9 o maior produtor de gado de corte do pa\u00eds e defendeu a necessidade de pol\u00edticas p\u00fablicas espec\u00edficas para fortalecer o setor leiteiro do mato-grossense. Ele ressaltou que a maioria dos produtores \u00e9 de pequeno porte e que a forma\u00e7\u00e3o de cooperativas pode garantir melhor renda, citando como exemplo uma iniciativa em Brasnorte, onde produtores passaram a obter at\u00e9 R$ 15 mil por m\u00eas ao se unirem.<\/p>\n<p>\u201cA Empaer deve ampliar sua atua\u00e7\u00e3o para al\u00e9m da agricultura familiar, contribuindo tamb\u00e9m com a pecu\u00e1ria de corte e difus\u00e3o de tecnologias. A Assembleia Legislativa continuar\u00e1 defendendo a perman\u00eancia da Empaer, considerada estrat\u00e9gica para o desenvolvimento do setor produtivo em Mato Grosso\u201d, destacou o parlamentar.<\/p>\n<p><strong>CST<\/strong>\u00a0&#8211; A C\u00e2mara Setorial Tem\u00e1tica (CST) da Gen\u00e9tica dos Zebu\u00ednos foi requerida pelo primeiro-secret\u00e1rio da ALMT, deputado estadual Dr. Jo\u00e3o (MDB), e tem como objetivo discutir e propor solu\u00e7\u00f5es para o aprimoramento gen\u00e9tico da ra\u00e7a zebu\u00edna no estado. Ela foi instalada no dia 17 de mar\u00e7o e tem 180 dias para entregar um relat\u00f3rio, apontando os caminhos para elabora\u00e7\u00e3o de propostas para impulsionar o desenvolvimento gen\u00e9tico do rebanho mato-grossense.<\/p>\n","protected":false},"excerpt":{"rendered":"<p>A C\u00e2mara Setorial Tem\u00e1tica da Assembleia Legislativa de Mato Grosso (ALMT) realizou na segunda-feira (29) a oitava reuni\u00e3o para discutir pol\u00edticas p\u00fablicas voltadas \u00e0 melhoria da gen\u00e9tica na cria\u00e7\u00e3o de zebu\u00ednos, com foco na atua\u00e7\u00e3o da Empresa Mato-grossense de Pesquisa, Assist\u00eancia e Extens\u00e3o Rural (Empaer) na produ\u00e7\u00e3o animal. O deputado Dr. Jo\u00e3o (MDB), que \u00e9 [&hellip;]<\/p>\n","protected":false},"author":2,"featured_media":12851,"comment_status":"closed","ping_status":"closed","sticky":false,"template":"","format":"standard","meta":{"iawp_total_views":0,"footnotes":""},"categories":[11],"tags":[],"class_list":["post-12850","post","type-post","status-publish","format-standard","has-post-thumbnail","hentry","category-agronegocio"],"yoast_head":"<!-- This site is optimized with the Yoast SEO plugin v27.3 - https:\/\/yoast.com\/product\/yoast-seo-wordpress\/ -->\n<title>Os desafios para expandir a pecu\u00e1ria e a agroind\u00fastria em Mato Grosso &#8902; Blog da Condessa<\/title>\n<meta name=\"robots\" content=\"index, follow, max-snippet:-1, max-image-preview:large, max-video-preview:-1\" \/>\n<link rel=\"canonical\" href=\"https:\/\/blogdacondessa.com.br\/blog\/agronegocio\/os-desafios-para-expandir-a-pecuaria-e-a-agroindustria-em-mt\/\" \/>\n<meta property=\"og:locale\" content=\"pt_BR\" \/>\n<meta property=\"og:type\" content=\"article\" \/>\n<meta property=\"og:title\" content=\"Os desafios para expandir a pecu\u00e1ria e a agroind\u00fastria em Mato Grosso &#8902; Blog da Condessa\" \/>\n<meta property=\"og:description\" content=\"A C\u00e2mara Setorial Tem\u00e1tica da Assembleia Legislativa de Mato Grosso (ALMT) realizou na segunda-feira (29) a oitava reuni\u00e3o para discutir pol\u00edticas p\u00fablicas voltadas \u00e0 melhoria da gen\u00e9tica na cria\u00e7\u00e3o de zebu\u00ednos, com foco na atua\u00e7\u00e3o da Empresa Mato-grossense de Pesquisa, Assist\u00eancia e Extens\u00e3o Rural (Empaer) na produ\u00e7\u00e3o animal. O deputado Dr. Jo\u00e3o (MDB), que \u00e9 [&hellip;]\" \/>\n<meta property=\"og:url\" content=\"https:\/\/blogdacondessa.com.br\/blog\/agronegocio\/os-desafios-para-expandir-a-pecuaria-e-a-agroindustria-em-mt\/\" \/>\n<meta property=\"og:site_name\" content=\"Blog da Condessa\" \/>\n<meta property=\"article:published_time\" content=\"2025-09-30T09:00:27+00:00\" \/>\n<meta property=\"article:modified_time\" content=\"2025-10-01T21:35:28+00:00\" \/>\n<meta property=\"og:image\" content=\"https:\/\/blogdacondessa.com.br\/blog\/wp-content\/uploads\/2025\/09\/zebuinos.jpg\" \/>\n\t<meta property=\"og:image:width\" content=\"420\" \/>\n\t<meta property=\"og:image:height\" content=\"280\" \/>\n\t<meta property=\"og:image:type\" content=\"image\/jpeg\" \/>\n<meta name=\"author\" content=\"Blog da Condessa\" \/>\n<meta name=\"twitter:card\" content=\"summary_large_image\" \/>\n<meta name=\"twitter:label1\" content=\"Escrito por\" \/>\n\t<meta name=\"twitter:data1\" content=\"Blog da Condessa\" \/>\n\t<meta name=\"twitter:label2\" content=\"Est. tempo de leitura\" \/>\n\t<meta name=\"twitter:data2\" content=\"4 minutos\" \/>\n<script type=\"application\/ld+json\" class=\"yoast-schema-graph\">{\"@context\":\"https:\\\/\\\/schema.org\",\"@graph\":[{\"@type\":\"Article\",\"@id\":\"https:\\\/\\\/blogdacondessa.com.br\\\/blog\\\/agronegocio\\\/os-desafios-para-expandir-a-pecuaria-e-a-agroindustria-em-mt\\\/#article\",\"isPartOf\":{\"@id\":\"https:\\\/\\\/blogdacondessa.com.br\\\/blog\\\/agronegocio\\\/os-desafios-para-expandir-a-pecuaria-e-a-agroindustria-em-mt\\\/\"},\"author\":{\"name\":\"Blog da Condessa\",\"@id\":\"https:\\\/\\\/blogdacondessa.com.br\\\/blog\\\/#\\\/schema\\\/person\\\/1d667ff8b785195b568677489d266035\"},\"headline\":\"Os desafios para expandir a pecu\u00e1ria e a agroind\u00fastria em Mato Grosso\",\"datePublished\":\"2025-09-30T09:00:27+00:00\",\"dateModified\":\"2025-10-01T21:35:28+00:00\",\"mainEntityOfPage\":{\"@id\":\"https:\\\/\\\/blogdacondessa.com.br\\\/blog\\\/agronegocio\\\/os-desafios-para-expandir-a-pecuaria-e-a-agroindustria-em-mt\\\/\"},\"wordCount\":611,\"image\":{\"@id\":\"https:\\\/\\\/blogdacondessa.com.br\\\/blog\\\/agronegocio\\\/os-desafios-para-expandir-a-pecuaria-e-a-agroindustria-em-mt\\\/#primaryimage\"},\"thumbnailUrl\":\"https:\\\/\\\/blogdacondessa.com.br\\\/blog\\\/wp-content\\\/uploads\\\/2025\\\/09\\\/zebuinos.jpg\",\"articleSection\":[\"Agroneg\u00f3cio\"],\"inLanguage\":\"pt-BR\"},{\"@type\":\"WebPage\",\"@id\":\"https:\\\/\\\/blogdacondessa.com.br\\\/blog\\\/agronegocio\\\/os-desafios-para-expandir-a-pecuaria-e-a-agroindustria-em-mt\\\/\",\"url\":\"https:\\\/\\\/blogdacondessa.com.br\\\/blog\\\/agronegocio\\\/os-desafios-para-expandir-a-pecuaria-e-a-agroindustria-em-mt\\\/\",\"name\":\"Os desafios para expandir a pecu\u00e1ria e a agroind\u00fastria em Mato Grosso &#8902; Blog da Condessa\",\"isPartOf\":{\"@id\":\"https:\\\/\\\/blogdacondessa.com.br\\\/blog\\\/#website\"},\"primaryImageOfPage\":{\"@id\":\"https:\\\/\\\/blogdacondessa.com.br\\\/blog\\\/agronegocio\\\/os-desafios-para-expandir-a-pecuaria-e-a-agroindustria-em-mt\\\/#primaryimage\"},\"image\":{\"@id\":\"https:\\\/\\\/blogdacondessa.com.br\\\/blog\\\/agronegocio\\\/os-desafios-para-expandir-a-pecuaria-e-a-agroindustria-em-mt\\\/#primaryimage\"},\"thumbnailUrl\":\"https:\\\/\\\/blogdacondessa.com.br\\\/blog\\\/wp-content\\\/uploads\\\/2025\\\/09\\\/zebuinos.jpg\",\"datePublished\":\"2025-09-30T09:00:27+00:00\",\"dateModified\":\"2025-10-01T21:35:28+00:00\",\"author\":{\"@id\":\"https:\\\/\\\/blogdacondessa.com.br\\\/blog\\\/#\\\/schema\\\/person\\\/1d667ff8b785195b568677489d266035\"},\"breadcrumb\":{\"@id\":\"https:\\\/\\\/blogdacondessa.com.br\\\/blog\\\/agronegocio\\\/os-desafios-para-expandir-a-pecuaria-e-a-agroindustria-em-mt\\\/#breadcrumb\"},\"inLanguage\":\"pt-BR\",\"potentialAction\":[{\"@type\":\"ReadAction\",\"target\":[\"https:\\\/\\\/blogdacondessa.com.br\\\/blog\\\/agronegocio\\\/os-desafios-para-expandir-a-pecuaria-e-a-agroindustria-em-mt\\\/\"]}]},{\"@type\":\"ImageObject\",\"inLanguage\":\"pt-BR\",\"@id\":\"https:\\\/\\\/blogdacondessa.com.br\\\/blog\\\/agronegocio\\\/os-desafios-para-expandir-a-pecuaria-e-a-agroindustria-em-mt\\\/#primaryimage\",\"url\":\"https:\\\/\\\/blogdacondessa.com.br\\\/blog\\\/wp-content\\\/uploads\\\/2025\\\/09\\\/zebuinos.jpg\",\"contentUrl\":\"https:\\\/\\\/blogdacondessa.com.br\\\/blog\\\/wp-content\\\/uploads\\\/2025\\\/09\\\/zebuinos.jpg\",\"width\":420,\"height\":280,\"caption\":\"Foto: Ronaldo Mazza\"},{\"@type\":\"BreadcrumbList\",\"@id\":\"https:\\\/\\\/blogdacondessa.com.br\\\/blog\\\/agronegocio\\\/os-desafios-para-expandir-a-pecuaria-e-a-agroindustria-em-mt\\\/#breadcrumb\",\"itemListElement\":[{\"@type\":\"ListItem\",\"position\":1,\"name\":\"In\u00edcio\",\"item\":\"https:\\\/\\\/blogdacondessa.com.br\\\/blog\\\/\"},{\"@type\":\"ListItem\",\"position\":2,\"name\":\"Os desafios para expandir a pecu\u00e1ria e a agroind\u00fastria em Mato Grosso\"}]},{\"@type\":\"WebSite\",\"@id\":\"https:\\\/\\\/blogdacondessa.com.br\\\/blog\\\/#website\",\"url\":\"https:\\\/\\\/blogdacondessa.com.br\\\/blog\\\/\",\"name\":\"Blog da Condessa\",\"description\":\"Com Shirley de Souza O\u2019Campos\",\"potentialAction\":[{\"@type\":\"SearchAction\",\"target\":{\"@type\":\"EntryPoint\",\"urlTemplate\":\"https:\\\/\\\/blogdacondessa.com.br\\\/blog\\\/?s={search_term_string}\"},\"query-input\":{\"@type\":\"PropertyValueSpecification\",\"valueRequired\":true,\"valueName\":\"search_term_string\"}}],\"inLanguage\":\"pt-BR\"},{\"@type\":\"Person\",\"@id\":\"https:\\\/\\\/blogdacondessa.com.br\\\/blog\\\/#\\\/schema\\\/person\\\/1d667ff8b785195b568677489d266035\",\"name\":\"Blog da Condessa\",\"image\":{\"@type\":\"ImageObject\",\"inLanguage\":\"pt-BR\",\"@id\":\"https:\\\/\\\/secure.gravatar.com\\\/avatar\\\/377c0eb8b4ad2bfc25461b41564b5971e721ca34a57642868fc7b0c8ac7b52c5?s=96&d=mm&r=g\",\"url\":\"https:\\\/\\\/secure.gravatar.com\\\/avatar\\\/377c0eb8b4ad2bfc25461b41564b5971e721ca34a57642868fc7b0c8ac7b52c5?s=96&d=mm&r=g\",\"contentUrl\":\"https:\\\/\\\/secure.gravatar.com\\\/avatar\\\/377c0eb8b4ad2bfc25461b41564b5971e721ca34a57642868fc7b0c8ac7b52c5?s=96&d=mm&r=g\",\"caption\":\"Blog da Condessa\"},\"url\":\"https:\\\/\\\/blogdacondessa.com.br\\\/blog\\\/author\\\/beatriz\\\/\"}]}<\/script>\n<!-- \/ Yoast SEO plugin. -->","yoast_head_json":{"title":"Os desafios para expandir a pecu\u00e1ria e a agroind\u00fastria em Mato Grosso &#8902; Blog da Condessa","robots":{"index":"index","follow":"follow","max-snippet":"max-snippet:-1","max-image-preview":"max-image-preview:large","max-video-preview":"max-video-preview:-1"},"canonical":"https:\/\/blogdacondessa.com.br\/blog\/agronegocio\/os-desafios-para-expandir-a-pecuaria-e-a-agroindustria-em-mt\/","og_locale":"pt_BR","og_type":"article","og_title":"Os desafios para expandir a pecu\u00e1ria e a agroind\u00fastria em Mato Grosso &#8902; Blog da Condessa","og_description":"A C\u00e2mara Setorial Tem\u00e1tica da Assembleia Legislativa de Mato Grosso (ALMT) realizou na segunda-feira (29) a oitava reuni\u00e3o para discutir pol\u00edticas p\u00fablicas voltadas \u00e0 melhoria da gen\u00e9tica na cria\u00e7\u00e3o de zebu\u00ednos, com foco na atua\u00e7\u00e3o da Empresa Mato-grossense de Pesquisa, Assist\u00eancia e Extens\u00e3o Rural (Empaer) na produ\u00e7\u00e3o animal. O deputado Dr. Jo\u00e3o (MDB), que \u00e9 [&hellip;]","og_url":"https:\/\/blogdacondessa.com.br\/blog\/agronegocio\/os-desafios-para-expandir-a-pecuaria-e-a-agroindustria-em-mt\/","og_site_name":"Blog da Condessa","article_published_time":"2025-09-30T09:00:27+00:00","article_modified_time":"2025-10-01T21:35:28+00:00","og_image":[{"width":420,"height":280,"url":"https:\/\/blogdacondessa.com.br\/blog\/wp-content\/uploads\/2025\/09\/zebuinos.jpg","type":"image\/jpeg"}],"author":"Blog da Condessa","twitter_card":"summary_large_image","twitter_misc":{"Escrito por":"Blog da Condessa","Est. tempo de leitura":"4 minutos"},"schema":{"@context":"https:\/\/schema.org","@graph":[{"@type":"Article","@id":"https:\/\/blogdacondessa.com.br\/blog\/agronegocio\/os-desafios-para-expandir-a-pecuaria-e-a-agroindustria-em-mt\/#article","isPartOf":{"@id":"https:\/\/blogdacondessa.com.br\/blog\/agronegocio\/os-desafios-para-expandir-a-pecuaria-e-a-agroindustria-em-mt\/"},"author":{"name":"Blog da Condessa","@id":"https:\/\/blogdacondessa.com.br\/blog\/#\/schema\/person\/1d667ff8b785195b568677489d266035"},"headline":"Os desafios para expandir a pecu\u00e1ria e a agroind\u00fastria em Mato Grosso","datePublished":"2025-09-30T09:00:27+00:00","dateModified":"2025-10-01T21:35:28+00:00","mainEntityOfPage":{"@id":"https:\/\/blogdacondessa.com.br\/blog\/agronegocio\/os-desafios-para-expandir-a-pecuaria-e-a-agroindustria-em-mt\/"},"wordCount":611,"image":{"@id":"https:\/\/blogdacondessa.com.br\/blog\/agronegocio\/os-desafios-para-expandir-a-pecuaria-e-a-agroindustria-em-mt\/#primaryimage"},"thumbnailUrl":"https:\/\/blogdacondessa.com.br\/blog\/wp-content\/uploads\/2025\/09\/zebuinos.jpg","articleSection":["Agroneg\u00f3cio"],"inLanguage":"pt-BR"},{"@type":"WebPage","@id":"https:\/\/blogdacondessa.com.br\/blog\/agronegocio\/os-desafios-para-expandir-a-pecuaria-e-a-agroindustria-em-mt\/","url":"https:\/\/blogdacondessa.com.br\/blog\/agronegocio\/os-desafios-para-expandir-a-pecuaria-e-a-agroindustria-em-mt\/","name":"Os desafios para expandir a pecu\u00e1ria e a agroind\u00fastria em Mato Grosso &#8902; Blog da Condessa","isPartOf":{"@id":"https:\/\/blogdacondessa.com.br\/blog\/#website"},"primaryImageOfPage":{"@id":"https:\/\/blogdacondessa.com.br\/blog\/agronegocio\/os-desafios-para-expandir-a-pecuaria-e-a-agroindustria-em-mt\/#primaryimage"},"image":{"@id":"https:\/\/blogdacondessa.com.br\/blog\/agronegocio\/os-desafios-para-expandir-a-pecuaria-e-a-agroindustria-em-mt\/#primaryimage"},"thumbnailUrl":"https:\/\/blogdacondessa.com.br\/blog\/wp-content\/uploads\/2025\/09\/zebuinos.jpg","datePublished":"2025-09-30T09:00:27+00:00","dateModified":"2025-10-01T21:35:28+00:00","author":{"@id":"https:\/\/blogdacondessa.com.br\/blog\/#\/schema\/person\/1d667ff8b785195b568677489d266035"},"breadcrumb":{"@id":"https:\/\/blogdacondessa.com.br\/blog\/agronegocio\/os-desafios-para-expandir-a-pecuaria-e-a-agroindustria-em-mt\/#breadcrumb"},"inLanguage":"pt-BR","potentialAction":[{"@type":"ReadAction","target":["https:\/\/blogdacondessa.com.br\/blog\/agronegocio\/os-desafios-para-expandir-a-pecuaria-e-a-agroindustria-em-mt\/"]}]},{"@type":"ImageObject","inLanguage":"pt-BR","@id":"https:\/\/blogdacondessa.com.br\/blog\/agronegocio\/os-desafios-para-expandir-a-pecuaria-e-a-agroindustria-em-mt\/#primaryimage","url":"https:\/\/blogdacondessa.com.br\/blog\/wp-content\/uploads\/2025\/09\/zebuinos.jpg","contentUrl":"https:\/\/blogdacondessa.com.br\/blog\/wp-content\/uploads\/2025\/09\/zebuinos.jpg","width":420,"height":280,"caption":"Foto: Ronaldo Mazza"},{"@type":"BreadcrumbList","@id":"https:\/\/blogdacondessa.com.br\/blog\/agronegocio\/os-desafios-para-expandir-a-pecuaria-e-a-agroindustria-em-mt\/#breadcrumb","itemListElement":[{"@type":"ListItem","position":1,"name":"In\u00edcio","item":"https:\/\/blogdacondessa.com.br\/blog\/"},{"@type":"ListItem","position":2,"name":"Os desafios para expandir a pecu\u00e1ria e a agroind\u00fastria em Mato Grosso"}]},{"@type":"WebSite","@id":"https:\/\/blogdacondessa.com.br\/blog\/#website","url":"https:\/\/blogdacondessa.com.br\/blog\/","name":"Blog da Condessa","description":"Com Shirley de Souza O\u2019Campos","potentialAction":[{"@type":"SearchAction","target":{"@type":"EntryPoint","urlTemplate":"https:\/\/blogdacondessa.com.br\/blog\/?s={search_term_string}"},"query-input":{"@type":"PropertyValueSpecification","valueRequired":true,"valueName":"search_term_string"}}],"inLanguage":"pt-BR"},{"@type":"Person","@id":"https:\/\/blogdacondessa.com.br\/blog\/#\/schema\/person\/1d667ff8b785195b568677489d266035","name":"Blog da Condessa","image":{"@type":"ImageObject","inLanguage":"pt-BR","@id":"https:\/\/secure.gravatar.com\/avatar\/377c0eb8b4ad2bfc25461b41564b5971e721ca34a57642868fc7b0c8ac7b52c5?s=96&d=mm&r=g","url":"https:\/\/secure.gravatar.com\/avatar\/377c0eb8b4ad2bfc25461b41564b5971e721ca34a57642868fc7b0c8ac7b52c5?s=96&d=mm&r=g","contentUrl":"https:\/\/secure.gravatar.com\/avatar\/377c0eb8b4ad2bfc25461b41564b5971e721ca34a57642868fc7b0c8ac7b52c5?s=96&d=mm&r=g","caption":"Blog da Condessa"},"url":"https:\/\/blogdacondessa.com.br\/blog\/author\/beatriz\/"}]}},"_links":{"self":[{"href":"https:\/\/blogdacondessa.com.br\/blog\/wp-json\/wp\/v2\/posts\/12850","targetHints":{"allow":["GET"]}}],"collection":[{"href":"https:\/\/blogdacondessa.com.br\/blog\/wp-json\/wp\/v2\/posts"}],"about":[{"href":"https:\/\/blogdacondessa.com.br\/blog\/wp-json\/wp\/v2\/types\/post"}],"author":[{"embeddable":true,"href":"https:\/\/blogdacondessa.com.br\/blog\/wp-json\/wp\/v2\/users\/2"}],"replies":[{"embeddable":true,"href":"https:\/\/blogdacondessa.com.br\/blog\/wp-json\/wp\/v2\/comments?post=12850"}],"version-history":[{"count":2,"href":"https:\/\/blogdacondessa.com.br\/blog\/wp-json\/wp\/v2\/posts\/12850\/revisions"}],"predecessor-version":[{"id":12860,"href":"https:\/\/blogdacondessa.com.br\/blog\/wp-json\/wp\/v2\/posts\/12850\/revisions\/12860"}],"wp:featuredmedia":[{"embeddable":true,"href":"https:\/\/blogdacondessa.com.br\/blog\/wp-json\/wp\/v2\/media\/12851"}],"wp:attachment":[{"href":"https:\/\/blogdacondessa.com.br\/blog\/wp-json\/wp\/v2\/media?parent=12850"}],"wp:term":[{"taxonomy":"category","embeddable":true,"href":"https:\/\/blogdacondessa.com.br\/blog\/wp-json\/wp\/v2\/categories?post=12850"},{"taxonomy":"post_tag","embeddable":true,"href":"https:\/\/blogdacondessa.com.br\/blog\/wp-json\/wp\/v2\/tags?post=12850"}],"curies":[{"name":"wp","href":"https:\/\/api.w.org\/{rel}","templated":true}]}}