{"id":12843,"date":"2025-09-28T05:00:19","date_gmt":"2025-09-28T09:00:19","guid":{"rendered":"https:\/\/blogdacondessa.com.br\/blog\/?p=12843"},"modified":"2025-09-27T18:52:41","modified_gmt":"2025-09-27T22:52:41","slug":"mt-se-torna-o-terceiro-estado-do-pais-a-zerar-demandas-para-transplante-de-cornea","status":"publish","type":"post","link":"https:\/\/blogdacondessa.com.br\/blog\/saude\/mt-se-torna-o-terceiro-estado-do-pais-a-zerar-demandas-para-transplante-de-cornea\/","title":{"rendered":"MT se torna o terceiro estado do pa\u00eds a zerar demandas para transplante de c\u00f3rnea"},"content":{"rendered":"<p>Governo alcan\u00e7a feito in\u00e9dito e atende todos os pacientes que aguardavam transplante de c\u00f3rnea em MT.<\/p>\n<p>Mato Grosso atendeu a todos os pacientes que aguardavam por um transplante de c\u00f3rnea pela Central Estadual de Transplantes (CET), ap\u00f3s a\u00e7\u00f5es da Secretaria de Estado de Sa\u00fade (SES). O feito \u00e9 in\u00e9dito no Estado. No s\u00e1bado (27.9) \u00e9 comemorado o Dia Nacional da Doa\u00e7\u00e3o de \u00d3rg\u00e3os.<\/p>\n<p>No momento, h\u00e1 28 pacientes que est\u00e3o em processo de realiza\u00e7\u00e3o dos exames necess\u00e1rios para o agendamento do transplante de c\u00f3rnea. Os procedimentos s\u00e3o realizados de acordo com a compatibilidade e a gravidade das condi\u00e7\u00f5es cl\u00ednicas do paciente.<\/p>\n<p>\u201c\u00c9 uma excelente not\u00edcia para os cidad\u00e3os mato-grossenses e tamb\u00e9m para a Sa\u00fade P\u00fablica, j\u00e1 que, atualmente, apenas tr\u00eas Estados, incluindo Mato Grosso, se encontram com esse cen\u00e1rio de resolutividade para o transplante de c\u00f3rnea. Isso demonstra que estamos conseguindo atender todos os pacientes com a celeridade necess\u00e1ria e gratuitamente, pelo Sistema \u00danico de Sa\u00fade (SUS)\u201d, afirmou o secret\u00e1rio de Estado de Sa\u00fade, Gilberto Figueiredo.<\/p>\n<p>A secret\u00e1ria adjunta do Complexo Regulador, Fabiana Bardi, atribuiu esse sucesso \u00e0 intensifica\u00e7\u00e3o das capacita\u00e7\u00f5es feitas pela CET junto \u00e0s unidades captadoras de \u00f3rg\u00e3os.<\/p>\n<p>\u201cO treinamento das equipes de refer\u00eancia, as CIHDOTTs [Comiss\u00f5es Intra-Hospitalar de Doa\u00e7\u00e3o de \u00d3rg\u00e3os e Tecidos para Transplantes] das unidades hospitalares, s\u00e3o capacitadas para fazer esse primeiro contato com a fam\u00edlia, para que n\u00e3o haja perda do \u00f3rg\u00e3o, e tamb\u00e9m \u00e0 a\u00e7\u00e3o junto ao IML e ao SVO\u201d, explicou.<\/p>\n<p>Para os casos de \u00f3bito por acidente que chegam ao IML, o pr\u00f3prio instituto deve realizar a primeira abordagem \u00e0 fam\u00edlia para autorizar a retirada. \u201cOutra a\u00e7\u00e3o muito importante \u00e9 do Lacen [Laborat\u00f3rio Central de Sa\u00fade P\u00fablica do Estado]. Com a amplia\u00e7\u00e3o, os exames necess\u00e1rios para comprovar a viabilidade daquele \u00f3rg\u00e3o e a compatibilidade, ou seja, o tempo-resposta melhorou muito\u201d, afirmou.<\/p>\n<p>Segundo a secret\u00e1ria adjunta, os transplantes de c\u00f3rnea s\u00e3o realizados em a\u00e7\u00e3o integrada entre a Central Estadual de Transplantes, o Banco de Olhos de Cuiab\u00e1 e as tr\u00eas unidades habilitadas e credenciadas junto ao Minist\u00e9rio da Sa\u00fade para a realiza\u00e7\u00e3o dos transplantes: Hospital de Olhos de Cuiab\u00e1, Centro Cuiabano de Excel\u00eancia em Oftalmologia e Instituto da Vis\u00e3o, em Cuiab\u00e1.<\/p>\n<p>\u201cQuando acontece uma doa\u00e7\u00e3o, estas c\u00f3rneas v\u00e3o para o Banco de Olhos, que armazena e distribui entre os hospitais conforme a necessidade. Quando os pacientes chegam, \u00e9 feita uma an\u00e1lise do tipo de c\u00f3rnea que precisam, a compatibilidade e, de acordo com isso, os hospitais solicitam para os pacientes que est\u00e3o sob sua responsabilidade e o Banco de Olhos disponibiliza\u201d, descreveu Fabiana.<\/p>\n<p>De janeiro a setembro deste ano, foram captadas 413 c\u00f3rneas e realizados transplantes de 247 c\u00f3rneas em Mato Grosso. Ao longo de todo o ano de 2024, foram captadas 568 c\u00f3rneas e transplantadas 456 c\u00f3rneas. A capta\u00e7\u00e3o de c\u00f3rneas pode ser feita em caso de \u00f3bitos que n\u00e3o tenham trauma do globo ocular.<\/p>\n<p><strong>Caminhada de Setembro Verde<\/strong><\/p>\n<p>A SES realiza a 3\u00aa Caminhada de Setembro Verde, no Parque das \u00c1guas, neste domingo (28.9), das 17h30 \u00e0s 19h30, para conscientizar a popula\u00e7\u00e3o sobre a import\u00e2ncia da doa\u00e7\u00e3o de \u00f3rg\u00e3os. Haver\u00e1 uma tenda da sa\u00fade com profissionais da SES, para aferi\u00e7\u00e3o de press\u00e3o e glicemia, e a\u00e7\u00e3o de panfletagem para os frequentadores do parque.<\/p>\n<p>Segundo a coordenadora da CET, Anita Ricarda da Silva, os servidores v\u00e3o explicar sobre o processo de doa\u00e7\u00e3o de \u00f3rg\u00e3os e tirar as d\u00favidas dos cuiabanos. \u201cEste \u00e9 o terceiro ano que realizamos a caminhada, que \u00e9 aberta a todos que puderem e quiserem participar; todos ser\u00e3o bem-vindos\u201d, disse Anita.<\/p>\n<p>A Central j\u00e1 realizou a capta\u00e7\u00e3o de m\u00faltiplos \u00f3rg\u00e3os de sete doadores em 2025. Foram captados 20 \u00f3rg\u00e3os, sendo 14 rins, cinco f\u00edgados e um cora\u00e7\u00e3o.<\/p>\n<p>&nbsp;<\/p>\n","protected":false},"excerpt":{"rendered":"<p>Governo alcan\u00e7a feito in\u00e9dito e atende todos os pacientes que aguardavam transplante de c\u00f3rnea em MT. Mato Grosso atendeu a todos os pacientes que aguardavam por um transplante de c\u00f3rnea pela Central Estadual de Transplantes (CET), ap\u00f3s a\u00e7\u00f5es da Secretaria de Estado de Sa\u00fade (SES). O feito \u00e9 in\u00e9dito no Estado. No s\u00e1bado (27.9) \u00e9 [&hellip;]<\/p>\n","protected":false},"author":2,"featured_media":12844,"comment_status":"closed","ping_status":"closed","sticky":false,"template":"","format":"standard","meta":{"iawp_total_views":1,"footnotes":""},"categories":[5],"tags":[],"class_list":["post-12843","post","type-post","status-publish","format-standard","has-post-thumbnail","hentry","category-saude"],"yoast_head":"<!-- This site is optimized with the Yoast SEO plugin v27.3 - https:\/\/yoast.com\/product\/yoast-seo-wordpress\/ -->\n<title>MT se torna o terceiro estado do pa\u00eds a zerar demandas para transplante de c\u00f3rnea &#8902; Blog da Condessa<\/title>\n<meta name=\"robots\" content=\"index, follow, max-snippet:-1, max-image-preview:large, max-video-preview:-1\" \/>\n<link rel=\"canonical\" href=\"https:\/\/blogdacondessa.com.br\/blog\/saude\/mt-se-torna-o-terceiro-estado-do-pais-a-zerar-demandas-para-transplante-de-cornea\/\" \/>\n<meta property=\"og:locale\" content=\"pt_BR\" \/>\n<meta property=\"og:type\" content=\"article\" \/>\n<meta property=\"og:title\" content=\"MT se torna o terceiro estado do pa\u00eds a zerar demandas para transplante de c\u00f3rnea &#8902; Blog da Condessa\" \/>\n<meta property=\"og:description\" content=\"Governo alcan\u00e7a feito in\u00e9dito e atende todos os pacientes que aguardavam transplante de c\u00f3rnea em MT. Mato Grosso atendeu a todos os pacientes que aguardavam por um transplante de c\u00f3rnea pela Central Estadual de Transplantes (CET), ap\u00f3s a\u00e7\u00f5es da Secretaria de Estado de Sa\u00fade (SES). O feito \u00e9 in\u00e9dito no Estado. No s\u00e1bado (27.9) \u00e9 [&hellip;]\" \/>\n<meta property=\"og:url\" content=\"https:\/\/blogdacondessa.com.br\/blog\/saude\/mt-se-torna-o-terceiro-estado-do-pais-a-zerar-demandas-para-transplante-de-cornea\/\" \/>\n<meta property=\"og:site_name\" content=\"Blog da Condessa\" \/>\n<meta property=\"article:published_time\" content=\"2025-09-28T09:00:19+00:00\" \/>\n<meta property=\"og:image\" content=\"https:\/\/blogdacondessa.com.br\/blog\/wp-content\/uploads\/2025\/09\/CORNEAS.jpg\" \/>\n\t<meta property=\"og:image:width\" content=\"1024\" \/>\n\t<meta property=\"og:image:height\" content=\"768\" \/>\n\t<meta property=\"og:image:type\" content=\"image\/jpeg\" \/>\n<meta name=\"author\" content=\"Blog da Condessa\" \/>\n<meta name=\"twitter:card\" content=\"summary_large_image\" \/>\n<meta name=\"twitter:label1\" content=\"Escrito por\" \/>\n\t<meta name=\"twitter:data1\" content=\"Blog da Condessa\" \/>\n\t<meta name=\"twitter:label2\" content=\"Est. tempo de leitura\" \/>\n\t<meta name=\"twitter:data2\" content=\"4 minutos\" \/>\n<script type=\"application\/ld+json\" class=\"yoast-schema-graph\">{\"@context\":\"https:\\\/\\\/schema.org\",\"@graph\":[{\"@type\":\"Article\",\"@id\":\"https:\\\/\\\/blogdacondessa.com.br\\\/blog\\\/saude\\\/mt-se-torna-o-terceiro-estado-do-pais-a-zerar-demandas-para-transplante-de-cornea\\\/#article\",\"isPartOf\":{\"@id\":\"https:\\\/\\\/blogdacondessa.com.br\\\/blog\\\/saude\\\/mt-se-torna-o-terceiro-estado-do-pais-a-zerar-demandas-para-transplante-de-cornea\\\/\"},\"author\":{\"name\":\"Blog da Condessa\",\"@id\":\"https:\\\/\\\/blogdacondessa.com.br\\\/blog\\\/#\\\/schema\\\/person\\\/1d667ff8b785195b568677489d266035\"},\"headline\":\"MT se torna o terceiro estado do pa\u00eds a zerar demandas para transplante de c\u00f3rnea\",\"datePublished\":\"2025-09-28T09:00:19+00:00\",\"mainEntityOfPage\":{\"@id\":\"https:\\\/\\\/blogdacondessa.com.br\\\/blog\\\/saude\\\/mt-se-torna-o-terceiro-estado-do-pais-a-zerar-demandas-para-transplante-de-cornea\\\/\"},\"wordCount\":700,\"image\":{\"@id\":\"https:\\\/\\\/blogdacondessa.com.br\\\/blog\\\/saude\\\/mt-se-torna-o-terceiro-estado-do-pais-a-zerar-demandas-para-transplante-de-cornea\\\/#primaryimage\"},\"thumbnailUrl\":\"https:\\\/\\\/blogdacondessa.com.br\\\/blog\\\/wp-content\\\/uploads\\\/2025\\\/09\\\/CORNEAS.jpg\",\"articleSection\":[\"Sa\u00fade\"],\"inLanguage\":\"pt-BR\"},{\"@type\":\"WebPage\",\"@id\":\"https:\\\/\\\/blogdacondessa.com.br\\\/blog\\\/saude\\\/mt-se-torna-o-terceiro-estado-do-pais-a-zerar-demandas-para-transplante-de-cornea\\\/\",\"url\":\"https:\\\/\\\/blogdacondessa.com.br\\\/blog\\\/saude\\\/mt-se-torna-o-terceiro-estado-do-pais-a-zerar-demandas-para-transplante-de-cornea\\\/\",\"name\":\"MT se torna o terceiro estado do pa\u00eds a zerar demandas para transplante de c\u00f3rnea &#8902; Blog da Condessa\",\"isPartOf\":{\"@id\":\"https:\\\/\\\/blogdacondessa.com.br\\\/blog\\\/#website\"},\"primaryImageOfPage\":{\"@id\":\"https:\\\/\\\/blogdacondessa.com.br\\\/blog\\\/saude\\\/mt-se-torna-o-terceiro-estado-do-pais-a-zerar-demandas-para-transplante-de-cornea\\\/#primaryimage\"},\"image\":{\"@id\":\"https:\\\/\\\/blogdacondessa.com.br\\\/blog\\\/saude\\\/mt-se-torna-o-terceiro-estado-do-pais-a-zerar-demandas-para-transplante-de-cornea\\\/#primaryimage\"},\"thumbnailUrl\":\"https:\\\/\\\/blogdacondessa.com.br\\\/blog\\\/wp-content\\\/uploads\\\/2025\\\/09\\\/CORNEAS.jpg\",\"datePublished\":\"2025-09-28T09:00:19+00:00\",\"author\":{\"@id\":\"https:\\\/\\\/blogdacondessa.com.br\\\/blog\\\/#\\\/schema\\\/person\\\/1d667ff8b785195b568677489d266035\"},\"breadcrumb\":{\"@id\":\"https:\\\/\\\/blogdacondessa.com.br\\\/blog\\\/saude\\\/mt-se-torna-o-terceiro-estado-do-pais-a-zerar-demandas-para-transplante-de-cornea\\\/#breadcrumb\"},\"inLanguage\":\"pt-BR\",\"potentialAction\":[{\"@type\":\"ReadAction\",\"target\":[\"https:\\\/\\\/blogdacondessa.com.br\\\/blog\\\/saude\\\/mt-se-torna-o-terceiro-estado-do-pais-a-zerar-demandas-para-transplante-de-cornea\\\/\"]}]},{\"@type\":\"ImageObject\",\"inLanguage\":\"pt-BR\",\"@id\":\"https:\\\/\\\/blogdacondessa.com.br\\\/blog\\\/saude\\\/mt-se-torna-o-terceiro-estado-do-pais-a-zerar-demandas-para-transplante-de-cornea\\\/#primaryimage\",\"url\":\"https:\\\/\\\/blogdacondessa.com.br\\\/blog\\\/wp-content\\\/uploads\\\/2025\\\/09\\\/CORNEAS.jpg\",\"contentUrl\":\"https:\\\/\\\/blogdacondessa.com.br\\\/blog\\\/wp-content\\\/uploads\\\/2025\\\/09\\\/CORNEAS.jpg\",\"width\":1024,\"height\":768,\"caption\":\"Cr\u00e9dito - SES-MT\"},{\"@type\":\"BreadcrumbList\",\"@id\":\"https:\\\/\\\/blogdacondessa.com.br\\\/blog\\\/saude\\\/mt-se-torna-o-terceiro-estado-do-pais-a-zerar-demandas-para-transplante-de-cornea\\\/#breadcrumb\",\"itemListElement\":[{\"@type\":\"ListItem\",\"position\":1,\"name\":\"In\u00edcio\",\"item\":\"https:\\\/\\\/blogdacondessa.com.br\\\/blog\\\/\"},{\"@type\":\"ListItem\",\"position\":2,\"name\":\"MT se torna o terceiro estado do pa\u00eds a zerar demandas para transplante de c\u00f3rnea\"}]},{\"@type\":\"WebSite\",\"@id\":\"https:\\\/\\\/blogdacondessa.com.br\\\/blog\\\/#website\",\"url\":\"https:\\\/\\\/blogdacondessa.com.br\\\/blog\\\/\",\"name\":\"Blog da Condessa\",\"description\":\"Com Shirley de Souza O\u2019Campos\",\"potentialAction\":[{\"@type\":\"SearchAction\",\"target\":{\"@type\":\"EntryPoint\",\"urlTemplate\":\"https:\\\/\\\/blogdacondessa.com.br\\\/blog\\\/?s={search_term_string}\"},\"query-input\":{\"@type\":\"PropertyValueSpecification\",\"valueRequired\":true,\"valueName\":\"search_term_string\"}}],\"inLanguage\":\"pt-BR\"},{\"@type\":\"Person\",\"@id\":\"https:\\\/\\\/blogdacondessa.com.br\\\/blog\\\/#\\\/schema\\\/person\\\/1d667ff8b785195b568677489d266035\",\"name\":\"Blog da Condessa\",\"image\":{\"@type\":\"ImageObject\",\"inLanguage\":\"pt-BR\",\"@id\":\"https:\\\/\\\/secure.gravatar.com\\\/avatar\\\/377c0eb8b4ad2bfc25461b41564b5971e721ca34a57642868fc7b0c8ac7b52c5?s=96&d=mm&r=g\",\"url\":\"https:\\\/\\\/secure.gravatar.com\\\/avatar\\\/377c0eb8b4ad2bfc25461b41564b5971e721ca34a57642868fc7b0c8ac7b52c5?s=96&d=mm&r=g\",\"contentUrl\":\"https:\\\/\\\/secure.gravatar.com\\\/avatar\\\/377c0eb8b4ad2bfc25461b41564b5971e721ca34a57642868fc7b0c8ac7b52c5?s=96&d=mm&r=g\",\"caption\":\"Blog da Condessa\"},\"url\":\"https:\\\/\\\/blogdacondessa.com.br\\\/blog\\\/author\\\/beatriz\\\/\"}]}<\/script>\n<!-- \/ Yoast SEO plugin. -->","yoast_head_json":{"title":"MT se torna o terceiro estado do pa\u00eds a zerar demandas para transplante de c\u00f3rnea &#8902; Blog da Condessa","robots":{"index":"index","follow":"follow","max-snippet":"max-snippet:-1","max-image-preview":"max-image-preview:large","max-video-preview":"max-video-preview:-1"},"canonical":"https:\/\/blogdacondessa.com.br\/blog\/saude\/mt-se-torna-o-terceiro-estado-do-pais-a-zerar-demandas-para-transplante-de-cornea\/","og_locale":"pt_BR","og_type":"article","og_title":"MT se torna o terceiro estado do pa\u00eds a zerar demandas para transplante de c\u00f3rnea &#8902; Blog da Condessa","og_description":"Governo alcan\u00e7a feito in\u00e9dito e atende todos os pacientes que aguardavam transplante de c\u00f3rnea em MT. Mato Grosso atendeu a todos os pacientes que aguardavam por um transplante de c\u00f3rnea pela Central Estadual de Transplantes (CET), ap\u00f3s a\u00e7\u00f5es da Secretaria de Estado de Sa\u00fade (SES). O feito \u00e9 in\u00e9dito no Estado. No s\u00e1bado (27.9) \u00e9 [&hellip;]","og_url":"https:\/\/blogdacondessa.com.br\/blog\/saude\/mt-se-torna-o-terceiro-estado-do-pais-a-zerar-demandas-para-transplante-de-cornea\/","og_site_name":"Blog da Condessa","article_published_time":"2025-09-28T09:00:19+00:00","og_image":[{"width":1024,"height":768,"url":"https:\/\/blogdacondessa.com.br\/blog\/wp-content\/uploads\/2025\/09\/CORNEAS.jpg","type":"image\/jpeg"}],"author":"Blog da Condessa","twitter_card":"summary_large_image","twitter_misc":{"Escrito por":"Blog da Condessa","Est. tempo de leitura":"4 minutos"},"schema":{"@context":"https:\/\/schema.org","@graph":[{"@type":"Article","@id":"https:\/\/blogdacondessa.com.br\/blog\/saude\/mt-se-torna-o-terceiro-estado-do-pais-a-zerar-demandas-para-transplante-de-cornea\/#article","isPartOf":{"@id":"https:\/\/blogdacondessa.com.br\/blog\/saude\/mt-se-torna-o-terceiro-estado-do-pais-a-zerar-demandas-para-transplante-de-cornea\/"},"author":{"name":"Blog da Condessa","@id":"https:\/\/blogdacondessa.com.br\/blog\/#\/schema\/person\/1d667ff8b785195b568677489d266035"},"headline":"MT se torna o terceiro estado do pa\u00eds a zerar demandas para transplante de c\u00f3rnea","datePublished":"2025-09-28T09:00:19+00:00","mainEntityOfPage":{"@id":"https:\/\/blogdacondessa.com.br\/blog\/saude\/mt-se-torna-o-terceiro-estado-do-pais-a-zerar-demandas-para-transplante-de-cornea\/"},"wordCount":700,"image":{"@id":"https:\/\/blogdacondessa.com.br\/blog\/saude\/mt-se-torna-o-terceiro-estado-do-pais-a-zerar-demandas-para-transplante-de-cornea\/#primaryimage"},"thumbnailUrl":"https:\/\/blogdacondessa.com.br\/blog\/wp-content\/uploads\/2025\/09\/CORNEAS.jpg","articleSection":["Sa\u00fade"],"inLanguage":"pt-BR"},{"@type":"WebPage","@id":"https:\/\/blogdacondessa.com.br\/blog\/saude\/mt-se-torna-o-terceiro-estado-do-pais-a-zerar-demandas-para-transplante-de-cornea\/","url":"https:\/\/blogdacondessa.com.br\/blog\/saude\/mt-se-torna-o-terceiro-estado-do-pais-a-zerar-demandas-para-transplante-de-cornea\/","name":"MT se torna o terceiro estado do pa\u00eds a zerar demandas para transplante de c\u00f3rnea &#8902; Blog da Condessa","isPartOf":{"@id":"https:\/\/blogdacondessa.com.br\/blog\/#website"},"primaryImageOfPage":{"@id":"https:\/\/blogdacondessa.com.br\/blog\/saude\/mt-se-torna-o-terceiro-estado-do-pais-a-zerar-demandas-para-transplante-de-cornea\/#primaryimage"},"image":{"@id":"https:\/\/blogdacondessa.com.br\/blog\/saude\/mt-se-torna-o-terceiro-estado-do-pais-a-zerar-demandas-para-transplante-de-cornea\/#primaryimage"},"thumbnailUrl":"https:\/\/blogdacondessa.com.br\/blog\/wp-content\/uploads\/2025\/09\/CORNEAS.jpg","datePublished":"2025-09-28T09:00:19+00:00","author":{"@id":"https:\/\/blogdacondessa.com.br\/blog\/#\/schema\/person\/1d667ff8b785195b568677489d266035"},"breadcrumb":{"@id":"https:\/\/blogdacondessa.com.br\/blog\/saude\/mt-se-torna-o-terceiro-estado-do-pais-a-zerar-demandas-para-transplante-de-cornea\/#breadcrumb"},"inLanguage":"pt-BR","potentialAction":[{"@type":"ReadAction","target":["https:\/\/blogdacondessa.com.br\/blog\/saude\/mt-se-torna-o-terceiro-estado-do-pais-a-zerar-demandas-para-transplante-de-cornea\/"]}]},{"@type":"ImageObject","inLanguage":"pt-BR","@id":"https:\/\/blogdacondessa.com.br\/blog\/saude\/mt-se-torna-o-terceiro-estado-do-pais-a-zerar-demandas-para-transplante-de-cornea\/#primaryimage","url":"https:\/\/blogdacondessa.com.br\/blog\/wp-content\/uploads\/2025\/09\/CORNEAS.jpg","contentUrl":"https:\/\/blogdacondessa.com.br\/blog\/wp-content\/uploads\/2025\/09\/CORNEAS.jpg","width":1024,"height":768,"caption":"Cr\u00e9dito - SES-MT"},{"@type":"BreadcrumbList","@id":"https:\/\/blogdacondessa.com.br\/blog\/saude\/mt-se-torna-o-terceiro-estado-do-pais-a-zerar-demandas-para-transplante-de-cornea\/#breadcrumb","itemListElement":[{"@type":"ListItem","position":1,"name":"In\u00edcio","item":"https:\/\/blogdacondessa.com.br\/blog\/"},{"@type":"ListItem","position":2,"name":"MT se torna o terceiro estado do pa\u00eds a zerar demandas para transplante de c\u00f3rnea"}]},{"@type":"WebSite","@id":"https:\/\/blogdacondessa.com.br\/blog\/#website","url":"https:\/\/blogdacondessa.com.br\/blog\/","name":"Blog da Condessa","description":"Com Shirley de Souza O\u2019Campos","potentialAction":[{"@type":"SearchAction","target":{"@type":"EntryPoint","urlTemplate":"https:\/\/blogdacondessa.com.br\/blog\/?s={search_term_string}"},"query-input":{"@type":"PropertyValueSpecification","valueRequired":true,"valueName":"search_term_string"}}],"inLanguage":"pt-BR"},{"@type":"Person","@id":"https:\/\/blogdacondessa.com.br\/blog\/#\/schema\/person\/1d667ff8b785195b568677489d266035","name":"Blog da Condessa","image":{"@type":"ImageObject","inLanguage":"pt-BR","@id":"https:\/\/secure.gravatar.com\/avatar\/377c0eb8b4ad2bfc25461b41564b5971e721ca34a57642868fc7b0c8ac7b52c5?s=96&d=mm&r=g","url":"https:\/\/secure.gravatar.com\/avatar\/377c0eb8b4ad2bfc25461b41564b5971e721ca34a57642868fc7b0c8ac7b52c5?s=96&d=mm&r=g","contentUrl":"https:\/\/secure.gravatar.com\/avatar\/377c0eb8b4ad2bfc25461b41564b5971e721ca34a57642868fc7b0c8ac7b52c5?s=96&d=mm&r=g","caption":"Blog da Condessa"},"url":"https:\/\/blogdacondessa.com.br\/blog\/author\/beatriz\/"}]}},"_links":{"self":[{"href":"https:\/\/blogdacondessa.com.br\/blog\/wp-json\/wp\/v2\/posts\/12843","targetHints":{"allow":["GET"]}}],"collection":[{"href":"https:\/\/blogdacondessa.com.br\/blog\/wp-json\/wp\/v2\/posts"}],"about":[{"href":"https:\/\/blogdacondessa.com.br\/blog\/wp-json\/wp\/v2\/types\/post"}],"author":[{"embeddable":true,"href":"https:\/\/blogdacondessa.com.br\/blog\/wp-json\/wp\/v2\/users\/2"}],"replies":[{"embeddable":true,"href":"https:\/\/blogdacondessa.com.br\/blog\/wp-json\/wp\/v2\/comments?post=12843"}],"version-history":[{"count":1,"href":"https:\/\/blogdacondessa.com.br\/blog\/wp-json\/wp\/v2\/posts\/12843\/revisions"}],"predecessor-version":[{"id":12845,"href":"https:\/\/blogdacondessa.com.br\/blog\/wp-json\/wp\/v2\/posts\/12843\/revisions\/12845"}],"wp:featuredmedia":[{"embeddable":true,"href":"https:\/\/blogdacondessa.com.br\/blog\/wp-json\/wp\/v2\/media\/12844"}],"wp:attachment":[{"href":"https:\/\/blogdacondessa.com.br\/blog\/wp-json\/wp\/v2\/media?parent=12843"}],"wp:term":[{"taxonomy":"category","embeddable":true,"href":"https:\/\/blogdacondessa.com.br\/blog\/wp-json\/wp\/v2\/categories?post=12843"},{"taxonomy":"post_tag","embeddable":true,"href":"https:\/\/blogdacondessa.com.br\/blog\/wp-json\/wp\/v2\/tags?post=12843"}],"curies":[{"name":"wp","href":"https:\/\/api.w.org\/{rel}","templated":true}]}}