{"id":12840,"date":"2025-09-27T05:00:07","date_gmt":"2025-09-27T09:00:07","guid":{"rendered":"https:\/\/blogdacondessa.com.br\/blog\/?p=12840"},"modified":"2025-09-26T20:19:08","modified_gmt":"2025-09-27T00:19:08","slug":"encontro-de-quilombos-de-mato-grosso-tem-como-objetivo-dar-voz-sobre-a-realidade-desses-povos","status":"publish","type":"post","link":"https:\/\/blogdacondessa.com.br\/blog\/cidades\/encontro-de-quilombos-de-mato-grosso-tem-como-objetivo-dar-voz-sobre-a-realidade-desses-povos\/","title":{"rendered":"Encontro de Quilombos de Mato Grosso tem como objetivo dar voz sobre a realidade desses povos"},"content":{"rendered":"<p>Ser\u00e1 uma celebra\u00e7\u00e3o de Cultura e Sustentabilidade, com o objetivo de tratar demandas para a promo\u00e7\u00e3o e salvaguarda das comunidades quilombolas.<\/p>\n<p>Durante tr\u00eas dias, comunidades quilombolas do Estado de Mato Grosso participar\u00e3o do &#8220;1\u00ba Encontro de Quilombos no Museu\u201d, de Hist\u00f3ria Natural, com o objetivo de dar voz sobre a realidade desses povos, com pain\u00e9is de di\u00e1logo e escuta, cujas demandas levantadas ser\u00e3o apresentadas \u00e0s autoridades. Aberto ao p\u00fablico, o evento ser\u00e1 entre os dias 01 e 03 de outubro, e contar\u00e1 com apresenta\u00e7\u00f5es culturais vibrantes, feira de produtos da ro\u00e7a e artesanato, al\u00e9m de oficinas de capoeira, tran\u00e7as e pinturas corporais para as crian\u00e7as, garantindo a preserva\u00e7\u00e3o e transmiss\u00e3o da cultura quilombola entre as gera\u00e7\u00f5es.<\/p>\n<p>Participar\u00e3o desse encontro comunidades quilombolas vindas dos munic\u00edpios de Chapada dos Guimar\u00e3es, Santo Ant\u00f4nio do Leverger, Barra do Bugres, Porto Estrela, Nossa Senhora do Livramento, Pocon\u00e9 e Vila Bela da Sant\u00edssima Trindade.<\/p>\n<p>O encontro \u00e9 um projeto patrocinado pela Secretaria de Estado, Cultura, Esporte e Lazer (Secel-MT), organizado pelo Instituto Ecossistemas e Popula\u00e7\u00f5es Tradicionais (ECOSS), por meio de emenda parlamentar do deputado estadual L\u00fadio Cabral, e apoio da Assembleia Legislativa de Mato Grosso (ALMT).<\/p>\n<p>Prop\u00f5e, al\u00e9m da valoriza\u00e7\u00e3o cultural, uma discuss\u00e3o aprofundada ao p\u00fablico, em saber dos anseios com foco em pr\u00e1ticas sustent\u00e1veis: quem s\u00e3o os participantes, o que as pessoas trouxeram para o encontro, quais as necessidades e maiores dificuldades no \u00e2mbito de Seguran\u00e7a, Sa\u00fade e Educa\u00e7\u00e3o, por exemplo. O evento tamb\u00e9m oferece certificados de participa\u00e7\u00e3o, refor\u00e7ando o compromisso com a educa\u00e7\u00e3o e a inclus\u00e3o.<\/p>\n<p>&nbsp;<\/p>\n<p>*QUEM S\u00c3O OS QUILOMBOS?*<\/p>\n<p>&nbsp;<\/p>\n<p>S\u00e3o comunidades formadas por pessoas negras que resistiram \u00e0 escravid\u00e3o e constru\u00edram modos de vida baseados na liberdade, na coletividade e na preserva\u00e7\u00e3o cultural. Hoje, essas comunidades det\u00eam reconhecimento legal (CF\/88, Art. 68) como remanescentes de quilombo, garantindo direitos territoriais e culturais.<\/p>\n<p>Segundo a Coordena\u00e7\u00e3o Nacional de Articula\u00e7\u00e3o das Comunidades Negras Rurais Quilombolas (CONAQ) existem 78 comunidades quilombolas com registro em Mato Grosso, no entanto, \u00e9 conhecido que existem mais de 200 Quilombos no Estado.<\/p>\n<p>*PROGRAMA\u00c7\u00c3O*<\/p>\n<p>Aberto ao p\u00fablico, o 1\u00ba Encontro de Quilombos no Museu de Hist\u00f3ria Natural de Mato Grosso (MHNMT), ser\u00e1 realizado na sede do Museu, localizado na Casa Dom Aquino (datada de 1842), na avenida Manoel Jos\u00e9 de Arruda, 2000, em Cuiab\u00e1. A abertura ser\u00e1 \u00e0s 17h, do dia 01 de outubro, com apresenta\u00e7\u00f5es culturais das comunidades quilombolas.<\/p>\n<p>Segue nos dias 02 e 03 e outubro, das 8h \u00e0s 17h, com pain\u00e9is de discuss\u00e3o, exposi\u00e7\u00f5es de banners com trabalhos acad\u00eamicos, v\u00eddeos e fotografias que enriquecer\u00e3o ainda mais o evento, permitindo uma reflex\u00e3o sobre a identidade e a luta das comunidades quilombolas.<\/p>\n<p>Al\u00e9m de feira de produtos da ro\u00e7a (agricultura familiar) e artesanatos diversos, que proporcionar\u00e1 ao p\u00fablico em geral adquirir riquezas de obras dessas comunidades, que prometem encantar os participantes.<\/p>\n<p>O evento tamb\u00e9m oferecer\u00e1 oficinas de capoeira, tran\u00e7as e pinturas corporais para aproximadamente 200 crian\u00e7as de quatro escolas da rede p\u00fablica de ensino, que ter\u00e3o a oportunidade de vivenciar experi\u00eancias que mant\u00eam viva a tradi\u00e7\u00e3o quilombola.<\/p>\n<p>Este encontro promete fortalecer os la\u00e7os entre as comunidades quilombolas, impulsionar pr\u00e1ticas sustent\u00e1veis e dar visibilidade desses povos em todo o Estado de Mato Grosso.<\/p>\n<p>&nbsp;<\/p>\n","protected":false},"excerpt":{"rendered":"<p>Ser\u00e1 uma celebra\u00e7\u00e3o de Cultura e Sustentabilidade, com o objetivo de tratar demandas para a promo\u00e7\u00e3o e salvaguarda das comunidades quilombolas. Durante tr\u00eas dias, comunidades quilombolas do Estado de Mato Grosso participar\u00e3o do &#8220;1\u00ba Encontro de Quilombos no Museu\u201d, de Hist\u00f3ria Natural, com o objetivo de dar voz sobre a realidade desses povos, com pain\u00e9is [&hellip;]<\/p>\n","protected":false},"author":2,"featured_media":12841,"comment_status":"closed","ping_status":"closed","sticky":false,"template":"","format":"standard","meta":{"iawp_total_views":48,"footnotes":""},"categories":[12],"tags":[],"class_list":["post-12840","post","type-post","status-publish","format-standard","has-post-thumbnail","hentry","category-cidades"],"yoast_head":"<!-- This site is optimized with the Yoast SEO plugin v27.3 - https:\/\/yoast.com\/product\/yoast-seo-wordpress\/ -->\n<title>Encontro de Quilombos de Mato Grosso tem como objetivo dar voz sobre a realidade desses povos &#8902; Blog da Condessa<\/title>\n<meta name=\"robots\" content=\"index, follow, max-snippet:-1, max-image-preview:large, max-video-preview:-1\" \/>\n<link rel=\"canonical\" href=\"https:\/\/blogdacondessa.com.br\/blog\/cidades\/encontro-de-quilombos-de-mato-grosso-tem-como-objetivo-dar-voz-sobre-a-realidade-desses-povos\/\" \/>\n<meta property=\"og:locale\" content=\"pt_BR\" \/>\n<meta property=\"og:type\" content=\"article\" \/>\n<meta property=\"og:title\" content=\"Encontro de Quilombos de Mato Grosso tem como objetivo dar voz sobre a realidade desses povos &#8902; Blog da Condessa\" \/>\n<meta property=\"og:description\" content=\"Ser\u00e1 uma celebra\u00e7\u00e3o de Cultura e Sustentabilidade, com o objetivo de tratar demandas para a promo\u00e7\u00e3o e salvaguarda das comunidades quilombolas. Durante tr\u00eas dias, comunidades quilombolas do Estado de Mato Grosso participar\u00e3o do &#8220;1\u00ba Encontro de Quilombos no Museu\u201d, de Hist\u00f3ria Natural, com o objetivo de dar voz sobre a realidade desses povos, com pain\u00e9is [&hellip;]\" \/>\n<meta property=\"og:url\" content=\"https:\/\/blogdacondessa.com.br\/blog\/cidades\/encontro-de-quilombos-de-mato-grosso-tem-como-objetivo-dar-voz-sobre-a-realidade-desses-povos\/\" \/>\n<meta property=\"og:site_name\" content=\"Blog da Condessa\" \/>\n<meta property=\"article:published_time\" content=\"2025-09-27T09:00:07+00:00\" \/>\n<meta property=\"og:image\" content=\"https:\/\/blogdacondessa.com.br\/blog\/wp-content\/uploads\/2025\/09\/QUILOMBOS.jpg\" \/>\n\t<meta property=\"og:image:width\" content=\"1600\" \/>\n\t<meta property=\"og:image:height\" content=\"1066\" \/>\n\t<meta property=\"og:image:type\" content=\"image\/jpeg\" \/>\n<meta name=\"author\" content=\"Blog da Condessa\" \/>\n<meta name=\"twitter:card\" content=\"summary_large_image\" \/>\n<meta name=\"twitter:label1\" content=\"Escrito por\" \/>\n\t<meta name=\"twitter:data1\" content=\"Blog da Condessa\" \/>\n\t<meta name=\"twitter:label2\" content=\"Est. tempo de leitura\" \/>\n\t<meta name=\"twitter:data2\" content=\"4 minutos\" \/>\n<script type=\"application\/ld+json\" class=\"yoast-schema-graph\">{\"@context\":\"https:\\\/\\\/schema.org\",\"@graph\":[{\"@type\":\"Article\",\"@id\":\"https:\\\/\\\/blogdacondessa.com.br\\\/blog\\\/cidades\\\/encontro-de-quilombos-de-mato-grosso-tem-como-objetivo-dar-voz-sobre-a-realidade-desses-povos\\\/#article\",\"isPartOf\":{\"@id\":\"https:\\\/\\\/blogdacondessa.com.br\\\/blog\\\/cidades\\\/encontro-de-quilombos-de-mato-grosso-tem-como-objetivo-dar-voz-sobre-a-realidade-desses-povos\\\/\"},\"author\":{\"name\":\"Blog da Condessa\",\"@id\":\"https:\\\/\\\/blogdacondessa.com.br\\\/blog\\\/#\\\/schema\\\/person\\\/1d667ff8b785195b568677489d266035\"},\"headline\":\"Encontro de Quilombos de Mato Grosso tem como objetivo dar voz sobre a realidade desses povos\",\"datePublished\":\"2025-09-27T09:00:07+00:00\",\"mainEntityOfPage\":{\"@id\":\"https:\\\/\\\/blogdacondessa.com.br\\\/blog\\\/cidades\\\/encontro-de-quilombos-de-mato-grosso-tem-como-objetivo-dar-voz-sobre-a-realidade-desses-povos\\\/\"},\"wordCount\":597,\"image\":{\"@id\":\"https:\\\/\\\/blogdacondessa.com.br\\\/blog\\\/cidades\\\/encontro-de-quilombos-de-mato-grosso-tem-como-objetivo-dar-voz-sobre-a-realidade-desses-povos\\\/#primaryimage\"},\"thumbnailUrl\":\"https:\\\/\\\/blogdacondessa.com.br\\\/blog\\\/wp-content\\\/uploads\\\/2025\\\/09\\\/QUILOMBOS.jpg\",\"articleSection\":[\"Cidades\"],\"inLanguage\":\"pt-BR\"},{\"@type\":\"WebPage\",\"@id\":\"https:\\\/\\\/blogdacondessa.com.br\\\/blog\\\/cidades\\\/encontro-de-quilombos-de-mato-grosso-tem-como-objetivo-dar-voz-sobre-a-realidade-desses-povos\\\/\",\"url\":\"https:\\\/\\\/blogdacondessa.com.br\\\/blog\\\/cidades\\\/encontro-de-quilombos-de-mato-grosso-tem-como-objetivo-dar-voz-sobre-a-realidade-desses-povos\\\/\",\"name\":\"Encontro de Quilombos de Mato Grosso tem como objetivo dar voz sobre a realidade desses povos &#8902; Blog da Condessa\",\"isPartOf\":{\"@id\":\"https:\\\/\\\/blogdacondessa.com.br\\\/blog\\\/#website\"},\"primaryImageOfPage\":{\"@id\":\"https:\\\/\\\/blogdacondessa.com.br\\\/blog\\\/cidades\\\/encontro-de-quilombos-de-mato-grosso-tem-como-objetivo-dar-voz-sobre-a-realidade-desses-povos\\\/#primaryimage\"},\"image\":{\"@id\":\"https:\\\/\\\/blogdacondessa.com.br\\\/blog\\\/cidades\\\/encontro-de-quilombos-de-mato-grosso-tem-como-objetivo-dar-voz-sobre-a-realidade-desses-povos\\\/#primaryimage\"},\"thumbnailUrl\":\"https:\\\/\\\/blogdacondessa.com.br\\\/blog\\\/wp-content\\\/uploads\\\/2025\\\/09\\\/QUILOMBOS.jpg\",\"datePublished\":\"2025-09-27T09:00:07+00:00\",\"author\":{\"@id\":\"https:\\\/\\\/blogdacondessa.com.br\\\/blog\\\/#\\\/schema\\\/person\\\/1d667ff8b785195b568677489d266035\"},\"breadcrumb\":{\"@id\":\"https:\\\/\\\/blogdacondessa.com.br\\\/blog\\\/cidades\\\/encontro-de-quilombos-de-mato-grosso-tem-como-objetivo-dar-voz-sobre-a-realidade-desses-povos\\\/#breadcrumb\"},\"inLanguage\":\"pt-BR\",\"potentialAction\":[{\"@type\":\"ReadAction\",\"target\":[\"https:\\\/\\\/blogdacondessa.com.br\\\/blog\\\/cidades\\\/encontro-de-quilombos-de-mato-grosso-tem-como-objetivo-dar-voz-sobre-a-realidade-desses-povos\\\/\"]}]},{\"@type\":\"ImageObject\",\"inLanguage\":\"pt-BR\",\"@id\":\"https:\\\/\\\/blogdacondessa.com.br\\\/blog\\\/cidades\\\/encontro-de-quilombos-de-mato-grosso-tem-como-objetivo-dar-voz-sobre-a-realidade-desses-povos\\\/#primaryimage\",\"url\":\"https:\\\/\\\/blogdacondessa.com.br\\\/blog\\\/wp-content\\\/uploads\\\/2025\\\/09\\\/QUILOMBOS.jpg\",\"contentUrl\":\"https:\\\/\\\/blogdacondessa.com.br\\\/blog\\\/wp-content\\\/uploads\\\/2025\\\/09\\\/QUILOMBOS.jpg\",\"width\":1600,\"height\":1066,\"caption\":\"Foto: Assessoria\"},{\"@type\":\"BreadcrumbList\",\"@id\":\"https:\\\/\\\/blogdacondessa.com.br\\\/blog\\\/cidades\\\/encontro-de-quilombos-de-mato-grosso-tem-como-objetivo-dar-voz-sobre-a-realidade-desses-povos\\\/#breadcrumb\",\"itemListElement\":[{\"@type\":\"ListItem\",\"position\":1,\"name\":\"In\u00edcio\",\"item\":\"https:\\\/\\\/blogdacondessa.com.br\\\/blog\\\/\"},{\"@type\":\"ListItem\",\"position\":2,\"name\":\"Encontro de Quilombos de Mato Grosso tem como objetivo dar voz sobre a realidade desses povos\"}]},{\"@type\":\"WebSite\",\"@id\":\"https:\\\/\\\/blogdacondessa.com.br\\\/blog\\\/#website\",\"url\":\"https:\\\/\\\/blogdacondessa.com.br\\\/blog\\\/\",\"name\":\"Blog da Condessa\",\"description\":\"Com Shirley de Souza O\u2019Campos\",\"potentialAction\":[{\"@type\":\"SearchAction\",\"target\":{\"@type\":\"EntryPoint\",\"urlTemplate\":\"https:\\\/\\\/blogdacondessa.com.br\\\/blog\\\/?s={search_term_string}\"},\"query-input\":{\"@type\":\"PropertyValueSpecification\",\"valueRequired\":true,\"valueName\":\"search_term_string\"}}],\"inLanguage\":\"pt-BR\"},{\"@type\":\"Person\",\"@id\":\"https:\\\/\\\/blogdacondessa.com.br\\\/blog\\\/#\\\/schema\\\/person\\\/1d667ff8b785195b568677489d266035\",\"name\":\"Blog da Condessa\",\"image\":{\"@type\":\"ImageObject\",\"inLanguage\":\"pt-BR\",\"@id\":\"https:\\\/\\\/secure.gravatar.com\\\/avatar\\\/377c0eb8b4ad2bfc25461b41564b5971e721ca34a57642868fc7b0c8ac7b52c5?s=96&d=mm&r=g\",\"url\":\"https:\\\/\\\/secure.gravatar.com\\\/avatar\\\/377c0eb8b4ad2bfc25461b41564b5971e721ca34a57642868fc7b0c8ac7b52c5?s=96&d=mm&r=g\",\"contentUrl\":\"https:\\\/\\\/secure.gravatar.com\\\/avatar\\\/377c0eb8b4ad2bfc25461b41564b5971e721ca34a57642868fc7b0c8ac7b52c5?s=96&d=mm&r=g\",\"caption\":\"Blog da Condessa\"},\"url\":\"https:\\\/\\\/blogdacondessa.com.br\\\/blog\\\/author\\\/beatriz\\\/\"}]}<\/script>\n<!-- \/ Yoast SEO plugin. -->","yoast_head_json":{"title":"Encontro de Quilombos de Mato Grosso tem como objetivo dar voz sobre a realidade desses povos &#8902; Blog da Condessa","robots":{"index":"index","follow":"follow","max-snippet":"max-snippet:-1","max-image-preview":"max-image-preview:large","max-video-preview":"max-video-preview:-1"},"canonical":"https:\/\/blogdacondessa.com.br\/blog\/cidades\/encontro-de-quilombos-de-mato-grosso-tem-como-objetivo-dar-voz-sobre-a-realidade-desses-povos\/","og_locale":"pt_BR","og_type":"article","og_title":"Encontro de Quilombos de Mato Grosso tem como objetivo dar voz sobre a realidade desses povos &#8902; Blog da Condessa","og_description":"Ser\u00e1 uma celebra\u00e7\u00e3o de Cultura e Sustentabilidade, com o objetivo de tratar demandas para a promo\u00e7\u00e3o e salvaguarda das comunidades quilombolas. Durante tr\u00eas dias, comunidades quilombolas do Estado de Mato Grosso participar\u00e3o do &#8220;1\u00ba Encontro de Quilombos no Museu\u201d, de Hist\u00f3ria Natural, com o objetivo de dar voz sobre a realidade desses povos, com pain\u00e9is [&hellip;]","og_url":"https:\/\/blogdacondessa.com.br\/blog\/cidades\/encontro-de-quilombos-de-mato-grosso-tem-como-objetivo-dar-voz-sobre-a-realidade-desses-povos\/","og_site_name":"Blog da Condessa","article_published_time":"2025-09-27T09:00:07+00:00","og_image":[{"width":1600,"height":1066,"url":"https:\/\/blogdacondessa.com.br\/blog\/wp-content\/uploads\/2025\/09\/QUILOMBOS.jpg","type":"image\/jpeg"}],"author":"Blog da Condessa","twitter_card":"summary_large_image","twitter_misc":{"Escrito por":"Blog da Condessa","Est. tempo de leitura":"4 minutos"},"schema":{"@context":"https:\/\/schema.org","@graph":[{"@type":"Article","@id":"https:\/\/blogdacondessa.com.br\/blog\/cidades\/encontro-de-quilombos-de-mato-grosso-tem-como-objetivo-dar-voz-sobre-a-realidade-desses-povos\/#article","isPartOf":{"@id":"https:\/\/blogdacondessa.com.br\/blog\/cidades\/encontro-de-quilombos-de-mato-grosso-tem-como-objetivo-dar-voz-sobre-a-realidade-desses-povos\/"},"author":{"name":"Blog da Condessa","@id":"https:\/\/blogdacondessa.com.br\/blog\/#\/schema\/person\/1d667ff8b785195b568677489d266035"},"headline":"Encontro de Quilombos de Mato Grosso tem como objetivo dar voz sobre a realidade desses povos","datePublished":"2025-09-27T09:00:07+00:00","mainEntityOfPage":{"@id":"https:\/\/blogdacondessa.com.br\/blog\/cidades\/encontro-de-quilombos-de-mato-grosso-tem-como-objetivo-dar-voz-sobre-a-realidade-desses-povos\/"},"wordCount":597,"image":{"@id":"https:\/\/blogdacondessa.com.br\/blog\/cidades\/encontro-de-quilombos-de-mato-grosso-tem-como-objetivo-dar-voz-sobre-a-realidade-desses-povos\/#primaryimage"},"thumbnailUrl":"https:\/\/blogdacondessa.com.br\/blog\/wp-content\/uploads\/2025\/09\/QUILOMBOS.jpg","articleSection":["Cidades"],"inLanguage":"pt-BR"},{"@type":"WebPage","@id":"https:\/\/blogdacondessa.com.br\/blog\/cidades\/encontro-de-quilombos-de-mato-grosso-tem-como-objetivo-dar-voz-sobre-a-realidade-desses-povos\/","url":"https:\/\/blogdacondessa.com.br\/blog\/cidades\/encontro-de-quilombos-de-mato-grosso-tem-como-objetivo-dar-voz-sobre-a-realidade-desses-povos\/","name":"Encontro de Quilombos de Mato Grosso tem como objetivo dar voz sobre a realidade desses povos &#8902; Blog da Condessa","isPartOf":{"@id":"https:\/\/blogdacondessa.com.br\/blog\/#website"},"primaryImageOfPage":{"@id":"https:\/\/blogdacondessa.com.br\/blog\/cidades\/encontro-de-quilombos-de-mato-grosso-tem-como-objetivo-dar-voz-sobre-a-realidade-desses-povos\/#primaryimage"},"image":{"@id":"https:\/\/blogdacondessa.com.br\/blog\/cidades\/encontro-de-quilombos-de-mato-grosso-tem-como-objetivo-dar-voz-sobre-a-realidade-desses-povos\/#primaryimage"},"thumbnailUrl":"https:\/\/blogdacondessa.com.br\/blog\/wp-content\/uploads\/2025\/09\/QUILOMBOS.jpg","datePublished":"2025-09-27T09:00:07+00:00","author":{"@id":"https:\/\/blogdacondessa.com.br\/blog\/#\/schema\/person\/1d667ff8b785195b568677489d266035"},"breadcrumb":{"@id":"https:\/\/blogdacondessa.com.br\/blog\/cidades\/encontro-de-quilombos-de-mato-grosso-tem-como-objetivo-dar-voz-sobre-a-realidade-desses-povos\/#breadcrumb"},"inLanguage":"pt-BR","potentialAction":[{"@type":"ReadAction","target":["https:\/\/blogdacondessa.com.br\/blog\/cidades\/encontro-de-quilombos-de-mato-grosso-tem-como-objetivo-dar-voz-sobre-a-realidade-desses-povos\/"]}]},{"@type":"ImageObject","inLanguage":"pt-BR","@id":"https:\/\/blogdacondessa.com.br\/blog\/cidades\/encontro-de-quilombos-de-mato-grosso-tem-como-objetivo-dar-voz-sobre-a-realidade-desses-povos\/#primaryimage","url":"https:\/\/blogdacondessa.com.br\/blog\/wp-content\/uploads\/2025\/09\/QUILOMBOS.jpg","contentUrl":"https:\/\/blogdacondessa.com.br\/blog\/wp-content\/uploads\/2025\/09\/QUILOMBOS.jpg","width":1600,"height":1066,"caption":"Foto: Assessoria"},{"@type":"BreadcrumbList","@id":"https:\/\/blogdacondessa.com.br\/blog\/cidades\/encontro-de-quilombos-de-mato-grosso-tem-como-objetivo-dar-voz-sobre-a-realidade-desses-povos\/#breadcrumb","itemListElement":[{"@type":"ListItem","position":1,"name":"In\u00edcio","item":"https:\/\/blogdacondessa.com.br\/blog\/"},{"@type":"ListItem","position":2,"name":"Encontro de Quilombos de Mato Grosso tem como objetivo dar voz sobre a realidade desses povos"}]},{"@type":"WebSite","@id":"https:\/\/blogdacondessa.com.br\/blog\/#website","url":"https:\/\/blogdacondessa.com.br\/blog\/","name":"Blog da Condessa","description":"Com Shirley de Souza O\u2019Campos","potentialAction":[{"@type":"SearchAction","target":{"@type":"EntryPoint","urlTemplate":"https:\/\/blogdacondessa.com.br\/blog\/?s={search_term_string}"},"query-input":{"@type":"PropertyValueSpecification","valueRequired":true,"valueName":"search_term_string"}}],"inLanguage":"pt-BR"},{"@type":"Person","@id":"https:\/\/blogdacondessa.com.br\/blog\/#\/schema\/person\/1d667ff8b785195b568677489d266035","name":"Blog da Condessa","image":{"@type":"ImageObject","inLanguage":"pt-BR","@id":"https:\/\/secure.gravatar.com\/avatar\/377c0eb8b4ad2bfc25461b41564b5971e721ca34a57642868fc7b0c8ac7b52c5?s=96&d=mm&r=g","url":"https:\/\/secure.gravatar.com\/avatar\/377c0eb8b4ad2bfc25461b41564b5971e721ca34a57642868fc7b0c8ac7b52c5?s=96&d=mm&r=g","contentUrl":"https:\/\/secure.gravatar.com\/avatar\/377c0eb8b4ad2bfc25461b41564b5971e721ca34a57642868fc7b0c8ac7b52c5?s=96&d=mm&r=g","caption":"Blog da Condessa"},"url":"https:\/\/blogdacondessa.com.br\/blog\/author\/beatriz\/"}]}},"_links":{"self":[{"href":"https:\/\/blogdacondessa.com.br\/blog\/wp-json\/wp\/v2\/posts\/12840","targetHints":{"allow":["GET"]}}],"collection":[{"href":"https:\/\/blogdacondessa.com.br\/blog\/wp-json\/wp\/v2\/posts"}],"about":[{"href":"https:\/\/blogdacondessa.com.br\/blog\/wp-json\/wp\/v2\/types\/post"}],"author":[{"embeddable":true,"href":"https:\/\/blogdacondessa.com.br\/blog\/wp-json\/wp\/v2\/users\/2"}],"replies":[{"embeddable":true,"href":"https:\/\/blogdacondessa.com.br\/blog\/wp-json\/wp\/v2\/comments?post=12840"}],"version-history":[{"count":1,"href":"https:\/\/blogdacondessa.com.br\/blog\/wp-json\/wp\/v2\/posts\/12840\/revisions"}],"predecessor-version":[{"id":12842,"href":"https:\/\/blogdacondessa.com.br\/blog\/wp-json\/wp\/v2\/posts\/12840\/revisions\/12842"}],"wp:featuredmedia":[{"embeddable":true,"href":"https:\/\/blogdacondessa.com.br\/blog\/wp-json\/wp\/v2\/media\/12841"}],"wp:attachment":[{"href":"https:\/\/blogdacondessa.com.br\/blog\/wp-json\/wp\/v2\/media?parent=12840"}],"wp:term":[{"taxonomy":"category","embeddable":true,"href":"https:\/\/blogdacondessa.com.br\/blog\/wp-json\/wp\/v2\/categories?post=12840"},{"taxonomy":"post_tag","embeddable":true,"href":"https:\/\/blogdacondessa.com.br\/blog\/wp-json\/wp\/v2\/tags?post=12840"}],"curies":[{"name":"wp","href":"https:\/\/api.w.org\/{rel}","templated":true}]}}