{"id":12831,"date":"2025-09-26T05:00:17","date_gmt":"2025-09-26T09:00:17","guid":{"rendered":"https:\/\/blogdacondessa.com.br\/blog\/?p=12831"},"modified":"2025-09-25T17:48:47","modified_gmt":"2025-09-25T21:48:47","slug":"nada-e-mais-ancestral-e-universal-do-que-a-relacao-do-homem-com-o-alimento","status":"publish","type":"post","link":"https:\/\/blogdacondessa.com.br\/blog\/gastronomia\/nada-e-mais-ancestral-e-universal-do-que-a-relacao-do-homem-com-o-alimento\/","title":{"rendered":"\u201cNada \u00e9 mais ancestral e universal do que a rela\u00e7\u00e3o do homem com o alimento\u201d"},"content":{"rendered":"<p>Uma saborosa maratona de eventos gastron\u00f4micos est\u00e1\u00a0 sendo preparada para a 11\u00aa edi\u00e7\u00e3o do Pantanal Cozinha Brasil, que acontece de 01 a 31 de outubro, em Cuiab\u00e1, com o tema Mato Grosso e seus biomas. O evento traz extensa programa\u00e7\u00e3o preparada para contemplar os participantes com treinamento para o Roteiro da Carne e o universo da carne bovina regional, workshops gastron\u00f4micos de vinho, caf\u00e9 e cerveja. E tem ainda o encontro Wellness &amp; Fit com Manuela Cit, maior influencer nacional do segmento, com apresenta\u00e7\u00e3o e degusta\u00e7\u00e3o de produtos saud\u00e1veis,\u00a0 feitos a partir de ingredientes regionais do Pantanal.<\/p>\n<p>As atividades presenciais acontecem em endere\u00e7os diversos: no Univag &#8211; Centro Universit\u00e1rio de V\u00e1rzea Grande, Bloco C e no Senac, Unidade Boa Esperan\u00e7a, onde ocorrem as\u00a0 Aulas de Culin\u00e1ria. O workshop com Manuela Cit ser\u00e1 no restaurante Talavera e o workshop de vinhos e queijos, no Espa\u00e7o Sebrae do Goiabeiras\u00a0Shopping.<\/p>\n<p>Al\u00e9m disso, restaurantes de Cuiab\u00e1, associados \u00e0 Abrasel-MT, oferecer\u00e3o um prato especial de carne bovina regional durante todo o m\u00eas de outubro. S\u00e3o eles: Mahalo, Toroari, \u00c1vah, Baron\u00eas, Meats Grill, Talavera, Varadero, Due Ladroni e Canto.<\/p>\n<p>Para o professor de gastronomia e idealizador do evento, Jo\u00e3o Carlos Caldeira, a alimenta\u00e7\u00e3o promove conex\u00e3o entre as pessoas. Nada \u00e9 mais ancestral e universal do que a rela\u00e7\u00e3o do homem com o alimento. &#8220;O ingrediente principal desta edi\u00e7\u00e3o ser\u00e1 a carne de Mato Grosso, com o apoio do Instituto Mato-grossense da Carne \u2013 IMAC, aproveitando a realiza\u00e7\u00e3o do World Meat Congress (WMC) \u2013 Congresso Mundial da Carne \u2013 que acontece entre os dias 28 e 30 de outubro, em Cuiab\u00e1. O evento, conhecido por ser um dos maiores voltados ao setor de prote\u00edna animal, deve reunir representantes de mais de 20 pa\u00edses\u201d, revela.<\/p>\n<p>Falando um pouco mais sobre os jantares magnos, com chefs nacionais, o presidente da Abrasel-MT, Daniel Teixeira, acrescenta que as reservas ser\u00e3o comercializadas diretamente nos restaurantes. &#8220;O Pantanal Cozinha Brasil faz parte do calend\u00e1rio de eventos de Cuiab\u00e1 e \u00e9 uma \u00f3tima oportunidade para o setor de bares, restaurantes e afins, mostrar seus atributos aos participantes do evento. Quem quiser participar desta incr\u00edvel experi\u00eancia durante o evento, basta escolher o restaurante e fazer sua reserva\u201d, enfatiza.<\/p>\n<p>Caldeira finaliza dizendo que o talk show exclusivo com a maior influenciadora wellness\/fit do Brasil, Manuela Cit, \u00e9 um momento imperd\u00edvel de ouvir de perto quem inspira milh\u00f5es de pessoas com seu estilo de vida saud\u00e1vel e suas dicas de bem-estar.<\/p>\n<p>Grande parte da programa\u00e7\u00e3o \u00e9 gratuita, outras t\u00eam vagas limitadas e exigem pr\u00e9-inscri\u00e7\u00e3o. Todas as informa\u00e7\u00f5es podem ser consultadas nas redes sociais e no site do evento\u00a0<a href=\"https:\/\/u5451556.ct.sendgrid.net\/ls\/click?upn=u001.orZHaFubyDzP-2BxPLQ-2F088hKmkmVugJkqNSzNLfho4Ms82QZ5DsCZJU2d3jNJEgDFx-2FZAd-2B2RQEGelfoU1AEOcA-3D-3DwwzG_G4ZoCZdmjPSHzMRCZaAMo7s-2FPG8F5WUgNrjCEv-2Fwxs5eUQkAHzyD0NfH09PQyjLkgoYzDLTEch6grceU5eqzNUQN6IorvQ-2B9wBOK3vj4MzonhTiY1eDYrZZis9KSEwTch-2FpxhX6j-2BCLUIf5z0G1-2FwhojoRpvqXDT1KV-2FVaBHm7vWEjjZaeEPpBV4y-2BLYQJlT8w9vxShZvyHt2sP99L6fGJVRvB-2BGDJnOLv7tVpEmQDnu9E31-2F6l3EeMcrIKKeXfhklJ1sbp8fwWFOCyLZYuDdblhlkIYiId-2F-2FxRQ8TcyIk4-3D\">www.pantanalcozinhabrasil.com.br\/programacao<\/a>.<\/p>\n","protected":false},"excerpt":{"rendered":"<p>Uma saborosa maratona de eventos gastron\u00f4micos est\u00e1\u00a0 sendo preparada para a 11\u00aa edi\u00e7\u00e3o do Pantanal Cozinha Brasil, que acontece de 01 a 31 de outubro, em Cuiab\u00e1, com o tema Mato Grosso e seus biomas. O evento traz extensa programa\u00e7\u00e3o preparada para contemplar os participantes com treinamento para o Roteiro da Carne e o universo [&hellip;]<\/p>\n","protected":false},"author":2,"featured_media":12832,"comment_status":"closed","ping_status":"closed","sticky":false,"template":"","format":"standard","meta":{"iawp_total_views":5,"footnotes":""},"categories":[35],"tags":[],"class_list":["post-12831","post","type-post","status-publish","format-standard","has-post-thumbnail","hentry","category-gastronomia"],"yoast_head":"<!-- This site is optimized with the Yoast SEO plugin v27.3 - https:\/\/yoast.com\/product\/yoast-seo-wordpress\/ -->\n<title>\u201cNada \u00e9 mais ancestral e universal do que a rela\u00e7\u00e3o do homem com o alimento\u201d &#8902; Blog da Condessa<\/title>\n<meta name=\"robots\" content=\"index, follow, max-snippet:-1, max-image-preview:large, max-video-preview:-1\" \/>\n<link rel=\"canonical\" href=\"https:\/\/blogdacondessa.com.br\/blog\/gastronomia\/nada-e-mais-ancestral-e-universal-do-que-a-relacao-do-homem-com-o-alimento\/\" \/>\n<meta property=\"og:locale\" content=\"pt_BR\" \/>\n<meta property=\"og:type\" content=\"article\" \/>\n<meta property=\"og:title\" content=\"\u201cNada \u00e9 mais ancestral e universal do que a rela\u00e7\u00e3o do homem com o alimento\u201d &#8902; Blog da Condessa\" \/>\n<meta property=\"og:description\" content=\"Uma saborosa maratona de eventos gastron\u00f4micos est\u00e1\u00a0 sendo preparada para a 11\u00aa edi\u00e7\u00e3o do Pantanal Cozinha Brasil, que acontece de 01 a 31 de outubro, em Cuiab\u00e1, com o tema Mato Grosso e seus biomas. O evento traz extensa programa\u00e7\u00e3o preparada para contemplar os participantes com treinamento para o Roteiro da Carne e o universo [&hellip;]\" \/>\n<meta property=\"og:url\" content=\"https:\/\/blogdacondessa.com.br\/blog\/gastronomia\/nada-e-mais-ancestral-e-universal-do-que-a-relacao-do-homem-com-o-alimento\/\" \/>\n<meta property=\"og:site_name\" content=\"Blog da Condessa\" \/>\n<meta property=\"article:published_time\" content=\"2025-09-26T09:00:17+00:00\" \/>\n<meta property=\"og:image\" content=\"https:\/\/blogdacondessa.com.br\/blog\/wp-content\/uploads\/2025\/09\/gastronomia.jpg\" \/>\n\t<meta property=\"og:image:width\" content=\"640\" \/>\n\t<meta property=\"og:image:height\" content=\"805\" \/>\n\t<meta property=\"og:image:type\" content=\"image\/jpeg\" \/>\n<meta name=\"author\" content=\"Blog da Condessa\" \/>\n<meta name=\"twitter:card\" content=\"summary_large_image\" \/>\n<meta name=\"twitter:label1\" content=\"Escrito por\" \/>\n\t<meta name=\"twitter:data1\" content=\"Blog da Condessa\" \/>\n\t<meta name=\"twitter:label2\" content=\"Est. tempo de leitura\" \/>\n\t<meta name=\"twitter:data2\" content=\"3 minutos\" \/>\n<script type=\"application\/ld+json\" class=\"yoast-schema-graph\">{\"@context\":\"https:\\\/\\\/schema.org\",\"@graph\":[{\"@type\":\"Article\",\"@id\":\"https:\\\/\\\/blogdacondessa.com.br\\\/blog\\\/gastronomia\\\/nada-e-mais-ancestral-e-universal-do-que-a-relacao-do-homem-com-o-alimento\\\/#article\",\"isPartOf\":{\"@id\":\"https:\\\/\\\/blogdacondessa.com.br\\\/blog\\\/gastronomia\\\/nada-e-mais-ancestral-e-universal-do-que-a-relacao-do-homem-com-o-alimento\\\/\"},\"author\":{\"name\":\"Blog da Condessa\",\"@id\":\"https:\\\/\\\/blogdacondessa.com.br\\\/blog\\\/#\\\/schema\\\/person\\\/1d667ff8b785195b568677489d266035\"},\"headline\":\"\u201cNada \u00e9 mais ancestral e universal do que a rela\u00e7\u00e3o do homem com o alimento\u201d\",\"datePublished\":\"2025-09-26T09:00:17+00:00\",\"mainEntityOfPage\":{\"@id\":\"https:\\\/\\\/blogdacondessa.com.br\\\/blog\\\/gastronomia\\\/nada-e-mais-ancestral-e-universal-do-que-a-relacao-do-homem-com-o-alimento\\\/\"},\"wordCount\":477,\"image\":{\"@id\":\"https:\\\/\\\/blogdacondessa.com.br\\\/blog\\\/gastronomia\\\/nada-e-mais-ancestral-e-universal-do-que-a-relacao-do-homem-com-o-alimento\\\/#primaryimage\"},\"thumbnailUrl\":\"https:\\\/\\\/blogdacondessa.com.br\\\/blog\\\/wp-content\\\/uploads\\\/2025\\\/09\\\/gastronomia.jpg\",\"articleSection\":[\"Gastronomia\"],\"inLanguage\":\"pt-BR\"},{\"@type\":\"WebPage\",\"@id\":\"https:\\\/\\\/blogdacondessa.com.br\\\/blog\\\/gastronomia\\\/nada-e-mais-ancestral-e-universal-do-que-a-relacao-do-homem-com-o-alimento\\\/\",\"url\":\"https:\\\/\\\/blogdacondessa.com.br\\\/blog\\\/gastronomia\\\/nada-e-mais-ancestral-e-universal-do-que-a-relacao-do-homem-com-o-alimento\\\/\",\"name\":\"\u201cNada \u00e9 mais ancestral e universal do que a rela\u00e7\u00e3o do homem com o alimento\u201d &#8902; Blog da Condessa\",\"isPartOf\":{\"@id\":\"https:\\\/\\\/blogdacondessa.com.br\\\/blog\\\/#website\"},\"primaryImageOfPage\":{\"@id\":\"https:\\\/\\\/blogdacondessa.com.br\\\/blog\\\/gastronomia\\\/nada-e-mais-ancestral-e-universal-do-que-a-relacao-do-homem-com-o-alimento\\\/#primaryimage\"},\"image\":{\"@id\":\"https:\\\/\\\/blogdacondessa.com.br\\\/blog\\\/gastronomia\\\/nada-e-mais-ancestral-e-universal-do-que-a-relacao-do-homem-com-o-alimento\\\/#primaryimage\"},\"thumbnailUrl\":\"https:\\\/\\\/blogdacondessa.com.br\\\/blog\\\/wp-content\\\/uploads\\\/2025\\\/09\\\/gastronomia.jpg\",\"datePublished\":\"2025-09-26T09:00:17+00:00\",\"author\":{\"@id\":\"https:\\\/\\\/blogdacondessa.com.br\\\/blog\\\/#\\\/schema\\\/person\\\/1d667ff8b785195b568677489d266035\"},\"breadcrumb\":{\"@id\":\"https:\\\/\\\/blogdacondessa.com.br\\\/blog\\\/gastronomia\\\/nada-e-mais-ancestral-e-universal-do-que-a-relacao-do-homem-com-o-alimento\\\/#breadcrumb\"},\"inLanguage\":\"pt-BR\",\"potentialAction\":[{\"@type\":\"ReadAction\",\"target\":[\"https:\\\/\\\/blogdacondessa.com.br\\\/blog\\\/gastronomia\\\/nada-e-mais-ancestral-e-universal-do-que-a-relacao-do-homem-com-o-alimento\\\/\"]}]},{\"@type\":\"ImageObject\",\"inLanguage\":\"pt-BR\",\"@id\":\"https:\\\/\\\/blogdacondessa.com.br\\\/blog\\\/gastronomia\\\/nada-e-mais-ancestral-e-universal-do-que-a-relacao-do-homem-com-o-alimento\\\/#primaryimage\",\"url\":\"https:\\\/\\\/blogdacondessa.com.br\\\/blog\\\/wp-content\\\/uploads\\\/2025\\\/09\\\/gastronomia.jpg\",\"contentUrl\":\"https:\\\/\\\/blogdacondessa.com.br\\\/blog\\\/wp-content\\\/uploads\\\/2025\\\/09\\\/gastronomia.jpg\",\"width\":640,\"height\":805},{\"@type\":\"BreadcrumbList\",\"@id\":\"https:\\\/\\\/blogdacondessa.com.br\\\/blog\\\/gastronomia\\\/nada-e-mais-ancestral-e-universal-do-que-a-relacao-do-homem-com-o-alimento\\\/#breadcrumb\",\"itemListElement\":[{\"@type\":\"ListItem\",\"position\":1,\"name\":\"In\u00edcio\",\"item\":\"https:\\\/\\\/blogdacondessa.com.br\\\/blog\\\/\"},{\"@type\":\"ListItem\",\"position\":2,\"name\":\"\u201cNada \u00e9 mais ancestral e universal do que a rela\u00e7\u00e3o do homem com o alimento\u201d\"}]},{\"@type\":\"WebSite\",\"@id\":\"https:\\\/\\\/blogdacondessa.com.br\\\/blog\\\/#website\",\"url\":\"https:\\\/\\\/blogdacondessa.com.br\\\/blog\\\/\",\"name\":\"Blog da Condessa\",\"description\":\"Com Shirley de Souza O\u2019Campos\",\"potentialAction\":[{\"@type\":\"SearchAction\",\"target\":{\"@type\":\"EntryPoint\",\"urlTemplate\":\"https:\\\/\\\/blogdacondessa.com.br\\\/blog\\\/?s={search_term_string}\"},\"query-input\":{\"@type\":\"PropertyValueSpecification\",\"valueRequired\":true,\"valueName\":\"search_term_string\"}}],\"inLanguage\":\"pt-BR\"},{\"@type\":\"Person\",\"@id\":\"https:\\\/\\\/blogdacondessa.com.br\\\/blog\\\/#\\\/schema\\\/person\\\/1d667ff8b785195b568677489d266035\",\"name\":\"Blog da Condessa\",\"image\":{\"@type\":\"ImageObject\",\"inLanguage\":\"pt-BR\",\"@id\":\"https:\\\/\\\/secure.gravatar.com\\\/avatar\\\/377c0eb8b4ad2bfc25461b41564b5971e721ca34a57642868fc7b0c8ac7b52c5?s=96&d=mm&r=g\",\"url\":\"https:\\\/\\\/secure.gravatar.com\\\/avatar\\\/377c0eb8b4ad2bfc25461b41564b5971e721ca34a57642868fc7b0c8ac7b52c5?s=96&d=mm&r=g\",\"contentUrl\":\"https:\\\/\\\/secure.gravatar.com\\\/avatar\\\/377c0eb8b4ad2bfc25461b41564b5971e721ca34a57642868fc7b0c8ac7b52c5?s=96&d=mm&r=g\",\"caption\":\"Blog da Condessa\"},\"url\":\"https:\\\/\\\/blogdacondessa.com.br\\\/blog\\\/author\\\/beatriz\\\/\"}]}<\/script>\n<!-- \/ Yoast SEO plugin. -->","yoast_head_json":{"title":"\u201cNada \u00e9 mais ancestral e universal do que a rela\u00e7\u00e3o do homem com o alimento\u201d &#8902; Blog da Condessa","robots":{"index":"index","follow":"follow","max-snippet":"max-snippet:-1","max-image-preview":"max-image-preview:large","max-video-preview":"max-video-preview:-1"},"canonical":"https:\/\/blogdacondessa.com.br\/blog\/gastronomia\/nada-e-mais-ancestral-e-universal-do-que-a-relacao-do-homem-com-o-alimento\/","og_locale":"pt_BR","og_type":"article","og_title":"\u201cNada \u00e9 mais ancestral e universal do que a rela\u00e7\u00e3o do homem com o alimento\u201d &#8902; Blog da Condessa","og_description":"Uma saborosa maratona de eventos gastron\u00f4micos est\u00e1\u00a0 sendo preparada para a 11\u00aa edi\u00e7\u00e3o do Pantanal Cozinha Brasil, que acontece de 01 a 31 de outubro, em Cuiab\u00e1, com o tema Mato Grosso e seus biomas. O evento traz extensa programa\u00e7\u00e3o preparada para contemplar os participantes com treinamento para o Roteiro da Carne e o universo [&hellip;]","og_url":"https:\/\/blogdacondessa.com.br\/blog\/gastronomia\/nada-e-mais-ancestral-e-universal-do-que-a-relacao-do-homem-com-o-alimento\/","og_site_name":"Blog da Condessa","article_published_time":"2025-09-26T09:00:17+00:00","og_image":[{"width":640,"height":805,"url":"https:\/\/blogdacondessa.com.br\/blog\/wp-content\/uploads\/2025\/09\/gastronomia.jpg","type":"image\/jpeg"}],"author":"Blog da Condessa","twitter_card":"summary_large_image","twitter_misc":{"Escrito por":"Blog da Condessa","Est. tempo de leitura":"3 minutos"},"schema":{"@context":"https:\/\/schema.org","@graph":[{"@type":"Article","@id":"https:\/\/blogdacondessa.com.br\/blog\/gastronomia\/nada-e-mais-ancestral-e-universal-do-que-a-relacao-do-homem-com-o-alimento\/#article","isPartOf":{"@id":"https:\/\/blogdacondessa.com.br\/blog\/gastronomia\/nada-e-mais-ancestral-e-universal-do-que-a-relacao-do-homem-com-o-alimento\/"},"author":{"name":"Blog da Condessa","@id":"https:\/\/blogdacondessa.com.br\/blog\/#\/schema\/person\/1d667ff8b785195b568677489d266035"},"headline":"\u201cNada \u00e9 mais ancestral e universal do que a rela\u00e7\u00e3o do homem com o alimento\u201d","datePublished":"2025-09-26T09:00:17+00:00","mainEntityOfPage":{"@id":"https:\/\/blogdacondessa.com.br\/blog\/gastronomia\/nada-e-mais-ancestral-e-universal-do-que-a-relacao-do-homem-com-o-alimento\/"},"wordCount":477,"image":{"@id":"https:\/\/blogdacondessa.com.br\/blog\/gastronomia\/nada-e-mais-ancestral-e-universal-do-que-a-relacao-do-homem-com-o-alimento\/#primaryimage"},"thumbnailUrl":"https:\/\/blogdacondessa.com.br\/blog\/wp-content\/uploads\/2025\/09\/gastronomia.jpg","articleSection":["Gastronomia"],"inLanguage":"pt-BR"},{"@type":"WebPage","@id":"https:\/\/blogdacondessa.com.br\/blog\/gastronomia\/nada-e-mais-ancestral-e-universal-do-que-a-relacao-do-homem-com-o-alimento\/","url":"https:\/\/blogdacondessa.com.br\/blog\/gastronomia\/nada-e-mais-ancestral-e-universal-do-que-a-relacao-do-homem-com-o-alimento\/","name":"\u201cNada \u00e9 mais ancestral e universal do que a rela\u00e7\u00e3o do homem com o alimento\u201d &#8902; Blog da Condessa","isPartOf":{"@id":"https:\/\/blogdacondessa.com.br\/blog\/#website"},"primaryImageOfPage":{"@id":"https:\/\/blogdacondessa.com.br\/blog\/gastronomia\/nada-e-mais-ancestral-e-universal-do-que-a-relacao-do-homem-com-o-alimento\/#primaryimage"},"image":{"@id":"https:\/\/blogdacondessa.com.br\/blog\/gastronomia\/nada-e-mais-ancestral-e-universal-do-que-a-relacao-do-homem-com-o-alimento\/#primaryimage"},"thumbnailUrl":"https:\/\/blogdacondessa.com.br\/blog\/wp-content\/uploads\/2025\/09\/gastronomia.jpg","datePublished":"2025-09-26T09:00:17+00:00","author":{"@id":"https:\/\/blogdacondessa.com.br\/blog\/#\/schema\/person\/1d667ff8b785195b568677489d266035"},"breadcrumb":{"@id":"https:\/\/blogdacondessa.com.br\/blog\/gastronomia\/nada-e-mais-ancestral-e-universal-do-que-a-relacao-do-homem-com-o-alimento\/#breadcrumb"},"inLanguage":"pt-BR","potentialAction":[{"@type":"ReadAction","target":["https:\/\/blogdacondessa.com.br\/blog\/gastronomia\/nada-e-mais-ancestral-e-universal-do-que-a-relacao-do-homem-com-o-alimento\/"]}]},{"@type":"ImageObject","inLanguage":"pt-BR","@id":"https:\/\/blogdacondessa.com.br\/blog\/gastronomia\/nada-e-mais-ancestral-e-universal-do-que-a-relacao-do-homem-com-o-alimento\/#primaryimage","url":"https:\/\/blogdacondessa.com.br\/blog\/wp-content\/uploads\/2025\/09\/gastronomia.jpg","contentUrl":"https:\/\/blogdacondessa.com.br\/blog\/wp-content\/uploads\/2025\/09\/gastronomia.jpg","width":640,"height":805},{"@type":"BreadcrumbList","@id":"https:\/\/blogdacondessa.com.br\/blog\/gastronomia\/nada-e-mais-ancestral-e-universal-do-que-a-relacao-do-homem-com-o-alimento\/#breadcrumb","itemListElement":[{"@type":"ListItem","position":1,"name":"In\u00edcio","item":"https:\/\/blogdacondessa.com.br\/blog\/"},{"@type":"ListItem","position":2,"name":"\u201cNada \u00e9 mais ancestral e universal do que a rela\u00e7\u00e3o do homem com o alimento\u201d"}]},{"@type":"WebSite","@id":"https:\/\/blogdacondessa.com.br\/blog\/#website","url":"https:\/\/blogdacondessa.com.br\/blog\/","name":"Blog da Condessa","description":"Com Shirley de Souza O\u2019Campos","potentialAction":[{"@type":"SearchAction","target":{"@type":"EntryPoint","urlTemplate":"https:\/\/blogdacondessa.com.br\/blog\/?s={search_term_string}"},"query-input":{"@type":"PropertyValueSpecification","valueRequired":true,"valueName":"search_term_string"}}],"inLanguage":"pt-BR"},{"@type":"Person","@id":"https:\/\/blogdacondessa.com.br\/blog\/#\/schema\/person\/1d667ff8b785195b568677489d266035","name":"Blog da Condessa","image":{"@type":"ImageObject","inLanguage":"pt-BR","@id":"https:\/\/secure.gravatar.com\/avatar\/377c0eb8b4ad2bfc25461b41564b5971e721ca34a57642868fc7b0c8ac7b52c5?s=96&d=mm&r=g","url":"https:\/\/secure.gravatar.com\/avatar\/377c0eb8b4ad2bfc25461b41564b5971e721ca34a57642868fc7b0c8ac7b52c5?s=96&d=mm&r=g","contentUrl":"https:\/\/secure.gravatar.com\/avatar\/377c0eb8b4ad2bfc25461b41564b5971e721ca34a57642868fc7b0c8ac7b52c5?s=96&d=mm&r=g","caption":"Blog da Condessa"},"url":"https:\/\/blogdacondessa.com.br\/blog\/author\/beatriz\/"}]}},"_links":{"self":[{"href":"https:\/\/blogdacondessa.com.br\/blog\/wp-json\/wp\/v2\/posts\/12831","targetHints":{"allow":["GET"]}}],"collection":[{"href":"https:\/\/blogdacondessa.com.br\/blog\/wp-json\/wp\/v2\/posts"}],"about":[{"href":"https:\/\/blogdacondessa.com.br\/blog\/wp-json\/wp\/v2\/types\/post"}],"author":[{"embeddable":true,"href":"https:\/\/blogdacondessa.com.br\/blog\/wp-json\/wp\/v2\/users\/2"}],"replies":[{"embeddable":true,"href":"https:\/\/blogdacondessa.com.br\/blog\/wp-json\/wp\/v2\/comments?post=12831"}],"version-history":[{"count":1,"href":"https:\/\/blogdacondessa.com.br\/blog\/wp-json\/wp\/v2\/posts\/12831\/revisions"}],"predecessor-version":[{"id":12833,"href":"https:\/\/blogdacondessa.com.br\/blog\/wp-json\/wp\/v2\/posts\/12831\/revisions\/12833"}],"wp:featuredmedia":[{"embeddable":true,"href":"https:\/\/blogdacondessa.com.br\/blog\/wp-json\/wp\/v2\/media\/12832"}],"wp:attachment":[{"href":"https:\/\/blogdacondessa.com.br\/blog\/wp-json\/wp\/v2\/media?parent=12831"}],"wp:term":[{"taxonomy":"category","embeddable":true,"href":"https:\/\/blogdacondessa.com.br\/blog\/wp-json\/wp\/v2\/categories?post=12831"},{"taxonomy":"post_tag","embeddable":true,"href":"https:\/\/blogdacondessa.com.br\/blog\/wp-json\/wp\/v2\/tags?post=12831"}],"curies":[{"name":"wp","href":"https:\/\/api.w.org\/{rel}","templated":true}]}}