{"id":12816,"date":"2025-09-23T05:00:13","date_gmt":"2025-09-23T09:00:13","guid":{"rendered":"https:\/\/blogdacondessa.com.br\/blog\/?p=12816"},"modified":"2025-09-22T17:58:58","modified_gmt":"2025-09-22T21:58:58","slug":"governo-do-brasil-lanca-nova-linha-de-cuidados-para-tea-e-anuncia-investimento-anual-de-r-4536-mil-para-mato-grosso","status":"publish","type":"post","link":"https:\/\/blogdacondessa.com.br\/blog\/cidades-2\/governo-do-brasil-lanca-nova-linha-de-cuidados-para-tea-e-anuncia-investimento-anual-de-r-4536-mil-para-mato-grosso\/","title":{"rendered":"Governo do Brasil lan\u00e7a nova linha de cuidados para TEA e anuncia investimento anual de R$ 453,6 mil para Mato Grosso"},"content":{"rendered":"<p>Al\u00e9m dos recursos que v\u00e3o ampliar o atendimento a crian\u00e7as e adultos com Transtorno do Espectro Autista, estado contar\u00e1 com dois novos centros especializados em reabilita\u00e7\u00e3o.<\/p>\n<p>Na semana do Dia Nacional de Luta da Pessoa com Defici\u00eancia \u2014 celebrado no \u00a0domingo (21) \u2014, o Governo do Brasil, por meio do Minist\u00e9rio da Sa\u00fade, lan\u00e7ou a nova linha de cuidado para Transtorno do Espectro Autista (TEA). Al\u00e9m disso, para Mato Grosso, a pasta anunciou o fortalecimento da Rede de Cuidados \u00e0 Pessoa com Defici\u00eancia (RCPD), que receber\u00e1 o investimento anual de R$ 453,6 mil destinados a ampliar o atendimento a crian\u00e7as e adultos com TEA. Os recursos ser\u00e3o aplicados no custeio adicional de 20% para um Centro Especializado em Reabilita\u00e7\u00e3o (CER) no munic\u00edpio de Sorriso (MT). As medidas fazem parte do programa Agora Tem Especialistas e foram anunciadas nesta quinta-feira (18).<\/p>\n<p>No Brasil, a expans\u00e3o da assist\u00eancia contar\u00e1 com o investimento total de R$ 72 milh\u00f5es para 71 novos servi\u00e7os da RCPD e o atendimento \u00e0s pessoas com TEA, beneficiando 18 estados e o Distrito Federal: al\u00e9m de Santa Catarina, Alagoas, Amazonas, Esp\u00edrito Santo, Goi\u00e1s, Minas Gerais, Mato Grosso do Sul, Mato Grosso, Para\u00edba, Pernambuco, Piau\u00ed, Paran\u00e1, Rio de Janeiro, Rio Grande do Norte, Rio Grande do Sul, Rond\u00f4nia, S\u00e3o Paulo e Tocantins.<\/p>\n<p><strong><em>&#8220;Pela primeira vez, o Minist\u00e9rio da Sa\u00fade estabelece uma linha de cuidado do transtorno do espectro autista. Essa linha de cuidado tem como centro, talvez a medida mais importante, a recomenda\u00e7\u00e3o mais importante, o esfor\u00e7o para o diagn\u00f3stico precoce e o in\u00edcio dos cuidados, das interven\u00e7\u00f5es, o mais precoce poss\u00edvel&#8221;<\/em><\/strong><br \/>\n<strong><em>Alexandre Padilha<\/em><\/strong><br \/>\n<strong><em>Ministro da Sa\u00fade<\/em><\/strong><br \/>\nEntre os servi\u00e7os, destacam-se a habilita\u00e7\u00e3o de 23 Centros Especializados em Reabilita\u00e7\u00e3o (CERs) \u2013 unidades multiprofissionais que oferecem diagn\u00f3stico, tratamento e acesso a tecnologias assistivas. Outros 33 CERs passam a contar com um custeio adicional de 20%, refor\u00e7ando a capacidade de atendimento \u00e0s pessoas com TEA. Tamb\u00e9m foram habilitados 15 ve\u00edculos de transporte sanit\u00e1rio adaptado, fundamentais para garantir deslocamento seguro \u00e0s unidades de sa\u00fade. Al\u00e9m disso, 8 amplia\u00e7\u00f5es de porte em CERs j\u00e1 existentes permitir\u00e3o que cada servi\u00e7o passe a oferecer mais modalidades de reabilita\u00e7\u00e3o.<br \/>\nA expans\u00e3o refor\u00e7a a rede p\u00fablica de reabilita\u00e7\u00e3o no Brasil, que hoje conta com 326 centros e repasses federais de mais de R$ 975 milh\u00f5es por ano.<br \/>\n&#8220;Pela primeira vez, o Minist\u00e9rio da Sa\u00fade estabelece uma linha de cuidado do transtorno do espectro autista. Essa linha de cuidado tem como centro, talvez a medida mais importante, a recomenda\u00e7\u00e3o mais importante, o esfor\u00e7o para o diagn\u00f3stico precoce e o in\u00edcio dos cuidados, das interven\u00e7\u00f5es, o mais precoce poss\u00edvel&#8221;, anunciou o ministro da Sa\u00fade, Alexandre Padilha.<br \/>\n<strong>NOVOS CENTROS &#8211;<\/strong>\u00a0Mais 23 novos Centros Especializados em Reabilita\u00e7\u00e3o (CERs) ser\u00e3o constru\u00eddos com recursos do Novo PAC Sa\u00fade, no valor de R$ 207 milh\u00f5es. Com as novas unidades, o pa\u00eds contar\u00e1 com o total de 53 centros constru\u00eddos com recursos do programa. Deste total, 28 j\u00e1 est\u00e3o em andamento.<br \/>\nO Minist\u00e9rio da Sa\u00fade elaborou novo projeto arquitet\u00f4nico para os CERs, que ser\u00e1 incorporado \u00e0s constru\u00e7\u00f5es do Novo PAC Sa\u00fade. O modelo, inspirado nas melhores pr\u00e1ticas e unidades de refer\u00eancia no pa\u00eds, prev\u00ea ambientes inovadores, como jardins e salas multissensoriais, especialmente projetados para crian\u00e7as e adultos com TEA.<br \/>\n<strong>NOVA LINHA DE CUIDADO PARA O TEA &#8211;<\/strong>\u00a0Em Bras\u00edlia (DF), o ministro da Sa\u00fade, Alexandre Padilha, anunciou, nesta quinta-feira (18), a nova linha de cuidado prev\u00ea que profissionais da aten\u00e7\u00e3o prim\u00e1ria fa\u00e7am o rastreio de sinais de TEA em todas as crian\u00e7as de 16 a 30 meses de idade, como parte da rotina de avalia\u00e7\u00e3o do desenvolvimento. A expectativa \u00e9 que as interven\u00e7\u00f5es e est\u00edmulos a esses pacientes ocorram antes mesmo do diagn\u00f3stico fechado. A atua\u00e7\u00e3o precoce \u00e9 fundamental para autonomia e intera\u00e7\u00e3o social futura.<br \/>\nA estimativa \u00e9 que 1,2% da popula\u00e7\u00e3o brasileira viva com Transtorno do Espectro Autista. Os dados da pesquisa do IBGE apontam ainda que 71% dessa popula\u00e7\u00e3o apresenta tamb\u00e9m outras defici\u00eancias, o que refor\u00e7a a necessidade de a\u00e7\u00f5es integradas no SUS. A Nova Linha de Cuidado lan\u00e7ada pelo Minist\u00e9rio da Sa\u00fade orienta gestores e profissionais de sa\u00fade sobre como deve funcionar a rede, da aten\u00e7\u00e3o prim\u00e1ria aos servi\u00e7os especializados, com foco no rastreio precoce e in\u00edcio imediato da assist\u00eancia. O documento foi elaborado a partir de amplo di\u00e1logo com sociedade civil, estados e munic\u00edpios.<br \/>\n<strong>M-CHAT &#8211;<\/strong>\u00a0Com a aplica\u00e7\u00e3o do M-Chat, teste de triagem para identificar sinais de autismo nos primeiros anos de vida, os profissionais de sa\u00fade v\u00e3o poder encaminhar e orientar as fam\u00edlias quanto aos est\u00edmulos e interven\u00e7\u00f5es necess\u00e1rias caso a caso. O question\u00e1rio j\u00e1 est\u00e1 dispon\u00edvel na Caderneta Digital da Crian\u00e7a e no prontu\u00e1rio eletr\u00f4nico E-SUS e, agora, dever\u00e1 ser aplicado a todas as crian\u00e7as em atendimento desde a aten\u00e7\u00e3o prim\u00e1ria. Os est\u00edmulos e terapias para as crian\u00e7as com sinais de TEA est\u00e3o previstos no Guia de Interven\u00e7\u00e3o Precoce atualizado pelo Minist\u00e9rio da Sa\u00fade e que dever\u00e1 ser colocado em consulta p\u00fablica a partir desta quinta-feira (18).<br \/>\n&#8220;Esse m\u00e9todo de rastreamento j\u00e1 est\u00e1 presente hoje na Caderneta Digital de Sa\u00fade da Crian\u00e7a, n\u00e3o s\u00f3 o m\u00e9todo de rastreamento, mas ser aplicado a partir dos 16 meses, com toda a orienta\u00e7\u00e3o aos pais, m\u00e3es, profissionais de sa\u00fade, desde o nascimento da crian\u00e7a, a observa\u00e7\u00e3o, dos primeiros sinais que possam significar algum tipo de altera\u00e7\u00e3o no crescimento e desenvolvimento e que estar\u00e1 presente em todos os prontu\u00e1rios eletr\u00f4nicos da aten\u00e7\u00e3o prim\u00e1ria em sa\u00fade&#8221;, disse Padilha.<br \/>\nOutra inova\u00e7\u00e3o \u00e9 o fortalecimento do Projeto Terap\u00eautico Singular (PTS), que garante um plano de tratamento individualizado constru\u00eddo entre equipes multiprofissionais e fam\u00edlias. A nova linha de cuidado tamb\u00e9m orienta sobre os fluxos de encaminhamento, esclarecendo quando o paciente atendido nos Centros Especializados em Reabilita\u00e7\u00e3o (CER) deve ser encaminhado a outros servi\u00e7os, como os de sa\u00fade mental, caso o paciente apresente algum tipo de sofrimento ps\u00edquico.<br \/>\nUma outra iniciativa que refor\u00e7a o compromisso do Minist\u00e9rio da Sa\u00fade, em especial das crian\u00e7as com TEA ou com atraso no desenvolvimento, \u00e9 a implementa\u00e7\u00e3o do Programa de Treinamento de habilidades para cuidadores voltado para fam\u00edlias de crian\u00e7as com atraso no desenvolvimento ou defici\u00eancia, da Organiza\u00e7\u00e3o Mundial da Sa\u00fade (OMS). A proposta prev\u00ea a forma\u00e7\u00e3o de profissionais que ir\u00e3o apoiar pais e cuidadores, oferecendo ferramentas para estimular o desenvolvimento das crian\u00e7as, promover intera\u00e7\u00f5es positivas, reduzir estigmas e apoiar o bem-estar das fam\u00edlias. (<em>Fonte<strong>:<\/strong>\u00a0Secretaria de Comunica\u00e7\u00e3o Social da Presid\u00eancia da Rep\u00fablica)<\/em><\/p>\n<p>&nbsp;<\/p>\n","protected":false},"excerpt":{"rendered":"<p>Al\u00e9m dos recursos que v\u00e3o ampliar o atendimento a crian\u00e7as e adultos com Transtorno do Espectro Autista, estado contar\u00e1 com dois novos centros especializados em reabilita\u00e7\u00e3o. Na semana do Dia Nacional de Luta da Pessoa com Defici\u00eancia \u2014 celebrado no \u00a0domingo (21) \u2014, o Governo do Brasil, por meio do Minist\u00e9rio da Sa\u00fade, lan\u00e7ou a [&hellip;]<\/p>\n","protected":false},"author":2,"featured_media":12817,"comment_status":"closed","ping_status":"closed","sticky":false,"template":"","format":"standard","meta":{"iawp_total_views":32,"footnotes":""},"categories":[15],"tags":[],"class_list":["post-12816","post","type-post","status-publish","format-standard","has-post-thumbnail","hentry","category-cidades-2"],"yoast_head":"<!-- This site is optimized with the Yoast SEO plugin v27.3 - https:\/\/yoast.com\/product\/yoast-seo-wordpress\/ -->\n<title>Governo do Brasil lan\u00e7a nova linha de cuidados para TEA e anuncia investimento anual de R$ 453,6 mil para Mato Grosso &#8902; Blog da Condessa<\/title>\n<meta name=\"robots\" content=\"index, follow, max-snippet:-1, max-image-preview:large, max-video-preview:-1\" \/>\n<link rel=\"canonical\" href=\"https:\/\/blogdacondessa.com.br\/blog\/cidades-2\/governo-do-brasil-lanca-nova-linha-de-cuidados-para-tea-e-anuncia-investimento-anual-de-r-4536-mil-para-mato-grosso\/\" \/>\n<meta property=\"og:locale\" content=\"pt_BR\" \/>\n<meta property=\"og:type\" content=\"article\" \/>\n<meta property=\"og:title\" content=\"Governo do Brasil lan\u00e7a nova linha de cuidados para TEA e anuncia investimento anual de R$ 453,6 mil para Mato Grosso &#8902; Blog da Condessa\" \/>\n<meta property=\"og:description\" content=\"Al\u00e9m dos recursos que v\u00e3o ampliar o atendimento a crian\u00e7as e adultos com Transtorno do Espectro Autista, estado contar\u00e1 com dois novos centros especializados em reabilita\u00e7\u00e3o. Na semana do Dia Nacional de Luta da Pessoa com Defici\u00eancia \u2014 celebrado no \u00a0domingo (21) \u2014, o Governo do Brasil, por meio do Minist\u00e9rio da Sa\u00fade, lan\u00e7ou a [&hellip;]\" \/>\n<meta property=\"og:url\" content=\"https:\/\/blogdacondessa.com.br\/blog\/cidades-2\/governo-do-brasil-lanca-nova-linha-de-cuidados-para-tea-e-anuncia-investimento-anual-de-r-4536-mil-para-mato-grosso\/\" \/>\n<meta property=\"og:site_name\" content=\"Blog da Condessa\" \/>\n<meta property=\"article:published_time\" content=\"2025-09-23T09:00:13+00:00\" \/>\n<meta property=\"og:image\" content=\"https:\/\/blogdacondessa.com.br\/blog\/wp-content\/uploads\/2025\/09\/TEA.jpg\" \/>\n\t<meta property=\"og:image:width\" content=\"768\" \/>\n\t<meta property=\"og:image:height\" content=\"512\" \/>\n\t<meta property=\"og:image:type\" content=\"image\/jpeg\" \/>\n<meta name=\"author\" content=\"Blog da Condessa\" \/>\n<meta name=\"twitter:card\" content=\"summary_large_image\" \/>\n<meta name=\"twitter:label1\" content=\"Escrito por\" \/>\n\t<meta name=\"twitter:data1\" content=\"Blog da Condessa\" \/>\n\t<meta name=\"twitter:label2\" content=\"Est. tempo de leitura\" \/>\n\t<meta name=\"twitter:data2\" content=\"6 minutos\" \/>\n<script type=\"application\/ld+json\" class=\"yoast-schema-graph\">{\"@context\":\"https:\\\/\\\/schema.org\",\"@graph\":[{\"@type\":\"Article\",\"@id\":\"https:\\\/\\\/blogdacondessa.com.br\\\/blog\\\/cidades-2\\\/governo-do-brasil-lanca-nova-linha-de-cuidados-para-tea-e-anuncia-investimento-anual-de-r-4536-mil-para-mato-grosso\\\/#article\",\"isPartOf\":{\"@id\":\"https:\\\/\\\/blogdacondessa.com.br\\\/blog\\\/cidades-2\\\/governo-do-brasil-lanca-nova-linha-de-cuidados-para-tea-e-anuncia-investimento-anual-de-r-4536-mil-para-mato-grosso\\\/\"},\"author\":{\"name\":\"Blog da Condessa\",\"@id\":\"https:\\\/\\\/blogdacondessa.com.br\\\/blog\\\/#\\\/schema\\\/person\\\/1d667ff8b785195b568677489d266035\"},\"headline\":\"Governo do Brasil lan\u00e7a nova linha de cuidados para TEA e anuncia investimento anual de R$ 453,6 mil para Mato Grosso\",\"datePublished\":\"2025-09-23T09:00:13+00:00\",\"mainEntityOfPage\":{\"@id\":\"https:\\\/\\\/blogdacondessa.com.br\\\/blog\\\/cidades-2\\\/governo-do-brasil-lanca-nova-linha-de-cuidados-para-tea-e-anuncia-investimento-anual-de-r-4536-mil-para-mato-grosso\\\/\"},\"wordCount\":1212,\"image\":{\"@id\":\"https:\\\/\\\/blogdacondessa.com.br\\\/blog\\\/cidades-2\\\/governo-do-brasil-lanca-nova-linha-de-cuidados-para-tea-e-anuncia-investimento-anual-de-r-4536-mil-para-mato-grosso\\\/#primaryimage\"},\"thumbnailUrl\":\"https:\\\/\\\/blogdacondessa.com.br\\\/blog\\\/wp-content\\\/uploads\\\/2025\\\/09\\\/TEA.jpg\",\"articleSection\":[\"Nacional\"],\"inLanguage\":\"pt-BR\"},{\"@type\":\"WebPage\",\"@id\":\"https:\\\/\\\/blogdacondessa.com.br\\\/blog\\\/cidades-2\\\/governo-do-brasil-lanca-nova-linha-de-cuidados-para-tea-e-anuncia-investimento-anual-de-r-4536-mil-para-mato-grosso\\\/\",\"url\":\"https:\\\/\\\/blogdacondessa.com.br\\\/blog\\\/cidades-2\\\/governo-do-brasil-lanca-nova-linha-de-cuidados-para-tea-e-anuncia-investimento-anual-de-r-4536-mil-para-mato-grosso\\\/\",\"name\":\"Governo do Brasil lan\u00e7a nova linha de cuidados para TEA e anuncia investimento anual de R$ 453,6 mil para Mato Grosso &#8902; Blog da Condessa\",\"isPartOf\":{\"@id\":\"https:\\\/\\\/blogdacondessa.com.br\\\/blog\\\/#website\"},\"primaryImageOfPage\":{\"@id\":\"https:\\\/\\\/blogdacondessa.com.br\\\/blog\\\/cidades-2\\\/governo-do-brasil-lanca-nova-linha-de-cuidados-para-tea-e-anuncia-investimento-anual-de-r-4536-mil-para-mato-grosso\\\/#primaryimage\"},\"image\":{\"@id\":\"https:\\\/\\\/blogdacondessa.com.br\\\/blog\\\/cidades-2\\\/governo-do-brasil-lanca-nova-linha-de-cuidados-para-tea-e-anuncia-investimento-anual-de-r-4536-mil-para-mato-grosso\\\/#primaryimage\"},\"thumbnailUrl\":\"https:\\\/\\\/blogdacondessa.com.br\\\/blog\\\/wp-content\\\/uploads\\\/2025\\\/09\\\/TEA.jpg\",\"datePublished\":\"2025-09-23T09:00:13+00:00\",\"author\":{\"@id\":\"https:\\\/\\\/blogdacondessa.com.br\\\/blog\\\/#\\\/schema\\\/person\\\/1d667ff8b785195b568677489d266035\"},\"breadcrumb\":{\"@id\":\"https:\\\/\\\/blogdacondessa.com.br\\\/blog\\\/cidades-2\\\/governo-do-brasil-lanca-nova-linha-de-cuidados-para-tea-e-anuncia-investimento-anual-de-r-4536-mil-para-mato-grosso\\\/#breadcrumb\"},\"inLanguage\":\"pt-BR\",\"potentialAction\":[{\"@type\":\"ReadAction\",\"target\":[\"https:\\\/\\\/blogdacondessa.com.br\\\/blog\\\/cidades-2\\\/governo-do-brasil-lanca-nova-linha-de-cuidados-para-tea-e-anuncia-investimento-anual-de-r-4536-mil-para-mato-grosso\\\/\"]}]},{\"@type\":\"ImageObject\",\"inLanguage\":\"pt-BR\",\"@id\":\"https:\\\/\\\/blogdacondessa.com.br\\\/blog\\\/cidades-2\\\/governo-do-brasil-lanca-nova-linha-de-cuidados-para-tea-e-anuncia-investimento-anual-de-r-4536-mil-para-mato-grosso\\\/#primaryimage\",\"url\":\"https:\\\/\\\/blogdacondessa.com.br\\\/blog\\\/wp-content\\\/uploads\\\/2025\\\/09\\\/TEA.jpg\",\"contentUrl\":\"https:\\\/\\\/blogdacondessa.com.br\\\/blog\\\/wp-content\\\/uploads\\\/2025\\\/09\\\/TEA.jpg\",\"width\":768,\"height\":512,\"caption\":\"Foto: Walterson Rosa\\\/MS\"},{\"@type\":\"BreadcrumbList\",\"@id\":\"https:\\\/\\\/blogdacondessa.com.br\\\/blog\\\/cidades-2\\\/governo-do-brasil-lanca-nova-linha-de-cuidados-para-tea-e-anuncia-investimento-anual-de-r-4536-mil-para-mato-grosso\\\/#breadcrumb\",\"itemListElement\":[{\"@type\":\"ListItem\",\"position\":1,\"name\":\"In\u00edcio\",\"item\":\"https:\\\/\\\/blogdacondessa.com.br\\\/blog\\\/\"},{\"@type\":\"ListItem\",\"position\":2,\"name\":\"Governo do Brasil lan\u00e7a nova linha de cuidados para TEA e anuncia investimento anual de R$ 453,6 mil para Mato Grosso\"}]},{\"@type\":\"WebSite\",\"@id\":\"https:\\\/\\\/blogdacondessa.com.br\\\/blog\\\/#website\",\"url\":\"https:\\\/\\\/blogdacondessa.com.br\\\/blog\\\/\",\"name\":\"Blog da Condessa\",\"description\":\"Com Shirley de Souza O\u2019Campos\",\"potentialAction\":[{\"@type\":\"SearchAction\",\"target\":{\"@type\":\"EntryPoint\",\"urlTemplate\":\"https:\\\/\\\/blogdacondessa.com.br\\\/blog\\\/?s={search_term_string}\"},\"query-input\":{\"@type\":\"PropertyValueSpecification\",\"valueRequired\":true,\"valueName\":\"search_term_string\"}}],\"inLanguage\":\"pt-BR\"},{\"@type\":\"Person\",\"@id\":\"https:\\\/\\\/blogdacondessa.com.br\\\/blog\\\/#\\\/schema\\\/person\\\/1d667ff8b785195b568677489d266035\",\"name\":\"Blog da Condessa\",\"image\":{\"@type\":\"ImageObject\",\"inLanguage\":\"pt-BR\",\"@id\":\"https:\\\/\\\/secure.gravatar.com\\\/avatar\\\/377c0eb8b4ad2bfc25461b41564b5971e721ca34a57642868fc7b0c8ac7b52c5?s=96&d=mm&r=g\",\"url\":\"https:\\\/\\\/secure.gravatar.com\\\/avatar\\\/377c0eb8b4ad2bfc25461b41564b5971e721ca34a57642868fc7b0c8ac7b52c5?s=96&d=mm&r=g\",\"contentUrl\":\"https:\\\/\\\/secure.gravatar.com\\\/avatar\\\/377c0eb8b4ad2bfc25461b41564b5971e721ca34a57642868fc7b0c8ac7b52c5?s=96&d=mm&r=g\",\"caption\":\"Blog da Condessa\"},\"url\":\"https:\\\/\\\/blogdacondessa.com.br\\\/blog\\\/author\\\/beatriz\\\/\"}]}<\/script>\n<!-- \/ Yoast SEO plugin. -->","yoast_head_json":{"title":"Governo do Brasil lan\u00e7a nova linha de cuidados para TEA e anuncia investimento anual de R$ 453,6 mil para Mato Grosso &#8902; Blog da Condessa","robots":{"index":"index","follow":"follow","max-snippet":"max-snippet:-1","max-image-preview":"max-image-preview:large","max-video-preview":"max-video-preview:-1"},"canonical":"https:\/\/blogdacondessa.com.br\/blog\/cidades-2\/governo-do-brasil-lanca-nova-linha-de-cuidados-para-tea-e-anuncia-investimento-anual-de-r-4536-mil-para-mato-grosso\/","og_locale":"pt_BR","og_type":"article","og_title":"Governo do Brasil lan\u00e7a nova linha de cuidados para TEA e anuncia investimento anual de R$ 453,6 mil para Mato Grosso &#8902; Blog da Condessa","og_description":"Al\u00e9m dos recursos que v\u00e3o ampliar o atendimento a crian\u00e7as e adultos com Transtorno do Espectro Autista, estado contar\u00e1 com dois novos centros especializados em reabilita\u00e7\u00e3o. Na semana do Dia Nacional de Luta da Pessoa com Defici\u00eancia \u2014 celebrado no \u00a0domingo (21) \u2014, o Governo do Brasil, por meio do Minist\u00e9rio da Sa\u00fade, lan\u00e7ou a [&hellip;]","og_url":"https:\/\/blogdacondessa.com.br\/blog\/cidades-2\/governo-do-brasil-lanca-nova-linha-de-cuidados-para-tea-e-anuncia-investimento-anual-de-r-4536-mil-para-mato-grosso\/","og_site_name":"Blog da Condessa","article_published_time":"2025-09-23T09:00:13+00:00","og_image":[{"width":768,"height":512,"url":"https:\/\/blogdacondessa.com.br\/blog\/wp-content\/uploads\/2025\/09\/TEA.jpg","type":"image\/jpeg"}],"author":"Blog da Condessa","twitter_card":"summary_large_image","twitter_misc":{"Escrito por":"Blog da Condessa","Est. tempo de leitura":"6 minutos"},"schema":{"@context":"https:\/\/schema.org","@graph":[{"@type":"Article","@id":"https:\/\/blogdacondessa.com.br\/blog\/cidades-2\/governo-do-brasil-lanca-nova-linha-de-cuidados-para-tea-e-anuncia-investimento-anual-de-r-4536-mil-para-mato-grosso\/#article","isPartOf":{"@id":"https:\/\/blogdacondessa.com.br\/blog\/cidades-2\/governo-do-brasil-lanca-nova-linha-de-cuidados-para-tea-e-anuncia-investimento-anual-de-r-4536-mil-para-mato-grosso\/"},"author":{"name":"Blog da Condessa","@id":"https:\/\/blogdacondessa.com.br\/blog\/#\/schema\/person\/1d667ff8b785195b568677489d266035"},"headline":"Governo do Brasil lan\u00e7a nova linha de cuidados para TEA e anuncia investimento anual de R$ 453,6 mil para Mato Grosso","datePublished":"2025-09-23T09:00:13+00:00","mainEntityOfPage":{"@id":"https:\/\/blogdacondessa.com.br\/blog\/cidades-2\/governo-do-brasil-lanca-nova-linha-de-cuidados-para-tea-e-anuncia-investimento-anual-de-r-4536-mil-para-mato-grosso\/"},"wordCount":1212,"image":{"@id":"https:\/\/blogdacondessa.com.br\/blog\/cidades-2\/governo-do-brasil-lanca-nova-linha-de-cuidados-para-tea-e-anuncia-investimento-anual-de-r-4536-mil-para-mato-grosso\/#primaryimage"},"thumbnailUrl":"https:\/\/blogdacondessa.com.br\/blog\/wp-content\/uploads\/2025\/09\/TEA.jpg","articleSection":["Nacional"],"inLanguage":"pt-BR"},{"@type":"WebPage","@id":"https:\/\/blogdacondessa.com.br\/blog\/cidades-2\/governo-do-brasil-lanca-nova-linha-de-cuidados-para-tea-e-anuncia-investimento-anual-de-r-4536-mil-para-mato-grosso\/","url":"https:\/\/blogdacondessa.com.br\/blog\/cidades-2\/governo-do-brasil-lanca-nova-linha-de-cuidados-para-tea-e-anuncia-investimento-anual-de-r-4536-mil-para-mato-grosso\/","name":"Governo do Brasil lan\u00e7a nova linha de cuidados para TEA e anuncia investimento anual de R$ 453,6 mil para Mato Grosso &#8902; Blog da Condessa","isPartOf":{"@id":"https:\/\/blogdacondessa.com.br\/blog\/#website"},"primaryImageOfPage":{"@id":"https:\/\/blogdacondessa.com.br\/blog\/cidades-2\/governo-do-brasil-lanca-nova-linha-de-cuidados-para-tea-e-anuncia-investimento-anual-de-r-4536-mil-para-mato-grosso\/#primaryimage"},"image":{"@id":"https:\/\/blogdacondessa.com.br\/blog\/cidades-2\/governo-do-brasil-lanca-nova-linha-de-cuidados-para-tea-e-anuncia-investimento-anual-de-r-4536-mil-para-mato-grosso\/#primaryimage"},"thumbnailUrl":"https:\/\/blogdacondessa.com.br\/blog\/wp-content\/uploads\/2025\/09\/TEA.jpg","datePublished":"2025-09-23T09:00:13+00:00","author":{"@id":"https:\/\/blogdacondessa.com.br\/blog\/#\/schema\/person\/1d667ff8b785195b568677489d266035"},"breadcrumb":{"@id":"https:\/\/blogdacondessa.com.br\/blog\/cidades-2\/governo-do-brasil-lanca-nova-linha-de-cuidados-para-tea-e-anuncia-investimento-anual-de-r-4536-mil-para-mato-grosso\/#breadcrumb"},"inLanguage":"pt-BR","potentialAction":[{"@type":"ReadAction","target":["https:\/\/blogdacondessa.com.br\/blog\/cidades-2\/governo-do-brasil-lanca-nova-linha-de-cuidados-para-tea-e-anuncia-investimento-anual-de-r-4536-mil-para-mato-grosso\/"]}]},{"@type":"ImageObject","inLanguage":"pt-BR","@id":"https:\/\/blogdacondessa.com.br\/blog\/cidades-2\/governo-do-brasil-lanca-nova-linha-de-cuidados-para-tea-e-anuncia-investimento-anual-de-r-4536-mil-para-mato-grosso\/#primaryimage","url":"https:\/\/blogdacondessa.com.br\/blog\/wp-content\/uploads\/2025\/09\/TEA.jpg","contentUrl":"https:\/\/blogdacondessa.com.br\/blog\/wp-content\/uploads\/2025\/09\/TEA.jpg","width":768,"height":512,"caption":"Foto: Walterson Rosa\/MS"},{"@type":"BreadcrumbList","@id":"https:\/\/blogdacondessa.com.br\/blog\/cidades-2\/governo-do-brasil-lanca-nova-linha-de-cuidados-para-tea-e-anuncia-investimento-anual-de-r-4536-mil-para-mato-grosso\/#breadcrumb","itemListElement":[{"@type":"ListItem","position":1,"name":"In\u00edcio","item":"https:\/\/blogdacondessa.com.br\/blog\/"},{"@type":"ListItem","position":2,"name":"Governo do Brasil lan\u00e7a nova linha de cuidados para TEA e anuncia investimento anual de R$ 453,6 mil para Mato Grosso"}]},{"@type":"WebSite","@id":"https:\/\/blogdacondessa.com.br\/blog\/#website","url":"https:\/\/blogdacondessa.com.br\/blog\/","name":"Blog da Condessa","description":"Com Shirley de Souza O\u2019Campos","potentialAction":[{"@type":"SearchAction","target":{"@type":"EntryPoint","urlTemplate":"https:\/\/blogdacondessa.com.br\/blog\/?s={search_term_string}"},"query-input":{"@type":"PropertyValueSpecification","valueRequired":true,"valueName":"search_term_string"}}],"inLanguage":"pt-BR"},{"@type":"Person","@id":"https:\/\/blogdacondessa.com.br\/blog\/#\/schema\/person\/1d667ff8b785195b568677489d266035","name":"Blog da Condessa","image":{"@type":"ImageObject","inLanguage":"pt-BR","@id":"https:\/\/secure.gravatar.com\/avatar\/377c0eb8b4ad2bfc25461b41564b5971e721ca34a57642868fc7b0c8ac7b52c5?s=96&d=mm&r=g","url":"https:\/\/secure.gravatar.com\/avatar\/377c0eb8b4ad2bfc25461b41564b5971e721ca34a57642868fc7b0c8ac7b52c5?s=96&d=mm&r=g","contentUrl":"https:\/\/secure.gravatar.com\/avatar\/377c0eb8b4ad2bfc25461b41564b5971e721ca34a57642868fc7b0c8ac7b52c5?s=96&d=mm&r=g","caption":"Blog da Condessa"},"url":"https:\/\/blogdacondessa.com.br\/blog\/author\/beatriz\/"}]}},"_links":{"self":[{"href":"https:\/\/blogdacondessa.com.br\/blog\/wp-json\/wp\/v2\/posts\/12816","targetHints":{"allow":["GET"]}}],"collection":[{"href":"https:\/\/blogdacondessa.com.br\/blog\/wp-json\/wp\/v2\/posts"}],"about":[{"href":"https:\/\/blogdacondessa.com.br\/blog\/wp-json\/wp\/v2\/types\/post"}],"author":[{"embeddable":true,"href":"https:\/\/blogdacondessa.com.br\/blog\/wp-json\/wp\/v2\/users\/2"}],"replies":[{"embeddable":true,"href":"https:\/\/blogdacondessa.com.br\/blog\/wp-json\/wp\/v2\/comments?post=12816"}],"version-history":[{"count":1,"href":"https:\/\/blogdacondessa.com.br\/blog\/wp-json\/wp\/v2\/posts\/12816\/revisions"}],"predecessor-version":[{"id":12818,"href":"https:\/\/blogdacondessa.com.br\/blog\/wp-json\/wp\/v2\/posts\/12816\/revisions\/12818"}],"wp:featuredmedia":[{"embeddable":true,"href":"https:\/\/blogdacondessa.com.br\/blog\/wp-json\/wp\/v2\/media\/12817"}],"wp:attachment":[{"href":"https:\/\/blogdacondessa.com.br\/blog\/wp-json\/wp\/v2\/media?parent=12816"}],"wp:term":[{"taxonomy":"category","embeddable":true,"href":"https:\/\/blogdacondessa.com.br\/blog\/wp-json\/wp\/v2\/categories?post=12816"},{"taxonomy":"post_tag","embeddable":true,"href":"https:\/\/blogdacondessa.com.br\/blog\/wp-json\/wp\/v2\/tags?post=12816"}],"curies":[{"name":"wp","href":"https:\/\/api.w.org\/{rel}","templated":true}]}}