{"id":12806,"date":"2025-09-22T05:00:06","date_gmt":"2025-09-22T09:00:06","guid":{"rendered":"https:\/\/blogdacondessa.com.br\/blog\/?p=12806"},"modified":"2025-09-21T16:44:22","modified_gmt":"2025-09-21T20:44:22","slug":"a-importancia-dos-jardins-botanicos-para-as-cidades","status":"publish","type":"post","link":"https:\/\/blogdacondessa.com.br\/blog\/cidades\/a-importancia-dos-jardins-botanicos-para-as-cidades\/","title":{"rendered":"\u201cA Import\u00e2ncia dos Jardins Bot\u00e2nicos para as Cidades\u201d"},"content":{"rendered":"<p>A Prefeitura de Cuiab\u00e1 apresenta, no pr\u00f3ximo dia 24, o documento que estabeleceu a cria\u00e7\u00e3o do Jardim Bot\u00e2nico de Cuiab\u00e1. A proposta completa 200 anos e previa a instala\u00e7\u00e3o do Jardim Bot\u00e2nico no Morro da Luz, seguindo determina\u00e7\u00e3o do Imperador Dom Pedro I. Na data de 24 de setembro de 1825, ele enviou uma carta comunicando sua decis\u00e3o. O sonho adormecido continua sendo um desafio at\u00e9 os dias atuais e pode florescer agora, no cora\u00e7\u00e3o da Cidade Verde, incorporando a nova vis\u00e3o de futuro da capital mato-grossense.<\/p>\n<p>Para comemorar o anivers\u00e1rio de dois s\u00e9culos do fato, no dia 24 de setembro, \u00e0s 9h, a Secretaria Municipal de Planejamento e Desenvolvimento Urbano promove a palestra \u201cA Import\u00e2ncia dos Jardins Bot\u00e2nicos para as Cidades\u201d, ministrada pelo pesquisador do Instituto de Pesquisas Jardim Bot\u00e2nico do Rio de Janeiro, doutor em Biologia Vegetal, Dr. Claudio Nicoletti de Fraga. A programa\u00e7\u00e3o acontecer\u00e1 no audit\u00f3rio da sede da Energisa.<\/p>\n<p>O evento \u00e9 gratuito, mas condicionado \u00e0 inscri\u00e7\u00e3o, devido \u00e0s vagas limitadas \u00e0 capacidade do audit\u00f3rio. Interessados devem se inscrever pelo QR Code ou pelo link abaixo:<\/p>\n<p><a href=\"https:\/\/www.even3.com.br\/palestra-sobre-a-importancia-dos-jardins-botanicos-para-as-cidades-626321\">https:\/\/www.even3.com.br\/palestra-sobre-a-importancia-dos-jardins-botanicos-para-as-cidades-626321<\/a><\/p>\n","protected":false},"excerpt":{"rendered":"<p>A Prefeitura de Cuiab\u00e1 apresenta, no pr\u00f3ximo dia 24, o documento que estabeleceu a cria\u00e7\u00e3o do Jardim Bot\u00e2nico de Cuiab\u00e1. A proposta completa 200 anos e previa a instala\u00e7\u00e3o do Jardim Bot\u00e2nico no Morro da Luz, seguindo determina\u00e7\u00e3o do Imperador Dom Pedro I. Na data de 24 de setembro de 1825, ele enviou uma carta [&hellip;]<\/p>\n","protected":false},"author":2,"featured_media":12807,"comment_status":"closed","ping_status":"closed","sticky":false,"template":"","format":"standard","meta":{"iawp_total_views":28,"footnotes":""},"categories":[12],"tags":[],"class_list":["post-12806","post","type-post","status-publish","format-standard","has-post-thumbnail","hentry","category-cidades"],"yoast_head":"<!-- This site is optimized with the Yoast SEO plugin v27.3 - https:\/\/yoast.com\/product\/yoast-seo-wordpress\/ -->\n<title>\u201cA Import\u00e2ncia dos Jardins Bot\u00e2nicos para as Cidades\u201d &#8902; Blog da Condessa<\/title>\n<meta name=\"robots\" content=\"index, follow, max-snippet:-1, max-image-preview:large, max-video-preview:-1\" \/>\n<link rel=\"canonical\" href=\"https:\/\/blogdacondessa.com.br\/blog\/cidades\/a-importancia-dos-jardins-botanicos-para-as-cidades\/\" \/>\n<meta property=\"og:locale\" content=\"pt_BR\" \/>\n<meta property=\"og:type\" content=\"article\" \/>\n<meta property=\"og:title\" content=\"\u201cA Import\u00e2ncia dos Jardins Bot\u00e2nicos para as Cidades\u201d &#8902; Blog da Condessa\" \/>\n<meta property=\"og:description\" content=\"A Prefeitura de Cuiab\u00e1 apresenta, no pr\u00f3ximo dia 24, o documento que estabeleceu a cria\u00e7\u00e3o do Jardim Bot\u00e2nico de Cuiab\u00e1. A proposta completa 200 anos e previa a instala\u00e7\u00e3o do Jardim Bot\u00e2nico no Morro da Luz, seguindo determina\u00e7\u00e3o do Imperador Dom Pedro I. Na data de 24 de setembro de 1825, ele enviou uma carta [&hellip;]\" \/>\n<meta property=\"og:url\" content=\"https:\/\/blogdacondessa.com.br\/blog\/cidades\/a-importancia-dos-jardins-botanicos-para-as-cidades\/\" \/>\n<meta property=\"og:site_name\" content=\"Blog da Condessa\" \/>\n<meta property=\"article:published_time\" content=\"2025-09-22T09:00:06+00:00\" \/>\n<meta property=\"og:image\" content=\"https:\/\/blogdacondessa.com.br\/blog\/wp-content\/uploads\/2025\/09\/JARDIM-BOTANICO-scaled.jpg\" \/>\n\t<meta property=\"og:image:width\" content=\"2560\" \/>\n\t<meta property=\"og:image:height\" content=\"1707\" \/>\n\t<meta property=\"og:image:type\" content=\"image\/jpeg\" \/>\n<meta name=\"author\" content=\"Blog da Condessa\" \/>\n<meta name=\"twitter:card\" content=\"summary_large_image\" \/>\n<meta name=\"twitter:label1\" content=\"Escrito por\" \/>\n\t<meta name=\"twitter:data1\" content=\"Blog da Condessa\" \/>\n\t<meta name=\"twitter:label2\" content=\"Est. tempo de leitura\" \/>\n\t<meta name=\"twitter:data2\" content=\"2 minutos\" \/>\n<script type=\"application\/ld+json\" class=\"yoast-schema-graph\">{\"@context\":\"https:\\\/\\\/schema.org\",\"@graph\":[{\"@type\":\"Article\",\"@id\":\"https:\\\/\\\/blogdacondessa.com.br\\\/blog\\\/cidades\\\/a-importancia-dos-jardins-botanicos-para-as-cidades\\\/#article\",\"isPartOf\":{\"@id\":\"https:\\\/\\\/blogdacondessa.com.br\\\/blog\\\/cidades\\\/a-importancia-dos-jardins-botanicos-para-as-cidades\\\/\"},\"author\":{\"name\":\"Blog da Condessa\",\"@id\":\"https:\\\/\\\/blogdacondessa.com.br\\\/blog\\\/#\\\/schema\\\/person\\\/1d667ff8b785195b568677489d266035\"},\"headline\":\"\u201cA Import\u00e2ncia dos Jardins Bot\u00e2nicos para as Cidades\u201d\",\"datePublished\":\"2025-09-22T09:00:06+00:00\",\"mainEntityOfPage\":{\"@id\":\"https:\\\/\\\/blogdacondessa.com.br\\\/blog\\\/cidades\\\/a-importancia-dos-jardins-botanicos-para-as-cidades\\\/\"},\"wordCount\":206,\"image\":{\"@id\":\"https:\\\/\\\/blogdacondessa.com.br\\\/blog\\\/cidades\\\/a-importancia-dos-jardins-botanicos-para-as-cidades\\\/#primaryimage\"},\"thumbnailUrl\":\"https:\\\/\\\/blogdacondessa.com.br\\\/blog\\\/wp-content\\\/uploads\\\/2025\\\/09\\\/JARDIM-BOTANICO-scaled.jpg\",\"articleSection\":[\"Cidades\"],\"inLanguage\":\"pt-BR\"},{\"@type\":\"WebPage\",\"@id\":\"https:\\\/\\\/blogdacondessa.com.br\\\/blog\\\/cidades\\\/a-importancia-dos-jardins-botanicos-para-as-cidades\\\/\",\"url\":\"https:\\\/\\\/blogdacondessa.com.br\\\/blog\\\/cidades\\\/a-importancia-dos-jardins-botanicos-para-as-cidades\\\/\",\"name\":\"\u201cA Import\u00e2ncia dos Jardins Bot\u00e2nicos para as Cidades\u201d &#8902; Blog da Condessa\",\"isPartOf\":{\"@id\":\"https:\\\/\\\/blogdacondessa.com.br\\\/blog\\\/#website\"},\"primaryImageOfPage\":{\"@id\":\"https:\\\/\\\/blogdacondessa.com.br\\\/blog\\\/cidades\\\/a-importancia-dos-jardins-botanicos-para-as-cidades\\\/#primaryimage\"},\"image\":{\"@id\":\"https:\\\/\\\/blogdacondessa.com.br\\\/blog\\\/cidades\\\/a-importancia-dos-jardins-botanicos-para-as-cidades\\\/#primaryimage\"},\"thumbnailUrl\":\"https:\\\/\\\/blogdacondessa.com.br\\\/blog\\\/wp-content\\\/uploads\\\/2025\\\/09\\\/JARDIM-BOTANICO-scaled.jpg\",\"datePublished\":\"2025-09-22T09:00:06+00:00\",\"author\":{\"@id\":\"https:\\\/\\\/blogdacondessa.com.br\\\/blog\\\/#\\\/schema\\\/person\\\/1d667ff8b785195b568677489d266035\"},\"breadcrumb\":{\"@id\":\"https:\\\/\\\/blogdacondessa.com.br\\\/blog\\\/cidades\\\/a-importancia-dos-jardins-botanicos-para-as-cidades\\\/#breadcrumb\"},\"inLanguage\":\"pt-BR\",\"potentialAction\":[{\"@type\":\"ReadAction\",\"target\":[\"https:\\\/\\\/blogdacondessa.com.br\\\/blog\\\/cidades\\\/a-importancia-dos-jardins-botanicos-para-as-cidades\\\/\"]}]},{\"@type\":\"ImageObject\",\"inLanguage\":\"pt-BR\",\"@id\":\"https:\\\/\\\/blogdacondessa.com.br\\\/blog\\\/cidades\\\/a-importancia-dos-jardins-botanicos-para-as-cidades\\\/#primaryimage\",\"url\":\"https:\\\/\\\/blogdacondessa.com.br\\\/blog\\\/wp-content\\\/uploads\\\/2025\\\/09\\\/JARDIM-BOTANICO-scaled.jpg\",\"contentUrl\":\"https:\\\/\\\/blogdacondessa.com.br\\\/blog\\\/wp-content\\\/uploads\\\/2025\\\/09\\\/JARDIM-BOTANICO-scaled.jpg\",\"width\":2560,\"height\":1707,\"caption\":\"Foto: Rennan Oliveira\"},{\"@type\":\"BreadcrumbList\",\"@id\":\"https:\\\/\\\/blogdacondessa.com.br\\\/blog\\\/cidades\\\/a-importancia-dos-jardins-botanicos-para-as-cidades\\\/#breadcrumb\",\"itemListElement\":[{\"@type\":\"ListItem\",\"position\":1,\"name\":\"In\u00edcio\",\"item\":\"https:\\\/\\\/blogdacondessa.com.br\\\/blog\\\/\"},{\"@type\":\"ListItem\",\"position\":2,\"name\":\"\u201cA Import\u00e2ncia dos Jardins Bot\u00e2nicos para as Cidades\u201d\"}]},{\"@type\":\"WebSite\",\"@id\":\"https:\\\/\\\/blogdacondessa.com.br\\\/blog\\\/#website\",\"url\":\"https:\\\/\\\/blogdacondessa.com.br\\\/blog\\\/\",\"name\":\"Blog da Condessa\",\"description\":\"Com Shirley de Souza O\u2019Campos\",\"potentialAction\":[{\"@type\":\"SearchAction\",\"target\":{\"@type\":\"EntryPoint\",\"urlTemplate\":\"https:\\\/\\\/blogdacondessa.com.br\\\/blog\\\/?s={search_term_string}\"},\"query-input\":{\"@type\":\"PropertyValueSpecification\",\"valueRequired\":true,\"valueName\":\"search_term_string\"}}],\"inLanguage\":\"pt-BR\"},{\"@type\":\"Person\",\"@id\":\"https:\\\/\\\/blogdacondessa.com.br\\\/blog\\\/#\\\/schema\\\/person\\\/1d667ff8b785195b568677489d266035\",\"name\":\"Blog da Condessa\",\"image\":{\"@type\":\"ImageObject\",\"inLanguage\":\"pt-BR\",\"@id\":\"https:\\\/\\\/secure.gravatar.com\\\/avatar\\\/377c0eb8b4ad2bfc25461b41564b5971e721ca34a57642868fc7b0c8ac7b52c5?s=96&d=mm&r=g\",\"url\":\"https:\\\/\\\/secure.gravatar.com\\\/avatar\\\/377c0eb8b4ad2bfc25461b41564b5971e721ca34a57642868fc7b0c8ac7b52c5?s=96&d=mm&r=g\",\"contentUrl\":\"https:\\\/\\\/secure.gravatar.com\\\/avatar\\\/377c0eb8b4ad2bfc25461b41564b5971e721ca34a57642868fc7b0c8ac7b52c5?s=96&d=mm&r=g\",\"caption\":\"Blog da Condessa\"},\"url\":\"https:\\\/\\\/blogdacondessa.com.br\\\/blog\\\/author\\\/beatriz\\\/\"}]}<\/script>\n<!-- \/ Yoast SEO plugin. -->","yoast_head_json":{"title":"\u201cA Import\u00e2ncia dos Jardins Bot\u00e2nicos para as Cidades\u201d &#8902; Blog da Condessa","robots":{"index":"index","follow":"follow","max-snippet":"max-snippet:-1","max-image-preview":"max-image-preview:large","max-video-preview":"max-video-preview:-1"},"canonical":"https:\/\/blogdacondessa.com.br\/blog\/cidades\/a-importancia-dos-jardins-botanicos-para-as-cidades\/","og_locale":"pt_BR","og_type":"article","og_title":"\u201cA Import\u00e2ncia dos Jardins Bot\u00e2nicos para as Cidades\u201d &#8902; Blog da Condessa","og_description":"A Prefeitura de Cuiab\u00e1 apresenta, no pr\u00f3ximo dia 24, o documento que estabeleceu a cria\u00e7\u00e3o do Jardim Bot\u00e2nico de Cuiab\u00e1. A proposta completa 200 anos e previa a instala\u00e7\u00e3o do Jardim Bot\u00e2nico no Morro da Luz, seguindo determina\u00e7\u00e3o do Imperador Dom Pedro I. Na data de 24 de setembro de 1825, ele enviou uma carta [&hellip;]","og_url":"https:\/\/blogdacondessa.com.br\/blog\/cidades\/a-importancia-dos-jardins-botanicos-para-as-cidades\/","og_site_name":"Blog da Condessa","article_published_time":"2025-09-22T09:00:06+00:00","og_image":[{"width":2560,"height":1707,"url":"https:\/\/blogdacondessa.com.br\/blog\/wp-content\/uploads\/2025\/09\/JARDIM-BOTANICO-scaled.jpg","type":"image\/jpeg"}],"author":"Blog da Condessa","twitter_card":"summary_large_image","twitter_misc":{"Escrito por":"Blog da Condessa","Est. tempo de leitura":"2 minutos"},"schema":{"@context":"https:\/\/schema.org","@graph":[{"@type":"Article","@id":"https:\/\/blogdacondessa.com.br\/blog\/cidades\/a-importancia-dos-jardins-botanicos-para-as-cidades\/#article","isPartOf":{"@id":"https:\/\/blogdacondessa.com.br\/blog\/cidades\/a-importancia-dos-jardins-botanicos-para-as-cidades\/"},"author":{"name":"Blog da Condessa","@id":"https:\/\/blogdacondessa.com.br\/blog\/#\/schema\/person\/1d667ff8b785195b568677489d266035"},"headline":"\u201cA Import\u00e2ncia dos Jardins Bot\u00e2nicos para as Cidades\u201d","datePublished":"2025-09-22T09:00:06+00:00","mainEntityOfPage":{"@id":"https:\/\/blogdacondessa.com.br\/blog\/cidades\/a-importancia-dos-jardins-botanicos-para-as-cidades\/"},"wordCount":206,"image":{"@id":"https:\/\/blogdacondessa.com.br\/blog\/cidades\/a-importancia-dos-jardins-botanicos-para-as-cidades\/#primaryimage"},"thumbnailUrl":"https:\/\/blogdacondessa.com.br\/blog\/wp-content\/uploads\/2025\/09\/JARDIM-BOTANICO-scaled.jpg","articleSection":["Cidades"],"inLanguage":"pt-BR"},{"@type":"WebPage","@id":"https:\/\/blogdacondessa.com.br\/blog\/cidades\/a-importancia-dos-jardins-botanicos-para-as-cidades\/","url":"https:\/\/blogdacondessa.com.br\/blog\/cidades\/a-importancia-dos-jardins-botanicos-para-as-cidades\/","name":"\u201cA Import\u00e2ncia dos Jardins Bot\u00e2nicos para as Cidades\u201d &#8902; Blog da Condessa","isPartOf":{"@id":"https:\/\/blogdacondessa.com.br\/blog\/#website"},"primaryImageOfPage":{"@id":"https:\/\/blogdacondessa.com.br\/blog\/cidades\/a-importancia-dos-jardins-botanicos-para-as-cidades\/#primaryimage"},"image":{"@id":"https:\/\/blogdacondessa.com.br\/blog\/cidades\/a-importancia-dos-jardins-botanicos-para-as-cidades\/#primaryimage"},"thumbnailUrl":"https:\/\/blogdacondessa.com.br\/blog\/wp-content\/uploads\/2025\/09\/JARDIM-BOTANICO-scaled.jpg","datePublished":"2025-09-22T09:00:06+00:00","author":{"@id":"https:\/\/blogdacondessa.com.br\/blog\/#\/schema\/person\/1d667ff8b785195b568677489d266035"},"breadcrumb":{"@id":"https:\/\/blogdacondessa.com.br\/blog\/cidades\/a-importancia-dos-jardins-botanicos-para-as-cidades\/#breadcrumb"},"inLanguage":"pt-BR","potentialAction":[{"@type":"ReadAction","target":["https:\/\/blogdacondessa.com.br\/blog\/cidades\/a-importancia-dos-jardins-botanicos-para-as-cidades\/"]}]},{"@type":"ImageObject","inLanguage":"pt-BR","@id":"https:\/\/blogdacondessa.com.br\/blog\/cidades\/a-importancia-dos-jardins-botanicos-para-as-cidades\/#primaryimage","url":"https:\/\/blogdacondessa.com.br\/blog\/wp-content\/uploads\/2025\/09\/JARDIM-BOTANICO-scaled.jpg","contentUrl":"https:\/\/blogdacondessa.com.br\/blog\/wp-content\/uploads\/2025\/09\/JARDIM-BOTANICO-scaled.jpg","width":2560,"height":1707,"caption":"Foto: Rennan Oliveira"},{"@type":"BreadcrumbList","@id":"https:\/\/blogdacondessa.com.br\/blog\/cidades\/a-importancia-dos-jardins-botanicos-para-as-cidades\/#breadcrumb","itemListElement":[{"@type":"ListItem","position":1,"name":"In\u00edcio","item":"https:\/\/blogdacondessa.com.br\/blog\/"},{"@type":"ListItem","position":2,"name":"\u201cA Import\u00e2ncia dos Jardins Bot\u00e2nicos para as Cidades\u201d"}]},{"@type":"WebSite","@id":"https:\/\/blogdacondessa.com.br\/blog\/#website","url":"https:\/\/blogdacondessa.com.br\/blog\/","name":"Blog da Condessa","description":"Com Shirley de Souza O\u2019Campos","potentialAction":[{"@type":"SearchAction","target":{"@type":"EntryPoint","urlTemplate":"https:\/\/blogdacondessa.com.br\/blog\/?s={search_term_string}"},"query-input":{"@type":"PropertyValueSpecification","valueRequired":true,"valueName":"search_term_string"}}],"inLanguage":"pt-BR"},{"@type":"Person","@id":"https:\/\/blogdacondessa.com.br\/blog\/#\/schema\/person\/1d667ff8b785195b568677489d266035","name":"Blog da Condessa","image":{"@type":"ImageObject","inLanguage":"pt-BR","@id":"https:\/\/secure.gravatar.com\/avatar\/377c0eb8b4ad2bfc25461b41564b5971e721ca34a57642868fc7b0c8ac7b52c5?s=96&d=mm&r=g","url":"https:\/\/secure.gravatar.com\/avatar\/377c0eb8b4ad2bfc25461b41564b5971e721ca34a57642868fc7b0c8ac7b52c5?s=96&d=mm&r=g","contentUrl":"https:\/\/secure.gravatar.com\/avatar\/377c0eb8b4ad2bfc25461b41564b5971e721ca34a57642868fc7b0c8ac7b52c5?s=96&d=mm&r=g","caption":"Blog da Condessa"},"url":"https:\/\/blogdacondessa.com.br\/blog\/author\/beatriz\/"}]}},"_links":{"self":[{"href":"https:\/\/blogdacondessa.com.br\/blog\/wp-json\/wp\/v2\/posts\/12806","targetHints":{"allow":["GET"]}}],"collection":[{"href":"https:\/\/blogdacondessa.com.br\/blog\/wp-json\/wp\/v2\/posts"}],"about":[{"href":"https:\/\/blogdacondessa.com.br\/blog\/wp-json\/wp\/v2\/types\/post"}],"author":[{"embeddable":true,"href":"https:\/\/blogdacondessa.com.br\/blog\/wp-json\/wp\/v2\/users\/2"}],"replies":[{"embeddable":true,"href":"https:\/\/blogdacondessa.com.br\/blog\/wp-json\/wp\/v2\/comments?post=12806"}],"version-history":[{"count":1,"href":"https:\/\/blogdacondessa.com.br\/blog\/wp-json\/wp\/v2\/posts\/12806\/revisions"}],"predecessor-version":[{"id":12808,"href":"https:\/\/blogdacondessa.com.br\/blog\/wp-json\/wp\/v2\/posts\/12806\/revisions\/12808"}],"wp:featuredmedia":[{"embeddable":true,"href":"https:\/\/blogdacondessa.com.br\/blog\/wp-json\/wp\/v2\/media\/12807"}],"wp:attachment":[{"href":"https:\/\/blogdacondessa.com.br\/blog\/wp-json\/wp\/v2\/media?parent=12806"}],"wp:term":[{"taxonomy":"category","embeddable":true,"href":"https:\/\/blogdacondessa.com.br\/blog\/wp-json\/wp\/v2\/categories?post=12806"},{"taxonomy":"post_tag","embeddable":true,"href":"https:\/\/blogdacondessa.com.br\/blog\/wp-json\/wp\/v2\/tags?post=12806"}],"curies":[{"name":"wp","href":"https:\/\/api.w.org\/{rel}","templated":true}]}}