{"id":12800,"date":"2025-09-21T05:00:57","date_gmt":"2025-09-21T09:00:57","guid":{"rendered":"https:\/\/blogdacondessa.com.br\/blog\/?p=12800"},"modified":"2025-09-20T18:15:06","modified_gmt":"2025-09-20T22:15:06","slug":"mt-destaca-a-qualidade-a-sustentabilidade-e-o-potencial-no-mercado-internacional-de-carnes","status":"publish","type":"post","link":"https:\/\/blogdacondessa.com.br\/blog\/agronegocio\/mt-destaca-a-qualidade-a-sustentabilidade-e-o-potencial-no-mercado-internacional-de-carnes\/","title":{"rendered":"MT destaca a qualidade, a sustentabilidade e o potencial no mercado internacional de carnes"},"content":{"rendered":"<p>Mato Grosso come\u00e7ou a divulgar, desde o \u00faltimo dia 19, a carne bovina produzida no estado em duas importantes feiras internacionais, na Bol\u00edvia e no Peru. Entre as a\u00e7\u00f5es programadas est\u00e3o reuni\u00f5es com potenciais importadores da prote\u00edna animal e a promo\u00e7\u00e3o dos benef\u00edcios de ampliar o com\u00e9rcio com os dois pa\u00edses.<\/p>\n<p>O Instituto Mato-grossense da Carne (Imac), em parceria com a Secretaria de Estado de Desenvolvimento Econ\u00f4mico (Sedec), Sebrae e Invest MT, lidera a participa\u00e7\u00e3o do estado, destacando a qualidade, a sustentabilidade e o potencial de Mato Grosso no mercado internacional de carnes.<\/p>\n<p>Na Bol\u00edvia, o destaque \u00e9 a ExpoCruz, realizada em Santa Cruz de la Sierra, o maior evento multissetorial da Am\u00e9rica Latina. A feira funciona como uma plataforma estrat\u00e9gica para empresas que buscam acesso a mercados internacionais, al\u00e9m de permitir promo\u00e7\u00e3o institucional e fortalecimento de redes comerciais em toda a regi\u00e3o latino-americana.<\/p>\n<p>Para a Bol\u00edvia, Mato Grosso j\u00e1 exportou, em 2025, 47 toneladas de carnes desossadas de bovinos e 287 toneladas de outros sebos bovinos, gerando uma receita superior a US$ 582 mil.<\/p>\n<p>&#8220;A participa\u00e7\u00e3o do Instituto Mato-grossense da Carne na ExpoCruz \u00e9 estrat\u00e9gica para ampliar a presen\u00e7a da nossa carne em mercados internacionais. A Bol\u00edvia tem se mostrado um parceiro comercial cada vez mais relevante e estar presente em uma das maiores feiras multissetoriais da Am\u00e9rica Latina fortalece a imagem de Mato Grosso como refer\u00eancia em qualidade, sustentabilidade e seguran\u00e7a alimentar&#8221;, afirma Henrique Prado Olvido de Miranda, diretor administrativo-financeiro do Imac.<\/p>\n<p>No Peru, a participa\u00e7\u00e3o ocorre entre os dias 24 e 26 de setembro, na Expoalimentaria, em Santiago de Surco, considerada a feira mais importante de alimentos e bebidas da Am\u00e9rica Latina. O evento funciona como um palco de neg\u00f3cios e ponto de encontro para os principais operadores da distribui\u00e7\u00e3o, do varejo, do setor horeca (hospitalidade, alimenta\u00e7\u00e3o fora do lar e servi\u00e7os de catering), al\u00e9m de canais especializados nos mercados nacional e internacional.<\/p>\n<p>Para o mercado peruano, 10 ind\u00fastrias frigor\u00edficas de Mato Grosso est\u00e3o habilitadas, tendo exportado 140 toneladas de miudezas bovinas neste ano, gerando uma receita de US$ 257,4 mil.<\/p>\n<p>\u201cA participa\u00e7\u00e3o na Expoalimentaria \u00e9 uma oportunidade estrat\u00e9gica para o setor, diante de um mercado competitivo e consolidado pelo Brasil. Trata-se de uma oportunidade para refor\u00e7armos junto ao consumidor e \u00e0 ind\u00fastria local que nosso sistema de produ\u00e7\u00e3o \u00e9 refer\u00eancia em atributos socioambientais, com grande capacidade de abastecimento e qualidade superior. Nossa carne re\u00fane diferenciais que atendem aos mais exigentes padr\u00f5es internacionais, destacando-se pela maciez, sabor intenso e sucul\u00eancia\u201d, ressalta Henrique Miranda.<\/p>\n","protected":false},"excerpt":{"rendered":"<p>Mato Grosso come\u00e7ou a divulgar, desde o \u00faltimo dia 19, a carne bovina produzida no estado em duas importantes feiras internacionais, na Bol\u00edvia e no Peru. Entre as a\u00e7\u00f5es programadas est\u00e3o reuni\u00f5es com potenciais importadores da prote\u00edna animal e a promo\u00e7\u00e3o dos benef\u00edcios de ampliar o com\u00e9rcio com os dois pa\u00edses. O Instituto Mato-grossense da [&hellip;]<\/p>\n","protected":false},"author":2,"featured_media":12801,"comment_status":"closed","ping_status":"closed","sticky":false,"template":"","format":"standard","meta":{"iawp_total_views":8,"footnotes":""},"categories":[11],"tags":[],"class_list":["post-12800","post","type-post","status-publish","format-standard","has-post-thumbnail","hentry","category-agronegocio"],"yoast_head":"<!-- This site is optimized with the Yoast SEO plugin v27.3 - https:\/\/yoast.com\/product\/yoast-seo-wordpress\/ -->\n<title>MT destaca a qualidade, a sustentabilidade e o potencial no mercado internacional de carnes &#8902; Blog da Condessa<\/title>\n<meta name=\"robots\" content=\"index, follow, max-snippet:-1, max-image-preview:large, max-video-preview:-1\" \/>\n<link rel=\"canonical\" href=\"https:\/\/blogdacondessa.com.br\/blog\/agronegocio\/mt-destaca-a-qualidade-a-sustentabilidade-e-o-potencial-no-mercado-internacional-de-carnes\/\" \/>\n<meta property=\"og:locale\" content=\"pt_BR\" \/>\n<meta property=\"og:type\" content=\"article\" \/>\n<meta property=\"og:title\" content=\"MT destaca a qualidade, a sustentabilidade e o potencial no mercado internacional de carnes &#8902; Blog da Condessa\" \/>\n<meta property=\"og:description\" content=\"Mato Grosso come\u00e7ou a divulgar, desde o \u00faltimo dia 19, a carne bovina produzida no estado em duas importantes feiras internacionais, na Bol\u00edvia e no Peru. Entre as a\u00e7\u00f5es programadas est\u00e3o reuni\u00f5es com potenciais importadores da prote\u00edna animal e a promo\u00e7\u00e3o dos benef\u00edcios de ampliar o com\u00e9rcio com os dois pa\u00edses. O Instituto Mato-grossense da [&hellip;]\" \/>\n<meta property=\"og:url\" content=\"https:\/\/blogdacondessa.com.br\/blog\/agronegocio\/mt-destaca-a-qualidade-a-sustentabilidade-e-o-potencial-no-mercado-internacional-de-carnes\/\" \/>\n<meta property=\"og:site_name\" content=\"Blog da Condessa\" \/>\n<meta property=\"article:published_time\" content=\"2025-09-21T09:00:57+00:00\" \/>\n<meta property=\"og:image\" content=\"https:\/\/blogdacondessa.com.br\/blog\/wp-content\/uploads\/2025\/09\/CARNE-MT.webp\" \/>\n\t<meta property=\"og:image:width\" content=\"1536\" \/>\n\t<meta property=\"og:image:height\" content=\"1024\" \/>\n\t<meta property=\"og:image:type\" content=\"image\/webp\" \/>\n<meta name=\"author\" content=\"Blog da Condessa\" \/>\n<meta name=\"twitter:card\" content=\"summary_large_image\" \/>\n<meta name=\"twitter:label1\" content=\"Escrito por\" \/>\n\t<meta name=\"twitter:data1\" content=\"Blog da Condessa\" \/>\n\t<meta name=\"twitter:label2\" content=\"Est. tempo de leitura\" \/>\n\t<meta name=\"twitter:data2\" content=\"3 minutos\" \/>\n<script type=\"application\/ld+json\" class=\"yoast-schema-graph\">{\"@context\":\"https:\\\/\\\/schema.org\",\"@graph\":[{\"@type\":\"Article\",\"@id\":\"https:\\\/\\\/blogdacondessa.com.br\\\/blog\\\/agronegocio\\\/mt-destaca-a-qualidade-a-sustentabilidade-e-o-potencial-no-mercado-internacional-de-carnes\\\/#article\",\"isPartOf\":{\"@id\":\"https:\\\/\\\/blogdacondessa.com.br\\\/blog\\\/agronegocio\\\/mt-destaca-a-qualidade-a-sustentabilidade-e-o-potencial-no-mercado-internacional-de-carnes\\\/\"},\"author\":{\"name\":\"Blog da Condessa\",\"@id\":\"https:\\\/\\\/blogdacondessa.com.br\\\/blog\\\/#\\\/schema\\\/person\\\/1d667ff8b785195b568677489d266035\"},\"headline\":\"MT destaca a qualidade, a sustentabilidade e o potencial no mercado internacional de carnes\",\"datePublished\":\"2025-09-21T09:00:57+00:00\",\"mainEntityOfPage\":{\"@id\":\"https:\\\/\\\/blogdacondessa.com.br\\\/blog\\\/agronegocio\\\/mt-destaca-a-qualidade-a-sustentabilidade-e-o-potencial-no-mercado-internacional-de-carnes\\\/\"},\"wordCount\":460,\"image\":{\"@id\":\"https:\\\/\\\/blogdacondessa.com.br\\\/blog\\\/agronegocio\\\/mt-destaca-a-qualidade-a-sustentabilidade-e-o-potencial-no-mercado-internacional-de-carnes\\\/#primaryimage\"},\"thumbnailUrl\":\"https:\\\/\\\/blogdacondessa.com.br\\\/blog\\\/wp-content\\\/uploads\\\/2025\\\/09\\\/CARNE-MT.webp\",\"articleSection\":[\"Agroneg\u00f3cio\"],\"inLanguage\":\"pt-BR\"},{\"@type\":\"WebPage\",\"@id\":\"https:\\\/\\\/blogdacondessa.com.br\\\/blog\\\/agronegocio\\\/mt-destaca-a-qualidade-a-sustentabilidade-e-o-potencial-no-mercado-internacional-de-carnes\\\/\",\"url\":\"https:\\\/\\\/blogdacondessa.com.br\\\/blog\\\/agronegocio\\\/mt-destaca-a-qualidade-a-sustentabilidade-e-o-potencial-no-mercado-internacional-de-carnes\\\/\",\"name\":\"MT destaca a qualidade, a sustentabilidade e o potencial no mercado internacional de carnes &#8902; Blog da Condessa\",\"isPartOf\":{\"@id\":\"https:\\\/\\\/blogdacondessa.com.br\\\/blog\\\/#website\"},\"primaryImageOfPage\":{\"@id\":\"https:\\\/\\\/blogdacondessa.com.br\\\/blog\\\/agronegocio\\\/mt-destaca-a-qualidade-a-sustentabilidade-e-o-potencial-no-mercado-internacional-de-carnes\\\/#primaryimage\"},\"image\":{\"@id\":\"https:\\\/\\\/blogdacondessa.com.br\\\/blog\\\/agronegocio\\\/mt-destaca-a-qualidade-a-sustentabilidade-e-o-potencial-no-mercado-internacional-de-carnes\\\/#primaryimage\"},\"thumbnailUrl\":\"https:\\\/\\\/blogdacondessa.com.br\\\/blog\\\/wp-content\\\/uploads\\\/2025\\\/09\\\/CARNE-MT.webp\",\"datePublished\":\"2025-09-21T09:00:57+00:00\",\"author\":{\"@id\":\"https:\\\/\\\/blogdacondessa.com.br\\\/blog\\\/#\\\/schema\\\/person\\\/1d667ff8b785195b568677489d266035\"},\"breadcrumb\":{\"@id\":\"https:\\\/\\\/blogdacondessa.com.br\\\/blog\\\/agronegocio\\\/mt-destaca-a-qualidade-a-sustentabilidade-e-o-potencial-no-mercado-internacional-de-carnes\\\/#breadcrumb\"},\"inLanguage\":\"pt-BR\",\"potentialAction\":[{\"@type\":\"ReadAction\",\"target\":[\"https:\\\/\\\/blogdacondessa.com.br\\\/blog\\\/agronegocio\\\/mt-destaca-a-qualidade-a-sustentabilidade-e-o-potencial-no-mercado-internacional-de-carnes\\\/\"]}]},{\"@type\":\"ImageObject\",\"inLanguage\":\"pt-BR\",\"@id\":\"https:\\\/\\\/blogdacondessa.com.br\\\/blog\\\/agronegocio\\\/mt-destaca-a-qualidade-a-sustentabilidade-e-o-potencial-no-mercado-internacional-de-carnes\\\/#primaryimage\",\"url\":\"https:\\\/\\\/blogdacondessa.com.br\\\/blog\\\/wp-content\\\/uploads\\\/2025\\\/09\\\/CARNE-MT.webp\",\"contentUrl\":\"https:\\\/\\\/blogdacondessa.com.br\\\/blog\\\/wp-content\\\/uploads\\\/2025\\\/09\\\/CARNE-MT.webp\",\"width\":1536,\"height\":1024},{\"@type\":\"BreadcrumbList\",\"@id\":\"https:\\\/\\\/blogdacondessa.com.br\\\/blog\\\/agronegocio\\\/mt-destaca-a-qualidade-a-sustentabilidade-e-o-potencial-no-mercado-internacional-de-carnes\\\/#breadcrumb\",\"itemListElement\":[{\"@type\":\"ListItem\",\"position\":1,\"name\":\"In\u00edcio\",\"item\":\"https:\\\/\\\/blogdacondessa.com.br\\\/blog\\\/\"},{\"@type\":\"ListItem\",\"position\":2,\"name\":\"MT destaca a qualidade, a sustentabilidade e o potencial no mercado internacional de carnes\"}]},{\"@type\":\"WebSite\",\"@id\":\"https:\\\/\\\/blogdacondessa.com.br\\\/blog\\\/#website\",\"url\":\"https:\\\/\\\/blogdacondessa.com.br\\\/blog\\\/\",\"name\":\"Blog da Condessa\",\"description\":\"Com Shirley de Souza O\u2019Campos\",\"potentialAction\":[{\"@type\":\"SearchAction\",\"target\":{\"@type\":\"EntryPoint\",\"urlTemplate\":\"https:\\\/\\\/blogdacondessa.com.br\\\/blog\\\/?s={search_term_string}\"},\"query-input\":{\"@type\":\"PropertyValueSpecification\",\"valueRequired\":true,\"valueName\":\"search_term_string\"}}],\"inLanguage\":\"pt-BR\"},{\"@type\":\"Person\",\"@id\":\"https:\\\/\\\/blogdacondessa.com.br\\\/blog\\\/#\\\/schema\\\/person\\\/1d667ff8b785195b568677489d266035\",\"name\":\"Blog da Condessa\",\"image\":{\"@type\":\"ImageObject\",\"inLanguage\":\"pt-BR\",\"@id\":\"https:\\\/\\\/secure.gravatar.com\\\/avatar\\\/377c0eb8b4ad2bfc25461b41564b5971e721ca34a57642868fc7b0c8ac7b52c5?s=96&d=mm&r=g\",\"url\":\"https:\\\/\\\/secure.gravatar.com\\\/avatar\\\/377c0eb8b4ad2bfc25461b41564b5971e721ca34a57642868fc7b0c8ac7b52c5?s=96&d=mm&r=g\",\"contentUrl\":\"https:\\\/\\\/secure.gravatar.com\\\/avatar\\\/377c0eb8b4ad2bfc25461b41564b5971e721ca34a57642868fc7b0c8ac7b52c5?s=96&d=mm&r=g\",\"caption\":\"Blog da Condessa\"},\"url\":\"https:\\\/\\\/blogdacondessa.com.br\\\/blog\\\/author\\\/beatriz\\\/\"}]}<\/script>\n<!-- \/ Yoast SEO plugin. -->","yoast_head_json":{"title":"MT destaca a qualidade, a sustentabilidade e o potencial no mercado internacional de carnes &#8902; Blog da Condessa","robots":{"index":"index","follow":"follow","max-snippet":"max-snippet:-1","max-image-preview":"max-image-preview:large","max-video-preview":"max-video-preview:-1"},"canonical":"https:\/\/blogdacondessa.com.br\/blog\/agronegocio\/mt-destaca-a-qualidade-a-sustentabilidade-e-o-potencial-no-mercado-internacional-de-carnes\/","og_locale":"pt_BR","og_type":"article","og_title":"MT destaca a qualidade, a sustentabilidade e o potencial no mercado internacional de carnes &#8902; Blog da Condessa","og_description":"Mato Grosso come\u00e7ou a divulgar, desde o \u00faltimo dia 19, a carne bovina produzida no estado em duas importantes feiras internacionais, na Bol\u00edvia e no Peru. Entre as a\u00e7\u00f5es programadas est\u00e3o reuni\u00f5es com potenciais importadores da prote\u00edna animal e a promo\u00e7\u00e3o dos benef\u00edcios de ampliar o com\u00e9rcio com os dois pa\u00edses. O Instituto Mato-grossense da [&hellip;]","og_url":"https:\/\/blogdacondessa.com.br\/blog\/agronegocio\/mt-destaca-a-qualidade-a-sustentabilidade-e-o-potencial-no-mercado-internacional-de-carnes\/","og_site_name":"Blog da Condessa","article_published_time":"2025-09-21T09:00:57+00:00","og_image":[{"width":1536,"height":1024,"url":"https:\/\/blogdacondessa.com.br\/blog\/wp-content\/uploads\/2025\/09\/CARNE-MT.webp","type":"image\/webp"}],"author":"Blog da Condessa","twitter_card":"summary_large_image","twitter_misc":{"Escrito por":"Blog da Condessa","Est. tempo de leitura":"3 minutos"},"schema":{"@context":"https:\/\/schema.org","@graph":[{"@type":"Article","@id":"https:\/\/blogdacondessa.com.br\/blog\/agronegocio\/mt-destaca-a-qualidade-a-sustentabilidade-e-o-potencial-no-mercado-internacional-de-carnes\/#article","isPartOf":{"@id":"https:\/\/blogdacondessa.com.br\/blog\/agronegocio\/mt-destaca-a-qualidade-a-sustentabilidade-e-o-potencial-no-mercado-internacional-de-carnes\/"},"author":{"name":"Blog da Condessa","@id":"https:\/\/blogdacondessa.com.br\/blog\/#\/schema\/person\/1d667ff8b785195b568677489d266035"},"headline":"MT destaca a qualidade, a sustentabilidade e o potencial no mercado internacional de carnes","datePublished":"2025-09-21T09:00:57+00:00","mainEntityOfPage":{"@id":"https:\/\/blogdacondessa.com.br\/blog\/agronegocio\/mt-destaca-a-qualidade-a-sustentabilidade-e-o-potencial-no-mercado-internacional-de-carnes\/"},"wordCount":460,"image":{"@id":"https:\/\/blogdacondessa.com.br\/blog\/agronegocio\/mt-destaca-a-qualidade-a-sustentabilidade-e-o-potencial-no-mercado-internacional-de-carnes\/#primaryimage"},"thumbnailUrl":"https:\/\/blogdacondessa.com.br\/blog\/wp-content\/uploads\/2025\/09\/CARNE-MT.webp","articleSection":["Agroneg\u00f3cio"],"inLanguage":"pt-BR"},{"@type":"WebPage","@id":"https:\/\/blogdacondessa.com.br\/blog\/agronegocio\/mt-destaca-a-qualidade-a-sustentabilidade-e-o-potencial-no-mercado-internacional-de-carnes\/","url":"https:\/\/blogdacondessa.com.br\/blog\/agronegocio\/mt-destaca-a-qualidade-a-sustentabilidade-e-o-potencial-no-mercado-internacional-de-carnes\/","name":"MT destaca a qualidade, a sustentabilidade e o potencial no mercado internacional de carnes &#8902; Blog da Condessa","isPartOf":{"@id":"https:\/\/blogdacondessa.com.br\/blog\/#website"},"primaryImageOfPage":{"@id":"https:\/\/blogdacondessa.com.br\/blog\/agronegocio\/mt-destaca-a-qualidade-a-sustentabilidade-e-o-potencial-no-mercado-internacional-de-carnes\/#primaryimage"},"image":{"@id":"https:\/\/blogdacondessa.com.br\/blog\/agronegocio\/mt-destaca-a-qualidade-a-sustentabilidade-e-o-potencial-no-mercado-internacional-de-carnes\/#primaryimage"},"thumbnailUrl":"https:\/\/blogdacondessa.com.br\/blog\/wp-content\/uploads\/2025\/09\/CARNE-MT.webp","datePublished":"2025-09-21T09:00:57+00:00","author":{"@id":"https:\/\/blogdacondessa.com.br\/blog\/#\/schema\/person\/1d667ff8b785195b568677489d266035"},"breadcrumb":{"@id":"https:\/\/blogdacondessa.com.br\/blog\/agronegocio\/mt-destaca-a-qualidade-a-sustentabilidade-e-o-potencial-no-mercado-internacional-de-carnes\/#breadcrumb"},"inLanguage":"pt-BR","potentialAction":[{"@type":"ReadAction","target":["https:\/\/blogdacondessa.com.br\/blog\/agronegocio\/mt-destaca-a-qualidade-a-sustentabilidade-e-o-potencial-no-mercado-internacional-de-carnes\/"]}]},{"@type":"ImageObject","inLanguage":"pt-BR","@id":"https:\/\/blogdacondessa.com.br\/blog\/agronegocio\/mt-destaca-a-qualidade-a-sustentabilidade-e-o-potencial-no-mercado-internacional-de-carnes\/#primaryimage","url":"https:\/\/blogdacondessa.com.br\/blog\/wp-content\/uploads\/2025\/09\/CARNE-MT.webp","contentUrl":"https:\/\/blogdacondessa.com.br\/blog\/wp-content\/uploads\/2025\/09\/CARNE-MT.webp","width":1536,"height":1024},{"@type":"BreadcrumbList","@id":"https:\/\/blogdacondessa.com.br\/blog\/agronegocio\/mt-destaca-a-qualidade-a-sustentabilidade-e-o-potencial-no-mercado-internacional-de-carnes\/#breadcrumb","itemListElement":[{"@type":"ListItem","position":1,"name":"In\u00edcio","item":"https:\/\/blogdacondessa.com.br\/blog\/"},{"@type":"ListItem","position":2,"name":"MT destaca a qualidade, a sustentabilidade e o potencial no mercado internacional de carnes"}]},{"@type":"WebSite","@id":"https:\/\/blogdacondessa.com.br\/blog\/#website","url":"https:\/\/blogdacondessa.com.br\/blog\/","name":"Blog da Condessa","description":"Com Shirley de Souza O\u2019Campos","potentialAction":[{"@type":"SearchAction","target":{"@type":"EntryPoint","urlTemplate":"https:\/\/blogdacondessa.com.br\/blog\/?s={search_term_string}"},"query-input":{"@type":"PropertyValueSpecification","valueRequired":true,"valueName":"search_term_string"}}],"inLanguage":"pt-BR"},{"@type":"Person","@id":"https:\/\/blogdacondessa.com.br\/blog\/#\/schema\/person\/1d667ff8b785195b568677489d266035","name":"Blog da Condessa","image":{"@type":"ImageObject","inLanguage":"pt-BR","@id":"https:\/\/secure.gravatar.com\/avatar\/377c0eb8b4ad2bfc25461b41564b5971e721ca34a57642868fc7b0c8ac7b52c5?s=96&d=mm&r=g","url":"https:\/\/secure.gravatar.com\/avatar\/377c0eb8b4ad2bfc25461b41564b5971e721ca34a57642868fc7b0c8ac7b52c5?s=96&d=mm&r=g","contentUrl":"https:\/\/secure.gravatar.com\/avatar\/377c0eb8b4ad2bfc25461b41564b5971e721ca34a57642868fc7b0c8ac7b52c5?s=96&d=mm&r=g","caption":"Blog da Condessa"},"url":"https:\/\/blogdacondessa.com.br\/blog\/author\/beatriz\/"}]}},"_links":{"self":[{"href":"https:\/\/blogdacondessa.com.br\/blog\/wp-json\/wp\/v2\/posts\/12800","targetHints":{"allow":["GET"]}}],"collection":[{"href":"https:\/\/blogdacondessa.com.br\/blog\/wp-json\/wp\/v2\/posts"}],"about":[{"href":"https:\/\/blogdacondessa.com.br\/blog\/wp-json\/wp\/v2\/types\/post"}],"author":[{"embeddable":true,"href":"https:\/\/blogdacondessa.com.br\/blog\/wp-json\/wp\/v2\/users\/2"}],"replies":[{"embeddable":true,"href":"https:\/\/blogdacondessa.com.br\/blog\/wp-json\/wp\/v2\/comments?post=12800"}],"version-history":[{"count":1,"href":"https:\/\/blogdacondessa.com.br\/blog\/wp-json\/wp\/v2\/posts\/12800\/revisions"}],"predecessor-version":[{"id":12802,"href":"https:\/\/blogdacondessa.com.br\/blog\/wp-json\/wp\/v2\/posts\/12800\/revisions\/12802"}],"wp:featuredmedia":[{"embeddable":true,"href":"https:\/\/blogdacondessa.com.br\/blog\/wp-json\/wp\/v2\/media\/12801"}],"wp:attachment":[{"href":"https:\/\/blogdacondessa.com.br\/blog\/wp-json\/wp\/v2\/media?parent=12800"}],"wp:term":[{"taxonomy":"category","embeddable":true,"href":"https:\/\/blogdacondessa.com.br\/blog\/wp-json\/wp\/v2\/categories?post=12800"},{"taxonomy":"post_tag","embeddable":true,"href":"https:\/\/blogdacondessa.com.br\/blog\/wp-json\/wp\/v2\/tags?post=12800"}],"curies":[{"name":"wp","href":"https:\/\/api.w.org\/{rel}","templated":true}]}}