{"id":12791,"date":"2025-09-19T05:00:56","date_gmt":"2025-09-19T09:00:56","guid":{"rendered":"https:\/\/blogdacondessa.com.br\/blog\/?p=12791"},"modified":"2025-09-19T08:32:24","modified_gmt":"2025-09-19T12:32:24","slug":"evento-conta-com-musica-gastronomia-artesanato-e-acoes-de-preservacao-ambiental","status":"publish","type":"post","link":"https:\/\/blogdacondessa.com.br\/blog\/cidades\/evento-conta-com-musica-gastronomia-artesanato-e-acoes-de-preservacao-ambiental\/","title":{"rendered":"Evento conta com m\u00fasica, gastronomia, artesanato e a\u00e7\u00f5es de preserva\u00e7\u00e3o ambiental"},"content":{"rendered":"<p><em>Primeira \u201cFesta do Pari\u201d celebra tradi\u00e7\u00e3o e cultura ribeirinha em Cuiab\u00e1.<\/em><\/p>\n<p>A comunidade ribeirinha da Barra do Pari ser\u00e1 o palco da primeira edi\u00e7\u00e3o da \u201cFesta do Pari\u201d, nesta sexta-feira (19), em Cuiab\u00e1. A programa\u00e7\u00e3o ser\u00e1 realizada na pra\u00e7a em frente \u00e0 Igreja de S\u00e3o Benedito, espa\u00e7o tradicional para os moradores da regi\u00e3o.<\/p>\n<p>O evento reunir\u00e1 uma feira gastron\u00f4mica com pratos regionais, exposi\u00e7\u00e3o de artesanato, apresenta\u00e7\u00f5es culturais e shows musicais. Entre as atra\u00e7\u00f5es confirmadas est\u00e3o os cantores Matheuzinho, Douglas Cabral e Henrique Maluf, al\u00e9m de quadrilhas e manifesta\u00e7\u00f5es folcl\u00f3ricas.<\/p>\n<p>Como parte da iniciativa, tamb\u00e9m ser\u00e1 promovida uma a\u00e7\u00e3o de limpeza nos arredores da comunidade, refor\u00e7ando a import\u00e2ncia da preserva\u00e7\u00e3o ambiental e da revitaliza\u00e7\u00e3o dos espa\u00e7os p\u00fablicos.<\/p>\n<p>A primeira Festa do Pari conta com entrada gratuita e aberta a toda a popula\u00e7\u00e3o, com in\u00edcio previsto para as 16h.<\/p>\n<p><strong>A hist\u00f3ria da regi\u00e3o <\/strong><\/p>\n<p>A Barra do Pari \u00e9 uma das comunidades mais tradicionais de Cuiab\u00e1 e remonta a 1880, quando o padre Ernesto Barreto adquiriu uma faixa de terras no alto do rio Cuiab\u00e1, dando origem \u00e0 comunidade e \u00e0 famosa lenda do Minhoc\u00e3o do Pari.<\/p>\n<p>Localizada entre os bairros Santa Isabel e Santa Am\u00e1lia, a regi\u00e3o preserva um jeito interiorano, marcado pela simplicidade, pela boa gastronomia e por hist\u00f3rias que atravessam gera\u00e7\u00f5es. Entre elas est\u00e1 a lenda do \u201cMinhoc\u00e3o do Pari\u201d, um ser m\u00edtico que, segundo os moradores mais antigos, habitava as \u00e1guas do rio e at\u00e9 hoje faz parte do imagin\u00e1rio local.<\/p>\n<p>Al\u00e9m do Minhoc\u00e3o, outras lendas tamb\u00e9m comp\u00f5em o repert\u00f3rio cultural da comunidade, como a da sucuri que vivia em uma lagoa pr\u00f3xima e a do negrinho que surgia nas pedras do rio. Esses relatos foram eternizados na m\u00fasica Saranzeiro Velho, do compositor pantaneiro Guapo, refor\u00e7ando o elo entre mem\u00f3ria e cultura popular.<\/p>\n<p>O Campo Estrela, tradicional ponto de encontro dos moradores, ser\u00e1 um dos espa\u00e7os de destaque da Festa do Pari, com atividades culturais e esportivas. Apesar de desafios estruturais, como a dificuldade de acesso durante o per\u00edodo de chuvas e a falta de infraestrutura esportiva, o local mant\u00e9m viva a conviv\u00eancia comunit\u00e1ria.<\/p>\n<p>Com a realiza\u00e7\u00e3o da festa, a comunidade da Barra do Pari espera que o local ganhe mais conhecimento da popula\u00e7\u00e3o cuiabana e se firme como um reduto cultural e hist\u00f3rico da Capital, valorizando suas ra\u00edzes e fortalecendo o sentimento de pertencimento de seus moradores.<\/p>\n<p><strong>Servi\u00e7o<\/strong><\/p>\n<p>O que: Festa do Pari<br \/>\nQuando:19 de setembro de 2025<br \/>\nOnde: Pra\u00e7a em frente \u00e0 Igreja de S\u00e3o Benedito da Barra do Pari (Rua 1, 291, Santa Am\u00e1lia, Cuiab\u00e1)<br \/>\nHor\u00e1rio: A partir das 16h<br \/>\nAcesso: Gratuito<br \/>\nRealiza\u00e7\u00e3o: Instituto Realize MT<br \/>\nPatroc\u00ednio: Assembleia Legislativa de Mato Grosso (ALMT) e Secretaria de Estado de Cultura, Esporte e Lazer (SECEL-MT)<\/p>\n","protected":false},"excerpt":{"rendered":"<p>Primeira \u201cFesta do Pari\u201d celebra tradi\u00e7\u00e3o e cultura ribeirinha em Cuiab\u00e1. A comunidade ribeirinha da Barra do Pari ser\u00e1 o palco da primeira edi\u00e7\u00e3o da \u201cFesta do Pari\u201d, nesta sexta-feira (19), em Cuiab\u00e1. A programa\u00e7\u00e3o ser\u00e1 realizada na pra\u00e7a em frente \u00e0 Igreja de S\u00e3o Benedito, espa\u00e7o tradicional para os moradores da regi\u00e3o. O evento [&hellip;]<\/p>\n","protected":false},"author":2,"featured_media":12792,"comment_status":"closed","ping_status":"closed","sticky":false,"template":"","format":"standard","meta":{"iawp_total_views":19,"footnotes":""},"categories":[12],"tags":[],"class_list":["post-12791","post","type-post","status-publish","format-standard","has-post-thumbnail","hentry","category-cidades"],"yoast_head":"<!-- This site is optimized with the Yoast SEO plugin v27.3 - https:\/\/yoast.com\/product\/yoast-seo-wordpress\/ -->\n<title>Evento conta com m\u00fasica, gastronomia, artesanato e a\u00e7\u00f5es de preserva\u00e7\u00e3o ambiental &#8902; Blog da Condessa<\/title>\n<meta name=\"robots\" content=\"index, follow, max-snippet:-1, max-image-preview:large, max-video-preview:-1\" \/>\n<link rel=\"canonical\" href=\"https:\/\/blogdacondessa.com.br\/blog\/cidades\/evento-conta-com-musica-gastronomia-artesanato-e-acoes-de-preservacao-ambiental\/\" \/>\n<meta property=\"og:locale\" content=\"pt_BR\" \/>\n<meta property=\"og:type\" content=\"article\" \/>\n<meta property=\"og:title\" content=\"Evento conta com m\u00fasica, gastronomia, artesanato e a\u00e7\u00f5es de preserva\u00e7\u00e3o ambiental &#8902; Blog da Condessa\" \/>\n<meta property=\"og:description\" content=\"Primeira \u201cFesta do Pari\u201d celebra tradi\u00e7\u00e3o e cultura ribeirinha em Cuiab\u00e1. A comunidade ribeirinha da Barra do Pari ser\u00e1 o palco da primeira edi\u00e7\u00e3o da \u201cFesta do Pari\u201d, nesta sexta-feira (19), em Cuiab\u00e1. A programa\u00e7\u00e3o ser\u00e1 realizada na pra\u00e7a em frente \u00e0 Igreja de S\u00e3o Benedito, espa\u00e7o tradicional para os moradores da regi\u00e3o. O evento [&hellip;]\" \/>\n<meta property=\"og:url\" content=\"https:\/\/blogdacondessa.com.br\/blog\/cidades\/evento-conta-com-musica-gastronomia-artesanato-e-acoes-de-preservacao-ambiental\/\" \/>\n<meta property=\"og:site_name\" content=\"Blog da Condessa\" \/>\n<meta property=\"article:published_time\" content=\"2025-09-19T09:00:56+00:00\" \/>\n<meta property=\"article:modified_time\" content=\"2025-09-19T12:32:24+00:00\" \/>\n<meta property=\"og:image\" content=\"https:\/\/blogdacondessa.com.br\/blog\/wp-content\/uploads\/2025\/09\/festa-do-pari.jpeg\" \/>\n\t<meta property=\"og:image:width\" content=\"400\" \/>\n\t<meta property=\"og:image:height\" content=\"500\" \/>\n\t<meta property=\"og:image:type\" content=\"image\/jpeg\" \/>\n<meta name=\"author\" content=\"Blog da Condessa\" \/>\n<meta name=\"twitter:card\" content=\"summary_large_image\" \/>\n<meta name=\"twitter:label1\" content=\"Escrito por\" \/>\n\t<meta name=\"twitter:data1\" content=\"Blog da Condessa\" \/>\n\t<meta name=\"twitter:label2\" content=\"Est. tempo de leitura\" \/>\n\t<meta name=\"twitter:data2\" content=\"3 minutos\" \/>\n<script type=\"application\/ld+json\" class=\"yoast-schema-graph\">{\"@context\":\"https:\\\/\\\/schema.org\",\"@graph\":[{\"@type\":\"Article\",\"@id\":\"https:\\\/\\\/blogdacondessa.com.br\\\/blog\\\/cidades\\\/evento-conta-com-musica-gastronomia-artesanato-e-acoes-de-preservacao-ambiental\\\/#article\",\"isPartOf\":{\"@id\":\"https:\\\/\\\/blogdacondessa.com.br\\\/blog\\\/cidades\\\/evento-conta-com-musica-gastronomia-artesanato-e-acoes-de-preservacao-ambiental\\\/\"},\"author\":{\"name\":\"Blog da Condessa\",\"@id\":\"https:\\\/\\\/blogdacondessa.com.br\\\/blog\\\/#\\\/schema\\\/person\\\/1d667ff8b785195b568677489d266035\"},\"headline\":\"Evento conta com m\u00fasica, gastronomia, artesanato e a\u00e7\u00f5es de preserva\u00e7\u00e3o ambiental\",\"datePublished\":\"2025-09-19T09:00:56+00:00\",\"dateModified\":\"2025-09-19T12:32:24+00:00\",\"mainEntityOfPage\":{\"@id\":\"https:\\\/\\\/blogdacondessa.com.br\\\/blog\\\/cidades\\\/evento-conta-com-musica-gastronomia-artesanato-e-acoes-de-preservacao-ambiental\\\/\"},\"wordCount\":511,\"image\":{\"@id\":\"https:\\\/\\\/blogdacondessa.com.br\\\/blog\\\/cidades\\\/evento-conta-com-musica-gastronomia-artesanato-e-acoes-de-preservacao-ambiental\\\/#primaryimage\"},\"thumbnailUrl\":\"https:\\\/\\\/blogdacondessa.com.br\\\/blog\\\/wp-content\\\/uploads\\\/2025\\\/09\\\/festa-do-pari.jpeg\",\"articleSection\":[\"Cidades\"],\"inLanguage\":\"pt-BR\"},{\"@type\":\"WebPage\",\"@id\":\"https:\\\/\\\/blogdacondessa.com.br\\\/blog\\\/cidades\\\/evento-conta-com-musica-gastronomia-artesanato-e-acoes-de-preservacao-ambiental\\\/\",\"url\":\"https:\\\/\\\/blogdacondessa.com.br\\\/blog\\\/cidades\\\/evento-conta-com-musica-gastronomia-artesanato-e-acoes-de-preservacao-ambiental\\\/\",\"name\":\"Evento conta com m\u00fasica, gastronomia, artesanato e a\u00e7\u00f5es de preserva\u00e7\u00e3o ambiental &#8902; Blog da Condessa\",\"isPartOf\":{\"@id\":\"https:\\\/\\\/blogdacondessa.com.br\\\/blog\\\/#website\"},\"primaryImageOfPage\":{\"@id\":\"https:\\\/\\\/blogdacondessa.com.br\\\/blog\\\/cidades\\\/evento-conta-com-musica-gastronomia-artesanato-e-acoes-de-preservacao-ambiental\\\/#primaryimage\"},\"image\":{\"@id\":\"https:\\\/\\\/blogdacondessa.com.br\\\/blog\\\/cidades\\\/evento-conta-com-musica-gastronomia-artesanato-e-acoes-de-preservacao-ambiental\\\/#primaryimage\"},\"thumbnailUrl\":\"https:\\\/\\\/blogdacondessa.com.br\\\/blog\\\/wp-content\\\/uploads\\\/2025\\\/09\\\/festa-do-pari.jpeg\",\"datePublished\":\"2025-09-19T09:00:56+00:00\",\"dateModified\":\"2025-09-19T12:32:24+00:00\",\"author\":{\"@id\":\"https:\\\/\\\/blogdacondessa.com.br\\\/blog\\\/#\\\/schema\\\/person\\\/1d667ff8b785195b568677489d266035\"},\"breadcrumb\":{\"@id\":\"https:\\\/\\\/blogdacondessa.com.br\\\/blog\\\/cidades\\\/evento-conta-com-musica-gastronomia-artesanato-e-acoes-de-preservacao-ambiental\\\/#breadcrumb\"},\"inLanguage\":\"pt-BR\",\"potentialAction\":[{\"@type\":\"ReadAction\",\"target\":[\"https:\\\/\\\/blogdacondessa.com.br\\\/blog\\\/cidades\\\/evento-conta-com-musica-gastronomia-artesanato-e-acoes-de-preservacao-ambiental\\\/\"]}]},{\"@type\":\"ImageObject\",\"inLanguage\":\"pt-BR\",\"@id\":\"https:\\\/\\\/blogdacondessa.com.br\\\/blog\\\/cidades\\\/evento-conta-com-musica-gastronomia-artesanato-e-acoes-de-preservacao-ambiental\\\/#primaryimage\",\"url\":\"https:\\\/\\\/blogdacondessa.com.br\\\/blog\\\/wp-content\\\/uploads\\\/2025\\\/09\\\/festa-do-pari.jpeg\",\"contentUrl\":\"https:\\\/\\\/blogdacondessa.com.br\\\/blog\\\/wp-content\\\/uploads\\\/2025\\\/09\\\/festa-do-pari.jpeg\",\"width\":400,\"height\":500,\"caption\":\"Foto: Assessoria\"},{\"@type\":\"BreadcrumbList\",\"@id\":\"https:\\\/\\\/blogdacondessa.com.br\\\/blog\\\/cidades\\\/evento-conta-com-musica-gastronomia-artesanato-e-acoes-de-preservacao-ambiental\\\/#breadcrumb\",\"itemListElement\":[{\"@type\":\"ListItem\",\"position\":1,\"name\":\"In\u00edcio\",\"item\":\"https:\\\/\\\/blogdacondessa.com.br\\\/blog\\\/\"},{\"@type\":\"ListItem\",\"position\":2,\"name\":\"Evento conta com m\u00fasica, gastronomia, artesanato e a\u00e7\u00f5es de preserva\u00e7\u00e3o ambiental\"}]},{\"@type\":\"WebSite\",\"@id\":\"https:\\\/\\\/blogdacondessa.com.br\\\/blog\\\/#website\",\"url\":\"https:\\\/\\\/blogdacondessa.com.br\\\/blog\\\/\",\"name\":\"Blog da Condessa\",\"description\":\"Com Shirley de Souza O\u2019Campos\",\"potentialAction\":[{\"@type\":\"SearchAction\",\"target\":{\"@type\":\"EntryPoint\",\"urlTemplate\":\"https:\\\/\\\/blogdacondessa.com.br\\\/blog\\\/?s={search_term_string}\"},\"query-input\":{\"@type\":\"PropertyValueSpecification\",\"valueRequired\":true,\"valueName\":\"search_term_string\"}}],\"inLanguage\":\"pt-BR\"},{\"@type\":\"Person\",\"@id\":\"https:\\\/\\\/blogdacondessa.com.br\\\/blog\\\/#\\\/schema\\\/person\\\/1d667ff8b785195b568677489d266035\",\"name\":\"Blog da Condessa\",\"image\":{\"@type\":\"ImageObject\",\"inLanguage\":\"pt-BR\",\"@id\":\"https:\\\/\\\/secure.gravatar.com\\\/avatar\\\/377c0eb8b4ad2bfc25461b41564b5971e721ca34a57642868fc7b0c8ac7b52c5?s=96&d=mm&r=g\",\"url\":\"https:\\\/\\\/secure.gravatar.com\\\/avatar\\\/377c0eb8b4ad2bfc25461b41564b5971e721ca34a57642868fc7b0c8ac7b52c5?s=96&d=mm&r=g\",\"contentUrl\":\"https:\\\/\\\/secure.gravatar.com\\\/avatar\\\/377c0eb8b4ad2bfc25461b41564b5971e721ca34a57642868fc7b0c8ac7b52c5?s=96&d=mm&r=g\",\"caption\":\"Blog da Condessa\"},\"url\":\"https:\\\/\\\/blogdacondessa.com.br\\\/blog\\\/author\\\/beatriz\\\/\"}]}<\/script>\n<!-- \/ Yoast SEO plugin. -->","yoast_head_json":{"title":"Evento conta com m\u00fasica, gastronomia, artesanato e a\u00e7\u00f5es de preserva\u00e7\u00e3o ambiental &#8902; Blog da Condessa","robots":{"index":"index","follow":"follow","max-snippet":"max-snippet:-1","max-image-preview":"max-image-preview:large","max-video-preview":"max-video-preview:-1"},"canonical":"https:\/\/blogdacondessa.com.br\/blog\/cidades\/evento-conta-com-musica-gastronomia-artesanato-e-acoes-de-preservacao-ambiental\/","og_locale":"pt_BR","og_type":"article","og_title":"Evento conta com m\u00fasica, gastronomia, artesanato e a\u00e7\u00f5es de preserva\u00e7\u00e3o ambiental &#8902; Blog da Condessa","og_description":"Primeira \u201cFesta do Pari\u201d celebra tradi\u00e7\u00e3o e cultura ribeirinha em Cuiab\u00e1. A comunidade ribeirinha da Barra do Pari ser\u00e1 o palco da primeira edi\u00e7\u00e3o da \u201cFesta do Pari\u201d, nesta sexta-feira (19), em Cuiab\u00e1. A programa\u00e7\u00e3o ser\u00e1 realizada na pra\u00e7a em frente \u00e0 Igreja de S\u00e3o Benedito, espa\u00e7o tradicional para os moradores da regi\u00e3o. O evento [&hellip;]","og_url":"https:\/\/blogdacondessa.com.br\/blog\/cidades\/evento-conta-com-musica-gastronomia-artesanato-e-acoes-de-preservacao-ambiental\/","og_site_name":"Blog da Condessa","article_published_time":"2025-09-19T09:00:56+00:00","article_modified_time":"2025-09-19T12:32:24+00:00","og_image":[{"width":400,"height":500,"url":"https:\/\/blogdacondessa.com.br\/blog\/wp-content\/uploads\/2025\/09\/festa-do-pari.jpeg","type":"image\/jpeg"}],"author":"Blog da Condessa","twitter_card":"summary_large_image","twitter_misc":{"Escrito por":"Blog da Condessa","Est. tempo de leitura":"3 minutos"},"schema":{"@context":"https:\/\/schema.org","@graph":[{"@type":"Article","@id":"https:\/\/blogdacondessa.com.br\/blog\/cidades\/evento-conta-com-musica-gastronomia-artesanato-e-acoes-de-preservacao-ambiental\/#article","isPartOf":{"@id":"https:\/\/blogdacondessa.com.br\/blog\/cidades\/evento-conta-com-musica-gastronomia-artesanato-e-acoes-de-preservacao-ambiental\/"},"author":{"name":"Blog da Condessa","@id":"https:\/\/blogdacondessa.com.br\/blog\/#\/schema\/person\/1d667ff8b785195b568677489d266035"},"headline":"Evento conta com m\u00fasica, gastronomia, artesanato e a\u00e7\u00f5es de preserva\u00e7\u00e3o ambiental","datePublished":"2025-09-19T09:00:56+00:00","dateModified":"2025-09-19T12:32:24+00:00","mainEntityOfPage":{"@id":"https:\/\/blogdacondessa.com.br\/blog\/cidades\/evento-conta-com-musica-gastronomia-artesanato-e-acoes-de-preservacao-ambiental\/"},"wordCount":511,"image":{"@id":"https:\/\/blogdacondessa.com.br\/blog\/cidades\/evento-conta-com-musica-gastronomia-artesanato-e-acoes-de-preservacao-ambiental\/#primaryimage"},"thumbnailUrl":"https:\/\/blogdacondessa.com.br\/blog\/wp-content\/uploads\/2025\/09\/festa-do-pari.jpeg","articleSection":["Cidades"],"inLanguage":"pt-BR"},{"@type":"WebPage","@id":"https:\/\/blogdacondessa.com.br\/blog\/cidades\/evento-conta-com-musica-gastronomia-artesanato-e-acoes-de-preservacao-ambiental\/","url":"https:\/\/blogdacondessa.com.br\/blog\/cidades\/evento-conta-com-musica-gastronomia-artesanato-e-acoes-de-preservacao-ambiental\/","name":"Evento conta com m\u00fasica, gastronomia, artesanato e a\u00e7\u00f5es de preserva\u00e7\u00e3o ambiental &#8902; Blog da Condessa","isPartOf":{"@id":"https:\/\/blogdacondessa.com.br\/blog\/#website"},"primaryImageOfPage":{"@id":"https:\/\/blogdacondessa.com.br\/blog\/cidades\/evento-conta-com-musica-gastronomia-artesanato-e-acoes-de-preservacao-ambiental\/#primaryimage"},"image":{"@id":"https:\/\/blogdacondessa.com.br\/blog\/cidades\/evento-conta-com-musica-gastronomia-artesanato-e-acoes-de-preservacao-ambiental\/#primaryimage"},"thumbnailUrl":"https:\/\/blogdacondessa.com.br\/blog\/wp-content\/uploads\/2025\/09\/festa-do-pari.jpeg","datePublished":"2025-09-19T09:00:56+00:00","dateModified":"2025-09-19T12:32:24+00:00","author":{"@id":"https:\/\/blogdacondessa.com.br\/blog\/#\/schema\/person\/1d667ff8b785195b568677489d266035"},"breadcrumb":{"@id":"https:\/\/blogdacondessa.com.br\/blog\/cidades\/evento-conta-com-musica-gastronomia-artesanato-e-acoes-de-preservacao-ambiental\/#breadcrumb"},"inLanguage":"pt-BR","potentialAction":[{"@type":"ReadAction","target":["https:\/\/blogdacondessa.com.br\/blog\/cidades\/evento-conta-com-musica-gastronomia-artesanato-e-acoes-de-preservacao-ambiental\/"]}]},{"@type":"ImageObject","inLanguage":"pt-BR","@id":"https:\/\/blogdacondessa.com.br\/blog\/cidades\/evento-conta-com-musica-gastronomia-artesanato-e-acoes-de-preservacao-ambiental\/#primaryimage","url":"https:\/\/blogdacondessa.com.br\/blog\/wp-content\/uploads\/2025\/09\/festa-do-pari.jpeg","contentUrl":"https:\/\/blogdacondessa.com.br\/blog\/wp-content\/uploads\/2025\/09\/festa-do-pari.jpeg","width":400,"height":500,"caption":"Foto: Assessoria"},{"@type":"BreadcrumbList","@id":"https:\/\/blogdacondessa.com.br\/blog\/cidades\/evento-conta-com-musica-gastronomia-artesanato-e-acoes-de-preservacao-ambiental\/#breadcrumb","itemListElement":[{"@type":"ListItem","position":1,"name":"In\u00edcio","item":"https:\/\/blogdacondessa.com.br\/blog\/"},{"@type":"ListItem","position":2,"name":"Evento conta com m\u00fasica, gastronomia, artesanato e a\u00e7\u00f5es de preserva\u00e7\u00e3o ambiental"}]},{"@type":"WebSite","@id":"https:\/\/blogdacondessa.com.br\/blog\/#website","url":"https:\/\/blogdacondessa.com.br\/blog\/","name":"Blog da Condessa","description":"Com Shirley de Souza O\u2019Campos","potentialAction":[{"@type":"SearchAction","target":{"@type":"EntryPoint","urlTemplate":"https:\/\/blogdacondessa.com.br\/blog\/?s={search_term_string}"},"query-input":{"@type":"PropertyValueSpecification","valueRequired":true,"valueName":"search_term_string"}}],"inLanguage":"pt-BR"},{"@type":"Person","@id":"https:\/\/blogdacondessa.com.br\/blog\/#\/schema\/person\/1d667ff8b785195b568677489d266035","name":"Blog da Condessa","image":{"@type":"ImageObject","inLanguage":"pt-BR","@id":"https:\/\/secure.gravatar.com\/avatar\/377c0eb8b4ad2bfc25461b41564b5971e721ca34a57642868fc7b0c8ac7b52c5?s=96&d=mm&r=g","url":"https:\/\/secure.gravatar.com\/avatar\/377c0eb8b4ad2bfc25461b41564b5971e721ca34a57642868fc7b0c8ac7b52c5?s=96&d=mm&r=g","contentUrl":"https:\/\/secure.gravatar.com\/avatar\/377c0eb8b4ad2bfc25461b41564b5971e721ca34a57642868fc7b0c8ac7b52c5?s=96&d=mm&r=g","caption":"Blog da Condessa"},"url":"https:\/\/blogdacondessa.com.br\/blog\/author\/beatriz\/"}]}},"_links":{"self":[{"href":"https:\/\/blogdacondessa.com.br\/blog\/wp-json\/wp\/v2\/posts\/12791","targetHints":{"allow":["GET"]}}],"collection":[{"href":"https:\/\/blogdacondessa.com.br\/blog\/wp-json\/wp\/v2\/posts"}],"about":[{"href":"https:\/\/blogdacondessa.com.br\/blog\/wp-json\/wp\/v2\/types\/post"}],"author":[{"embeddable":true,"href":"https:\/\/blogdacondessa.com.br\/blog\/wp-json\/wp\/v2\/users\/2"}],"replies":[{"embeddable":true,"href":"https:\/\/blogdacondessa.com.br\/blog\/wp-json\/wp\/v2\/comments?post=12791"}],"version-history":[{"count":1,"href":"https:\/\/blogdacondessa.com.br\/blog\/wp-json\/wp\/v2\/posts\/12791\/revisions"}],"predecessor-version":[{"id":12793,"href":"https:\/\/blogdacondessa.com.br\/blog\/wp-json\/wp\/v2\/posts\/12791\/revisions\/12793"}],"wp:featuredmedia":[{"embeddable":true,"href":"https:\/\/blogdacondessa.com.br\/blog\/wp-json\/wp\/v2\/media\/12792"}],"wp:attachment":[{"href":"https:\/\/blogdacondessa.com.br\/blog\/wp-json\/wp\/v2\/media?parent=12791"}],"wp:term":[{"taxonomy":"category","embeddable":true,"href":"https:\/\/blogdacondessa.com.br\/blog\/wp-json\/wp\/v2\/categories?post=12791"},{"taxonomy":"post_tag","embeddable":true,"href":"https:\/\/blogdacondessa.com.br\/blog\/wp-json\/wp\/v2\/tags?post=12791"}],"curies":[{"name":"wp","href":"https:\/\/api.w.org\/{rel}","templated":true}]}}