{"id":12788,"date":"2025-09-19T05:00:23","date_gmt":"2025-09-19T09:00:23","guid":{"rendered":"https:\/\/blogdacondessa.com.br\/blog\/?p=12788"},"modified":"2025-09-19T08:32:49","modified_gmt":"2025-09-19T12:32:49","slug":"nosso-objetivo-e-transformar-vidas-e-garantir-dignidade-para-as-familias-mato-grossenses","status":"publish","type":"post","link":"https:\/\/blogdacondessa.com.br\/blog\/cidades\/nosso-objetivo-e-transformar-vidas-e-garantir-dignidade-para-as-familias-mato-grossenses\/","title":{"rendered":"\u201cNosso objetivo \u00e9 transformar vidas e garantir dignidade para as fam\u00edlias mato-grossenses\u201d"},"content":{"rendered":"<p>A Secretaria de Estado de Assist\u00eancia Social e Cidadania (Setasc), em parceria com a MT Participa\u00e7\u00f5es e Projetos (MT Par), realizou na quarta-feira (17.9) a entrega das chaves de duas casas pr\u00f3prias a casais contemplados por meio de sorteio durante a cerim\u00f4nia do Casamento Aben\u00e7oado 2024, realizada em dezembro, em Cuiab\u00e1.<\/p>\n<p>Idealizado pela primeira-dama Virginia Mendes, o Casamento Aben\u00e7oado \u00e9 um projeto social que beneficia casais de baixa renda, inscritos no Cadastro \u00danico, oferecendo a oportunidade de oficializar a uni\u00e3o de forma gratuita e com toda a estrutura de uma grande cerim\u00f4nia. Em 2024, mais de 700 casais participaram da celebra\u00e7\u00e3o, que contou tamb\u00e9m com o sorteio de casas doadas pelas construtoras Habita MT Constru\u00e7\u00f5es e Incorpora\u00e7\u00f5es e Construtora e Imobili\u00e1ria Paiagu\u00e1s Ltda.<\/p>\n<p>Para a primeira-dama Virginia Mendes, o programa \u00e9 um gesto de amor e acolhimento que reflete o compromisso social do Governo do Estado.<\/p>\n<p>\u201cCada edi\u00e7\u00e3o do Casamento Aben\u00e7oado \u00e9 uma emo\u00e7\u00e3o \u00fanica. Ver esses casais realizando o sonho de casar e, agora, dois deles tamb\u00e9m conquistando a casa pr\u00f3pria, \u00e9 motivo de muita alegria para todos n\u00f3s. Nosso objetivo \u00e9 transformar vidas e garantir dignidade para as fam\u00edlias mato-grossenses\u201d, destacou.<\/p>\n<p>O secret\u00e1rio de Estado de Assist\u00eancia Social e Cidadania, Klebson Gomes, refor\u00e7ou o impacto do projeto \u00e0s fam\u00edlias beneficiadas.<\/p>\n<p>\u201cO Casamento Aben\u00e7oado vai al\u00e9m da celebra\u00e7\u00e3o. Ele representa cidadania, inclus\u00e3o social e novas oportunidades para as fam\u00edlias. A entrega das casas hoje mostra como o projeto tem se expandido e gerado conquistas reais para a popula\u00e7\u00e3o de baixa renda\u201d, afirmou.<\/p>\n<p>As fam\u00edlias contempladas comemoraram a conquista do lar pr\u00f3prio como uma verdadeira transforma\u00e7\u00e3o de vida. \u00c9 o caso de Roselaine Almeida Cruz e Lucas Silveira, que participaram do casamento coletivo ap\u00f3s mais de uma d\u00e9cada juntos.<\/p>\n<p>\u201cFoi um momento de muita alegria. Mor\u00e1vamos de aluguel e muitas vezes tivemos dificuldades para pagar. Desde que participamos do Casamento Aben\u00e7oado, s\u00f3 tivemos b\u00ean\u00e7\u00e3os em nossas vidas e essa casa \u00e9 um sonho realizado. Por isso agradecemos \u00e0 primeira-dama Virginia Mendes, que por meio deste projeto nos agraciou com a casa pr\u00f3pria\u201d, relataram.<\/p>\n<p>Wener Santos, presidente da MT Participa\u00e7\u00f5es e Projetos (MT Par), que operacionaliza o Programa SER Fam\u00edlia Habita\u00e7\u00e3o na modalidade Entrada Facilita, conta que as construtoras ficaram sensibilizadas com o projeto e logo se prontificaram a doar as casas para serem sorteadas no evento. Casas com toda infraestrutura seguran\u00e7a e pr\u00f3ximas dos equipamentos p\u00fablicos de assist\u00eancia.<\/p>\n<p>\u201cO Casamento Aben\u00e7oado, que \u00e9 liderado pela primeira-dama Virginia Mendes, tem sido um divisor de \u00e1gua para muitos casais. Pessoas que querem iniciar uma vida juntos ou buscam, por motivos jur\u00eddicos ou religiosos, oficializar a rela\u00e7\u00e3o visualizam a a\u00e7\u00e3o como uma oportunidade \u00fanica. E sair do local casado e com uma casa ganha em sorteio n\u00e3o tem pre\u00e7o. Eu quero dar parab\u00e9ns \u00e0 primeira-dama, Virginia Mendes, pela iniciativa e felicidade aos casais contemplados\u201d, afirmou.<\/p>\n<p>Hist\u00f3ria semelhante vive o casal Manoel Jorge e Andressa Marcelly, que agora tamb\u00e9m t\u00eam um lar para chamar de seu.<\/p>\n<p>\u201cEstamos muito felizes porque teremos um lar pr\u00f3prio e vamos finalmente sair do aluguel. Oramos bastante e Deus realizou nosso sonho. Atualmente mor\u00e1vamos na casa da av\u00f3 da minha esposa, na \u00e1rea rural, mas em breve vamos nos mudar para nossa nova casa\u201d, disseram.<\/p>\n<p>O Casamento Aben\u00e7oado, criado em 2021, tem como objetivo fortalecer os la\u00e7os familiares e dar dignidade a casais que possuem renda de at\u00e9 tr\u00eas sal\u00e1rios m\u00ednimos. Al\u00e9m da regulariza\u00e7\u00e3o do matrim\u00f4nio, o projeto j\u00e1 se tornou uma marca do Governo do Estado pela grandiosidade das celebra\u00e7\u00f5es e pelo impacto social gerado.<\/p>\n<p>&nbsp;<\/p>\n","protected":false},"excerpt":{"rendered":"<p>A Secretaria de Estado de Assist\u00eancia Social e Cidadania (Setasc), em parceria com a MT Participa\u00e7\u00f5es e Projetos (MT Par), realizou na quarta-feira (17.9) a entrega das chaves de duas casas pr\u00f3prias a casais contemplados por meio de sorteio durante a cerim\u00f4nia do Casamento Aben\u00e7oado 2024, realizada em dezembro, em Cuiab\u00e1. Idealizado pela primeira-dama Virginia [&hellip;]<\/p>\n","protected":false},"author":2,"featured_media":12789,"comment_status":"closed","ping_status":"closed","sticky":false,"template":"","format":"standard","meta":{"iawp_total_views":44,"footnotes":""},"categories":[12],"tags":[],"class_list":["post-12788","post","type-post","status-publish","format-standard","has-post-thumbnail","hentry","category-cidades"],"yoast_head":"<!-- This site is optimized with the Yoast SEO plugin v27.3 - https:\/\/yoast.com\/product\/yoast-seo-wordpress\/ -->\n<title>\u201cNosso objetivo \u00e9 transformar vidas e garantir dignidade para as fam\u00edlias mato-grossenses\u201d &#8902; Blog da Condessa<\/title>\n<meta name=\"robots\" content=\"index, follow, max-snippet:-1, max-image-preview:large, max-video-preview:-1\" \/>\n<link rel=\"canonical\" href=\"https:\/\/blogdacondessa.com.br\/blog\/cidades\/nosso-objetivo-e-transformar-vidas-e-garantir-dignidade-para-as-familias-mato-grossenses\/\" \/>\n<meta property=\"og:locale\" content=\"pt_BR\" \/>\n<meta property=\"og:type\" content=\"article\" \/>\n<meta property=\"og:title\" content=\"\u201cNosso objetivo \u00e9 transformar vidas e garantir dignidade para as fam\u00edlias mato-grossenses\u201d &#8902; Blog da Condessa\" \/>\n<meta property=\"og:description\" content=\"A Secretaria de Estado de Assist\u00eancia Social e Cidadania (Setasc), em parceria com a MT Participa\u00e7\u00f5es e Projetos (MT Par), realizou na quarta-feira (17.9) a entrega das chaves de duas casas pr\u00f3prias a casais contemplados por meio de sorteio durante a cerim\u00f4nia do Casamento Aben\u00e7oado 2024, realizada em dezembro, em Cuiab\u00e1. Idealizado pela primeira-dama Virginia [&hellip;]\" \/>\n<meta property=\"og:url\" content=\"https:\/\/blogdacondessa.com.br\/blog\/cidades\/nosso-objetivo-e-transformar-vidas-e-garantir-dignidade-para-as-familias-mato-grossenses\/\" \/>\n<meta property=\"og:site_name\" content=\"Blog da Condessa\" \/>\n<meta property=\"article:published_time\" content=\"2025-09-19T09:00:23+00:00\" \/>\n<meta property=\"article:modified_time\" content=\"2025-09-19T12:32:49+00:00\" \/>\n<meta property=\"og:image\" content=\"https:\/\/blogdacondessa.com.br\/blog\/wp-content\/uploads\/2025\/09\/casamento-abencoado.jpg\" \/>\n\t<meta property=\"og:image:width\" content=\"1024\" \/>\n\t<meta property=\"og:image:height\" content=\"682\" \/>\n\t<meta property=\"og:image:type\" content=\"image\/jpeg\" \/>\n<meta name=\"author\" content=\"Blog da Condessa\" \/>\n<meta name=\"twitter:card\" content=\"summary_large_image\" \/>\n<meta name=\"twitter:label1\" content=\"Escrito por\" \/>\n\t<meta name=\"twitter:data1\" content=\"Blog da Condessa\" \/>\n\t<meta name=\"twitter:label2\" content=\"Est. tempo de leitura\" \/>\n\t<meta name=\"twitter:data2\" content=\"4 minutos\" \/>\n<script type=\"application\/ld+json\" class=\"yoast-schema-graph\">{\"@context\":\"https:\\\/\\\/schema.org\",\"@graph\":[{\"@type\":\"Article\",\"@id\":\"https:\\\/\\\/blogdacondessa.com.br\\\/blog\\\/cidades\\\/nosso-objetivo-e-transformar-vidas-e-garantir-dignidade-para-as-familias-mato-grossenses\\\/#article\",\"isPartOf\":{\"@id\":\"https:\\\/\\\/blogdacondessa.com.br\\\/blog\\\/cidades\\\/nosso-objetivo-e-transformar-vidas-e-garantir-dignidade-para-as-familias-mato-grossenses\\\/\"},\"author\":{\"name\":\"Blog da Condessa\",\"@id\":\"https:\\\/\\\/blogdacondessa.com.br\\\/blog\\\/#\\\/schema\\\/person\\\/1d667ff8b785195b568677489d266035\"},\"headline\":\"\u201cNosso objetivo \u00e9 transformar vidas e garantir dignidade para as fam\u00edlias mato-grossenses\u201d\",\"datePublished\":\"2025-09-19T09:00:23+00:00\",\"dateModified\":\"2025-09-19T12:32:49+00:00\",\"mainEntityOfPage\":{\"@id\":\"https:\\\/\\\/blogdacondessa.com.br\\\/blog\\\/cidades\\\/nosso-objetivo-e-transformar-vidas-e-garantir-dignidade-para-as-familias-mato-grossenses\\\/\"},\"wordCount\":654,\"image\":{\"@id\":\"https:\\\/\\\/blogdacondessa.com.br\\\/blog\\\/cidades\\\/nosso-objetivo-e-transformar-vidas-e-garantir-dignidade-para-as-familias-mato-grossenses\\\/#primaryimage\"},\"thumbnailUrl\":\"https:\\\/\\\/blogdacondessa.com.br\\\/blog\\\/wp-content\\\/uploads\\\/2025\\\/09\\\/casamento-abencoado.jpg\",\"articleSection\":[\"Cidades\"],\"inLanguage\":\"pt-BR\"},{\"@type\":\"WebPage\",\"@id\":\"https:\\\/\\\/blogdacondessa.com.br\\\/blog\\\/cidades\\\/nosso-objetivo-e-transformar-vidas-e-garantir-dignidade-para-as-familias-mato-grossenses\\\/\",\"url\":\"https:\\\/\\\/blogdacondessa.com.br\\\/blog\\\/cidades\\\/nosso-objetivo-e-transformar-vidas-e-garantir-dignidade-para-as-familias-mato-grossenses\\\/\",\"name\":\"\u201cNosso objetivo \u00e9 transformar vidas e garantir dignidade para as fam\u00edlias mato-grossenses\u201d &#8902; Blog da Condessa\",\"isPartOf\":{\"@id\":\"https:\\\/\\\/blogdacondessa.com.br\\\/blog\\\/#website\"},\"primaryImageOfPage\":{\"@id\":\"https:\\\/\\\/blogdacondessa.com.br\\\/blog\\\/cidades\\\/nosso-objetivo-e-transformar-vidas-e-garantir-dignidade-para-as-familias-mato-grossenses\\\/#primaryimage\"},\"image\":{\"@id\":\"https:\\\/\\\/blogdacondessa.com.br\\\/blog\\\/cidades\\\/nosso-objetivo-e-transformar-vidas-e-garantir-dignidade-para-as-familias-mato-grossenses\\\/#primaryimage\"},\"thumbnailUrl\":\"https:\\\/\\\/blogdacondessa.com.br\\\/blog\\\/wp-content\\\/uploads\\\/2025\\\/09\\\/casamento-abencoado.jpg\",\"datePublished\":\"2025-09-19T09:00:23+00:00\",\"dateModified\":\"2025-09-19T12:32:49+00:00\",\"author\":{\"@id\":\"https:\\\/\\\/blogdacondessa.com.br\\\/blog\\\/#\\\/schema\\\/person\\\/1d667ff8b785195b568677489d266035\"},\"breadcrumb\":{\"@id\":\"https:\\\/\\\/blogdacondessa.com.br\\\/blog\\\/cidades\\\/nosso-objetivo-e-transformar-vidas-e-garantir-dignidade-para-as-familias-mato-grossenses\\\/#breadcrumb\"},\"inLanguage\":\"pt-BR\",\"potentialAction\":[{\"@type\":\"ReadAction\",\"target\":[\"https:\\\/\\\/blogdacondessa.com.br\\\/blog\\\/cidades\\\/nosso-objetivo-e-transformar-vidas-e-garantir-dignidade-para-as-familias-mato-grossenses\\\/\"]}]},{\"@type\":\"ImageObject\",\"inLanguage\":\"pt-BR\",\"@id\":\"https:\\\/\\\/blogdacondessa.com.br\\\/blog\\\/cidades\\\/nosso-objetivo-e-transformar-vidas-e-garantir-dignidade-para-as-familias-mato-grossenses\\\/#primaryimage\",\"url\":\"https:\\\/\\\/blogdacondessa.com.br\\\/blog\\\/wp-content\\\/uploads\\\/2025\\\/09\\\/casamento-abencoado.jpg\",\"contentUrl\":\"https:\\\/\\\/blogdacondessa.com.br\\\/blog\\\/wp-content\\\/uploads\\\/2025\\\/09\\\/casamento-abencoado.jpg\",\"width\":1024,\"height\":682,\"caption\":\"Foto por: Jo\u00e3o Reis\"},{\"@type\":\"BreadcrumbList\",\"@id\":\"https:\\\/\\\/blogdacondessa.com.br\\\/blog\\\/cidades\\\/nosso-objetivo-e-transformar-vidas-e-garantir-dignidade-para-as-familias-mato-grossenses\\\/#breadcrumb\",\"itemListElement\":[{\"@type\":\"ListItem\",\"position\":1,\"name\":\"In\u00edcio\",\"item\":\"https:\\\/\\\/blogdacondessa.com.br\\\/blog\\\/\"},{\"@type\":\"ListItem\",\"position\":2,\"name\":\"\u201cNosso objetivo \u00e9 transformar vidas e garantir dignidade para as fam\u00edlias mato-grossenses\u201d\"}]},{\"@type\":\"WebSite\",\"@id\":\"https:\\\/\\\/blogdacondessa.com.br\\\/blog\\\/#website\",\"url\":\"https:\\\/\\\/blogdacondessa.com.br\\\/blog\\\/\",\"name\":\"Blog da Condessa\",\"description\":\"Com Shirley de Souza O\u2019Campos\",\"potentialAction\":[{\"@type\":\"SearchAction\",\"target\":{\"@type\":\"EntryPoint\",\"urlTemplate\":\"https:\\\/\\\/blogdacondessa.com.br\\\/blog\\\/?s={search_term_string}\"},\"query-input\":{\"@type\":\"PropertyValueSpecification\",\"valueRequired\":true,\"valueName\":\"search_term_string\"}}],\"inLanguage\":\"pt-BR\"},{\"@type\":\"Person\",\"@id\":\"https:\\\/\\\/blogdacondessa.com.br\\\/blog\\\/#\\\/schema\\\/person\\\/1d667ff8b785195b568677489d266035\",\"name\":\"Blog da Condessa\",\"image\":{\"@type\":\"ImageObject\",\"inLanguage\":\"pt-BR\",\"@id\":\"https:\\\/\\\/secure.gravatar.com\\\/avatar\\\/377c0eb8b4ad2bfc25461b41564b5971e721ca34a57642868fc7b0c8ac7b52c5?s=96&d=mm&r=g\",\"url\":\"https:\\\/\\\/secure.gravatar.com\\\/avatar\\\/377c0eb8b4ad2bfc25461b41564b5971e721ca34a57642868fc7b0c8ac7b52c5?s=96&d=mm&r=g\",\"contentUrl\":\"https:\\\/\\\/secure.gravatar.com\\\/avatar\\\/377c0eb8b4ad2bfc25461b41564b5971e721ca34a57642868fc7b0c8ac7b52c5?s=96&d=mm&r=g\",\"caption\":\"Blog da Condessa\"},\"url\":\"https:\\\/\\\/blogdacondessa.com.br\\\/blog\\\/author\\\/beatriz\\\/\"}]}<\/script>\n<!-- \/ Yoast SEO plugin. -->","yoast_head_json":{"title":"\u201cNosso objetivo \u00e9 transformar vidas e garantir dignidade para as fam\u00edlias mato-grossenses\u201d &#8902; Blog da Condessa","robots":{"index":"index","follow":"follow","max-snippet":"max-snippet:-1","max-image-preview":"max-image-preview:large","max-video-preview":"max-video-preview:-1"},"canonical":"https:\/\/blogdacondessa.com.br\/blog\/cidades\/nosso-objetivo-e-transformar-vidas-e-garantir-dignidade-para-as-familias-mato-grossenses\/","og_locale":"pt_BR","og_type":"article","og_title":"\u201cNosso objetivo \u00e9 transformar vidas e garantir dignidade para as fam\u00edlias mato-grossenses\u201d &#8902; Blog da Condessa","og_description":"A Secretaria de Estado de Assist\u00eancia Social e Cidadania (Setasc), em parceria com a MT Participa\u00e7\u00f5es e Projetos (MT Par), realizou na quarta-feira (17.9) a entrega das chaves de duas casas pr\u00f3prias a casais contemplados por meio de sorteio durante a cerim\u00f4nia do Casamento Aben\u00e7oado 2024, realizada em dezembro, em Cuiab\u00e1. Idealizado pela primeira-dama Virginia [&hellip;]","og_url":"https:\/\/blogdacondessa.com.br\/blog\/cidades\/nosso-objetivo-e-transformar-vidas-e-garantir-dignidade-para-as-familias-mato-grossenses\/","og_site_name":"Blog da Condessa","article_published_time":"2025-09-19T09:00:23+00:00","article_modified_time":"2025-09-19T12:32:49+00:00","og_image":[{"width":1024,"height":682,"url":"https:\/\/blogdacondessa.com.br\/blog\/wp-content\/uploads\/2025\/09\/casamento-abencoado.jpg","type":"image\/jpeg"}],"author":"Blog da Condessa","twitter_card":"summary_large_image","twitter_misc":{"Escrito por":"Blog da Condessa","Est. tempo de leitura":"4 minutos"},"schema":{"@context":"https:\/\/schema.org","@graph":[{"@type":"Article","@id":"https:\/\/blogdacondessa.com.br\/blog\/cidades\/nosso-objetivo-e-transformar-vidas-e-garantir-dignidade-para-as-familias-mato-grossenses\/#article","isPartOf":{"@id":"https:\/\/blogdacondessa.com.br\/blog\/cidades\/nosso-objetivo-e-transformar-vidas-e-garantir-dignidade-para-as-familias-mato-grossenses\/"},"author":{"name":"Blog da Condessa","@id":"https:\/\/blogdacondessa.com.br\/blog\/#\/schema\/person\/1d667ff8b785195b568677489d266035"},"headline":"\u201cNosso objetivo \u00e9 transformar vidas e garantir dignidade para as fam\u00edlias mato-grossenses\u201d","datePublished":"2025-09-19T09:00:23+00:00","dateModified":"2025-09-19T12:32:49+00:00","mainEntityOfPage":{"@id":"https:\/\/blogdacondessa.com.br\/blog\/cidades\/nosso-objetivo-e-transformar-vidas-e-garantir-dignidade-para-as-familias-mato-grossenses\/"},"wordCount":654,"image":{"@id":"https:\/\/blogdacondessa.com.br\/blog\/cidades\/nosso-objetivo-e-transformar-vidas-e-garantir-dignidade-para-as-familias-mato-grossenses\/#primaryimage"},"thumbnailUrl":"https:\/\/blogdacondessa.com.br\/blog\/wp-content\/uploads\/2025\/09\/casamento-abencoado.jpg","articleSection":["Cidades"],"inLanguage":"pt-BR"},{"@type":"WebPage","@id":"https:\/\/blogdacondessa.com.br\/blog\/cidades\/nosso-objetivo-e-transformar-vidas-e-garantir-dignidade-para-as-familias-mato-grossenses\/","url":"https:\/\/blogdacondessa.com.br\/blog\/cidades\/nosso-objetivo-e-transformar-vidas-e-garantir-dignidade-para-as-familias-mato-grossenses\/","name":"\u201cNosso objetivo \u00e9 transformar vidas e garantir dignidade para as fam\u00edlias mato-grossenses\u201d &#8902; Blog da Condessa","isPartOf":{"@id":"https:\/\/blogdacondessa.com.br\/blog\/#website"},"primaryImageOfPage":{"@id":"https:\/\/blogdacondessa.com.br\/blog\/cidades\/nosso-objetivo-e-transformar-vidas-e-garantir-dignidade-para-as-familias-mato-grossenses\/#primaryimage"},"image":{"@id":"https:\/\/blogdacondessa.com.br\/blog\/cidades\/nosso-objetivo-e-transformar-vidas-e-garantir-dignidade-para-as-familias-mato-grossenses\/#primaryimage"},"thumbnailUrl":"https:\/\/blogdacondessa.com.br\/blog\/wp-content\/uploads\/2025\/09\/casamento-abencoado.jpg","datePublished":"2025-09-19T09:00:23+00:00","dateModified":"2025-09-19T12:32:49+00:00","author":{"@id":"https:\/\/blogdacondessa.com.br\/blog\/#\/schema\/person\/1d667ff8b785195b568677489d266035"},"breadcrumb":{"@id":"https:\/\/blogdacondessa.com.br\/blog\/cidades\/nosso-objetivo-e-transformar-vidas-e-garantir-dignidade-para-as-familias-mato-grossenses\/#breadcrumb"},"inLanguage":"pt-BR","potentialAction":[{"@type":"ReadAction","target":["https:\/\/blogdacondessa.com.br\/blog\/cidades\/nosso-objetivo-e-transformar-vidas-e-garantir-dignidade-para-as-familias-mato-grossenses\/"]}]},{"@type":"ImageObject","inLanguage":"pt-BR","@id":"https:\/\/blogdacondessa.com.br\/blog\/cidades\/nosso-objetivo-e-transformar-vidas-e-garantir-dignidade-para-as-familias-mato-grossenses\/#primaryimage","url":"https:\/\/blogdacondessa.com.br\/blog\/wp-content\/uploads\/2025\/09\/casamento-abencoado.jpg","contentUrl":"https:\/\/blogdacondessa.com.br\/blog\/wp-content\/uploads\/2025\/09\/casamento-abencoado.jpg","width":1024,"height":682,"caption":"Foto por: Jo\u00e3o Reis"},{"@type":"BreadcrumbList","@id":"https:\/\/blogdacondessa.com.br\/blog\/cidades\/nosso-objetivo-e-transformar-vidas-e-garantir-dignidade-para-as-familias-mato-grossenses\/#breadcrumb","itemListElement":[{"@type":"ListItem","position":1,"name":"In\u00edcio","item":"https:\/\/blogdacondessa.com.br\/blog\/"},{"@type":"ListItem","position":2,"name":"\u201cNosso objetivo \u00e9 transformar vidas e garantir dignidade para as fam\u00edlias mato-grossenses\u201d"}]},{"@type":"WebSite","@id":"https:\/\/blogdacondessa.com.br\/blog\/#website","url":"https:\/\/blogdacondessa.com.br\/blog\/","name":"Blog da Condessa","description":"Com Shirley de Souza O\u2019Campos","potentialAction":[{"@type":"SearchAction","target":{"@type":"EntryPoint","urlTemplate":"https:\/\/blogdacondessa.com.br\/blog\/?s={search_term_string}"},"query-input":{"@type":"PropertyValueSpecification","valueRequired":true,"valueName":"search_term_string"}}],"inLanguage":"pt-BR"},{"@type":"Person","@id":"https:\/\/blogdacondessa.com.br\/blog\/#\/schema\/person\/1d667ff8b785195b568677489d266035","name":"Blog da Condessa","image":{"@type":"ImageObject","inLanguage":"pt-BR","@id":"https:\/\/secure.gravatar.com\/avatar\/377c0eb8b4ad2bfc25461b41564b5971e721ca34a57642868fc7b0c8ac7b52c5?s=96&d=mm&r=g","url":"https:\/\/secure.gravatar.com\/avatar\/377c0eb8b4ad2bfc25461b41564b5971e721ca34a57642868fc7b0c8ac7b52c5?s=96&d=mm&r=g","contentUrl":"https:\/\/secure.gravatar.com\/avatar\/377c0eb8b4ad2bfc25461b41564b5971e721ca34a57642868fc7b0c8ac7b52c5?s=96&d=mm&r=g","caption":"Blog da Condessa"},"url":"https:\/\/blogdacondessa.com.br\/blog\/author\/beatriz\/"}]}},"_links":{"self":[{"href":"https:\/\/blogdacondessa.com.br\/blog\/wp-json\/wp\/v2\/posts\/12788","targetHints":{"allow":["GET"]}}],"collection":[{"href":"https:\/\/blogdacondessa.com.br\/blog\/wp-json\/wp\/v2\/posts"}],"about":[{"href":"https:\/\/blogdacondessa.com.br\/blog\/wp-json\/wp\/v2\/types\/post"}],"author":[{"embeddable":true,"href":"https:\/\/blogdacondessa.com.br\/blog\/wp-json\/wp\/v2\/users\/2"}],"replies":[{"embeddable":true,"href":"https:\/\/blogdacondessa.com.br\/blog\/wp-json\/wp\/v2\/comments?post=12788"}],"version-history":[{"count":1,"href":"https:\/\/blogdacondessa.com.br\/blog\/wp-json\/wp\/v2\/posts\/12788\/revisions"}],"predecessor-version":[{"id":12790,"href":"https:\/\/blogdacondessa.com.br\/blog\/wp-json\/wp\/v2\/posts\/12788\/revisions\/12790"}],"wp:featuredmedia":[{"embeddable":true,"href":"https:\/\/blogdacondessa.com.br\/blog\/wp-json\/wp\/v2\/media\/12789"}],"wp:attachment":[{"href":"https:\/\/blogdacondessa.com.br\/blog\/wp-json\/wp\/v2\/media?parent=12788"}],"wp:term":[{"taxonomy":"category","embeddable":true,"href":"https:\/\/blogdacondessa.com.br\/blog\/wp-json\/wp\/v2\/categories?post=12788"},{"taxonomy":"post_tag","embeddable":true,"href":"https:\/\/blogdacondessa.com.br\/blog\/wp-json\/wp\/v2\/tags?post=12788"}],"curies":[{"name":"wp","href":"https:\/\/api.w.org\/{rel}","templated":true}]}}