{"id":12785,"date":"2025-09-18T05:00:46","date_gmt":"2025-09-18T09:00:46","guid":{"rendered":"https:\/\/blogdacondessa.com.br\/blog\/?p=12785"},"modified":"2025-09-17T19:08:04","modified_gmt":"2025-09-17T23:08:04","slug":"no-coracao-de-cuiaba-2","status":"publish","type":"post","link":"https:\/\/blogdacondessa.com.br\/blog\/cultura\/no-coracao-de-cuiaba-2\/","title":{"rendered":"&#8216;No Cora\u00e7\u00e3o de Cuiab\u00e1&#8217;"},"content":{"rendered":"<p><em>Document\u00e1rio estreia com sess\u00e3o gratuita no Cine Teatro. Filme de Luiz Marchetti revela as mem\u00f3rias, sons e sabores do Centro Hist\u00f3rico em uma viagem po\u00e9tica pela capital.<\/em><\/p>\n<p>O Centro Hist\u00f3rico de Cuiab\u00e1 se transforma em protagonista no document\u00e1rio \u201cNo Cora\u00e7\u00e3o de Cuiab\u00e1\u201d, que estreia na pr\u00f3xima segunda-feira (22), \u00e0s 19h30, em sess\u00e3o \u00fanica e gratuita no Cine Teatro Cuiab\u00e1.<\/p>\n<p>Dirigido e roteirizado por Luiz Marchetti, o filme \u00e9 parte do projeto tur\u00edstico-cultural hom\u00f4nimo, que busca valorizar a identidade cuiabana, fomentar a economia criativa e incentivar a ocupa\u00e7\u00e3o do Centro Hist\u00f3rico por meio da arte, m\u00fasica, gastronomia e interven\u00e7\u00f5es urbanas.<\/p>\n<p><strong>Passeio afetivo pelas rotas culturais<\/strong><\/p>\n<p>A narrativa audiovisual percorre cinco trajetos: Patrim\u00f4nio Hist\u00f3rico, Pra\u00e7as e Espa\u00e7os de Conviv\u00eancia, Artes e Interven\u00e7\u00f5es Urbanas, Bo\u00eamia e Gastronomia e Rota da F\u00e9. Cada rota \u00e9 apresentada em performances de dan\u00e7a, m\u00fasica e teatro, al\u00e9m de registros da culin\u00e1ria local e depoimentos de artistas.<\/p>\n<p>Entre os cen\u00e1rios est\u00e3o marcos como o Museu da Imagem e do Som de Cuiab\u00e1 (MISC), a Pra\u00e7a da Mandioca, a Pra\u00e7a Alencastro, a Escadaria do Beco Alto e o Morro do Bom Despacho. Imagens de drone se misturam \u00e0 poesia de Silva Freire, criando um mosaico de mem\u00f3ria e cultura.<\/p>\n<p><strong>Cen\u00e1rios<\/strong><\/p>\n<p>O document\u00e1rio re\u00fane dezenas de artistas e grupos locais selecionados por curadoria. Entre eles, est\u00e3o o Coral Desvendar, o grupo Sasminina, a cantora Estela Ceregatti e Grupo, a banda Strauss, o coletivo Elas do Choro, o Duo ClariAr (Jessica Gubert e Paulo Mantovani), o pianista Dario Scherner (Piano Gente), a cantora Karola Nunes, o grupo Tradi\u00e7\u00e3o Cuiabana do Coxip\u00f3, al\u00e9m de nomes como Thiago Maia e Banda, Imit\u00e1veis, Caio Esp\u00edndola, Pretta Jana, Ariston Cust\u00f3dio, Sophie, Bia Trindade e Cris Chaves e Banda.<\/p>\n<p>Cada apresenta\u00e7\u00e3o foi pensada para dialogar com os cen\u00e1rios escolhidos, transformando as ruas, pra\u00e7as e igrejas em verdadeiros palcos a c\u00e9u aberto.<\/p>\n<p><strong>Parceria<\/strong><\/p>\n<p>O projeto \u00e9 uma realiza\u00e7\u00e3o do Instituto Cordemato, em parceria com o Governo de Mato Grosso, por meio da Secretaria de Desenvolvimento Econ\u00f4mico e Social (Sedec), com apoio da Assembleia Legislativa de Mato Grosso e colabora\u00e7\u00e3o t\u00e9cnica do Instituto Federal de Mato Grosso (IFMT), Prefeitura de Cuiab\u00e1, Centro Audiovisual Luiz Marchetti e Muxirum Cuiabano.<\/p>\n<p><strong>Servi\u00e7o<\/strong><br \/>\nO que: Estreia do document\u00e1rio No Cora\u00e7\u00e3o de Cuiab\u00e1<br \/>\nQuando: Segunda-feira (22), \u00e0s 19h30<br \/>\nOnde: Cine Teatro Cuiab\u00e1<br \/>\nEntrada gratuita<\/p>\n","protected":false},"excerpt":{"rendered":"<p>Document\u00e1rio estreia com sess\u00e3o gratuita no Cine Teatro. Filme de Luiz Marchetti revela as mem\u00f3rias, sons e sabores do Centro Hist\u00f3rico em uma viagem po\u00e9tica pela capital. O Centro Hist\u00f3rico de Cuiab\u00e1 se transforma em protagonista no document\u00e1rio \u201cNo Cora\u00e7\u00e3o de Cuiab\u00e1\u201d, que estreia na pr\u00f3xima segunda-feira (22), \u00e0s 19h30, em sess\u00e3o \u00fanica e gratuita [&hellip;]<\/p>\n","protected":false},"author":2,"featured_media":12786,"comment_status":"closed","ping_status":"closed","sticky":false,"template":"","format":"standard","meta":{"iawp_total_views":6,"footnotes":""},"categories":[18],"tags":[],"class_list":["post-12785","post","type-post","status-publish","format-standard","has-post-thumbnail","hentry","category-cultura"],"yoast_head":"<!-- This site is optimized with the Yoast SEO plugin v27.3 - https:\/\/yoast.com\/product\/yoast-seo-wordpress\/ -->\n<title>&#039;No Cora\u00e7\u00e3o de Cuiab\u00e1&#039; &#8902; Blog da Condessa<\/title>\n<meta name=\"robots\" content=\"index, follow, max-snippet:-1, max-image-preview:large, max-video-preview:-1\" \/>\n<link rel=\"canonical\" href=\"https:\/\/blogdacondessa.com.br\/blog\/cultura\/no-coracao-de-cuiaba-2\/\" \/>\n<meta property=\"og:locale\" content=\"pt_BR\" \/>\n<meta property=\"og:type\" content=\"article\" \/>\n<meta property=\"og:title\" content=\"&#039;No Cora\u00e7\u00e3o de Cuiab\u00e1&#039; &#8902; Blog da Condessa\" \/>\n<meta property=\"og:description\" content=\"Document\u00e1rio estreia com sess\u00e3o gratuita no Cine Teatro. Filme de Luiz Marchetti revela as mem\u00f3rias, sons e sabores do Centro Hist\u00f3rico em uma viagem po\u00e9tica pela capital. O Centro Hist\u00f3rico de Cuiab\u00e1 se transforma em protagonista no document\u00e1rio \u201cNo Cora\u00e7\u00e3o de Cuiab\u00e1\u201d, que estreia na pr\u00f3xima segunda-feira (22), \u00e0s 19h30, em sess\u00e3o \u00fanica e gratuita [&hellip;]\" \/>\n<meta property=\"og:url\" content=\"https:\/\/blogdacondessa.com.br\/blog\/cultura\/no-coracao-de-cuiaba-2\/\" \/>\n<meta property=\"og:site_name\" content=\"Blog da Condessa\" \/>\n<meta property=\"article:published_time\" content=\"2025-09-18T09:00:46+00:00\" \/>\n<meta property=\"og:image\" content=\"https:\/\/blogdacondessa.com.br\/blog\/wp-content\/uploads\/2025\/09\/no-coracao-de-cuiaba.jpeg\" \/>\n\t<meta property=\"og:image:width\" content=\"544\" \/>\n\t<meta property=\"og:image:height\" content=\"725\" \/>\n\t<meta property=\"og:image:type\" content=\"image\/jpeg\" \/>\n<meta name=\"author\" content=\"Blog da Condessa\" \/>\n<meta name=\"twitter:card\" content=\"summary_large_image\" \/>\n<meta name=\"twitter:label1\" content=\"Escrito por\" \/>\n\t<meta name=\"twitter:data1\" content=\"Blog da Condessa\" \/>\n\t<meta name=\"twitter:label2\" content=\"Est. tempo de leitura\" \/>\n\t<meta name=\"twitter:data2\" content=\"3 minutos\" \/>\n<script type=\"application\/ld+json\" class=\"yoast-schema-graph\">{\"@context\":\"https:\\\/\\\/schema.org\",\"@graph\":[{\"@type\":\"Article\",\"@id\":\"https:\\\/\\\/blogdacondessa.com.br\\\/blog\\\/cultura\\\/no-coracao-de-cuiaba-2\\\/#article\",\"isPartOf\":{\"@id\":\"https:\\\/\\\/blogdacondessa.com.br\\\/blog\\\/cultura\\\/no-coracao-de-cuiaba-2\\\/\"},\"author\":{\"name\":\"Blog da Condessa\",\"@id\":\"https:\\\/\\\/blogdacondessa.com.br\\\/blog\\\/#\\\/schema\\\/person\\\/1d667ff8b785195b568677489d266035\"},\"headline\":\"&#8216;No Cora\u00e7\u00e3o de Cuiab\u00e1&#8217;\",\"datePublished\":\"2025-09-18T09:00:46+00:00\",\"mainEntityOfPage\":{\"@id\":\"https:\\\/\\\/blogdacondessa.com.br\\\/blog\\\/cultura\\\/no-coracao-de-cuiaba-2\\\/\"},\"wordCount\":432,\"image\":{\"@id\":\"https:\\\/\\\/blogdacondessa.com.br\\\/blog\\\/cultura\\\/no-coracao-de-cuiaba-2\\\/#primaryimage\"},\"thumbnailUrl\":\"https:\\\/\\\/blogdacondessa.com.br\\\/blog\\\/wp-content\\\/uploads\\\/2025\\\/09\\\/no-coracao-de-cuiaba.jpeg\",\"articleSection\":[\"Cultura\"],\"inLanguage\":\"pt-BR\"},{\"@type\":\"WebPage\",\"@id\":\"https:\\\/\\\/blogdacondessa.com.br\\\/blog\\\/cultura\\\/no-coracao-de-cuiaba-2\\\/\",\"url\":\"https:\\\/\\\/blogdacondessa.com.br\\\/blog\\\/cultura\\\/no-coracao-de-cuiaba-2\\\/\",\"name\":\"'No Cora\u00e7\u00e3o de Cuiab\u00e1' &#8902; Blog da Condessa\",\"isPartOf\":{\"@id\":\"https:\\\/\\\/blogdacondessa.com.br\\\/blog\\\/#website\"},\"primaryImageOfPage\":{\"@id\":\"https:\\\/\\\/blogdacondessa.com.br\\\/blog\\\/cultura\\\/no-coracao-de-cuiaba-2\\\/#primaryimage\"},\"image\":{\"@id\":\"https:\\\/\\\/blogdacondessa.com.br\\\/blog\\\/cultura\\\/no-coracao-de-cuiaba-2\\\/#primaryimage\"},\"thumbnailUrl\":\"https:\\\/\\\/blogdacondessa.com.br\\\/blog\\\/wp-content\\\/uploads\\\/2025\\\/09\\\/no-coracao-de-cuiaba.jpeg\",\"datePublished\":\"2025-09-18T09:00:46+00:00\",\"author\":{\"@id\":\"https:\\\/\\\/blogdacondessa.com.br\\\/blog\\\/#\\\/schema\\\/person\\\/1d667ff8b785195b568677489d266035\"},\"breadcrumb\":{\"@id\":\"https:\\\/\\\/blogdacondessa.com.br\\\/blog\\\/cultura\\\/no-coracao-de-cuiaba-2\\\/#breadcrumb\"},\"inLanguage\":\"pt-BR\",\"potentialAction\":[{\"@type\":\"ReadAction\",\"target\":[\"https:\\\/\\\/blogdacondessa.com.br\\\/blog\\\/cultura\\\/no-coracao-de-cuiaba-2\\\/\"]}]},{\"@type\":\"ImageObject\",\"inLanguage\":\"pt-BR\",\"@id\":\"https:\\\/\\\/blogdacondessa.com.br\\\/blog\\\/cultura\\\/no-coracao-de-cuiaba-2\\\/#primaryimage\",\"url\":\"https:\\\/\\\/blogdacondessa.com.br\\\/blog\\\/wp-content\\\/uploads\\\/2025\\\/09\\\/no-coracao-de-cuiaba.jpeg\",\"contentUrl\":\"https:\\\/\\\/blogdacondessa.com.br\\\/blog\\\/wp-content\\\/uploads\\\/2025\\\/09\\\/no-coracao-de-cuiaba.jpeg\",\"width\":544,\"height\":725,\"caption\":\"Foto: Divulga\u00e7\u00e3o\"},{\"@type\":\"BreadcrumbList\",\"@id\":\"https:\\\/\\\/blogdacondessa.com.br\\\/blog\\\/cultura\\\/no-coracao-de-cuiaba-2\\\/#breadcrumb\",\"itemListElement\":[{\"@type\":\"ListItem\",\"position\":1,\"name\":\"In\u00edcio\",\"item\":\"https:\\\/\\\/blogdacondessa.com.br\\\/blog\\\/\"},{\"@type\":\"ListItem\",\"position\":2,\"name\":\"&#8216;No Cora\u00e7\u00e3o de Cuiab\u00e1&#8217;\"}]},{\"@type\":\"WebSite\",\"@id\":\"https:\\\/\\\/blogdacondessa.com.br\\\/blog\\\/#website\",\"url\":\"https:\\\/\\\/blogdacondessa.com.br\\\/blog\\\/\",\"name\":\"Blog da Condessa\",\"description\":\"Com Shirley de Souza O\u2019Campos\",\"potentialAction\":[{\"@type\":\"SearchAction\",\"target\":{\"@type\":\"EntryPoint\",\"urlTemplate\":\"https:\\\/\\\/blogdacondessa.com.br\\\/blog\\\/?s={search_term_string}\"},\"query-input\":{\"@type\":\"PropertyValueSpecification\",\"valueRequired\":true,\"valueName\":\"search_term_string\"}}],\"inLanguage\":\"pt-BR\"},{\"@type\":\"Person\",\"@id\":\"https:\\\/\\\/blogdacondessa.com.br\\\/blog\\\/#\\\/schema\\\/person\\\/1d667ff8b785195b568677489d266035\",\"name\":\"Blog da Condessa\",\"image\":{\"@type\":\"ImageObject\",\"inLanguage\":\"pt-BR\",\"@id\":\"https:\\\/\\\/secure.gravatar.com\\\/avatar\\\/377c0eb8b4ad2bfc25461b41564b5971e721ca34a57642868fc7b0c8ac7b52c5?s=96&d=mm&r=g\",\"url\":\"https:\\\/\\\/secure.gravatar.com\\\/avatar\\\/377c0eb8b4ad2bfc25461b41564b5971e721ca34a57642868fc7b0c8ac7b52c5?s=96&d=mm&r=g\",\"contentUrl\":\"https:\\\/\\\/secure.gravatar.com\\\/avatar\\\/377c0eb8b4ad2bfc25461b41564b5971e721ca34a57642868fc7b0c8ac7b52c5?s=96&d=mm&r=g\",\"caption\":\"Blog da Condessa\"},\"url\":\"https:\\\/\\\/blogdacondessa.com.br\\\/blog\\\/author\\\/beatriz\\\/\"}]}<\/script>\n<!-- \/ Yoast SEO plugin. -->","yoast_head_json":{"title":"'No Cora\u00e7\u00e3o de Cuiab\u00e1' &#8902; Blog da Condessa","robots":{"index":"index","follow":"follow","max-snippet":"max-snippet:-1","max-image-preview":"max-image-preview:large","max-video-preview":"max-video-preview:-1"},"canonical":"https:\/\/blogdacondessa.com.br\/blog\/cultura\/no-coracao-de-cuiaba-2\/","og_locale":"pt_BR","og_type":"article","og_title":"'No Cora\u00e7\u00e3o de Cuiab\u00e1' &#8902; Blog da Condessa","og_description":"Document\u00e1rio estreia com sess\u00e3o gratuita no Cine Teatro. Filme de Luiz Marchetti revela as mem\u00f3rias, sons e sabores do Centro Hist\u00f3rico em uma viagem po\u00e9tica pela capital. O Centro Hist\u00f3rico de Cuiab\u00e1 se transforma em protagonista no document\u00e1rio \u201cNo Cora\u00e7\u00e3o de Cuiab\u00e1\u201d, que estreia na pr\u00f3xima segunda-feira (22), \u00e0s 19h30, em sess\u00e3o \u00fanica e gratuita [&hellip;]","og_url":"https:\/\/blogdacondessa.com.br\/blog\/cultura\/no-coracao-de-cuiaba-2\/","og_site_name":"Blog da Condessa","article_published_time":"2025-09-18T09:00:46+00:00","og_image":[{"width":544,"height":725,"url":"https:\/\/blogdacondessa.com.br\/blog\/wp-content\/uploads\/2025\/09\/no-coracao-de-cuiaba.jpeg","type":"image\/jpeg"}],"author":"Blog da Condessa","twitter_card":"summary_large_image","twitter_misc":{"Escrito por":"Blog da Condessa","Est. tempo de leitura":"3 minutos"},"schema":{"@context":"https:\/\/schema.org","@graph":[{"@type":"Article","@id":"https:\/\/blogdacondessa.com.br\/blog\/cultura\/no-coracao-de-cuiaba-2\/#article","isPartOf":{"@id":"https:\/\/blogdacondessa.com.br\/blog\/cultura\/no-coracao-de-cuiaba-2\/"},"author":{"name":"Blog da Condessa","@id":"https:\/\/blogdacondessa.com.br\/blog\/#\/schema\/person\/1d667ff8b785195b568677489d266035"},"headline":"&#8216;No Cora\u00e7\u00e3o de Cuiab\u00e1&#8217;","datePublished":"2025-09-18T09:00:46+00:00","mainEntityOfPage":{"@id":"https:\/\/blogdacondessa.com.br\/blog\/cultura\/no-coracao-de-cuiaba-2\/"},"wordCount":432,"image":{"@id":"https:\/\/blogdacondessa.com.br\/blog\/cultura\/no-coracao-de-cuiaba-2\/#primaryimage"},"thumbnailUrl":"https:\/\/blogdacondessa.com.br\/blog\/wp-content\/uploads\/2025\/09\/no-coracao-de-cuiaba.jpeg","articleSection":["Cultura"],"inLanguage":"pt-BR"},{"@type":"WebPage","@id":"https:\/\/blogdacondessa.com.br\/blog\/cultura\/no-coracao-de-cuiaba-2\/","url":"https:\/\/blogdacondessa.com.br\/blog\/cultura\/no-coracao-de-cuiaba-2\/","name":"'No Cora\u00e7\u00e3o de Cuiab\u00e1' &#8902; Blog da Condessa","isPartOf":{"@id":"https:\/\/blogdacondessa.com.br\/blog\/#website"},"primaryImageOfPage":{"@id":"https:\/\/blogdacondessa.com.br\/blog\/cultura\/no-coracao-de-cuiaba-2\/#primaryimage"},"image":{"@id":"https:\/\/blogdacondessa.com.br\/blog\/cultura\/no-coracao-de-cuiaba-2\/#primaryimage"},"thumbnailUrl":"https:\/\/blogdacondessa.com.br\/blog\/wp-content\/uploads\/2025\/09\/no-coracao-de-cuiaba.jpeg","datePublished":"2025-09-18T09:00:46+00:00","author":{"@id":"https:\/\/blogdacondessa.com.br\/blog\/#\/schema\/person\/1d667ff8b785195b568677489d266035"},"breadcrumb":{"@id":"https:\/\/blogdacondessa.com.br\/blog\/cultura\/no-coracao-de-cuiaba-2\/#breadcrumb"},"inLanguage":"pt-BR","potentialAction":[{"@type":"ReadAction","target":["https:\/\/blogdacondessa.com.br\/blog\/cultura\/no-coracao-de-cuiaba-2\/"]}]},{"@type":"ImageObject","inLanguage":"pt-BR","@id":"https:\/\/blogdacondessa.com.br\/blog\/cultura\/no-coracao-de-cuiaba-2\/#primaryimage","url":"https:\/\/blogdacondessa.com.br\/blog\/wp-content\/uploads\/2025\/09\/no-coracao-de-cuiaba.jpeg","contentUrl":"https:\/\/blogdacondessa.com.br\/blog\/wp-content\/uploads\/2025\/09\/no-coracao-de-cuiaba.jpeg","width":544,"height":725,"caption":"Foto: Divulga\u00e7\u00e3o"},{"@type":"BreadcrumbList","@id":"https:\/\/blogdacondessa.com.br\/blog\/cultura\/no-coracao-de-cuiaba-2\/#breadcrumb","itemListElement":[{"@type":"ListItem","position":1,"name":"In\u00edcio","item":"https:\/\/blogdacondessa.com.br\/blog\/"},{"@type":"ListItem","position":2,"name":"&#8216;No Cora\u00e7\u00e3o de Cuiab\u00e1&#8217;"}]},{"@type":"WebSite","@id":"https:\/\/blogdacondessa.com.br\/blog\/#website","url":"https:\/\/blogdacondessa.com.br\/blog\/","name":"Blog da Condessa","description":"Com Shirley de Souza O\u2019Campos","potentialAction":[{"@type":"SearchAction","target":{"@type":"EntryPoint","urlTemplate":"https:\/\/blogdacondessa.com.br\/blog\/?s={search_term_string}"},"query-input":{"@type":"PropertyValueSpecification","valueRequired":true,"valueName":"search_term_string"}}],"inLanguage":"pt-BR"},{"@type":"Person","@id":"https:\/\/blogdacondessa.com.br\/blog\/#\/schema\/person\/1d667ff8b785195b568677489d266035","name":"Blog da Condessa","image":{"@type":"ImageObject","inLanguage":"pt-BR","@id":"https:\/\/secure.gravatar.com\/avatar\/377c0eb8b4ad2bfc25461b41564b5971e721ca34a57642868fc7b0c8ac7b52c5?s=96&d=mm&r=g","url":"https:\/\/secure.gravatar.com\/avatar\/377c0eb8b4ad2bfc25461b41564b5971e721ca34a57642868fc7b0c8ac7b52c5?s=96&d=mm&r=g","contentUrl":"https:\/\/secure.gravatar.com\/avatar\/377c0eb8b4ad2bfc25461b41564b5971e721ca34a57642868fc7b0c8ac7b52c5?s=96&d=mm&r=g","caption":"Blog da Condessa"},"url":"https:\/\/blogdacondessa.com.br\/blog\/author\/beatriz\/"}]}},"_links":{"self":[{"href":"https:\/\/blogdacondessa.com.br\/blog\/wp-json\/wp\/v2\/posts\/12785","targetHints":{"allow":["GET"]}}],"collection":[{"href":"https:\/\/blogdacondessa.com.br\/blog\/wp-json\/wp\/v2\/posts"}],"about":[{"href":"https:\/\/blogdacondessa.com.br\/blog\/wp-json\/wp\/v2\/types\/post"}],"author":[{"embeddable":true,"href":"https:\/\/blogdacondessa.com.br\/blog\/wp-json\/wp\/v2\/users\/2"}],"replies":[{"embeddable":true,"href":"https:\/\/blogdacondessa.com.br\/blog\/wp-json\/wp\/v2\/comments?post=12785"}],"version-history":[{"count":1,"href":"https:\/\/blogdacondessa.com.br\/blog\/wp-json\/wp\/v2\/posts\/12785\/revisions"}],"predecessor-version":[{"id":12787,"href":"https:\/\/blogdacondessa.com.br\/blog\/wp-json\/wp\/v2\/posts\/12785\/revisions\/12787"}],"wp:featuredmedia":[{"embeddable":true,"href":"https:\/\/blogdacondessa.com.br\/blog\/wp-json\/wp\/v2\/media\/12786"}],"wp:attachment":[{"href":"https:\/\/blogdacondessa.com.br\/blog\/wp-json\/wp\/v2\/media?parent=12785"}],"wp:term":[{"taxonomy":"category","embeddable":true,"href":"https:\/\/blogdacondessa.com.br\/blog\/wp-json\/wp\/v2\/categories?post=12785"},{"taxonomy":"post_tag","embeddable":true,"href":"https:\/\/blogdacondessa.com.br\/blog\/wp-json\/wp\/v2\/tags?post=12785"}],"curies":[{"name":"wp","href":"https:\/\/api.w.org\/{rel}","templated":true}]}}