{"id":12768,"date":"2025-09-16T05:00:24","date_gmt":"2025-09-16T09:00:24","guid":{"rendered":"https:\/\/blogdacondessa.com.br\/blog\/?p=12768"},"modified":"2025-09-15T17:57:32","modified_gmt":"2025-09-15T21:57:32","slug":"precisamos-preparar-as-escolas-para-acolher-todas-as-criancas-sem-excecao","status":"publish","type":"post","link":"https:\/\/blogdacondessa.com.br\/blog\/politica\/precisamos-preparar-as-escolas-para-acolher-todas-as-criancas-sem-excecao\/","title":{"rendered":"Precisamos preparar as escolas para acolher todas as crian\u00e7as, sem exce\u00e7\u00e3o\u201d"},"content":{"rendered":"<p><em>Dr. Jo\u00e3o prop\u00f5e lei que garante adapta\u00e7\u00e3o alimentar e sonora para crian\u00e7as com defici\u00eancia nas escolas. Segundo o deputado, a proposta busca eliminar barreiras simples, mas que impactam diretamente o bem-estar e o aprendizado.<\/em><\/p>\n<p>O deputado e primeiro-secret\u00e1rio da Assembleia Legislativa de Mato Grosso (ALMT), Dr. Jo\u00e3o (MDB), apresentou o\u00a0<a href=\"https:\/\/www.al.mt.gov.br\/storage\/webdisco\/cp\/20250909150153154100.pdf\">Projeto de Lei n\u00ba 1412\/2025<\/a>, que assegura direitos fundamentais a crian\u00e7as com defici\u00eancia e transtornos do neurodesenvolvimento nas escolas p\u00fablicas e privadas do estado. A proposta garante, em casos de seletividade ou alergia alimentar comprovada por laudo m\u00e9dico, o direito de levar o pr\u00f3prio alimento, al\u00e9m da adapta\u00e7\u00e3o dos sinais sonoros ou musicais em volume e dura\u00e7\u00e3o, respeitando a sensibilidade auditiva dos alunos. O projeto foi apresentado na sess\u00e3o ordin\u00e1ria da \u00faltima quarta-feira (10).<\/p>\n<p>Segundo o parlamentar, a proposta busca eliminar barreiras simples, mas que impactam diretamente o bem-estar e o aprendizado. \u00a0\u201cEstamos tratando de medidas que parecem pequenas, mas que fazem toda a diferen\u00e7a no dia a dia da crian\u00e7a e da fam\u00edlia. Garantir o alimento adequado e evitar sons que causem crises \u00e9 garantir inclus\u00e3o de verdade\u201d, afirmou Dr. Jo\u00e3o.<\/p>\n<p>O texto apresentado adota par\u00e2metros da Lei Brasileira de Inclus\u00e3o (LBI) e da Conven\u00e7\u00e3o sobre os Direitos das Pessoas com Defici\u00eancia, refor\u00e7ando o dever do Estado de promover adapta\u00e7\u00f5es razo\u00e1veis no sistema educacional.<\/p>\n<p>Dados nacionais mostram que a demanda cresce a cada ano: entre 2023 e 2024, as matr\u00edculas de estudantes com Transtorno do Espectro Autista (TEA) aumentaram 44,4%, passando de 636 mil para mais de 918 mil no pa\u00eds.<\/p>\n<p>\u201cN\u00e3o podemos fechar os olhos para essa realidade. Precisamos preparar as escolas para acolher todas as crian\u00e7as, sem exce\u00e7\u00e3o. Esse projeto \u00e9 um passo importante nesse caminho\u201d, completou o deputado.<\/p>\n<p>A proposta segue para an\u00e1lise das comiss\u00f5es da Assembleia Legislativa antes de ser votada em plen\u00e1rio.<\/p>\n","protected":false},"excerpt":{"rendered":"<p>Dr. Jo\u00e3o prop\u00f5e lei que garante adapta\u00e7\u00e3o alimentar e sonora para crian\u00e7as com defici\u00eancia nas escolas. Segundo o deputado, a proposta busca eliminar barreiras simples, mas que impactam diretamente o bem-estar e o aprendizado. O deputado e primeiro-secret\u00e1rio da Assembleia Legislativa de Mato Grosso (ALMT), Dr. Jo\u00e3o (MDB), apresentou o\u00a0Projeto de Lei n\u00ba 1412\/2025, que [&hellip;]<\/p>\n","protected":false},"author":2,"featured_media":12769,"comment_status":"closed","ping_status":"closed","sticky":false,"template":"","format":"standard","meta":{"iawp_total_views":2,"footnotes":""},"categories":[10],"tags":[],"class_list":["post-12768","post","type-post","status-publish","format-standard","has-post-thumbnail","hentry","category-politica"],"yoast_head":"<!-- This site is optimized with the Yoast SEO plugin v27.3 - https:\/\/yoast.com\/product\/yoast-seo-wordpress\/ -->\n<title>Precisamos preparar as escolas para acolher todas as crian\u00e7as, sem exce\u00e7\u00e3o\u201d &#8902; Blog da Condessa<\/title>\n<meta name=\"robots\" content=\"index, follow, max-snippet:-1, max-image-preview:large, max-video-preview:-1\" \/>\n<link rel=\"canonical\" href=\"https:\/\/blogdacondessa.com.br\/blog\/politica\/precisamos-preparar-as-escolas-para-acolher-todas-as-criancas-sem-excecao\/\" \/>\n<meta property=\"og:locale\" content=\"pt_BR\" \/>\n<meta property=\"og:type\" content=\"article\" \/>\n<meta property=\"og:title\" content=\"Precisamos preparar as escolas para acolher todas as crian\u00e7as, sem exce\u00e7\u00e3o\u201d &#8902; Blog da Condessa\" \/>\n<meta property=\"og:description\" content=\"Dr. Jo\u00e3o prop\u00f5e lei que garante adapta\u00e7\u00e3o alimentar e sonora para crian\u00e7as com defici\u00eancia nas escolas. Segundo o deputado, a proposta busca eliminar barreiras simples, mas que impactam diretamente o bem-estar e o aprendizado. O deputado e primeiro-secret\u00e1rio da Assembleia Legislativa de Mato Grosso (ALMT), Dr. Jo\u00e3o (MDB), apresentou o\u00a0Projeto de Lei n\u00ba 1412\/2025, que [&hellip;]\" \/>\n<meta property=\"og:url\" content=\"https:\/\/blogdacondessa.com.br\/blog\/politica\/precisamos-preparar-as-escolas-para-acolher-todas-as-criancas-sem-excecao\/\" \/>\n<meta property=\"og:site_name\" content=\"Blog da Condessa\" \/>\n<meta property=\"article:published_time\" content=\"2025-09-16T09:00:24+00:00\" \/>\n<meta property=\"og:image\" content=\"https:\/\/blogdacondessa.com.br\/blog\/wp-content\/uploads\/2025\/09\/DEPUTADO-JOAO-certa.jpg\" \/>\n\t<meta property=\"og:image:width\" content=\"420\" \/>\n\t<meta property=\"og:image:height\" content=\"280\" \/>\n\t<meta property=\"og:image:type\" content=\"image\/jpeg\" \/>\n<meta name=\"author\" content=\"Blog da Condessa\" \/>\n<meta name=\"twitter:card\" content=\"summary_large_image\" \/>\n<meta name=\"twitter:label1\" content=\"Escrito por\" \/>\n\t<meta name=\"twitter:data1\" content=\"Blog da Condessa\" \/>\n\t<meta name=\"twitter:label2\" content=\"Est. tempo de leitura\" \/>\n\t<meta name=\"twitter:data2\" content=\"2 minutos\" \/>\n<script type=\"application\/ld+json\" class=\"yoast-schema-graph\">{\"@context\":\"https:\\\/\\\/schema.org\",\"@graph\":[{\"@type\":\"Article\",\"@id\":\"https:\\\/\\\/blogdacondessa.com.br\\\/blog\\\/politica\\\/precisamos-preparar-as-escolas-para-acolher-todas-as-criancas-sem-excecao\\\/#article\",\"isPartOf\":{\"@id\":\"https:\\\/\\\/blogdacondessa.com.br\\\/blog\\\/politica\\\/precisamos-preparar-as-escolas-para-acolher-todas-as-criancas-sem-excecao\\\/\"},\"author\":{\"name\":\"Blog da Condessa\",\"@id\":\"https:\\\/\\\/blogdacondessa.com.br\\\/blog\\\/#\\\/schema\\\/person\\\/1d667ff8b785195b568677489d266035\"},\"headline\":\"Precisamos preparar as escolas para acolher todas as crian\u00e7as, sem exce\u00e7\u00e3o\u201d\",\"datePublished\":\"2025-09-16T09:00:24+00:00\",\"mainEntityOfPage\":{\"@id\":\"https:\\\/\\\/blogdacondessa.com.br\\\/blog\\\/politica\\\/precisamos-preparar-as-escolas-para-acolher-todas-as-criancas-sem-excecao\\\/\"},\"wordCount\":339,\"image\":{\"@id\":\"https:\\\/\\\/blogdacondessa.com.br\\\/blog\\\/politica\\\/precisamos-preparar-as-escolas-para-acolher-todas-as-criancas-sem-excecao\\\/#primaryimage\"},\"thumbnailUrl\":\"https:\\\/\\\/blogdacondessa.com.br\\\/blog\\\/wp-content\\\/uploads\\\/2025\\\/09\\\/DEPUTADO-JOAO-certa.jpg\",\"articleSection\":[\"Pol\u00edtica\"],\"inLanguage\":\"pt-BR\"},{\"@type\":\"WebPage\",\"@id\":\"https:\\\/\\\/blogdacondessa.com.br\\\/blog\\\/politica\\\/precisamos-preparar-as-escolas-para-acolher-todas-as-criancas-sem-excecao\\\/\",\"url\":\"https:\\\/\\\/blogdacondessa.com.br\\\/blog\\\/politica\\\/precisamos-preparar-as-escolas-para-acolher-todas-as-criancas-sem-excecao\\\/\",\"name\":\"Precisamos preparar as escolas para acolher todas as crian\u00e7as, sem exce\u00e7\u00e3o\u201d &#8902; Blog da Condessa\",\"isPartOf\":{\"@id\":\"https:\\\/\\\/blogdacondessa.com.br\\\/blog\\\/#website\"},\"primaryImageOfPage\":{\"@id\":\"https:\\\/\\\/blogdacondessa.com.br\\\/blog\\\/politica\\\/precisamos-preparar-as-escolas-para-acolher-todas-as-criancas-sem-excecao\\\/#primaryimage\"},\"image\":{\"@id\":\"https:\\\/\\\/blogdacondessa.com.br\\\/blog\\\/politica\\\/precisamos-preparar-as-escolas-para-acolher-todas-as-criancas-sem-excecao\\\/#primaryimage\"},\"thumbnailUrl\":\"https:\\\/\\\/blogdacondessa.com.br\\\/blog\\\/wp-content\\\/uploads\\\/2025\\\/09\\\/DEPUTADO-JOAO-certa.jpg\",\"datePublished\":\"2025-09-16T09:00:24+00:00\",\"author\":{\"@id\":\"https:\\\/\\\/blogdacondessa.com.br\\\/blog\\\/#\\\/schema\\\/person\\\/1d667ff8b785195b568677489d266035\"},\"breadcrumb\":{\"@id\":\"https:\\\/\\\/blogdacondessa.com.br\\\/blog\\\/politica\\\/precisamos-preparar-as-escolas-para-acolher-todas-as-criancas-sem-excecao\\\/#breadcrumb\"},\"inLanguage\":\"pt-BR\",\"potentialAction\":[{\"@type\":\"ReadAction\",\"target\":[\"https:\\\/\\\/blogdacondessa.com.br\\\/blog\\\/politica\\\/precisamos-preparar-as-escolas-para-acolher-todas-as-criancas-sem-excecao\\\/\"]}]},{\"@type\":\"ImageObject\",\"inLanguage\":\"pt-BR\",\"@id\":\"https:\\\/\\\/blogdacondessa.com.br\\\/blog\\\/politica\\\/precisamos-preparar-as-escolas-para-acolher-todas-as-criancas-sem-excecao\\\/#primaryimage\",\"url\":\"https:\\\/\\\/blogdacondessa.com.br\\\/blog\\\/wp-content\\\/uploads\\\/2025\\\/09\\\/DEPUTADO-JOAO-certa.jpg\",\"contentUrl\":\"https:\\\/\\\/blogdacondessa.com.br\\\/blog\\\/wp-content\\\/uploads\\\/2025\\\/09\\\/DEPUTADO-JOAO-certa.jpg\",\"width\":420,\"height\":280,\"caption\":\"Foto: GILBERTO LEITE\\\/SECRETARIA DE COMUNICA\u00c7\u00c3O SOCIAL\"},{\"@type\":\"BreadcrumbList\",\"@id\":\"https:\\\/\\\/blogdacondessa.com.br\\\/blog\\\/politica\\\/precisamos-preparar-as-escolas-para-acolher-todas-as-criancas-sem-excecao\\\/#breadcrumb\",\"itemListElement\":[{\"@type\":\"ListItem\",\"position\":1,\"name\":\"In\u00edcio\",\"item\":\"https:\\\/\\\/blogdacondessa.com.br\\\/blog\\\/\"},{\"@type\":\"ListItem\",\"position\":2,\"name\":\"Precisamos preparar as escolas para acolher todas as crian\u00e7as, sem exce\u00e7\u00e3o\u201d\"}]},{\"@type\":\"WebSite\",\"@id\":\"https:\\\/\\\/blogdacondessa.com.br\\\/blog\\\/#website\",\"url\":\"https:\\\/\\\/blogdacondessa.com.br\\\/blog\\\/\",\"name\":\"Blog da Condessa\",\"description\":\"Com Shirley de Souza O\u2019Campos\",\"potentialAction\":[{\"@type\":\"SearchAction\",\"target\":{\"@type\":\"EntryPoint\",\"urlTemplate\":\"https:\\\/\\\/blogdacondessa.com.br\\\/blog\\\/?s={search_term_string}\"},\"query-input\":{\"@type\":\"PropertyValueSpecification\",\"valueRequired\":true,\"valueName\":\"search_term_string\"}}],\"inLanguage\":\"pt-BR\"},{\"@type\":\"Person\",\"@id\":\"https:\\\/\\\/blogdacondessa.com.br\\\/blog\\\/#\\\/schema\\\/person\\\/1d667ff8b785195b568677489d266035\",\"name\":\"Blog da Condessa\",\"image\":{\"@type\":\"ImageObject\",\"inLanguage\":\"pt-BR\",\"@id\":\"https:\\\/\\\/secure.gravatar.com\\\/avatar\\\/377c0eb8b4ad2bfc25461b41564b5971e721ca34a57642868fc7b0c8ac7b52c5?s=96&d=mm&r=g\",\"url\":\"https:\\\/\\\/secure.gravatar.com\\\/avatar\\\/377c0eb8b4ad2bfc25461b41564b5971e721ca34a57642868fc7b0c8ac7b52c5?s=96&d=mm&r=g\",\"contentUrl\":\"https:\\\/\\\/secure.gravatar.com\\\/avatar\\\/377c0eb8b4ad2bfc25461b41564b5971e721ca34a57642868fc7b0c8ac7b52c5?s=96&d=mm&r=g\",\"caption\":\"Blog da Condessa\"},\"url\":\"https:\\\/\\\/blogdacondessa.com.br\\\/blog\\\/author\\\/beatriz\\\/\"}]}<\/script>\n<!-- \/ Yoast SEO plugin. -->","yoast_head_json":{"title":"Precisamos preparar as escolas para acolher todas as crian\u00e7as, sem exce\u00e7\u00e3o\u201d &#8902; Blog da Condessa","robots":{"index":"index","follow":"follow","max-snippet":"max-snippet:-1","max-image-preview":"max-image-preview:large","max-video-preview":"max-video-preview:-1"},"canonical":"https:\/\/blogdacondessa.com.br\/blog\/politica\/precisamos-preparar-as-escolas-para-acolher-todas-as-criancas-sem-excecao\/","og_locale":"pt_BR","og_type":"article","og_title":"Precisamos preparar as escolas para acolher todas as crian\u00e7as, sem exce\u00e7\u00e3o\u201d &#8902; Blog da Condessa","og_description":"Dr. Jo\u00e3o prop\u00f5e lei que garante adapta\u00e7\u00e3o alimentar e sonora para crian\u00e7as com defici\u00eancia nas escolas. Segundo o deputado, a proposta busca eliminar barreiras simples, mas que impactam diretamente o bem-estar e o aprendizado. O deputado e primeiro-secret\u00e1rio da Assembleia Legislativa de Mato Grosso (ALMT), Dr. Jo\u00e3o (MDB), apresentou o\u00a0Projeto de Lei n\u00ba 1412\/2025, que [&hellip;]","og_url":"https:\/\/blogdacondessa.com.br\/blog\/politica\/precisamos-preparar-as-escolas-para-acolher-todas-as-criancas-sem-excecao\/","og_site_name":"Blog da Condessa","article_published_time":"2025-09-16T09:00:24+00:00","og_image":[{"width":420,"height":280,"url":"https:\/\/blogdacondessa.com.br\/blog\/wp-content\/uploads\/2025\/09\/DEPUTADO-JOAO-certa.jpg","type":"image\/jpeg"}],"author":"Blog da Condessa","twitter_card":"summary_large_image","twitter_misc":{"Escrito por":"Blog da Condessa","Est. tempo de leitura":"2 minutos"},"schema":{"@context":"https:\/\/schema.org","@graph":[{"@type":"Article","@id":"https:\/\/blogdacondessa.com.br\/blog\/politica\/precisamos-preparar-as-escolas-para-acolher-todas-as-criancas-sem-excecao\/#article","isPartOf":{"@id":"https:\/\/blogdacondessa.com.br\/blog\/politica\/precisamos-preparar-as-escolas-para-acolher-todas-as-criancas-sem-excecao\/"},"author":{"name":"Blog da Condessa","@id":"https:\/\/blogdacondessa.com.br\/blog\/#\/schema\/person\/1d667ff8b785195b568677489d266035"},"headline":"Precisamos preparar as escolas para acolher todas as crian\u00e7as, sem exce\u00e7\u00e3o\u201d","datePublished":"2025-09-16T09:00:24+00:00","mainEntityOfPage":{"@id":"https:\/\/blogdacondessa.com.br\/blog\/politica\/precisamos-preparar-as-escolas-para-acolher-todas-as-criancas-sem-excecao\/"},"wordCount":339,"image":{"@id":"https:\/\/blogdacondessa.com.br\/blog\/politica\/precisamos-preparar-as-escolas-para-acolher-todas-as-criancas-sem-excecao\/#primaryimage"},"thumbnailUrl":"https:\/\/blogdacondessa.com.br\/blog\/wp-content\/uploads\/2025\/09\/DEPUTADO-JOAO-certa.jpg","articleSection":["Pol\u00edtica"],"inLanguage":"pt-BR"},{"@type":"WebPage","@id":"https:\/\/blogdacondessa.com.br\/blog\/politica\/precisamos-preparar-as-escolas-para-acolher-todas-as-criancas-sem-excecao\/","url":"https:\/\/blogdacondessa.com.br\/blog\/politica\/precisamos-preparar-as-escolas-para-acolher-todas-as-criancas-sem-excecao\/","name":"Precisamos preparar as escolas para acolher todas as crian\u00e7as, sem exce\u00e7\u00e3o\u201d &#8902; Blog da Condessa","isPartOf":{"@id":"https:\/\/blogdacondessa.com.br\/blog\/#website"},"primaryImageOfPage":{"@id":"https:\/\/blogdacondessa.com.br\/blog\/politica\/precisamos-preparar-as-escolas-para-acolher-todas-as-criancas-sem-excecao\/#primaryimage"},"image":{"@id":"https:\/\/blogdacondessa.com.br\/blog\/politica\/precisamos-preparar-as-escolas-para-acolher-todas-as-criancas-sem-excecao\/#primaryimage"},"thumbnailUrl":"https:\/\/blogdacondessa.com.br\/blog\/wp-content\/uploads\/2025\/09\/DEPUTADO-JOAO-certa.jpg","datePublished":"2025-09-16T09:00:24+00:00","author":{"@id":"https:\/\/blogdacondessa.com.br\/blog\/#\/schema\/person\/1d667ff8b785195b568677489d266035"},"breadcrumb":{"@id":"https:\/\/blogdacondessa.com.br\/blog\/politica\/precisamos-preparar-as-escolas-para-acolher-todas-as-criancas-sem-excecao\/#breadcrumb"},"inLanguage":"pt-BR","potentialAction":[{"@type":"ReadAction","target":["https:\/\/blogdacondessa.com.br\/blog\/politica\/precisamos-preparar-as-escolas-para-acolher-todas-as-criancas-sem-excecao\/"]}]},{"@type":"ImageObject","inLanguage":"pt-BR","@id":"https:\/\/blogdacondessa.com.br\/blog\/politica\/precisamos-preparar-as-escolas-para-acolher-todas-as-criancas-sem-excecao\/#primaryimage","url":"https:\/\/blogdacondessa.com.br\/blog\/wp-content\/uploads\/2025\/09\/DEPUTADO-JOAO-certa.jpg","contentUrl":"https:\/\/blogdacondessa.com.br\/blog\/wp-content\/uploads\/2025\/09\/DEPUTADO-JOAO-certa.jpg","width":420,"height":280,"caption":"Foto: GILBERTO LEITE\/SECRETARIA DE COMUNICA\u00c7\u00c3O SOCIAL"},{"@type":"BreadcrumbList","@id":"https:\/\/blogdacondessa.com.br\/blog\/politica\/precisamos-preparar-as-escolas-para-acolher-todas-as-criancas-sem-excecao\/#breadcrumb","itemListElement":[{"@type":"ListItem","position":1,"name":"In\u00edcio","item":"https:\/\/blogdacondessa.com.br\/blog\/"},{"@type":"ListItem","position":2,"name":"Precisamos preparar as escolas para acolher todas as crian\u00e7as, sem exce\u00e7\u00e3o\u201d"}]},{"@type":"WebSite","@id":"https:\/\/blogdacondessa.com.br\/blog\/#website","url":"https:\/\/blogdacondessa.com.br\/blog\/","name":"Blog da Condessa","description":"Com Shirley de Souza O\u2019Campos","potentialAction":[{"@type":"SearchAction","target":{"@type":"EntryPoint","urlTemplate":"https:\/\/blogdacondessa.com.br\/blog\/?s={search_term_string}"},"query-input":{"@type":"PropertyValueSpecification","valueRequired":true,"valueName":"search_term_string"}}],"inLanguage":"pt-BR"},{"@type":"Person","@id":"https:\/\/blogdacondessa.com.br\/blog\/#\/schema\/person\/1d667ff8b785195b568677489d266035","name":"Blog da Condessa","image":{"@type":"ImageObject","inLanguage":"pt-BR","@id":"https:\/\/secure.gravatar.com\/avatar\/377c0eb8b4ad2bfc25461b41564b5971e721ca34a57642868fc7b0c8ac7b52c5?s=96&d=mm&r=g","url":"https:\/\/secure.gravatar.com\/avatar\/377c0eb8b4ad2bfc25461b41564b5971e721ca34a57642868fc7b0c8ac7b52c5?s=96&d=mm&r=g","contentUrl":"https:\/\/secure.gravatar.com\/avatar\/377c0eb8b4ad2bfc25461b41564b5971e721ca34a57642868fc7b0c8ac7b52c5?s=96&d=mm&r=g","caption":"Blog da Condessa"},"url":"https:\/\/blogdacondessa.com.br\/blog\/author\/beatriz\/"}]}},"_links":{"self":[{"href":"https:\/\/blogdacondessa.com.br\/blog\/wp-json\/wp\/v2\/posts\/12768","targetHints":{"allow":["GET"]}}],"collection":[{"href":"https:\/\/blogdacondessa.com.br\/blog\/wp-json\/wp\/v2\/posts"}],"about":[{"href":"https:\/\/blogdacondessa.com.br\/blog\/wp-json\/wp\/v2\/types\/post"}],"author":[{"embeddable":true,"href":"https:\/\/blogdacondessa.com.br\/blog\/wp-json\/wp\/v2\/users\/2"}],"replies":[{"embeddable":true,"href":"https:\/\/blogdacondessa.com.br\/blog\/wp-json\/wp\/v2\/comments?post=12768"}],"version-history":[{"count":1,"href":"https:\/\/blogdacondessa.com.br\/blog\/wp-json\/wp\/v2\/posts\/12768\/revisions"}],"predecessor-version":[{"id":12770,"href":"https:\/\/blogdacondessa.com.br\/blog\/wp-json\/wp\/v2\/posts\/12768\/revisions\/12770"}],"wp:featuredmedia":[{"embeddable":true,"href":"https:\/\/blogdacondessa.com.br\/blog\/wp-json\/wp\/v2\/media\/12769"}],"wp:attachment":[{"href":"https:\/\/blogdacondessa.com.br\/blog\/wp-json\/wp\/v2\/media?parent=12768"}],"wp:term":[{"taxonomy":"category","embeddable":true,"href":"https:\/\/blogdacondessa.com.br\/blog\/wp-json\/wp\/v2\/categories?post=12768"},{"taxonomy":"post_tag","embeddable":true,"href":"https:\/\/blogdacondessa.com.br\/blog\/wp-json\/wp\/v2\/tags?post=12768"}],"curies":[{"name":"wp","href":"https:\/\/api.w.org\/{rel}","templated":true}]}}