{"id":12679,"date":"2025-09-03T05:00:10","date_gmt":"2025-09-03T09:00:10","guid":{"rendered":"https:\/\/blogdacondessa.com.br\/blog\/?p=12679"},"modified":"2025-09-02T19:08:00","modified_gmt":"2025-09-02T23:08:00","slug":"mais-de-1-bilhao-de-pessoas-vivem-com-transtornos-mentais-revela-oms","status":"publish","type":"post","link":"https:\/\/blogdacondessa.com.br\/blog\/cotidiano\/mais-de-1-bilhao-de-pessoas-vivem-com-transtornos-mentais-revela-oms\/","title":{"rendered":"Mais de 1 bilh\u00e3o de pessoas vivem com transtornos mentais, revela OMS"},"content":{"rendered":"<p>Suic\u00eddio tem consequ\u00eancia devastadora com 721 mil v\u00edtimas em 2021.<\/p>\n<p><strong>Dados divulgados na ter\u00e7a-feira (2) pela Organiza\u00e7\u00e3o Mundial da Sa\u00fade (OMS) revelam que mais de um bilh\u00e3o de pessoas em todo o planeta vivem com algum tipo de transtorno mental, incluindo ansiedade e depress\u00e3o. O cen\u00e1rio causa imensos preju\u00edzos humanos e econ\u00f4micos, alerta a institui\u00e7\u00e3o.\u00a0<\/strong><\/p>\n<p>\u201cEmbora muitos pa\u00edses tenham refor\u00e7ado suas pol\u00edticas e programas de sa\u00fade mental, maiores investimentos e a\u00e7\u00f5es s\u00e3o necess\u00e1rios globalmente para ampliar os servi\u00e7os no intuito de proteger e promover a sa\u00fade mental das pessoas\u201d, destacou a ag\u00eancia das Na\u00e7\u00f5es Unidas.<\/p>\n<p><strong>Segundo a OMS, transtornos de sa\u00fade mental como ansiedade e depress\u00e3o s\u00e3o altamente prevalentes em todos os pa\u00edses e comunidades, afetando pessoas de todas as idades e n\u00edveis de renda. \u201c\u00c9 a segunda maior causa de incapacidade a longo prazo, gerando perda de qualidade de vida\u201d, acentuou a OMS.<\/strong><\/p>\n<p><strong>Desafios<\/strong><\/p>\n<p>\u201cTransformar os servi\u00e7os de sa\u00fade mental \u00e9 um dos desafios mais urgentes da sa\u00fade p\u00fablica\u201d, destacou o diretor-geral da entidade, Tedros Adhanom Ghebreyesus. \u201cInvestir em sa\u00fade mental significa investir em pessoas, comunidades e economias &#8211; um investimento que nenhum pa\u00eds pode se dar ao luxo de negligenciar\u201d, acrescentou.<\/p>\n<p><strong>\u201cCada governo e cada l\u00edder tem a responsabilidade de agir com urg\u00eancia e garantir que os cuidados em sa\u00fade mental n\u00e3o sejam tratados como um privil\u00e9gio, mas como um direito b\u00e1sico de todos\u201d, concluiu Tedros.<\/strong><\/p>\n<p><strong>An\u00e1lise<\/strong><\/p>\n<p>Os n\u00fameros apresentados revelam que a preval\u00eancia de transtornos de sa\u00fade mental varia de acordo com o g\u00eanero e que mulheres s\u00e3o desproporcionalmente mais impactadas. Ansiedade e depress\u00e3o figuram como os dois tipos de transtorno mais comuns tanto entre homens como entre mulheres.<\/p>\n<p>\u201cO suic\u00eddio permanece como uma consequ\u00eancia devastadora, ceifando cerca de 721 mil vidas apenas em 2021 em todo o planeta\u201d, alertou a OMS, ao citar o suic\u00eddio como uma das principais causas de morte entre jovens em todos os pa\u00edses e contextos socioecon\u00f4micos.<\/p>\n<p><strong>\u201cApesar dos esfor\u00e7os globais, o progresso na redu\u00e7\u00e3o da mortalidade por suic\u00eddio \u00e9 insuficiente para atingir o Objetivo de Desenvolvimento Sustent\u00e1vel (ODS) das Na\u00e7\u00f5es Unidas que prev\u00ea uma redu\u00e7\u00e3o de um ter\u00e7o nas taxas de suic\u00eddio at\u00e9 2030. Na trajet\u00f3ria atual, apenas uma redu\u00e7\u00e3o de 12% ser\u00e1 alcan\u00e7ada at\u00e9 esse prazo.\u201d\u00a0\u00a0<\/strong><\/p>\n<p><strong>Impacto econ\u00f4mico<\/strong><\/p>\n<p><strong>A ag\u00eancia avalia o impacto econ\u00f4mico dos transtornos mentais como impressionante. Embora os custos com sa\u00fade sejam substanciais, os custos indiretos, sobretudo os que envolvem perda de produtividade, s\u00e3o muito maiores.<\/strong>\u00a0A estimativa \u00e9 que depress\u00e3o e ansiedade, juntas, custem \u00e0 economia global cerca de US$ 1 trilh\u00e3o por ano.<\/p>\n<p>\u201cEssas descobertas ressaltam a necessidade urgente de investimento sustentado, prioriza\u00e7\u00e3o mais rigorosa e colabora\u00e7\u00e3o multissetorial para expandir o acesso \u00e0 sa\u00fade mental, reduzir o estigma e combater as causas profundas dos problemas de sa\u00fade mental\u201d, concluiu a OMS.\u00a0(Fonte: Ag\u00eancia Brasil)<\/p>\n","protected":false},"excerpt":{"rendered":"<p>Suic\u00eddio tem consequ\u00eancia devastadora com 721 mil v\u00edtimas em 2021. Dados divulgados na ter\u00e7a-feira (2) pela Organiza\u00e7\u00e3o Mundial da Sa\u00fade (OMS) revelam que mais de um bilh\u00e3o de pessoas em todo o planeta vivem com algum tipo de transtorno mental, incluindo ansiedade e depress\u00e3o. O cen\u00e1rio causa imensos preju\u00edzos humanos e econ\u00f4micos, alerta a institui\u00e7\u00e3o.\u00a0 [&hellip;]<\/p>\n","protected":false},"author":2,"featured_media":12680,"comment_status":"closed","ping_status":"closed","sticky":false,"template":"","format":"standard","meta":{"iawp_total_views":3,"footnotes":""},"categories":[24],"tags":[],"class_list":["post-12679","post","type-post","status-publish","format-standard","has-post-thumbnail","hentry","category-cotidiano"],"yoast_head":"<!-- This site is optimized with the Yoast SEO plugin v27.3 - https:\/\/yoast.com\/product\/yoast-seo-wordpress\/ -->\n<title>Mais de 1 bilh\u00e3o de pessoas vivem com transtornos mentais, revela OMS &#8902; Blog da Condessa<\/title>\n<meta name=\"robots\" content=\"index, follow, max-snippet:-1, max-image-preview:large, max-video-preview:-1\" \/>\n<link rel=\"canonical\" href=\"https:\/\/blogdacondessa.com.br\/blog\/cotidiano\/mais-de-1-bilhao-de-pessoas-vivem-com-transtornos-mentais-revela-oms\/\" \/>\n<meta property=\"og:locale\" content=\"pt_BR\" \/>\n<meta property=\"og:type\" content=\"article\" \/>\n<meta property=\"og:title\" content=\"Mais de 1 bilh\u00e3o de pessoas vivem com transtornos mentais, revela OMS &#8902; Blog da Condessa\" \/>\n<meta property=\"og:description\" content=\"Suic\u00eddio tem consequ\u00eancia devastadora com 721 mil v\u00edtimas em 2021. Dados divulgados na ter\u00e7a-feira (2) pela Organiza\u00e7\u00e3o Mundial da Sa\u00fade (OMS) revelam que mais de um bilh\u00e3o de pessoas em todo o planeta vivem com algum tipo de transtorno mental, incluindo ansiedade e depress\u00e3o. O cen\u00e1rio causa imensos preju\u00edzos humanos e econ\u00f4micos, alerta a institui\u00e7\u00e3o.\u00a0 [&hellip;]\" \/>\n<meta property=\"og:url\" content=\"https:\/\/blogdacondessa.com.br\/blog\/cotidiano\/mais-de-1-bilhao-de-pessoas-vivem-com-transtornos-mentais-revela-oms\/\" \/>\n<meta property=\"og:site_name\" content=\"Blog da Condessa\" \/>\n<meta property=\"article:published_time\" content=\"2025-09-03T09:00:10+00:00\" \/>\n<meta property=\"og:image\" content=\"https:\/\/blogdacondessa.com.br\/blog\/wp-content\/uploads\/2025\/09\/dia-de-finados_mcamgo_abr_02112024-7.webp\" \/>\n\t<meta property=\"og:image:width\" content=\"754\" \/>\n\t<meta property=\"og:image:height\" content=\"503\" \/>\n\t<meta property=\"og:image:type\" content=\"image\/webp\" \/>\n<meta name=\"author\" content=\"Blog da Condessa\" \/>\n<meta name=\"twitter:card\" content=\"summary_large_image\" \/>\n<meta name=\"twitter:label1\" content=\"Escrito por\" \/>\n\t<meta name=\"twitter:data1\" content=\"Blog da Condessa\" \/>\n\t<meta name=\"twitter:label2\" content=\"Est. tempo de leitura\" \/>\n\t<meta name=\"twitter:data2\" content=\"3 minutos\" \/>\n<script type=\"application\/ld+json\" class=\"yoast-schema-graph\">{\"@context\":\"https:\\\/\\\/schema.org\",\"@graph\":[{\"@type\":\"Article\",\"@id\":\"https:\\\/\\\/blogdacondessa.com.br\\\/blog\\\/cotidiano\\\/mais-de-1-bilhao-de-pessoas-vivem-com-transtornos-mentais-revela-oms\\\/#article\",\"isPartOf\":{\"@id\":\"https:\\\/\\\/blogdacondessa.com.br\\\/blog\\\/cotidiano\\\/mais-de-1-bilhao-de-pessoas-vivem-com-transtornos-mentais-revela-oms\\\/\"},\"author\":{\"name\":\"Blog da Condessa\",\"@id\":\"https:\\\/\\\/blogdacondessa.com.br\\\/blog\\\/#\\\/schema\\\/person\\\/1d667ff8b785195b568677489d266035\"},\"headline\":\"Mais de 1 bilh\u00e3o de pessoas vivem com transtornos mentais, revela OMS\",\"datePublished\":\"2025-09-03T09:00:10+00:00\",\"mainEntityOfPage\":{\"@id\":\"https:\\\/\\\/blogdacondessa.com.br\\\/blog\\\/cotidiano\\\/mais-de-1-bilhao-de-pessoas-vivem-com-transtornos-mentais-revela-oms\\\/\"},\"wordCount\":532,\"image\":{\"@id\":\"https:\\\/\\\/blogdacondessa.com.br\\\/blog\\\/cotidiano\\\/mais-de-1-bilhao-de-pessoas-vivem-com-transtornos-mentais-revela-oms\\\/#primaryimage\"},\"thumbnailUrl\":\"https:\\\/\\\/blogdacondessa.com.br\\\/blog\\\/wp-content\\\/uploads\\\/2025\\\/09\\\/dia-de-finados_mcamgo_abr_02112024-7.webp\",\"articleSection\":[\"Cotidiano\"],\"inLanguage\":\"pt-BR\"},{\"@type\":\"WebPage\",\"@id\":\"https:\\\/\\\/blogdacondessa.com.br\\\/blog\\\/cotidiano\\\/mais-de-1-bilhao-de-pessoas-vivem-com-transtornos-mentais-revela-oms\\\/\",\"url\":\"https:\\\/\\\/blogdacondessa.com.br\\\/blog\\\/cotidiano\\\/mais-de-1-bilhao-de-pessoas-vivem-com-transtornos-mentais-revela-oms\\\/\",\"name\":\"Mais de 1 bilh\u00e3o de pessoas vivem com transtornos mentais, revela OMS &#8902; Blog da Condessa\",\"isPartOf\":{\"@id\":\"https:\\\/\\\/blogdacondessa.com.br\\\/blog\\\/#website\"},\"primaryImageOfPage\":{\"@id\":\"https:\\\/\\\/blogdacondessa.com.br\\\/blog\\\/cotidiano\\\/mais-de-1-bilhao-de-pessoas-vivem-com-transtornos-mentais-revela-oms\\\/#primaryimage\"},\"image\":{\"@id\":\"https:\\\/\\\/blogdacondessa.com.br\\\/blog\\\/cotidiano\\\/mais-de-1-bilhao-de-pessoas-vivem-com-transtornos-mentais-revela-oms\\\/#primaryimage\"},\"thumbnailUrl\":\"https:\\\/\\\/blogdacondessa.com.br\\\/blog\\\/wp-content\\\/uploads\\\/2025\\\/09\\\/dia-de-finados_mcamgo_abr_02112024-7.webp\",\"datePublished\":\"2025-09-03T09:00:10+00:00\",\"author\":{\"@id\":\"https:\\\/\\\/blogdacondessa.com.br\\\/blog\\\/#\\\/schema\\\/person\\\/1d667ff8b785195b568677489d266035\"},\"breadcrumb\":{\"@id\":\"https:\\\/\\\/blogdacondessa.com.br\\\/blog\\\/cotidiano\\\/mais-de-1-bilhao-de-pessoas-vivem-com-transtornos-mentais-revela-oms\\\/#breadcrumb\"},\"inLanguage\":\"pt-BR\",\"potentialAction\":[{\"@type\":\"ReadAction\",\"target\":[\"https:\\\/\\\/blogdacondessa.com.br\\\/blog\\\/cotidiano\\\/mais-de-1-bilhao-de-pessoas-vivem-com-transtornos-mentais-revela-oms\\\/\"]}]},{\"@type\":\"ImageObject\",\"inLanguage\":\"pt-BR\",\"@id\":\"https:\\\/\\\/blogdacondessa.com.br\\\/blog\\\/cotidiano\\\/mais-de-1-bilhao-de-pessoas-vivem-com-transtornos-mentais-revela-oms\\\/#primaryimage\",\"url\":\"https:\\\/\\\/blogdacondessa.com.br\\\/blog\\\/wp-content\\\/uploads\\\/2025\\\/09\\\/dia-de-finados_mcamgo_abr_02112024-7.webp\",\"contentUrl\":\"https:\\\/\\\/blogdacondessa.com.br\\\/blog\\\/wp-content\\\/uploads\\\/2025\\\/09\\\/dia-de-finados_mcamgo_abr_02112024-7.webp\",\"width\":754,\"height\":503,\"caption\":\"Foto: REUTERS\\\/Denis Balibouse\\\/Proibida reprodu\u00e7\u00e3o\"},{\"@type\":\"BreadcrumbList\",\"@id\":\"https:\\\/\\\/blogdacondessa.com.br\\\/blog\\\/cotidiano\\\/mais-de-1-bilhao-de-pessoas-vivem-com-transtornos-mentais-revela-oms\\\/#breadcrumb\",\"itemListElement\":[{\"@type\":\"ListItem\",\"position\":1,\"name\":\"In\u00edcio\",\"item\":\"https:\\\/\\\/blogdacondessa.com.br\\\/blog\\\/\"},{\"@type\":\"ListItem\",\"position\":2,\"name\":\"Mais de 1 bilh\u00e3o de pessoas vivem com transtornos mentais, revela OMS\"}]},{\"@type\":\"WebSite\",\"@id\":\"https:\\\/\\\/blogdacondessa.com.br\\\/blog\\\/#website\",\"url\":\"https:\\\/\\\/blogdacondessa.com.br\\\/blog\\\/\",\"name\":\"Blog da Condessa\",\"description\":\"Com Shirley de Souza O\u2019Campos\",\"potentialAction\":[{\"@type\":\"SearchAction\",\"target\":{\"@type\":\"EntryPoint\",\"urlTemplate\":\"https:\\\/\\\/blogdacondessa.com.br\\\/blog\\\/?s={search_term_string}\"},\"query-input\":{\"@type\":\"PropertyValueSpecification\",\"valueRequired\":true,\"valueName\":\"search_term_string\"}}],\"inLanguage\":\"pt-BR\"},{\"@type\":\"Person\",\"@id\":\"https:\\\/\\\/blogdacondessa.com.br\\\/blog\\\/#\\\/schema\\\/person\\\/1d667ff8b785195b568677489d266035\",\"name\":\"Blog da Condessa\",\"image\":{\"@type\":\"ImageObject\",\"inLanguage\":\"pt-BR\",\"@id\":\"https:\\\/\\\/secure.gravatar.com\\\/avatar\\\/377c0eb8b4ad2bfc25461b41564b5971e721ca34a57642868fc7b0c8ac7b52c5?s=96&d=mm&r=g\",\"url\":\"https:\\\/\\\/secure.gravatar.com\\\/avatar\\\/377c0eb8b4ad2bfc25461b41564b5971e721ca34a57642868fc7b0c8ac7b52c5?s=96&d=mm&r=g\",\"contentUrl\":\"https:\\\/\\\/secure.gravatar.com\\\/avatar\\\/377c0eb8b4ad2bfc25461b41564b5971e721ca34a57642868fc7b0c8ac7b52c5?s=96&d=mm&r=g\",\"caption\":\"Blog da Condessa\"},\"url\":\"https:\\\/\\\/blogdacondessa.com.br\\\/blog\\\/author\\\/beatriz\\\/\"}]}<\/script>\n<!-- \/ Yoast SEO plugin. -->","yoast_head_json":{"title":"Mais de 1 bilh\u00e3o de pessoas vivem com transtornos mentais, revela OMS &#8902; Blog da Condessa","robots":{"index":"index","follow":"follow","max-snippet":"max-snippet:-1","max-image-preview":"max-image-preview:large","max-video-preview":"max-video-preview:-1"},"canonical":"https:\/\/blogdacondessa.com.br\/blog\/cotidiano\/mais-de-1-bilhao-de-pessoas-vivem-com-transtornos-mentais-revela-oms\/","og_locale":"pt_BR","og_type":"article","og_title":"Mais de 1 bilh\u00e3o de pessoas vivem com transtornos mentais, revela OMS &#8902; Blog da Condessa","og_description":"Suic\u00eddio tem consequ\u00eancia devastadora com 721 mil v\u00edtimas em 2021. Dados divulgados na ter\u00e7a-feira (2) pela Organiza\u00e7\u00e3o Mundial da Sa\u00fade (OMS) revelam que mais de um bilh\u00e3o de pessoas em todo o planeta vivem com algum tipo de transtorno mental, incluindo ansiedade e depress\u00e3o. O cen\u00e1rio causa imensos preju\u00edzos humanos e econ\u00f4micos, alerta a institui\u00e7\u00e3o.\u00a0 [&hellip;]","og_url":"https:\/\/blogdacondessa.com.br\/blog\/cotidiano\/mais-de-1-bilhao-de-pessoas-vivem-com-transtornos-mentais-revela-oms\/","og_site_name":"Blog da Condessa","article_published_time":"2025-09-03T09:00:10+00:00","og_image":[{"width":754,"height":503,"url":"https:\/\/blogdacondessa.com.br\/blog\/wp-content\/uploads\/2025\/09\/dia-de-finados_mcamgo_abr_02112024-7.webp","type":"image\/webp"}],"author":"Blog da Condessa","twitter_card":"summary_large_image","twitter_misc":{"Escrito por":"Blog da Condessa","Est. tempo de leitura":"3 minutos"},"schema":{"@context":"https:\/\/schema.org","@graph":[{"@type":"Article","@id":"https:\/\/blogdacondessa.com.br\/blog\/cotidiano\/mais-de-1-bilhao-de-pessoas-vivem-com-transtornos-mentais-revela-oms\/#article","isPartOf":{"@id":"https:\/\/blogdacondessa.com.br\/blog\/cotidiano\/mais-de-1-bilhao-de-pessoas-vivem-com-transtornos-mentais-revela-oms\/"},"author":{"name":"Blog da Condessa","@id":"https:\/\/blogdacondessa.com.br\/blog\/#\/schema\/person\/1d667ff8b785195b568677489d266035"},"headline":"Mais de 1 bilh\u00e3o de pessoas vivem com transtornos mentais, revela OMS","datePublished":"2025-09-03T09:00:10+00:00","mainEntityOfPage":{"@id":"https:\/\/blogdacondessa.com.br\/blog\/cotidiano\/mais-de-1-bilhao-de-pessoas-vivem-com-transtornos-mentais-revela-oms\/"},"wordCount":532,"image":{"@id":"https:\/\/blogdacondessa.com.br\/blog\/cotidiano\/mais-de-1-bilhao-de-pessoas-vivem-com-transtornos-mentais-revela-oms\/#primaryimage"},"thumbnailUrl":"https:\/\/blogdacondessa.com.br\/blog\/wp-content\/uploads\/2025\/09\/dia-de-finados_mcamgo_abr_02112024-7.webp","articleSection":["Cotidiano"],"inLanguage":"pt-BR"},{"@type":"WebPage","@id":"https:\/\/blogdacondessa.com.br\/blog\/cotidiano\/mais-de-1-bilhao-de-pessoas-vivem-com-transtornos-mentais-revela-oms\/","url":"https:\/\/blogdacondessa.com.br\/blog\/cotidiano\/mais-de-1-bilhao-de-pessoas-vivem-com-transtornos-mentais-revela-oms\/","name":"Mais de 1 bilh\u00e3o de pessoas vivem com transtornos mentais, revela OMS &#8902; Blog da Condessa","isPartOf":{"@id":"https:\/\/blogdacondessa.com.br\/blog\/#website"},"primaryImageOfPage":{"@id":"https:\/\/blogdacondessa.com.br\/blog\/cotidiano\/mais-de-1-bilhao-de-pessoas-vivem-com-transtornos-mentais-revela-oms\/#primaryimage"},"image":{"@id":"https:\/\/blogdacondessa.com.br\/blog\/cotidiano\/mais-de-1-bilhao-de-pessoas-vivem-com-transtornos-mentais-revela-oms\/#primaryimage"},"thumbnailUrl":"https:\/\/blogdacondessa.com.br\/blog\/wp-content\/uploads\/2025\/09\/dia-de-finados_mcamgo_abr_02112024-7.webp","datePublished":"2025-09-03T09:00:10+00:00","author":{"@id":"https:\/\/blogdacondessa.com.br\/blog\/#\/schema\/person\/1d667ff8b785195b568677489d266035"},"breadcrumb":{"@id":"https:\/\/blogdacondessa.com.br\/blog\/cotidiano\/mais-de-1-bilhao-de-pessoas-vivem-com-transtornos-mentais-revela-oms\/#breadcrumb"},"inLanguage":"pt-BR","potentialAction":[{"@type":"ReadAction","target":["https:\/\/blogdacondessa.com.br\/blog\/cotidiano\/mais-de-1-bilhao-de-pessoas-vivem-com-transtornos-mentais-revela-oms\/"]}]},{"@type":"ImageObject","inLanguage":"pt-BR","@id":"https:\/\/blogdacondessa.com.br\/blog\/cotidiano\/mais-de-1-bilhao-de-pessoas-vivem-com-transtornos-mentais-revela-oms\/#primaryimage","url":"https:\/\/blogdacondessa.com.br\/blog\/wp-content\/uploads\/2025\/09\/dia-de-finados_mcamgo_abr_02112024-7.webp","contentUrl":"https:\/\/blogdacondessa.com.br\/blog\/wp-content\/uploads\/2025\/09\/dia-de-finados_mcamgo_abr_02112024-7.webp","width":754,"height":503,"caption":"Foto: REUTERS\/Denis Balibouse\/Proibida reprodu\u00e7\u00e3o"},{"@type":"BreadcrumbList","@id":"https:\/\/blogdacondessa.com.br\/blog\/cotidiano\/mais-de-1-bilhao-de-pessoas-vivem-com-transtornos-mentais-revela-oms\/#breadcrumb","itemListElement":[{"@type":"ListItem","position":1,"name":"In\u00edcio","item":"https:\/\/blogdacondessa.com.br\/blog\/"},{"@type":"ListItem","position":2,"name":"Mais de 1 bilh\u00e3o de pessoas vivem com transtornos mentais, revela OMS"}]},{"@type":"WebSite","@id":"https:\/\/blogdacondessa.com.br\/blog\/#website","url":"https:\/\/blogdacondessa.com.br\/blog\/","name":"Blog da Condessa","description":"Com Shirley de Souza O\u2019Campos","potentialAction":[{"@type":"SearchAction","target":{"@type":"EntryPoint","urlTemplate":"https:\/\/blogdacondessa.com.br\/blog\/?s={search_term_string}"},"query-input":{"@type":"PropertyValueSpecification","valueRequired":true,"valueName":"search_term_string"}}],"inLanguage":"pt-BR"},{"@type":"Person","@id":"https:\/\/blogdacondessa.com.br\/blog\/#\/schema\/person\/1d667ff8b785195b568677489d266035","name":"Blog da Condessa","image":{"@type":"ImageObject","inLanguage":"pt-BR","@id":"https:\/\/secure.gravatar.com\/avatar\/377c0eb8b4ad2bfc25461b41564b5971e721ca34a57642868fc7b0c8ac7b52c5?s=96&d=mm&r=g","url":"https:\/\/secure.gravatar.com\/avatar\/377c0eb8b4ad2bfc25461b41564b5971e721ca34a57642868fc7b0c8ac7b52c5?s=96&d=mm&r=g","contentUrl":"https:\/\/secure.gravatar.com\/avatar\/377c0eb8b4ad2bfc25461b41564b5971e721ca34a57642868fc7b0c8ac7b52c5?s=96&d=mm&r=g","caption":"Blog da Condessa"},"url":"https:\/\/blogdacondessa.com.br\/blog\/author\/beatriz\/"}]}},"_links":{"self":[{"href":"https:\/\/blogdacondessa.com.br\/blog\/wp-json\/wp\/v2\/posts\/12679","targetHints":{"allow":["GET"]}}],"collection":[{"href":"https:\/\/blogdacondessa.com.br\/blog\/wp-json\/wp\/v2\/posts"}],"about":[{"href":"https:\/\/blogdacondessa.com.br\/blog\/wp-json\/wp\/v2\/types\/post"}],"author":[{"embeddable":true,"href":"https:\/\/blogdacondessa.com.br\/blog\/wp-json\/wp\/v2\/users\/2"}],"replies":[{"embeddable":true,"href":"https:\/\/blogdacondessa.com.br\/blog\/wp-json\/wp\/v2\/comments?post=12679"}],"version-history":[{"count":1,"href":"https:\/\/blogdacondessa.com.br\/blog\/wp-json\/wp\/v2\/posts\/12679\/revisions"}],"predecessor-version":[{"id":12681,"href":"https:\/\/blogdacondessa.com.br\/blog\/wp-json\/wp\/v2\/posts\/12679\/revisions\/12681"}],"wp:featuredmedia":[{"embeddable":true,"href":"https:\/\/blogdacondessa.com.br\/blog\/wp-json\/wp\/v2\/media\/12680"}],"wp:attachment":[{"href":"https:\/\/blogdacondessa.com.br\/blog\/wp-json\/wp\/v2\/media?parent=12679"}],"wp:term":[{"taxonomy":"category","embeddable":true,"href":"https:\/\/blogdacondessa.com.br\/blog\/wp-json\/wp\/v2\/categories?post=12679"},{"taxonomy":"post_tag","embeddable":true,"href":"https:\/\/blogdacondessa.com.br\/blog\/wp-json\/wp\/v2\/tags?post=12679"}],"curies":[{"name":"wp","href":"https:\/\/api.w.org\/{rel}","templated":true}]}}