{"id":12654,"date":"2025-08-29T05:00:36","date_gmt":"2025-08-29T09:00:36","guid":{"rendered":"https:\/\/blogdacondessa.com.br\/blog\/?p=12654"},"modified":"2025-08-28T18:53:10","modified_gmt":"2025-08-28T22:53:10","slug":"cadastro-de-pessoas-desaparecidas-renova-esperancas-dizem-familias","status":"publish","type":"post","link":"https:\/\/blogdacondessa.com.br\/blog\/cidades\/cadastro-de-pessoas-desaparecidas-renova-esperancas-dizem-familias\/","title":{"rendered":"Cadastro de pessoas desaparecidas renova esperan\u00e7as, dizem fam\u00edlias"},"content":{"rendered":"<p>Plataforma lan\u00e7ada prev\u00ea a integra\u00e7\u00e3o de diferentes bases de dados.<\/p>\n<p>Uma dor imensur\u00e1vel de perda tomou conta da vida de Ivanise da Silva Santos h\u00e1 quase\u00a0 30 anos. Em dezembro de 1995, a filha Fabiana Esperidi\u00e3o da Silva, com apenas 13 anos de idade, desapareceu quando estava a 100 metros de casa, em S\u00e3o Paulo (SP). Desde ent\u00e3o, ela busca Fabiana e se tornou uma ativista na causa, tanto que criou a Associa\u00e7\u00e3o M\u00e3es da S\u00e9.<\/p>\n<p>Na quarta (27), Ivanise recebeu uma not\u00edcia que representa esperan\u00e7a para ela e para outras fam\u00edlias que vivem a mesma dor.\u00a0<strong>Ela esteve em Bras\u00edlia para a solenidade de\u00a0 cria\u00e7\u00e3o, por parte do Minist\u00e9rio da Justi\u00e7a e Seguran\u00e7a P\u00fablica, do Cadastro Nacional de Pessoas Desaparecidas, que prev\u00ea a integra\u00e7\u00e3o de diferentes bases de dados.<\/strong><\/p>\n<p>O endere\u00e7o do cadastro \u00e9:\u00a0<a href=\"https:\/\/cnpd.mj.gov.br\/painel-publico\"><strong>https:\/\/cnpd.mj.gov.br\/painel-publico<\/strong><\/a><\/p>\n<p>\u201cHoje eu estou aqui em estado de gra\u00e7a porque finalmente a gente vai poder comemorar o marco inicial de uma luta que eu carrego h\u00e1 quase 30 anos\u201d, disse.<\/p>\n<p><strong>A ativista considera que o cadastro vai beneficiar n\u00e3o s\u00f3 os familiares, mas ele vai facilitar os estados, atrav\u00e9s dos seus agentes.\u00a0<\/strong><\/p>\n<p>\u201cEu tenho certeza que, a partir de hoje, n\u00f3s juntos vamos mudar esse cen\u00e1rio. A incerteza, a pior dor que existe, \u00e9 mil vezes pior que a morte. E eu n\u00e3o desejo isso para ningu\u00e9m\u201d, afirmou.<\/p>\n<p><strong>Em 2024, foram registrados 81.022 desaparecimentos no Brasil. Desses, 55.159 foram elucidados, o que representa uma taxa de localiza\u00e7\u00e3o de 68%.<\/strong><\/p>\n<p><strong>Funcionalidades<\/strong><\/p>\n<p>A diretora do Sistema \u00danico de Seguran\u00e7a P\u00fablica, Isabel Figueiredo, explicou que o cadastro contar\u00e1 com com novas etapas que v\u00e3o ser desenvolvidas. Ela esclareceu ainda que, nesta quarta, foram lan\u00e7adas duas funcionalidades principais. A<strong>\u00a0primeira \u00e9 o painel p\u00fablico com casos concretos, incluindo fotografias e informa\u00e7\u00f5es gerais das pessoas desaparecidas.<\/strong><\/p>\n<p><strong>A segunda \u00e9 um\u00a0<a href=\"https:\/\/homsegurancasinesp.serpro.gov.br\/sinesp-seguranca\/login.jsf?goto=CNPD\">cadastro espec\u00edfico para os \u00f3rg\u00e3os de seguran\u00e7a p\u00fablica<\/a>.\u00a0<\/strong>Trata-se de um banco de dados com acesso restrito que somente os profissionais de seguran\u00e7a p\u00fablica v\u00e3o poder acessar. Ter\u00e3o informa\u00e7\u00f5es bem mais detalhadas, como as \u00edntegras dos documentos<\/p>\n<p>Ela ainda ratificou a inten\u00e7\u00e3o de disseminar a campanha junto aos agentes p\u00fablicos nos estados em que os registros de desaparecimentos sejam feitos o quanto antes e n\u00e3o esperando 48 horas, como alguns protocolos estaduais exigem.<\/p>\n<p>\u201cQuanto antes o Estado brasileiro e as institui\u00e7\u00f5es de seguran\u00e7a p\u00fablica souberem desses casos, maior a chance que a gente tem de localizar essas pessoas e de localizar essas pessoas com vida\u201d, considerou.<\/p>\n<p><strong>Informa\u00e7\u00f5es dispersas<\/strong><\/p>\n<p>O cadastro foi previsto pela Lei 13.812, de 2019. O chefe da delega\u00e7\u00e3o regional do Comit\u00ea Internacional da Cruz Vermelha na Am\u00e9rica do Sul, Nicolas Olivier, disse que a inova\u00e7\u00e3o chega em bom momento porque\u00a0<strong>atualmente as informa\u00e7\u00f5es sobre desaparecidos est\u00e3o dispersas em diferentes \u00f3rg\u00e3os e bases de dados, o que enfraquece as pol\u00edticas p\u00fablicas.\u00a0<\/strong><\/p>\n<p>\u201cUm cadastro unificado n\u00e3o \u00e9 apenas uma lista de nomes. \u00c9 um verdadeiro sistema de gest\u00e3o de informa\u00e7\u00f5es, capaz de cruzar dados, gerar pistas e criar um hist\u00f3rico confi\u00e1vel para apoiar tanto na busca como na preven\u00e7\u00e3o do desaparecimento\u201d, afirmou.<\/p>\n<p>Ele entende que, para o Estado, representa mais coordena\u00e7\u00e3o, menos duplicidade e pol\u00edticas baseadas em evid\u00eancias.<\/p>\n<p>O secret\u00e1rio nacional de Seguran\u00e7a P\u00fablica, Mario Luiz Sarrubbo, considerou, no evento, que a sociedade brasileira e o poder p\u00fablico t\u00eam um grande d\u00e9bito com as fam\u00edlias de desaparecidos.<\/p>\n<p>\u201cPrecisamos conscientizar n\u00e3o s\u00f3 o poder p\u00fablico de norte a sul deste pa\u00eds, mas tamb\u00e9m a sociedade civil\u201d.<\/p>\n<p><strong>Busca pelo Brasil<\/strong><\/p>\n<p>A brasiliense K\u00e1tia Liberato, que hoje tem 44 anos tamb\u00e9m sente essa dor da incerteza de perto. Em 1999, a m\u00e3e, Mirian, ent\u00e3o com 49 anos, desapareceu ao sair de casa ap\u00f3s uma discuss\u00e3o com o marido. K\u00e1tia s\u00f3 tinha 15 anos e era a filha mais velha de quatro irm\u00e3os.<\/p>\n<p>Como n\u00e3o existiam dados integrados, teve que fazer um verdadeiro p\u00e9riplo pelo Brasil contando com o pouco dinheiro que a fam\u00edlia dispunha para tentar encontrar Mirian.<\/p>\n<p>Ela viajou para cidades de Goi\u00e1s e Cear\u00e1, onde a m\u00e3e tinha ra\u00edzes, para abrir boletins de ocorr\u00eancia. \u201cEsse cadastro unificado renova minhas esperan\u00e7as\u201d. Principalmente porque, segundo confia, as informa\u00e7\u00f5es v\u00e3o poder circular muito mais. Para ela, demorou para que o Brasil tivesse um cadastro unificado. \u201cMas essa \u00e9 uma boa not\u00edcia. Eu ainda penso em encontrar minha m\u00e3e\u201d, disse. (Fonte: Ag\u00eancia Brasil)<\/p>\n","protected":false},"excerpt":{"rendered":"<p>Plataforma lan\u00e7ada prev\u00ea a integra\u00e7\u00e3o de diferentes bases de dados. Uma dor imensur\u00e1vel de perda tomou conta da vida de Ivanise da Silva Santos h\u00e1 quase\u00a0 30 anos. Em dezembro de 1995, a filha Fabiana Esperidi\u00e3o da Silva, com apenas 13 anos de idade, desapareceu quando estava a 100 metros de casa, em S\u00e3o Paulo [&hellip;]<\/p>\n","protected":false},"author":2,"featured_media":12655,"comment_status":"closed","ping_status":"closed","sticky":false,"template":"","format":"standard","meta":{"iawp_total_views":1,"footnotes":""},"categories":[12],"tags":[],"class_list":["post-12654","post","type-post","status-publish","format-standard","has-post-thumbnail","hentry","category-cidades"],"yoast_head":"<!-- This site is optimized with the Yoast SEO plugin v27.3 - https:\/\/yoast.com\/product\/yoast-seo-wordpress\/ -->\n<title>Cadastro de pessoas desaparecidas renova esperan\u00e7as, dizem fam\u00edlias &#8902; Blog da Condessa<\/title>\n<meta name=\"robots\" content=\"index, follow, max-snippet:-1, max-image-preview:large, max-video-preview:-1\" \/>\n<link rel=\"canonical\" href=\"https:\/\/blogdacondessa.com.br\/blog\/cidades\/cadastro-de-pessoas-desaparecidas-renova-esperancas-dizem-familias\/\" \/>\n<meta property=\"og:locale\" content=\"pt_BR\" \/>\n<meta property=\"og:type\" content=\"article\" \/>\n<meta property=\"og:title\" content=\"Cadastro de pessoas desaparecidas renova esperan\u00e7as, dizem fam\u00edlias &#8902; Blog da Condessa\" \/>\n<meta property=\"og:description\" content=\"Plataforma lan\u00e7ada prev\u00ea a integra\u00e7\u00e3o de diferentes bases de dados. Uma dor imensur\u00e1vel de perda tomou conta da vida de Ivanise da Silva Santos h\u00e1 quase\u00a0 30 anos. Em dezembro de 1995, a filha Fabiana Esperidi\u00e3o da Silva, com apenas 13 anos de idade, desapareceu quando estava a 100 metros de casa, em S\u00e3o Paulo [&hellip;]\" \/>\n<meta property=\"og:url\" content=\"https:\/\/blogdacondessa.com.br\/blog\/cidades\/cadastro-de-pessoas-desaparecidas-renova-esperancas-dizem-familias\/\" \/>\n<meta property=\"og:site_name\" content=\"Blog da Condessa\" \/>\n<meta property=\"article:published_time\" content=\"2025-08-29T09:00:36+00:00\" \/>\n<meta property=\"og:image\" content=\"https:\/\/blogdacondessa.com.br\/blog\/wp-content\/uploads\/2025\/08\/DESAPARECIDAS-certa.webp\" \/>\n\t<meta property=\"og:image:width\" content=\"1170\" \/>\n\t<meta property=\"og:image:height\" content=\"700\" \/>\n\t<meta property=\"og:image:type\" content=\"image\/webp\" \/>\n<meta name=\"author\" content=\"Blog da Condessa\" \/>\n<meta name=\"twitter:card\" content=\"summary_large_image\" \/>\n<meta name=\"twitter:label1\" content=\"Escrito por\" \/>\n\t<meta name=\"twitter:data1\" content=\"Blog da Condessa\" \/>\n\t<meta name=\"twitter:label2\" content=\"Est. tempo de leitura\" \/>\n\t<meta name=\"twitter:data2\" content=\"5 minutos\" \/>\n<script type=\"application\/ld+json\" class=\"yoast-schema-graph\">{\"@context\":\"https:\\\/\\\/schema.org\",\"@graph\":[{\"@type\":\"Article\",\"@id\":\"https:\\\/\\\/blogdacondessa.com.br\\\/blog\\\/cidades\\\/cadastro-de-pessoas-desaparecidas-renova-esperancas-dizem-familias\\\/#article\",\"isPartOf\":{\"@id\":\"https:\\\/\\\/blogdacondessa.com.br\\\/blog\\\/cidades\\\/cadastro-de-pessoas-desaparecidas-renova-esperancas-dizem-familias\\\/\"},\"author\":{\"name\":\"Blog da Condessa\",\"@id\":\"https:\\\/\\\/blogdacondessa.com.br\\\/blog\\\/#\\\/schema\\\/person\\\/1d667ff8b785195b568677489d266035\"},\"headline\":\"Cadastro de pessoas desaparecidas renova esperan\u00e7as, dizem fam\u00edlias\",\"datePublished\":\"2025-08-29T09:00:36+00:00\",\"mainEntityOfPage\":{\"@id\":\"https:\\\/\\\/blogdacondessa.com.br\\\/blog\\\/cidades\\\/cadastro-de-pessoas-desaparecidas-renova-esperancas-dizem-familias\\\/\"},\"wordCount\":798,\"image\":{\"@id\":\"https:\\\/\\\/blogdacondessa.com.br\\\/blog\\\/cidades\\\/cadastro-de-pessoas-desaparecidas-renova-esperancas-dizem-familias\\\/#primaryimage\"},\"thumbnailUrl\":\"https:\\\/\\\/blogdacondessa.com.br\\\/blog\\\/wp-content\\\/uploads\\\/2025\\\/08\\\/DESAPARECIDAS-certa.webp\",\"articleSection\":[\"Cidades\"],\"inLanguage\":\"pt-BR\"},{\"@type\":\"WebPage\",\"@id\":\"https:\\\/\\\/blogdacondessa.com.br\\\/blog\\\/cidades\\\/cadastro-de-pessoas-desaparecidas-renova-esperancas-dizem-familias\\\/\",\"url\":\"https:\\\/\\\/blogdacondessa.com.br\\\/blog\\\/cidades\\\/cadastro-de-pessoas-desaparecidas-renova-esperancas-dizem-familias\\\/\",\"name\":\"Cadastro de pessoas desaparecidas renova esperan\u00e7as, dizem fam\u00edlias &#8902; Blog da Condessa\",\"isPartOf\":{\"@id\":\"https:\\\/\\\/blogdacondessa.com.br\\\/blog\\\/#website\"},\"primaryImageOfPage\":{\"@id\":\"https:\\\/\\\/blogdacondessa.com.br\\\/blog\\\/cidades\\\/cadastro-de-pessoas-desaparecidas-renova-esperancas-dizem-familias\\\/#primaryimage\"},\"image\":{\"@id\":\"https:\\\/\\\/blogdacondessa.com.br\\\/blog\\\/cidades\\\/cadastro-de-pessoas-desaparecidas-renova-esperancas-dizem-familias\\\/#primaryimage\"},\"thumbnailUrl\":\"https:\\\/\\\/blogdacondessa.com.br\\\/blog\\\/wp-content\\\/uploads\\\/2025\\\/08\\\/DESAPARECIDAS-certa.webp\",\"datePublished\":\"2025-08-29T09:00:36+00:00\",\"author\":{\"@id\":\"https:\\\/\\\/blogdacondessa.com.br\\\/blog\\\/#\\\/schema\\\/person\\\/1d667ff8b785195b568677489d266035\"},\"breadcrumb\":{\"@id\":\"https:\\\/\\\/blogdacondessa.com.br\\\/blog\\\/cidades\\\/cadastro-de-pessoas-desaparecidas-renova-esperancas-dizem-familias\\\/#breadcrumb\"},\"inLanguage\":\"pt-BR\",\"potentialAction\":[{\"@type\":\"ReadAction\",\"target\":[\"https:\\\/\\\/blogdacondessa.com.br\\\/blog\\\/cidades\\\/cadastro-de-pessoas-desaparecidas-renova-esperancas-dizem-familias\\\/\"]}]},{\"@type\":\"ImageObject\",\"inLanguage\":\"pt-BR\",\"@id\":\"https:\\\/\\\/blogdacondessa.com.br\\\/blog\\\/cidades\\\/cadastro-de-pessoas-desaparecidas-renova-esperancas-dizem-familias\\\/#primaryimage\",\"url\":\"https:\\\/\\\/blogdacondessa.com.br\\\/blog\\\/wp-content\\\/uploads\\\/2025\\\/08\\\/DESAPARECIDAS-certa.webp\",\"contentUrl\":\"https:\\\/\\\/blogdacondessa.com.br\\\/blog\\\/wp-content\\\/uploads\\\/2025\\\/08\\\/DESAPARECIDAS-certa.webp\",\"width\":1170,\"height\":700,\"caption\":\"Foto: Paulo Pinto\\\/Ag\u00eancia Brasil\"},{\"@type\":\"BreadcrumbList\",\"@id\":\"https:\\\/\\\/blogdacondessa.com.br\\\/blog\\\/cidades\\\/cadastro-de-pessoas-desaparecidas-renova-esperancas-dizem-familias\\\/#breadcrumb\",\"itemListElement\":[{\"@type\":\"ListItem\",\"position\":1,\"name\":\"In\u00edcio\",\"item\":\"https:\\\/\\\/blogdacondessa.com.br\\\/blog\\\/\"},{\"@type\":\"ListItem\",\"position\":2,\"name\":\"Cadastro de pessoas desaparecidas renova esperan\u00e7as, dizem fam\u00edlias\"}]},{\"@type\":\"WebSite\",\"@id\":\"https:\\\/\\\/blogdacondessa.com.br\\\/blog\\\/#website\",\"url\":\"https:\\\/\\\/blogdacondessa.com.br\\\/blog\\\/\",\"name\":\"Blog da Condessa\",\"description\":\"Com Shirley de Souza O\u2019Campos\",\"potentialAction\":[{\"@type\":\"SearchAction\",\"target\":{\"@type\":\"EntryPoint\",\"urlTemplate\":\"https:\\\/\\\/blogdacondessa.com.br\\\/blog\\\/?s={search_term_string}\"},\"query-input\":{\"@type\":\"PropertyValueSpecification\",\"valueRequired\":true,\"valueName\":\"search_term_string\"}}],\"inLanguage\":\"pt-BR\"},{\"@type\":\"Person\",\"@id\":\"https:\\\/\\\/blogdacondessa.com.br\\\/blog\\\/#\\\/schema\\\/person\\\/1d667ff8b785195b568677489d266035\",\"name\":\"Blog da Condessa\",\"image\":{\"@type\":\"ImageObject\",\"inLanguage\":\"pt-BR\",\"@id\":\"https:\\\/\\\/secure.gravatar.com\\\/avatar\\\/377c0eb8b4ad2bfc25461b41564b5971e721ca34a57642868fc7b0c8ac7b52c5?s=96&d=mm&r=g\",\"url\":\"https:\\\/\\\/secure.gravatar.com\\\/avatar\\\/377c0eb8b4ad2bfc25461b41564b5971e721ca34a57642868fc7b0c8ac7b52c5?s=96&d=mm&r=g\",\"contentUrl\":\"https:\\\/\\\/secure.gravatar.com\\\/avatar\\\/377c0eb8b4ad2bfc25461b41564b5971e721ca34a57642868fc7b0c8ac7b52c5?s=96&d=mm&r=g\",\"caption\":\"Blog da Condessa\"},\"url\":\"https:\\\/\\\/blogdacondessa.com.br\\\/blog\\\/author\\\/beatriz\\\/\"}]}<\/script>\n<!-- \/ Yoast SEO plugin. -->","yoast_head_json":{"title":"Cadastro de pessoas desaparecidas renova esperan\u00e7as, dizem fam\u00edlias &#8902; Blog da Condessa","robots":{"index":"index","follow":"follow","max-snippet":"max-snippet:-1","max-image-preview":"max-image-preview:large","max-video-preview":"max-video-preview:-1"},"canonical":"https:\/\/blogdacondessa.com.br\/blog\/cidades\/cadastro-de-pessoas-desaparecidas-renova-esperancas-dizem-familias\/","og_locale":"pt_BR","og_type":"article","og_title":"Cadastro de pessoas desaparecidas renova esperan\u00e7as, dizem fam\u00edlias &#8902; Blog da Condessa","og_description":"Plataforma lan\u00e7ada prev\u00ea a integra\u00e7\u00e3o de diferentes bases de dados. Uma dor imensur\u00e1vel de perda tomou conta da vida de Ivanise da Silva Santos h\u00e1 quase\u00a0 30 anos. Em dezembro de 1995, a filha Fabiana Esperidi\u00e3o da Silva, com apenas 13 anos de idade, desapareceu quando estava a 100 metros de casa, em S\u00e3o Paulo [&hellip;]","og_url":"https:\/\/blogdacondessa.com.br\/blog\/cidades\/cadastro-de-pessoas-desaparecidas-renova-esperancas-dizem-familias\/","og_site_name":"Blog da Condessa","article_published_time":"2025-08-29T09:00:36+00:00","og_image":[{"width":1170,"height":700,"url":"https:\/\/blogdacondessa.com.br\/blog\/wp-content\/uploads\/2025\/08\/DESAPARECIDAS-certa.webp","type":"image\/webp"}],"author":"Blog da Condessa","twitter_card":"summary_large_image","twitter_misc":{"Escrito por":"Blog da Condessa","Est. tempo de leitura":"5 minutos"},"schema":{"@context":"https:\/\/schema.org","@graph":[{"@type":"Article","@id":"https:\/\/blogdacondessa.com.br\/blog\/cidades\/cadastro-de-pessoas-desaparecidas-renova-esperancas-dizem-familias\/#article","isPartOf":{"@id":"https:\/\/blogdacondessa.com.br\/blog\/cidades\/cadastro-de-pessoas-desaparecidas-renova-esperancas-dizem-familias\/"},"author":{"name":"Blog da Condessa","@id":"https:\/\/blogdacondessa.com.br\/blog\/#\/schema\/person\/1d667ff8b785195b568677489d266035"},"headline":"Cadastro de pessoas desaparecidas renova esperan\u00e7as, dizem fam\u00edlias","datePublished":"2025-08-29T09:00:36+00:00","mainEntityOfPage":{"@id":"https:\/\/blogdacondessa.com.br\/blog\/cidades\/cadastro-de-pessoas-desaparecidas-renova-esperancas-dizem-familias\/"},"wordCount":798,"image":{"@id":"https:\/\/blogdacondessa.com.br\/blog\/cidades\/cadastro-de-pessoas-desaparecidas-renova-esperancas-dizem-familias\/#primaryimage"},"thumbnailUrl":"https:\/\/blogdacondessa.com.br\/blog\/wp-content\/uploads\/2025\/08\/DESAPARECIDAS-certa.webp","articleSection":["Cidades"],"inLanguage":"pt-BR"},{"@type":"WebPage","@id":"https:\/\/blogdacondessa.com.br\/blog\/cidades\/cadastro-de-pessoas-desaparecidas-renova-esperancas-dizem-familias\/","url":"https:\/\/blogdacondessa.com.br\/blog\/cidades\/cadastro-de-pessoas-desaparecidas-renova-esperancas-dizem-familias\/","name":"Cadastro de pessoas desaparecidas renova esperan\u00e7as, dizem fam\u00edlias &#8902; Blog da Condessa","isPartOf":{"@id":"https:\/\/blogdacondessa.com.br\/blog\/#website"},"primaryImageOfPage":{"@id":"https:\/\/blogdacondessa.com.br\/blog\/cidades\/cadastro-de-pessoas-desaparecidas-renova-esperancas-dizem-familias\/#primaryimage"},"image":{"@id":"https:\/\/blogdacondessa.com.br\/blog\/cidades\/cadastro-de-pessoas-desaparecidas-renova-esperancas-dizem-familias\/#primaryimage"},"thumbnailUrl":"https:\/\/blogdacondessa.com.br\/blog\/wp-content\/uploads\/2025\/08\/DESAPARECIDAS-certa.webp","datePublished":"2025-08-29T09:00:36+00:00","author":{"@id":"https:\/\/blogdacondessa.com.br\/blog\/#\/schema\/person\/1d667ff8b785195b568677489d266035"},"breadcrumb":{"@id":"https:\/\/blogdacondessa.com.br\/blog\/cidades\/cadastro-de-pessoas-desaparecidas-renova-esperancas-dizem-familias\/#breadcrumb"},"inLanguage":"pt-BR","potentialAction":[{"@type":"ReadAction","target":["https:\/\/blogdacondessa.com.br\/blog\/cidades\/cadastro-de-pessoas-desaparecidas-renova-esperancas-dizem-familias\/"]}]},{"@type":"ImageObject","inLanguage":"pt-BR","@id":"https:\/\/blogdacondessa.com.br\/blog\/cidades\/cadastro-de-pessoas-desaparecidas-renova-esperancas-dizem-familias\/#primaryimage","url":"https:\/\/blogdacondessa.com.br\/blog\/wp-content\/uploads\/2025\/08\/DESAPARECIDAS-certa.webp","contentUrl":"https:\/\/blogdacondessa.com.br\/blog\/wp-content\/uploads\/2025\/08\/DESAPARECIDAS-certa.webp","width":1170,"height":700,"caption":"Foto: Paulo Pinto\/Ag\u00eancia Brasil"},{"@type":"BreadcrumbList","@id":"https:\/\/blogdacondessa.com.br\/blog\/cidades\/cadastro-de-pessoas-desaparecidas-renova-esperancas-dizem-familias\/#breadcrumb","itemListElement":[{"@type":"ListItem","position":1,"name":"In\u00edcio","item":"https:\/\/blogdacondessa.com.br\/blog\/"},{"@type":"ListItem","position":2,"name":"Cadastro de pessoas desaparecidas renova esperan\u00e7as, dizem fam\u00edlias"}]},{"@type":"WebSite","@id":"https:\/\/blogdacondessa.com.br\/blog\/#website","url":"https:\/\/blogdacondessa.com.br\/blog\/","name":"Blog da Condessa","description":"Com Shirley de Souza O\u2019Campos","potentialAction":[{"@type":"SearchAction","target":{"@type":"EntryPoint","urlTemplate":"https:\/\/blogdacondessa.com.br\/blog\/?s={search_term_string}"},"query-input":{"@type":"PropertyValueSpecification","valueRequired":true,"valueName":"search_term_string"}}],"inLanguage":"pt-BR"},{"@type":"Person","@id":"https:\/\/blogdacondessa.com.br\/blog\/#\/schema\/person\/1d667ff8b785195b568677489d266035","name":"Blog da Condessa","image":{"@type":"ImageObject","inLanguage":"pt-BR","@id":"https:\/\/secure.gravatar.com\/avatar\/377c0eb8b4ad2bfc25461b41564b5971e721ca34a57642868fc7b0c8ac7b52c5?s=96&d=mm&r=g","url":"https:\/\/secure.gravatar.com\/avatar\/377c0eb8b4ad2bfc25461b41564b5971e721ca34a57642868fc7b0c8ac7b52c5?s=96&d=mm&r=g","contentUrl":"https:\/\/secure.gravatar.com\/avatar\/377c0eb8b4ad2bfc25461b41564b5971e721ca34a57642868fc7b0c8ac7b52c5?s=96&d=mm&r=g","caption":"Blog da Condessa"},"url":"https:\/\/blogdacondessa.com.br\/blog\/author\/beatriz\/"}]}},"_links":{"self":[{"href":"https:\/\/blogdacondessa.com.br\/blog\/wp-json\/wp\/v2\/posts\/12654","targetHints":{"allow":["GET"]}}],"collection":[{"href":"https:\/\/blogdacondessa.com.br\/blog\/wp-json\/wp\/v2\/posts"}],"about":[{"href":"https:\/\/blogdacondessa.com.br\/blog\/wp-json\/wp\/v2\/types\/post"}],"author":[{"embeddable":true,"href":"https:\/\/blogdacondessa.com.br\/blog\/wp-json\/wp\/v2\/users\/2"}],"replies":[{"embeddable":true,"href":"https:\/\/blogdacondessa.com.br\/blog\/wp-json\/wp\/v2\/comments?post=12654"}],"version-history":[{"count":1,"href":"https:\/\/blogdacondessa.com.br\/blog\/wp-json\/wp\/v2\/posts\/12654\/revisions"}],"predecessor-version":[{"id":12656,"href":"https:\/\/blogdacondessa.com.br\/blog\/wp-json\/wp\/v2\/posts\/12654\/revisions\/12656"}],"wp:featuredmedia":[{"embeddable":true,"href":"https:\/\/blogdacondessa.com.br\/blog\/wp-json\/wp\/v2\/media\/12655"}],"wp:attachment":[{"href":"https:\/\/blogdacondessa.com.br\/blog\/wp-json\/wp\/v2\/media?parent=12654"}],"wp:term":[{"taxonomy":"category","embeddable":true,"href":"https:\/\/blogdacondessa.com.br\/blog\/wp-json\/wp\/v2\/categories?post=12654"},{"taxonomy":"post_tag","embeddable":true,"href":"https:\/\/blogdacondessa.com.br\/blog\/wp-json\/wp\/v2\/tags?post=12654"}],"curies":[{"name":"wp","href":"https:\/\/api.w.org\/{rel}","templated":true}]}}