{"id":12651,"date":"2025-08-29T05:00:09","date_gmt":"2025-08-29T09:00:09","guid":{"rendered":"https:\/\/blogdacondessa.com.br\/blog\/?p=12651"},"modified":"2025-08-28T18:22:46","modified_gmt":"2025-08-28T22:22:46","slug":"aumento-de-fumantes-acende-alerta-no-brasil","status":"publish","type":"post","link":"https:\/\/blogdacondessa.com.br\/blog\/cotidiano\/aumento-de-fumantes-acende-alerta-no-brasil\/","title":{"rendered":"Aumento de fumantes acende alerta no Brasil"},"content":{"rendered":"<p>Pela primeira vez em quase 20 anos, a preval\u00eancia do tabagismo voltou a crescer nas capitais, segundo o Minist\u00e9rio da Sa\u00fade._<\/p>\n<p>O percentual de adultos fumantes nas capitais brasileiras subiu de 9,3% em 2023 para 11,6% em 2024, de acordo com dados preliminares da pesquisa Vigitel, divulgada pelo Minist\u00e9rio da Sa\u00fade em maio de 2025. A alta interrompeu uma trajet\u00f3ria de queda cont\u00ednua desde 2007 e marca o Dia Nacional de Combate ao Fumo, celebrado nesta sexta-feira (29), como um momento de alerta para o pa\u00eds.<\/p>\n<p>Para o m\u00e9dico de Fam\u00edlia e Comunidade Felipe Bruno Santos da Cunha, da Amparo Sa\u00fade, uma empresa do Grupo Sabin, a data tem um papel educativo e de mobiliza\u00e7\u00e3o social. \u201c\u00c9 uma oportunidade de chamar aten\u00e7\u00e3o para os malef\u00edcios do tabagismo, fortalecer pol\u00edticas de controle do fumo, promover a conscientiza\u00e7\u00e3o, estimular a preven\u00e7\u00e3o e fortalecer o engajamento da sociedade no abandono do h\u00e1bito de fumar\u201d, refor\u00e7a.<\/p>\n<p>Segundo ele, o tabagismo segue sendo a principal causa evit\u00e1vel de morte e est\u00e1 ligado a diferentes tipos de c\u00e2ncer, como pulm\u00e3o, laringe e bexiga, al\u00e9m de doen\u00e7as respirat\u00f3rias cr\u00f4nicas e cardiovasculares. \u201cO fumo aumenta o risco de infarto, Acidente Vascular Cerebral (AVC) e complica\u00e7\u00f5es na gesta\u00e7\u00e3o, incluindo malforma\u00e7\u00f5es e abortamento\u201d, destacou. Dados do Instituto Nacional de C\u00e2ncer (INCA) apontam que aproximadamente 20% dos c\u00e2nceres diagnosticados no Brasil est\u00e3o relacionados ao consumo de tabaco.<\/p>\n<p>Crian\u00e7as e gestantes est\u00e3o entre os mais vulner\u00e1veis ao fumo passivo, com maior risco de infec\u00e7\u00f5es respirat\u00f3rias e baixo peso ao nascer. Idosos e pessoas com doen\u00e7as cr\u00f4nicas tamb\u00e9m sofrem mais com as complica\u00e7\u00f5es. J\u00e1 adolescentes apresentam maior suscetibilidade \u00e0 depend\u00eancia, o que preocupa no contexto do aumento do uso de cigarros eletr\u00f4nicos, tamb\u00e9m chamados de vape. Embora proibidos no Brasil, esses dispositivos cresceram de 2,1% para 2,6% entre adultos das capitais, segundo dados pr\u00e9vios do Vigitel 2024.<\/p>\n<p>Al\u00e9m do cigarro, produtos como narguil\u00e9, cigarros de palha, charutos e tabaco de mascar tamb\u00e9m oferecem riscos relevantes. Todos eles liberam subst\u00e2ncias t\u00f3xicas e aumentam a depend\u00eancia e danos \u00e0 sa\u00fade.<\/p>\n<p>O especialista lembra que medidas como aumento de impostos, ambientes livres de fumo e restri\u00e7\u00e3o de propaganda foram fundamentais para reduzir a preval\u00eancia do tabagismo nas \u00faltimas d\u00e9cadas, mas precisam ser refor\u00e7adas.<\/p>\n<p>No tratamento, o m\u00e9dico explica que os melhores resultados v\u00eam da combina\u00e7\u00e3o entre abordagem comportamental, psicoterapia e medicamentos, como bupropiona ou reposi\u00e7\u00e3o de nicotina. Na Aten\u00e7\u00e3o Prim\u00e1ria, os pacientes s\u00e3o acolhidos, avaliados e acompanhados de forma cont\u00ednua, com grupos de apoio e estrat\u00e9gias para lidar com reca\u00eddas. O suporte multiprofissional e o seguimento do cuidado pelo paciente aumentam as taxas de sucesso e tratamento. \u201cO apoio familiar e social oferece motiva\u00e7\u00e3o, reduz reca\u00eddas e fortalece a ades\u00e3o ao tratamento. Ambientes de suporte, sem est\u00edmulo ao tabaco, aumentam a chance de cessa\u00e7\u00e3o bem-sucedida\u201d, conclui.<\/p>\n","protected":false},"excerpt":{"rendered":"<p>Pela primeira vez em quase 20 anos, a preval\u00eancia do tabagismo voltou a crescer nas capitais, segundo o Minist\u00e9rio da Sa\u00fade._ O percentual de adultos fumantes nas capitais brasileiras subiu de 9,3% em 2023 para 11,6% em 2024, de acordo com dados preliminares da pesquisa Vigitel, divulgada pelo Minist\u00e9rio da Sa\u00fade em maio de 2025. [&hellip;]<\/p>\n","protected":false},"author":2,"featured_media":12652,"comment_status":"closed","ping_status":"closed","sticky":false,"template":"","format":"standard","meta":{"iawp_total_views":2,"footnotes":""},"categories":[24],"tags":[],"class_list":["post-12651","post","type-post","status-publish","format-standard","has-post-thumbnail","hentry","category-cotidiano"],"yoast_head":"<!-- This site is optimized with the Yoast SEO plugin v27.3 - https:\/\/yoast.com\/product\/yoast-seo-wordpress\/ -->\n<title>Aumento de fumantes acende alerta no Brasil &#8902; Blog da Condessa<\/title>\n<meta name=\"robots\" content=\"index, follow, max-snippet:-1, max-image-preview:large, max-video-preview:-1\" \/>\n<link rel=\"canonical\" href=\"https:\/\/blogdacondessa.com.br\/blog\/cotidiano\/aumento-de-fumantes-acende-alerta-no-brasil\/\" \/>\n<meta property=\"og:locale\" content=\"pt_BR\" \/>\n<meta property=\"og:type\" content=\"article\" \/>\n<meta property=\"og:title\" content=\"Aumento de fumantes acende alerta no Brasil &#8902; Blog da Condessa\" \/>\n<meta property=\"og:description\" content=\"Pela primeira vez em quase 20 anos, a preval\u00eancia do tabagismo voltou a crescer nas capitais, segundo o Minist\u00e9rio da Sa\u00fade._ O percentual de adultos fumantes nas capitais brasileiras subiu de 9,3% em 2023 para 11,6% em 2024, de acordo com dados preliminares da pesquisa Vigitel, divulgada pelo Minist\u00e9rio da Sa\u00fade em maio de 2025. [&hellip;]\" \/>\n<meta property=\"og:url\" content=\"https:\/\/blogdacondessa.com.br\/blog\/cotidiano\/aumento-de-fumantes-acende-alerta-no-brasil\/\" \/>\n<meta property=\"og:site_name\" content=\"Blog da Condessa\" \/>\n<meta property=\"article:published_time\" content=\"2025-08-29T09:00:09+00:00\" \/>\n<meta property=\"og:image\" content=\"https:\/\/blogdacondessa.com.br\/blog\/wp-content\/uploads\/2025\/08\/FUMANTE.jpg\" \/>\n\t<meta property=\"og:image:width\" content=\"680\" \/>\n\t<meta property=\"og:image:height\" content=\"380\" \/>\n\t<meta property=\"og:image:type\" content=\"image\/jpeg\" \/>\n<meta name=\"author\" content=\"Blog da Condessa\" \/>\n<meta name=\"twitter:card\" content=\"summary_large_image\" \/>\n<meta name=\"twitter:label1\" content=\"Escrito por\" \/>\n\t<meta name=\"twitter:data1\" content=\"Blog da Condessa\" \/>\n\t<meta name=\"twitter:label2\" content=\"Est. tempo de leitura\" \/>\n\t<meta name=\"twitter:data2\" content=\"3 minutos\" \/>\n<script type=\"application\/ld+json\" class=\"yoast-schema-graph\">{\"@context\":\"https:\\\/\\\/schema.org\",\"@graph\":[{\"@type\":\"Article\",\"@id\":\"https:\\\/\\\/blogdacondessa.com.br\\\/blog\\\/cotidiano\\\/aumento-de-fumantes-acende-alerta-no-brasil\\\/#article\",\"isPartOf\":{\"@id\":\"https:\\\/\\\/blogdacondessa.com.br\\\/blog\\\/cotidiano\\\/aumento-de-fumantes-acende-alerta-no-brasil\\\/\"},\"author\":{\"name\":\"Blog da Condessa\",\"@id\":\"https:\\\/\\\/blogdacondessa.com.br\\\/blog\\\/#\\\/schema\\\/person\\\/1d667ff8b785195b568677489d266035\"},\"headline\":\"Aumento de fumantes acende alerta no Brasil\",\"datePublished\":\"2025-08-29T09:00:09+00:00\",\"mainEntityOfPage\":{\"@id\":\"https:\\\/\\\/blogdacondessa.com.br\\\/blog\\\/cotidiano\\\/aumento-de-fumantes-acende-alerta-no-brasil\\\/\"},\"wordCount\":522,\"image\":{\"@id\":\"https:\\\/\\\/blogdacondessa.com.br\\\/blog\\\/cotidiano\\\/aumento-de-fumantes-acende-alerta-no-brasil\\\/#primaryimage\"},\"thumbnailUrl\":\"https:\\\/\\\/blogdacondessa.com.br\\\/blog\\\/wp-content\\\/uploads\\\/2025\\\/08\\\/FUMANTE.jpg\",\"articleSection\":[\"Cotidiano\"],\"inLanguage\":\"pt-BR\"},{\"@type\":\"WebPage\",\"@id\":\"https:\\\/\\\/blogdacondessa.com.br\\\/blog\\\/cotidiano\\\/aumento-de-fumantes-acende-alerta-no-brasil\\\/\",\"url\":\"https:\\\/\\\/blogdacondessa.com.br\\\/blog\\\/cotidiano\\\/aumento-de-fumantes-acende-alerta-no-brasil\\\/\",\"name\":\"Aumento de fumantes acende alerta no Brasil &#8902; Blog da Condessa\",\"isPartOf\":{\"@id\":\"https:\\\/\\\/blogdacondessa.com.br\\\/blog\\\/#website\"},\"primaryImageOfPage\":{\"@id\":\"https:\\\/\\\/blogdacondessa.com.br\\\/blog\\\/cotidiano\\\/aumento-de-fumantes-acende-alerta-no-brasil\\\/#primaryimage\"},\"image\":{\"@id\":\"https:\\\/\\\/blogdacondessa.com.br\\\/blog\\\/cotidiano\\\/aumento-de-fumantes-acende-alerta-no-brasil\\\/#primaryimage\"},\"thumbnailUrl\":\"https:\\\/\\\/blogdacondessa.com.br\\\/blog\\\/wp-content\\\/uploads\\\/2025\\\/08\\\/FUMANTE.jpg\",\"datePublished\":\"2025-08-29T09:00:09+00:00\",\"author\":{\"@id\":\"https:\\\/\\\/blogdacondessa.com.br\\\/blog\\\/#\\\/schema\\\/person\\\/1d667ff8b785195b568677489d266035\"},\"breadcrumb\":{\"@id\":\"https:\\\/\\\/blogdacondessa.com.br\\\/blog\\\/cotidiano\\\/aumento-de-fumantes-acende-alerta-no-brasil\\\/#breadcrumb\"},\"inLanguage\":\"pt-BR\",\"potentialAction\":[{\"@type\":\"ReadAction\",\"target\":[\"https:\\\/\\\/blogdacondessa.com.br\\\/blog\\\/cotidiano\\\/aumento-de-fumantes-acende-alerta-no-brasil\\\/\"]}]},{\"@type\":\"ImageObject\",\"inLanguage\":\"pt-BR\",\"@id\":\"https:\\\/\\\/blogdacondessa.com.br\\\/blog\\\/cotidiano\\\/aumento-de-fumantes-acende-alerta-no-brasil\\\/#primaryimage\",\"url\":\"https:\\\/\\\/blogdacondessa.com.br\\\/blog\\\/wp-content\\\/uploads\\\/2025\\\/08\\\/FUMANTE.jpg\",\"contentUrl\":\"https:\\\/\\\/blogdacondessa.com.br\\\/blog\\\/wp-content\\\/uploads\\\/2025\\\/08\\\/FUMANTE.jpg\",\"width\":680,\"height\":380},{\"@type\":\"BreadcrumbList\",\"@id\":\"https:\\\/\\\/blogdacondessa.com.br\\\/blog\\\/cotidiano\\\/aumento-de-fumantes-acende-alerta-no-brasil\\\/#breadcrumb\",\"itemListElement\":[{\"@type\":\"ListItem\",\"position\":1,\"name\":\"In\u00edcio\",\"item\":\"https:\\\/\\\/blogdacondessa.com.br\\\/blog\\\/\"},{\"@type\":\"ListItem\",\"position\":2,\"name\":\"Aumento de fumantes acende alerta no Brasil\"}]},{\"@type\":\"WebSite\",\"@id\":\"https:\\\/\\\/blogdacondessa.com.br\\\/blog\\\/#website\",\"url\":\"https:\\\/\\\/blogdacondessa.com.br\\\/blog\\\/\",\"name\":\"Blog da Condessa\",\"description\":\"Com Shirley de Souza O\u2019Campos\",\"potentialAction\":[{\"@type\":\"SearchAction\",\"target\":{\"@type\":\"EntryPoint\",\"urlTemplate\":\"https:\\\/\\\/blogdacondessa.com.br\\\/blog\\\/?s={search_term_string}\"},\"query-input\":{\"@type\":\"PropertyValueSpecification\",\"valueRequired\":true,\"valueName\":\"search_term_string\"}}],\"inLanguage\":\"pt-BR\"},{\"@type\":\"Person\",\"@id\":\"https:\\\/\\\/blogdacondessa.com.br\\\/blog\\\/#\\\/schema\\\/person\\\/1d667ff8b785195b568677489d266035\",\"name\":\"Blog da Condessa\",\"image\":{\"@type\":\"ImageObject\",\"inLanguage\":\"pt-BR\",\"@id\":\"https:\\\/\\\/secure.gravatar.com\\\/avatar\\\/377c0eb8b4ad2bfc25461b41564b5971e721ca34a57642868fc7b0c8ac7b52c5?s=96&d=mm&r=g\",\"url\":\"https:\\\/\\\/secure.gravatar.com\\\/avatar\\\/377c0eb8b4ad2bfc25461b41564b5971e721ca34a57642868fc7b0c8ac7b52c5?s=96&d=mm&r=g\",\"contentUrl\":\"https:\\\/\\\/secure.gravatar.com\\\/avatar\\\/377c0eb8b4ad2bfc25461b41564b5971e721ca34a57642868fc7b0c8ac7b52c5?s=96&d=mm&r=g\",\"caption\":\"Blog da Condessa\"},\"url\":\"https:\\\/\\\/blogdacondessa.com.br\\\/blog\\\/author\\\/beatriz\\\/\"}]}<\/script>\n<!-- \/ Yoast SEO plugin. -->","yoast_head_json":{"title":"Aumento de fumantes acende alerta no Brasil &#8902; Blog da Condessa","robots":{"index":"index","follow":"follow","max-snippet":"max-snippet:-1","max-image-preview":"max-image-preview:large","max-video-preview":"max-video-preview:-1"},"canonical":"https:\/\/blogdacondessa.com.br\/blog\/cotidiano\/aumento-de-fumantes-acende-alerta-no-brasil\/","og_locale":"pt_BR","og_type":"article","og_title":"Aumento de fumantes acende alerta no Brasil &#8902; Blog da Condessa","og_description":"Pela primeira vez em quase 20 anos, a preval\u00eancia do tabagismo voltou a crescer nas capitais, segundo o Minist\u00e9rio da Sa\u00fade._ O percentual de adultos fumantes nas capitais brasileiras subiu de 9,3% em 2023 para 11,6% em 2024, de acordo com dados preliminares da pesquisa Vigitel, divulgada pelo Minist\u00e9rio da Sa\u00fade em maio de 2025. [&hellip;]","og_url":"https:\/\/blogdacondessa.com.br\/blog\/cotidiano\/aumento-de-fumantes-acende-alerta-no-brasil\/","og_site_name":"Blog da Condessa","article_published_time":"2025-08-29T09:00:09+00:00","og_image":[{"width":680,"height":380,"url":"https:\/\/blogdacondessa.com.br\/blog\/wp-content\/uploads\/2025\/08\/FUMANTE.jpg","type":"image\/jpeg"}],"author":"Blog da Condessa","twitter_card":"summary_large_image","twitter_misc":{"Escrito por":"Blog da Condessa","Est. tempo de leitura":"3 minutos"},"schema":{"@context":"https:\/\/schema.org","@graph":[{"@type":"Article","@id":"https:\/\/blogdacondessa.com.br\/blog\/cotidiano\/aumento-de-fumantes-acende-alerta-no-brasil\/#article","isPartOf":{"@id":"https:\/\/blogdacondessa.com.br\/blog\/cotidiano\/aumento-de-fumantes-acende-alerta-no-brasil\/"},"author":{"name":"Blog da Condessa","@id":"https:\/\/blogdacondessa.com.br\/blog\/#\/schema\/person\/1d667ff8b785195b568677489d266035"},"headline":"Aumento de fumantes acende alerta no Brasil","datePublished":"2025-08-29T09:00:09+00:00","mainEntityOfPage":{"@id":"https:\/\/blogdacondessa.com.br\/blog\/cotidiano\/aumento-de-fumantes-acende-alerta-no-brasil\/"},"wordCount":522,"image":{"@id":"https:\/\/blogdacondessa.com.br\/blog\/cotidiano\/aumento-de-fumantes-acende-alerta-no-brasil\/#primaryimage"},"thumbnailUrl":"https:\/\/blogdacondessa.com.br\/blog\/wp-content\/uploads\/2025\/08\/FUMANTE.jpg","articleSection":["Cotidiano"],"inLanguage":"pt-BR"},{"@type":"WebPage","@id":"https:\/\/blogdacondessa.com.br\/blog\/cotidiano\/aumento-de-fumantes-acende-alerta-no-brasil\/","url":"https:\/\/blogdacondessa.com.br\/blog\/cotidiano\/aumento-de-fumantes-acende-alerta-no-brasil\/","name":"Aumento de fumantes acende alerta no Brasil &#8902; Blog da Condessa","isPartOf":{"@id":"https:\/\/blogdacondessa.com.br\/blog\/#website"},"primaryImageOfPage":{"@id":"https:\/\/blogdacondessa.com.br\/blog\/cotidiano\/aumento-de-fumantes-acende-alerta-no-brasil\/#primaryimage"},"image":{"@id":"https:\/\/blogdacondessa.com.br\/blog\/cotidiano\/aumento-de-fumantes-acende-alerta-no-brasil\/#primaryimage"},"thumbnailUrl":"https:\/\/blogdacondessa.com.br\/blog\/wp-content\/uploads\/2025\/08\/FUMANTE.jpg","datePublished":"2025-08-29T09:00:09+00:00","author":{"@id":"https:\/\/blogdacondessa.com.br\/blog\/#\/schema\/person\/1d667ff8b785195b568677489d266035"},"breadcrumb":{"@id":"https:\/\/blogdacondessa.com.br\/blog\/cotidiano\/aumento-de-fumantes-acende-alerta-no-brasil\/#breadcrumb"},"inLanguage":"pt-BR","potentialAction":[{"@type":"ReadAction","target":["https:\/\/blogdacondessa.com.br\/blog\/cotidiano\/aumento-de-fumantes-acende-alerta-no-brasil\/"]}]},{"@type":"ImageObject","inLanguage":"pt-BR","@id":"https:\/\/blogdacondessa.com.br\/blog\/cotidiano\/aumento-de-fumantes-acende-alerta-no-brasil\/#primaryimage","url":"https:\/\/blogdacondessa.com.br\/blog\/wp-content\/uploads\/2025\/08\/FUMANTE.jpg","contentUrl":"https:\/\/blogdacondessa.com.br\/blog\/wp-content\/uploads\/2025\/08\/FUMANTE.jpg","width":680,"height":380},{"@type":"BreadcrumbList","@id":"https:\/\/blogdacondessa.com.br\/blog\/cotidiano\/aumento-de-fumantes-acende-alerta-no-brasil\/#breadcrumb","itemListElement":[{"@type":"ListItem","position":1,"name":"In\u00edcio","item":"https:\/\/blogdacondessa.com.br\/blog\/"},{"@type":"ListItem","position":2,"name":"Aumento de fumantes acende alerta no Brasil"}]},{"@type":"WebSite","@id":"https:\/\/blogdacondessa.com.br\/blog\/#website","url":"https:\/\/blogdacondessa.com.br\/blog\/","name":"Blog da Condessa","description":"Com Shirley de Souza O\u2019Campos","potentialAction":[{"@type":"SearchAction","target":{"@type":"EntryPoint","urlTemplate":"https:\/\/blogdacondessa.com.br\/blog\/?s={search_term_string}"},"query-input":{"@type":"PropertyValueSpecification","valueRequired":true,"valueName":"search_term_string"}}],"inLanguage":"pt-BR"},{"@type":"Person","@id":"https:\/\/blogdacondessa.com.br\/blog\/#\/schema\/person\/1d667ff8b785195b568677489d266035","name":"Blog da Condessa","image":{"@type":"ImageObject","inLanguage":"pt-BR","@id":"https:\/\/secure.gravatar.com\/avatar\/377c0eb8b4ad2bfc25461b41564b5971e721ca34a57642868fc7b0c8ac7b52c5?s=96&d=mm&r=g","url":"https:\/\/secure.gravatar.com\/avatar\/377c0eb8b4ad2bfc25461b41564b5971e721ca34a57642868fc7b0c8ac7b52c5?s=96&d=mm&r=g","contentUrl":"https:\/\/secure.gravatar.com\/avatar\/377c0eb8b4ad2bfc25461b41564b5971e721ca34a57642868fc7b0c8ac7b52c5?s=96&d=mm&r=g","caption":"Blog da Condessa"},"url":"https:\/\/blogdacondessa.com.br\/blog\/author\/beatriz\/"}]}},"_links":{"self":[{"href":"https:\/\/blogdacondessa.com.br\/blog\/wp-json\/wp\/v2\/posts\/12651","targetHints":{"allow":["GET"]}}],"collection":[{"href":"https:\/\/blogdacondessa.com.br\/blog\/wp-json\/wp\/v2\/posts"}],"about":[{"href":"https:\/\/blogdacondessa.com.br\/blog\/wp-json\/wp\/v2\/types\/post"}],"author":[{"embeddable":true,"href":"https:\/\/blogdacondessa.com.br\/blog\/wp-json\/wp\/v2\/users\/2"}],"replies":[{"embeddable":true,"href":"https:\/\/blogdacondessa.com.br\/blog\/wp-json\/wp\/v2\/comments?post=12651"}],"version-history":[{"count":1,"href":"https:\/\/blogdacondessa.com.br\/blog\/wp-json\/wp\/v2\/posts\/12651\/revisions"}],"predecessor-version":[{"id":12653,"href":"https:\/\/blogdacondessa.com.br\/blog\/wp-json\/wp\/v2\/posts\/12651\/revisions\/12653"}],"wp:featuredmedia":[{"embeddable":true,"href":"https:\/\/blogdacondessa.com.br\/blog\/wp-json\/wp\/v2\/media\/12652"}],"wp:attachment":[{"href":"https:\/\/blogdacondessa.com.br\/blog\/wp-json\/wp\/v2\/media?parent=12651"}],"wp:term":[{"taxonomy":"category","embeddable":true,"href":"https:\/\/blogdacondessa.com.br\/blog\/wp-json\/wp\/v2\/categories?post=12651"},{"taxonomy":"post_tag","embeddable":true,"href":"https:\/\/blogdacondessa.com.br\/blog\/wp-json\/wp\/v2\/tags?post=12651"}],"curies":[{"name":"wp","href":"https:\/\/api.w.org\/{rel}","templated":true}]}}