{"id":12424,"date":"2025-07-21T05:00:59","date_gmt":"2025-07-21T09:00:59","guid":{"rendered":"https:\/\/blogdacondessa.com.br\/blog\/?p=12424"},"modified":"2025-07-20T19:23:41","modified_gmt":"2025-07-20T23:23:41","slug":"desigualdade-social-acelera-envelhecimento-diz-estudo-internacional","status":"publish","type":"post","link":"https:\/\/blogdacondessa.com.br\/blog\/cotidiano\/desigualdade-social-acelera-envelhecimento-diz-estudo-internacional\/","title":{"rendered":"Desigualdade social acelera envelhecimento, diz estudo internacional"},"content":{"rendered":"<p>Riscos de decl\u00ednio cognitivo s\u00e3o maiores em pa\u00edses mais desiguais.<\/p>\n<p>Um estudo publicado na revista cient\u00edfica\u00a0<a href=\"https:\/\/www.nature.com\/articles\/s41591-025-03808-2\"><strong><em>Nature Medicine<\/em><\/strong><\/a>\u00a0indica que\u00a0<strong>o envelhecimento cerebral \u00e9 acelerado por fatores como instabilidade pol\u00edtica, polui\u00e7\u00e3o do ar e alta desigualdade social<\/strong>. A pesquisa foi desenvolvida por 41 cientistas, entre eles tr\u00eas brasileiros apoiados pelo Instituto Serrapilheira, institui\u00e7\u00e3o privada sem fins lucrativos.<\/p>\n<p>Foram analisados dados de 161.981 participantes em 40 pa\u00edses, incluindo o Brasil. Modelos de intelig\u00eancia artificial (IA) e modelagem epidemiol\u00f3gica permitiram aos pesquisadores avaliar \u201cdiferen\u00e7as de idade biocomportamentais (BBAGs)\u201d. O termo \u00e9 usado para medir a diferen\u00e7a entre a idade real de uma pessoa e o que era previsto para sua idade\u00a0com base na sa\u00fade, cogni\u00e7\u00e3o, educa\u00e7\u00e3o, funcionalidade e fatores de risco, como sa\u00fade cardiometab\u00f3lica ou defici\u00eancias sensoriais.<\/p>\n<p>Para os autores, o estudo desafia uma no\u00e7\u00e3o tradicional de que o envelhecimento \u00e9 influenciado apenas por quest\u00f5es individuais, como gen\u00e9tica e estilo de vida.<\/p>\n<p>\u201cOs resultados mostram, de maneira marcante, que o local onde vivemos pode nos envelhecer de forma acelerada, aumentando o risco de decl\u00ednio cognitivo e funcional. Em um pa\u00eds desigual como o Brasil, esses achados s\u00e3o extremamente relevantes para pol\u00edticas p\u00fablicas\u201d, diz Eduardo Zimmer, professor da UFRGS e um dos autores do estudo.<\/p>\n<p>Segundo os pesquisadores, o envelhecimento mais r\u00e1pido pode ser associado a fatores como:<\/p>\n<ul>\n<li>n\u00edveis mais baixos de renda;<\/li>\n<li>m\u00e1 qualidade do ar;<\/li>\n<li>desigualdade de g\u00eanero;<\/li>\n<li>quest\u00f5es migrat\u00f3rias;<\/li>\n<li>falta de representa\u00e7\u00e3o pol\u00edtica;<\/li>\n<li>liberdade partid\u00e1ria limitada;<\/li>\n<li>direitos de voto restritos;<\/li>\n<li>e democracias fr\u00e1geis.<\/li>\n<\/ul>\n<p><strong>Pa\u00edses com altos \u00edndices de corrup\u00e7\u00e3o, baixa qualidade democr\u00e1tica e pouca transpar\u00eancia t\u00eam maiores \u00edndices de envelhecimento.\u00a0<\/strong>Um trecho do estudo diz que a confian\u00e7a no governo est\u00e1 associada a melhores condi\u00e7\u00f5es de sa\u00fade. J\u00e1 a\u00a0desconfian\u00e7a e a polariza\u00e7\u00e3o pol\u00edtica aumentam a mortalidade e enfraquecem as respostas de sa\u00fade p\u00fablica.<\/p>\n<p>Os cientistas sugerem que pessoas expostas de forma prolongada a contextos de governan\u00e7a inst\u00e1vel podem sofrer de estado cr\u00f4nico de estresse, decl\u00ednio cardiovascular e cognitivo.<\/p>\n<p>Europeus (Fran\u00e7a, Alemanha, Su\u00ed\u00e7a, entre outros) e asi\u00e1ticos (China, Coreia do Sul, Israel e \u00cdndia) apresentaram um envelhecimento mais lento. Enquanto africanos, como Egito e \u00c1frica do Sul, tiveram\u00a0envelhecimento mais r\u00e1pido. O Brasil ficou no meio desses extremos.<\/p>\n<p>\u201cO local de nascimento e de moradia influenciam de maneira desigual o c\u00e9rebro de todos. Viver na Europa, na \u00c1frica ou na Am\u00e9rica Latina tem n\u00edveis diferentes de impacto no envelhecimento por causa da disparidade na disponibilidade de recursos e acesso \u00e0 sa\u00fade\u201d, diz Wyllians Borelli, pesquisador da UFRGS e um dos autores do estudo.<\/p>\n<p>\u201cAntes de focar em riscos individuais, as autoridades de sa\u00fade devem priorizar a diminui\u00e7\u00e3o das desigualdades sociais e o desenvolvimento regional para promover um envelhecimento populacional mais saud\u00e1vel\u201d, diz Lucas da Ros, da UFRGS, tamb\u00e9m participante do estudo.\u00a0 (Fonte: Ag\u00eancia Brasil)<\/p>\n<p>&nbsp;<\/p>\n","protected":false},"excerpt":{"rendered":"<p>Riscos de decl\u00ednio cognitivo s\u00e3o maiores em pa\u00edses mais desiguais. Um estudo publicado na revista cient\u00edfica\u00a0Nature Medicine\u00a0indica que\u00a0o envelhecimento cerebral \u00e9 acelerado por fatores como instabilidade pol\u00edtica, polui\u00e7\u00e3o do ar e alta desigualdade social. A pesquisa foi desenvolvida por 41 cientistas, entre eles tr\u00eas brasileiros apoiados pelo Instituto Serrapilheira, institui\u00e7\u00e3o privada sem fins lucrativos. Foram [&hellip;]<\/p>\n","protected":false},"author":2,"featured_media":12425,"comment_status":"closed","ping_status":"closed","sticky":false,"template":"","format":"standard","meta":{"iawp_total_views":4,"footnotes":""},"categories":[24],"tags":[],"class_list":["post-12424","post","type-post","status-publish","format-standard","has-post-thumbnail","hentry","category-cotidiano"],"yoast_head":"<!-- This site is optimized with the Yoast SEO plugin v27.3 - https:\/\/yoast.com\/product\/yoast-seo-wordpress\/ -->\n<title>Desigualdade social acelera envelhecimento, diz estudo internacional &#8902; Blog da Condessa<\/title>\n<meta name=\"robots\" content=\"index, follow, max-snippet:-1, max-image-preview:large, max-video-preview:-1\" \/>\n<link rel=\"canonical\" href=\"https:\/\/blogdacondessa.com.br\/blog\/cotidiano\/desigualdade-social-acelera-envelhecimento-diz-estudo-internacional\/\" \/>\n<meta property=\"og:locale\" content=\"pt_BR\" \/>\n<meta property=\"og:type\" content=\"article\" \/>\n<meta property=\"og:title\" content=\"Desigualdade social acelera envelhecimento, diz estudo internacional &#8902; Blog da Condessa\" \/>\n<meta property=\"og:description\" content=\"Riscos de decl\u00ednio cognitivo s\u00e3o maiores em pa\u00edses mais desiguais. Um estudo publicado na revista cient\u00edfica\u00a0Nature Medicine\u00a0indica que\u00a0o envelhecimento cerebral \u00e9 acelerado por fatores como instabilidade pol\u00edtica, polui\u00e7\u00e3o do ar e alta desigualdade social. A pesquisa foi desenvolvida por 41 cientistas, entre eles tr\u00eas brasileiros apoiados pelo Instituto Serrapilheira, institui\u00e7\u00e3o privada sem fins lucrativos. Foram [&hellip;]\" \/>\n<meta property=\"og:url\" content=\"https:\/\/blogdacondessa.com.br\/blog\/cotidiano\/desigualdade-social-acelera-envelhecimento-diz-estudo-internacional\/\" \/>\n<meta property=\"og:site_name\" content=\"Blog da Condessa\" \/>\n<meta property=\"article:published_time\" content=\"2025-07-21T09:00:59+00:00\" \/>\n<meta property=\"og:image\" content=\"https:\/\/blogdacondessa.com.br\/blog\/wp-content\/uploads\/2025\/07\/VELHICE-2.webp\" \/>\n\t<meta property=\"og:image:width\" content=\"1170\" \/>\n\t<meta property=\"og:image:height\" content=\"700\" \/>\n\t<meta property=\"og:image:type\" content=\"image\/webp\" \/>\n<meta name=\"author\" content=\"Blog da Condessa\" \/>\n<meta name=\"twitter:card\" content=\"summary_large_image\" \/>\n<meta name=\"twitter:label1\" content=\"Escrito por\" \/>\n\t<meta name=\"twitter:data1\" content=\"Blog da Condessa\" \/>\n\t<meta name=\"twitter:label2\" content=\"Est. tempo de leitura\" \/>\n\t<meta name=\"twitter:data2\" content=\"3 minutos\" \/>\n<script type=\"application\/ld+json\" class=\"yoast-schema-graph\">{\"@context\":\"https:\\\/\\\/schema.org\",\"@graph\":[{\"@type\":\"Article\",\"@id\":\"https:\\\/\\\/blogdacondessa.com.br\\\/blog\\\/cotidiano\\\/desigualdade-social-acelera-envelhecimento-diz-estudo-internacional\\\/#article\",\"isPartOf\":{\"@id\":\"https:\\\/\\\/blogdacondessa.com.br\\\/blog\\\/cotidiano\\\/desigualdade-social-acelera-envelhecimento-diz-estudo-internacional\\\/\"},\"author\":{\"name\":\"Blog da Condessa\",\"@id\":\"https:\\\/\\\/blogdacondessa.com.br\\\/blog\\\/#\\\/schema\\\/person\\\/1d667ff8b785195b568677489d266035\"},\"headline\":\"Desigualdade social acelera envelhecimento, diz estudo internacional\",\"datePublished\":\"2025-07-21T09:00:59+00:00\",\"mainEntityOfPage\":{\"@id\":\"https:\\\/\\\/blogdacondessa.com.br\\\/blog\\\/cotidiano\\\/desigualdade-social-acelera-envelhecimento-diz-estudo-internacional\\\/\"},\"wordCount\":522,\"image\":{\"@id\":\"https:\\\/\\\/blogdacondessa.com.br\\\/blog\\\/cotidiano\\\/desigualdade-social-acelera-envelhecimento-diz-estudo-internacional\\\/#primaryimage\"},\"thumbnailUrl\":\"https:\\\/\\\/blogdacondessa.com.br\\\/blog\\\/wp-content\\\/uploads\\\/2025\\\/07\\\/VELHICE-2.webp\",\"articleSection\":[\"Cotidiano\"],\"inLanguage\":\"pt-BR\"},{\"@type\":\"WebPage\",\"@id\":\"https:\\\/\\\/blogdacondessa.com.br\\\/blog\\\/cotidiano\\\/desigualdade-social-acelera-envelhecimento-diz-estudo-internacional\\\/\",\"url\":\"https:\\\/\\\/blogdacondessa.com.br\\\/blog\\\/cotidiano\\\/desigualdade-social-acelera-envelhecimento-diz-estudo-internacional\\\/\",\"name\":\"Desigualdade social acelera envelhecimento, diz estudo internacional &#8902; Blog da Condessa\",\"isPartOf\":{\"@id\":\"https:\\\/\\\/blogdacondessa.com.br\\\/blog\\\/#website\"},\"primaryImageOfPage\":{\"@id\":\"https:\\\/\\\/blogdacondessa.com.br\\\/blog\\\/cotidiano\\\/desigualdade-social-acelera-envelhecimento-diz-estudo-internacional\\\/#primaryimage\"},\"image\":{\"@id\":\"https:\\\/\\\/blogdacondessa.com.br\\\/blog\\\/cotidiano\\\/desigualdade-social-acelera-envelhecimento-diz-estudo-internacional\\\/#primaryimage\"},\"thumbnailUrl\":\"https:\\\/\\\/blogdacondessa.com.br\\\/blog\\\/wp-content\\\/uploads\\\/2025\\\/07\\\/VELHICE-2.webp\",\"datePublished\":\"2025-07-21T09:00:59+00:00\",\"author\":{\"@id\":\"https:\\\/\\\/blogdacondessa.com.br\\\/blog\\\/#\\\/schema\\\/person\\\/1d667ff8b785195b568677489d266035\"},\"breadcrumb\":{\"@id\":\"https:\\\/\\\/blogdacondessa.com.br\\\/blog\\\/cotidiano\\\/desigualdade-social-acelera-envelhecimento-diz-estudo-internacional\\\/#breadcrumb\"},\"inLanguage\":\"pt-BR\",\"potentialAction\":[{\"@type\":\"ReadAction\",\"target\":[\"https:\\\/\\\/blogdacondessa.com.br\\\/blog\\\/cotidiano\\\/desigualdade-social-acelera-envelhecimento-diz-estudo-internacional\\\/\"]}]},{\"@type\":\"ImageObject\",\"inLanguage\":\"pt-BR\",\"@id\":\"https:\\\/\\\/blogdacondessa.com.br\\\/blog\\\/cotidiano\\\/desigualdade-social-acelera-envelhecimento-diz-estudo-internacional\\\/#primaryimage\",\"url\":\"https:\\\/\\\/blogdacondessa.com.br\\\/blog\\\/wp-content\\\/uploads\\\/2025\\\/07\\\/VELHICE-2.webp\",\"contentUrl\":\"https:\\\/\\\/blogdacondessa.com.br\\\/blog\\\/wp-content\\\/uploads\\\/2025\\\/07\\\/VELHICE-2.webp\",\"width\":1170,\"height\":700,\"caption\":\"Foto: \u00a9 Rafa Neddermeyer\\\/Ag\u00eancia Brasil\"},{\"@type\":\"BreadcrumbList\",\"@id\":\"https:\\\/\\\/blogdacondessa.com.br\\\/blog\\\/cotidiano\\\/desigualdade-social-acelera-envelhecimento-diz-estudo-internacional\\\/#breadcrumb\",\"itemListElement\":[{\"@type\":\"ListItem\",\"position\":1,\"name\":\"In\u00edcio\",\"item\":\"https:\\\/\\\/blogdacondessa.com.br\\\/blog\\\/\"},{\"@type\":\"ListItem\",\"position\":2,\"name\":\"Desigualdade social acelera envelhecimento, diz estudo internacional\"}]},{\"@type\":\"WebSite\",\"@id\":\"https:\\\/\\\/blogdacondessa.com.br\\\/blog\\\/#website\",\"url\":\"https:\\\/\\\/blogdacondessa.com.br\\\/blog\\\/\",\"name\":\"Blog da Condessa\",\"description\":\"Com Shirley de Souza O\u2019Campos\",\"potentialAction\":[{\"@type\":\"SearchAction\",\"target\":{\"@type\":\"EntryPoint\",\"urlTemplate\":\"https:\\\/\\\/blogdacondessa.com.br\\\/blog\\\/?s={search_term_string}\"},\"query-input\":{\"@type\":\"PropertyValueSpecification\",\"valueRequired\":true,\"valueName\":\"search_term_string\"}}],\"inLanguage\":\"pt-BR\"},{\"@type\":\"Person\",\"@id\":\"https:\\\/\\\/blogdacondessa.com.br\\\/blog\\\/#\\\/schema\\\/person\\\/1d667ff8b785195b568677489d266035\",\"name\":\"Blog da Condessa\",\"image\":{\"@type\":\"ImageObject\",\"inLanguage\":\"pt-BR\",\"@id\":\"https:\\\/\\\/secure.gravatar.com\\\/avatar\\\/377c0eb8b4ad2bfc25461b41564b5971e721ca34a57642868fc7b0c8ac7b52c5?s=96&d=mm&r=g\",\"url\":\"https:\\\/\\\/secure.gravatar.com\\\/avatar\\\/377c0eb8b4ad2bfc25461b41564b5971e721ca34a57642868fc7b0c8ac7b52c5?s=96&d=mm&r=g\",\"contentUrl\":\"https:\\\/\\\/secure.gravatar.com\\\/avatar\\\/377c0eb8b4ad2bfc25461b41564b5971e721ca34a57642868fc7b0c8ac7b52c5?s=96&d=mm&r=g\",\"caption\":\"Blog da Condessa\"},\"url\":\"https:\\\/\\\/blogdacondessa.com.br\\\/blog\\\/author\\\/beatriz\\\/\"}]}<\/script>\n<!-- \/ Yoast SEO plugin. -->","yoast_head_json":{"title":"Desigualdade social acelera envelhecimento, diz estudo internacional &#8902; Blog da Condessa","robots":{"index":"index","follow":"follow","max-snippet":"max-snippet:-1","max-image-preview":"max-image-preview:large","max-video-preview":"max-video-preview:-1"},"canonical":"https:\/\/blogdacondessa.com.br\/blog\/cotidiano\/desigualdade-social-acelera-envelhecimento-diz-estudo-internacional\/","og_locale":"pt_BR","og_type":"article","og_title":"Desigualdade social acelera envelhecimento, diz estudo internacional &#8902; Blog da Condessa","og_description":"Riscos de decl\u00ednio cognitivo s\u00e3o maiores em pa\u00edses mais desiguais. Um estudo publicado na revista cient\u00edfica\u00a0Nature Medicine\u00a0indica que\u00a0o envelhecimento cerebral \u00e9 acelerado por fatores como instabilidade pol\u00edtica, polui\u00e7\u00e3o do ar e alta desigualdade social. A pesquisa foi desenvolvida por 41 cientistas, entre eles tr\u00eas brasileiros apoiados pelo Instituto Serrapilheira, institui\u00e7\u00e3o privada sem fins lucrativos. Foram [&hellip;]","og_url":"https:\/\/blogdacondessa.com.br\/blog\/cotidiano\/desigualdade-social-acelera-envelhecimento-diz-estudo-internacional\/","og_site_name":"Blog da Condessa","article_published_time":"2025-07-21T09:00:59+00:00","og_image":[{"width":1170,"height":700,"url":"https:\/\/blogdacondessa.com.br\/blog\/wp-content\/uploads\/2025\/07\/VELHICE-2.webp","type":"image\/webp"}],"author":"Blog da Condessa","twitter_card":"summary_large_image","twitter_misc":{"Escrito por":"Blog da Condessa","Est. tempo de leitura":"3 minutos"},"schema":{"@context":"https:\/\/schema.org","@graph":[{"@type":"Article","@id":"https:\/\/blogdacondessa.com.br\/blog\/cotidiano\/desigualdade-social-acelera-envelhecimento-diz-estudo-internacional\/#article","isPartOf":{"@id":"https:\/\/blogdacondessa.com.br\/blog\/cotidiano\/desigualdade-social-acelera-envelhecimento-diz-estudo-internacional\/"},"author":{"name":"Blog da Condessa","@id":"https:\/\/blogdacondessa.com.br\/blog\/#\/schema\/person\/1d667ff8b785195b568677489d266035"},"headline":"Desigualdade social acelera envelhecimento, diz estudo internacional","datePublished":"2025-07-21T09:00:59+00:00","mainEntityOfPage":{"@id":"https:\/\/blogdacondessa.com.br\/blog\/cotidiano\/desigualdade-social-acelera-envelhecimento-diz-estudo-internacional\/"},"wordCount":522,"image":{"@id":"https:\/\/blogdacondessa.com.br\/blog\/cotidiano\/desigualdade-social-acelera-envelhecimento-diz-estudo-internacional\/#primaryimage"},"thumbnailUrl":"https:\/\/blogdacondessa.com.br\/blog\/wp-content\/uploads\/2025\/07\/VELHICE-2.webp","articleSection":["Cotidiano"],"inLanguage":"pt-BR"},{"@type":"WebPage","@id":"https:\/\/blogdacondessa.com.br\/blog\/cotidiano\/desigualdade-social-acelera-envelhecimento-diz-estudo-internacional\/","url":"https:\/\/blogdacondessa.com.br\/blog\/cotidiano\/desigualdade-social-acelera-envelhecimento-diz-estudo-internacional\/","name":"Desigualdade social acelera envelhecimento, diz estudo internacional &#8902; Blog da Condessa","isPartOf":{"@id":"https:\/\/blogdacondessa.com.br\/blog\/#website"},"primaryImageOfPage":{"@id":"https:\/\/blogdacondessa.com.br\/blog\/cotidiano\/desigualdade-social-acelera-envelhecimento-diz-estudo-internacional\/#primaryimage"},"image":{"@id":"https:\/\/blogdacondessa.com.br\/blog\/cotidiano\/desigualdade-social-acelera-envelhecimento-diz-estudo-internacional\/#primaryimage"},"thumbnailUrl":"https:\/\/blogdacondessa.com.br\/blog\/wp-content\/uploads\/2025\/07\/VELHICE-2.webp","datePublished":"2025-07-21T09:00:59+00:00","author":{"@id":"https:\/\/blogdacondessa.com.br\/blog\/#\/schema\/person\/1d667ff8b785195b568677489d266035"},"breadcrumb":{"@id":"https:\/\/blogdacondessa.com.br\/blog\/cotidiano\/desigualdade-social-acelera-envelhecimento-diz-estudo-internacional\/#breadcrumb"},"inLanguage":"pt-BR","potentialAction":[{"@type":"ReadAction","target":["https:\/\/blogdacondessa.com.br\/blog\/cotidiano\/desigualdade-social-acelera-envelhecimento-diz-estudo-internacional\/"]}]},{"@type":"ImageObject","inLanguage":"pt-BR","@id":"https:\/\/blogdacondessa.com.br\/blog\/cotidiano\/desigualdade-social-acelera-envelhecimento-diz-estudo-internacional\/#primaryimage","url":"https:\/\/blogdacondessa.com.br\/blog\/wp-content\/uploads\/2025\/07\/VELHICE-2.webp","contentUrl":"https:\/\/blogdacondessa.com.br\/blog\/wp-content\/uploads\/2025\/07\/VELHICE-2.webp","width":1170,"height":700,"caption":"Foto: \u00a9 Rafa Neddermeyer\/Ag\u00eancia Brasil"},{"@type":"BreadcrumbList","@id":"https:\/\/blogdacondessa.com.br\/blog\/cotidiano\/desigualdade-social-acelera-envelhecimento-diz-estudo-internacional\/#breadcrumb","itemListElement":[{"@type":"ListItem","position":1,"name":"In\u00edcio","item":"https:\/\/blogdacondessa.com.br\/blog\/"},{"@type":"ListItem","position":2,"name":"Desigualdade social acelera envelhecimento, diz estudo internacional"}]},{"@type":"WebSite","@id":"https:\/\/blogdacondessa.com.br\/blog\/#website","url":"https:\/\/blogdacondessa.com.br\/blog\/","name":"Blog da Condessa","description":"Com Shirley de Souza O\u2019Campos","potentialAction":[{"@type":"SearchAction","target":{"@type":"EntryPoint","urlTemplate":"https:\/\/blogdacondessa.com.br\/blog\/?s={search_term_string}"},"query-input":{"@type":"PropertyValueSpecification","valueRequired":true,"valueName":"search_term_string"}}],"inLanguage":"pt-BR"},{"@type":"Person","@id":"https:\/\/blogdacondessa.com.br\/blog\/#\/schema\/person\/1d667ff8b785195b568677489d266035","name":"Blog da Condessa","image":{"@type":"ImageObject","inLanguage":"pt-BR","@id":"https:\/\/secure.gravatar.com\/avatar\/377c0eb8b4ad2bfc25461b41564b5971e721ca34a57642868fc7b0c8ac7b52c5?s=96&d=mm&r=g","url":"https:\/\/secure.gravatar.com\/avatar\/377c0eb8b4ad2bfc25461b41564b5971e721ca34a57642868fc7b0c8ac7b52c5?s=96&d=mm&r=g","contentUrl":"https:\/\/secure.gravatar.com\/avatar\/377c0eb8b4ad2bfc25461b41564b5971e721ca34a57642868fc7b0c8ac7b52c5?s=96&d=mm&r=g","caption":"Blog da Condessa"},"url":"https:\/\/blogdacondessa.com.br\/blog\/author\/beatriz\/"}]}},"_links":{"self":[{"href":"https:\/\/blogdacondessa.com.br\/blog\/wp-json\/wp\/v2\/posts\/12424","targetHints":{"allow":["GET"]}}],"collection":[{"href":"https:\/\/blogdacondessa.com.br\/blog\/wp-json\/wp\/v2\/posts"}],"about":[{"href":"https:\/\/blogdacondessa.com.br\/blog\/wp-json\/wp\/v2\/types\/post"}],"author":[{"embeddable":true,"href":"https:\/\/blogdacondessa.com.br\/blog\/wp-json\/wp\/v2\/users\/2"}],"replies":[{"embeddable":true,"href":"https:\/\/blogdacondessa.com.br\/blog\/wp-json\/wp\/v2\/comments?post=12424"}],"version-history":[{"count":1,"href":"https:\/\/blogdacondessa.com.br\/blog\/wp-json\/wp\/v2\/posts\/12424\/revisions"}],"predecessor-version":[{"id":12426,"href":"https:\/\/blogdacondessa.com.br\/blog\/wp-json\/wp\/v2\/posts\/12424\/revisions\/12426"}],"wp:featuredmedia":[{"embeddable":true,"href":"https:\/\/blogdacondessa.com.br\/blog\/wp-json\/wp\/v2\/media\/12425"}],"wp:attachment":[{"href":"https:\/\/blogdacondessa.com.br\/blog\/wp-json\/wp\/v2\/media?parent=12424"}],"wp:term":[{"taxonomy":"category","embeddable":true,"href":"https:\/\/blogdacondessa.com.br\/blog\/wp-json\/wp\/v2\/categories?post=12424"},{"taxonomy":"post_tag","embeddable":true,"href":"https:\/\/blogdacondessa.com.br\/blog\/wp-json\/wp\/v2\/tags?post=12424"}],"curies":[{"name":"wp","href":"https:\/\/api.w.org\/{rel}","templated":true}]}}