{"id":12158,"date":"2025-06-14T05:05:05","date_gmt":"2025-06-14T09:05:05","guid":{"rendered":"https:\/\/blogdacondessa.com.br\/blog\/?p=12158"},"modified":"2025-06-13T17:46:51","modified_gmt":"2025-06-13T21:46:51","slug":"polinizacao-por-abelhas-eleva-produtividade-do-cafe-em-area-experimental-da-empaer","status":"publish","type":"post","link":"https:\/\/blogdacondessa.com.br\/blog\/cidades\/polinizacao-por-abelhas-eleva-produtividade-do-cafe-em-area-experimental-da-empaer\/","title":{"rendered":"Poliniza\u00e7\u00e3o por abelhas eleva produtividade do caf\u00e9 em \u00e1rea experimental da Empaer"},"content":{"rendered":"<p>Projeto aposta no uso de abelhas nativas e ex\u00f3ticas para aumentar a produtividade e melhorar a qualidade dos gr\u00e3os.<br \/>\nA produ\u00e7\u00e3o de caf\u00e9 na agricultura familiar de Mato Grosso pode ganhar um novo impulso com a aplica\u00e7\u00e3o de t\u00e9cnicas de poliniza\u00e7\u00e3o por abelhas. A iniciativa foi apresentada durante o Dia de Campo \u2013 Cadeias de Valor da Agricultura Familiar, realizado no Centro Regional de Pesquisa e Transfer\u00eancia de Tecnologias (CRPTT) da Empresa Mato-grossense de Pesquisa e Extens\u00e3o Rural (Empaer), em Tangar\u00e1 da Serra na quarta-feira (11.6).<br \/>\nO projeto, desenvolvido pela Empaer em parceria com a Universidade do Estado de Mato Grosso (Unemat), aposta no uso estrat\u00e9gico de abelhas nativas e ex\u00f3ticas para aumentar a produtividade e melhorar a qualidade dos gr\u00e3os nos cafezais. A proposta integra ci\u00eancia, sustentabilidade e valoriza\u00e7\u00e3o da agricultura familiar.<br \/>\nSegundo Jo\u00e3o Bosco, pesquisador da Empaer e coordenador do experimento, a tecnologia tem demonstrado resultados animadores: \u201cN\u00f3s estamos com esse projeto em parceria com a Unemat, para que a gente possa trazer para os produtores um aumento de produtividade com qualidade. \u00c9 uma cultura de boa renda para o produtor de pequena escala. O pre\u00e7o est\u00e1 interessante, os chineses aprenderam agora a tomar caf\u00e9 e s\u00e3o consumidores em potencial, com isso o pre\u00e7o aumentou. N\u00f3s conhecemos produtores que conciliaram a poliniza\u00e7\u00e3o e chegaram a produzir 130 sacas de caf\u00e9 em apenas um hectare.\u201d<br \/>\nA professora Daniele Starktonon, bi\u00f3loga e docente do curso de Agronomia e do Mestrado em Ambiente e Sistemas de Produ\u00e7\u00e3o Agr\u00edcola da Unemat, destaca que a pesquisa une conserva\u00e7\u00e3o ambiental e incremento na produ\u00e7\u00e3o agr\u00edcola.<br \/>\n\u201cA quest\u00e3o da poliniza\u00e7\u00e3o \u00e9 muito interessante, tanto pelo lado da produ\u00e7\u00e3o quanto da conserva\u00e7\u00e3o das abelhas, especialmente em Mato Grosso, onde temos uma elevada diversidade de esp\u00e9cies nativas. Com essa parceria da Empaer, estamos investigando a import\u00e2ncia da apicultura migrat\u00f3ria, em que os produtores podem deslocar os enxames em suas propriedades durante a florada. Pensamos que isso possa ser uma solu\u00e7\u00e3o para o aumento da produtividade do caf\u00e9 para os pequenos produtores\u201d, explicou.<br \/>\nEntre os participantes do projeto est\u00e1 a mestranda Daniela Padilha, de 31 anos, que veio do Par\u00e1 para estudar na Unemat. \u201cAchei muito interessante essa pesquisa sobre poliniza\u00e7\u00e3o no caf\u00e9, tendo em vista que o Estado est\u00e1 se destacando na produ\u00e7\u00e3o, inclusive em propriedades menores. E a poliniza\u00e7\u00e3o por abelhas tem uma import\u00e2ncia significativa na qualidade da produ\u00e7\u00e3o nos cafezais, al\u00e9m de ser sustent\u00e1vel\u201d, afirmou.<\/p>\n<p>&nbsp;<\/p>\n<p>&nbsp;<\/p>\n","protected":false},"excerpt":{"rendered":"<p>Projeto aposta no uso de abelhas nativas e ex\u00f3ticas para aumentar a produtividade e melhorar a qualidade dos gr\u00e3os. A produ\u00e7\u00e3o de caf\u00e9 na agricultura familiar de Mato Grosso pode ganhar um novo impulso com a aplica\u00e7\u00e3o de t\u00e9cnicas de poliniza\u00e7\u00e3o por abelhas. A iniciativa foi apresentada durante o Dia de Campo \u2013 Cadeias de [&hellip;]<\/p>\n","protected":false},"author":2,"featured_media":12159,"comment_status":"closed","ping_status":"closed","sticky":false,"template":"","format":"standard","meta":{"iawp_total_views":0,"footnotes":""},"categories":[12],"tags":[],"class_list":["post-12158","post","type-post","status-publish","format-standard","has-post-thumbnail","hentry","category-cidades"],"yoast_head":"<!-- This site is optimized with the Yoast SEO plugin v27.3 - https:\/\/yoast.com\/product\/yoast-seo-wordpress\/ -->\n<title>Poliniza\u00e7\u00e3o por abelhas eleva produtividade do caf\u00e9 em \u00e1rea experimental da Empaer &#8902; Blog da Condessa<\/title>\n<meta name=\"robots\" content=\"index, follow, max-snippet:-1, max-image-preview:large, max-video-preview:-1\" \/>\n<link rel=\"canonical\" href=\"https:\/\/blogdacondessa.com.br\/blog\/cidades\/polinizacao-por-abelhas-eleva-produtividade-do-cafe-em-area-experimental-da-empaer\/\" \/>\n<meta property=\"og:locale\" content=\"pt_BR\" \/>\n<meta property=\"og:type\" content=\"article\" \/>\n<meta property=\"og:title\" content=\"Poliniza\u00e7\u00e3o por abelhas eleva produtividade do caf\u00e9 em \u00e1rea experimental da Empaer &#8902; Blog da Condessa\" \/>\n<meta property=\"og:description\" content=\"Projeto aposta no uso de abelhas nativas e ex\u00f3ticas para aumentar a produtividade e melhorar a qualidade dos gr\u00e3os. A produ\u00e7\u00e3o de caf\u00e9 na agricultura familiar de Mato Grosso pode ganhar um novo impulso com a aplica\u00e7\u00e3o de t\u00e9cnicas de poliniza\u00e7\u00e3o por abelhas. A iniciativa foi apresentada durante o Dia de Campo \u2013 Cadeias de [&hellip;]\" \/>\n<meta property=\"og:url\" content=\"https:\/\/blogdacondessa.com.br\/blog\/cidades\/polinizacao-por-abelhas-eleva-produtividade-do-cafe-em-area-experimental-da-empaer\/\" \/>\n<meta property=\"og:site_name\" content=\"Blog da Condessa\" \/>\n<meta property=\"article:published_time\" content=\"2025-06-14T09:05:05+00:00\" \/>\n<meta property=\"og:image\" content=\"https:\/\/blogdacondessa.com.br\/blog\/wp-content\/uploads\/2025\/06\/cultivo-cafe-scaled.jpeg\" \/>\n\t<meta property=\"og:image:width\" content=\"2560\" \/>\n\t<meta property=\"og:image:height\" content=\"1920\" \/>\n\t<meta property=\"og:image:type\" content=\"image\/jpeg\" \/>\n<meta name=\"author\" content=\"Blog da Condessa\" \/>\n<meta name=\"twitter:card\" content=\"summary_large_image\" \/>\n<meta name=\"twitter:label1\" content=\"Escrito por\" \/>\n\t<meta name=\"twitter:data1\" content=\"Blog da Condessa\" \/>\n\t<meta name=\"twitter:label2\" content=\"Est. tempo de leitura\" \/>\n\t<meta name=\"twitter:data2\" content=\"3 minutos\" \/>\n<script type=\"application\/ld+json\" class=\"yoast-schema-graph\">{\"@context\":\"https:\\\/\\\/schema.org\",\"@graph\":[{\"@type\":\"Article\",\"@id\":\"https:\\\/\\\/blogdacondessa.com.br\\\/blog\\\/cidades\\\/polinizacao-por-abelhas-eleva-produtividade-do-cafe-em-area-experimental-da-empaer\\\/#article\",\"isPartOf\":{\"@id\":\"https:\\\/\\\/blogdacondessa.com.br\\\/blog\\\/cidades\\\/polinizacao-por-abelhas-eleva-produtividade-do-cafe-em-area-experimental-da-empaer\\\/\"},\"author\":{\"name\":\"Blog da Condessa\",\"@id\":\"https:\\\/\\\/blogdacondessa.com.br\\\/blog\\\/#\\\/schema\\\/person\\\/1d667ff8b785195b568677489d266035\"},\"headline\":\"Poliniza\u00e7\u00e3o por abelhas eleva produtividade do caf\u00e9 em \u00e1rea experimental da Empaer\",\"datePublished\":\"2025-06-14T09:05:05+00:00\",\"mainEntityOfPage\":{\"@id\":\"https:\\\/\\\/blogdacondessa.com.br\\\/blog\\\/cidades\\\/polinizacao-por-abelhas-eleva-produtividade-do-cafe-em-area-experimental-da-empaer\\\/\"},\"wordCount\":450,\"image\":{\"@id\":\"https:\\\/\\\/blogdacondessa.com.br\\\/blog\\\/cidades\\\/polinizacao-por-abelhas-eleva-produtividade-do-cafe-em-area-experimental-da-empaer\\\/#primaryimage\"},\"thumbnailUrl\":\"https:\\\/\\\/blogdacondessa.com.br\\\/blog\\\/wp-content\\\/uploads\\\/2025\\\/06\\\/cultivo-cafe-scaled.jpeg\",\"articleSection\":[\"Cidades\"],\"inLanguage\":\"pt-BR\"},{\"@type\":\"WebPage\",\"@id\":\"https:\\\/\\\/blogdacondessa.com.br\\\/blog\\\/cidades\\\/polinizacao-por-abelhas-eleva-produtividade-do-cafe-em-area-experimental-da-empaer\\\/\",\"url\":\"https:\\\/\\\/blogdacondessa.com.br\\\/blog\\\/cidades\\\/polinizacao-por-abelhas-eleva-produtividade-do-cafe-em-area-experimental-da-empaer\\\/\",\"name\":\"Poliniza\u00e7\u00e3o por abelhas eleva produtividade do caf\u00e9 em \u00e1rea experimental da Empaer &#8902; Blog da Condessa\",\"isPartOf\":{\"@id\":\"https:\\\/\\\/blogdacondessa.com.br\\\/blog\\\/#website\"},\"primaryImageOfPage\":{\"@id\":\"https:\\\/\\\/blogdacondessa.com.br\\\/blog\\\/cidades\\\/polinizacao-por-abelhas-eleva-produtividade-do-cafe-em-area-experimental-da-empaer\\\/#primaryimage\"},\"image\":{\"@id\":\"https:\\\/\\\/blogdacondessa.com.br\\\/blog\\\/cidades\\\/polinizacao-por-abelhas-eleva-produtividade-do-cafe-em-area-experimental-da-empaer\\\/#primaryimage\"},\"thumbnailUrl\":\"https:\\\/\\\/blogdacondessa.com.br\\\/blog\\\/wp-content\\\/uploads\\\/2025\\\/06\\\/cultivo-cafe-scaled.jpeg\",\"datePublished\":\"2025-06-14T09:05:05+00:00\",\"author\":{\"@id\":\"https:\\\/\\\/blogdacondessa.com.br\\\/blog\\\/#\\\/schema\\\/person\\\/1d667ff8b785195b568677489d266035\"},\"breadcrumb\":{\"@id\":\"https:\\\/\\\/blogdacondessa.com.br\\\/blog\\\/cidades\\\/polinizacao-por-abelhas-eleva-produtividade-do-cafe-em-area-experimental-da-empaer\\\/#breadcrumb\"},\"inLanguage\":\"pt-BR\",\"potentialAction\":[{\"@type\":\"ReadAction\",\"target\":[\"https:\\\/\\\/blogdacondessa.com.br\\\/blog\\\/cidades\\\/polinizacao-por-abelhas-eleva-produtividade-do-cafe-em-area-experimental-da-empaer\\\/\"]}]},{\"@type\":\"ImageObject\",\"inLanguage\":\"pt-BR\",\"@id\":\"https:\\\/\\\/blogdacondessa.com.br\\\/blog\\\/cidades\\\/polinizacao-por-abelhas-eleva-produtividade-do-cafe-em-area-experimental-da-empaer\\\/#primaryimage\",\"url\":\"https:\\\/\\\/blogdacondessa.com.br\\\/blog\\\/wp-content\\\/uploads\\\/2025\\\/06\\\/cultivo-cafe-scaled.jpeg\",\"contentUrl\":\"https:\\\/\\\/blogdacondessa.com.br\\\/blog\\\/wp-content\\\/uploads\\\/2025\\\/06\\\/cultivo-cafe-scaled.jpeg\",\"width\":2560,\"height\":1920,\"caption\":\"Foto por: Assessoria Seaf\"},{\"@type\":\"BreadcrumbList\",\"@id\":\"https:\\\/\\\/blogdacondessa.com.br\\\/blog\\\/cidades\\\/polinizacao-por-abelhas-eleva-produtividade-do-cafe-em-area-experimental-da-empaer\\\/#breadcrumb\",\"itemListElement\":[{\"@type\":\"ListItem\",\"position\":1,\"name\":\"In\u00edcio\",\"item\":\"https:\\\/\\\/blogdacondessa.com.br\\\/blog\\\/\"},{\"@type\":\"ListItem\",\"position\":2,\"name\":\"Poliniza\u00e7\u00e3o por abelhas eleva produtividade do caf\u00e9 em \u00e1rea experimental da Empaer\"}]},{\"@type\":\"WebSite\",\"@id\":\"https:\\\/\\\/blogdacondessa.com.br\\\/blog\\\/#website\",\"url\":\"https:\\\/\\\/blogdacondessa.com.br\\\/blog\\\/\",\"name\":\"Blog da Condessa\",\"description\":\"Com Shirley de Souza O\u2019Campos\",\"potentialAction\":[{\"@type\":\"SearchAction\",\"target\":{\"@type\":\"EntryPoint\",\"urlTemplate\":\"https:\\\/\\\/blogdacondessa.com.br\\\/blog\\\/?s={search_term_string}\"},\"query-input\":{\"@type\":\"PropertyValueSpecification\",\"valueRequired\":true,\"valueName\":\"search_term_string\"}}],\"inLanguage\":\"pt-BR\"},{\"@type\":\"Person\",\"@id\":\"https:\\\/\\\/blogdacondessa.com.br\\\/blog\\\/#\\\/schema\\\/person\\\/1d667ff8b785195b568677489d266035\",\"name\":\"Blog da Condessa\",\"image\":{\"@type\":\"ImageObject\",\"inLanguage\":\"pt-BR\",\"@id\":\"https:\\\/\\\/secure.gravatar.com\\\/avatar\\\/377c0eb8b4ad2bfc25461b41564b5971e721ca34a57642868fc7b0c8ac7b52c5?s=96&d=mm&r=g\",\"url\":\"https:\\\/\\\/secure.gravatar.com\\\/avatar\\\/377c0eb8b4ad2bfc25461b41564b5971e721ca34a57642868fc7b0c8ac7b52c5?s=96&d=mm&r=g\",\"contentUrl\":\"https:\\\/\\\/secure.gravatar.com\\\/avatar\\\/377c0eb8b4ad2bfc25461b41564b5971e721ca34a57642868fc7b0c8ac7b52c5?s=96&d=mm&r=g\",\"caption\":\"Blog da Condessa\"},\"url\":\"https:\\\/\\\/blogdacondessa.com.br\\\/blog\\\/author\\\/beatriz\\\/\"}]}<\/script>\n<!-- \/ Yoast SEO plugin. -->","yoast_head_json":{"title":"Poliniza\u00e7\u00e3o por abelhas eleva produtividade do caf\u00e9 em \u00e1rea experimental da Empaer &#8902; Blog da Condessa","robots":{"index":"index","follow":"follow","max-snippet":"max-snippet:-1","max-image-preview":"max-image-preview:large","max-video-preview":"max-video-preview:-1"},"canonical":"https:\/\/blogdacondessa.com.br\/blog\/cidades\/polinizacao-por-abelhas-eleva-produtividade-do-cafe-em-area-experimental-da-empaer\/","og_locale":"pt_BR","og_type":"article","og_title":"Poliniza\u00e7\u00e3o por abelhas eleva produtividade do caf\u00e9 em \u00e1rea experimental da Empaer &#8902; Blog da Condessa","og_description":"Projeto aposta no uso de abelhas nativas e ex\u00f3ticas para aumentar a produtividade e melhorar a qualidade dos gr\u00e3os. A produ\u00e7\u00e3o de caf\u00e9 na agricultura familiar de Mato Grosso pode ganhar um novo impulso com a aplica\u00e7\u00e3o de t\u00e9cnicas de poliniza\u00e7\u00e3o por abelhas. A iniciativa foi apresentada durante o Dia de Campo \u2013 Cadeias de [&hellip;]","og_url":"https:\/\/blogdacondessa.com.br\/blog\/cidades\/polinizacao-por-abelhas-eleva-produtividade-do-cafe-em-area-experimental-da-empaer\/","og_site_name":"Blog da Condessa","article_published_time":"2025-06-14T09:05:05+00:00","og_image":[{"width":2560,"height":1920,"url":"https:\/\/blogdacondessa.com.br\/blog\/wp-content\/uploads\/2025\/06\/cultivo-cafe-scaled.jpeg","type":"image\/jpeg"}],"author":"Blog da Condessa","twitter_card":"summary_large_image","twitter_misc":{"Escrito por":"Blog da Condessa","Est. tempo de leitura":"3 minutos"},"schema":{"@context":"https:\/\/schema.org","@graph":[{"@type":"Article","@id":"https:\/\/blogdacondessa.com.br\/blog\/cidades\/polinizacao-por-abelhas-eleva-produtividade-do-cafe-em-area-experimental-da-empaer\/#article","isPartOf":{"@id":"https:\/\/blogdacondessa.com.br\/blog\/cidades\/polinizacao-por-abelhas-eleva-produtividade-do-cafe-em-area-experimental-da-empaer\/"},"author":{"name":"Blog da Condessa","@id":"https:\/\/blogdacondessa.com.br\/blog\/#\/schema\/person\/1d667ff8b785195b568677489d266035"},"headline":"Poliniza\u00e7\u00e3o por abelhas eleva produtividade do caf\u00e9 em \u00e1rea experimental da Empaer","datePublished":"2025-06-14T09:05:05+00:00","mainEntityOfPage":{"@id":"https:\/\/blogdacondessa.com.br\/blog\/cidades\/polinizacao-por-abelhas-eleva-produtividade-do-cafe-em-area-experimental-da-empaer\/"},"wordCount":450,"image":{"@id":"https:\/\/blogdacondessa.com.br\/blog\/cidades\/polinizacao-por-abelhas-eleva-produtividade-do-cafe-em-area-experimental-da-empaer\/#primaryimage"},"thumbnailUrl":"https:\/\/blogdacondessa.com.br\/blog\/wp-content\/uploads\/2025\/06\/cultivo-cafe-scaled.jpeg","articleSection":["Cidades"],"inLanguage":"pt-BR"},{"@type":"WebPage","@id":"https:\/\/blogdacondessa.com.br\/blog\/cidades\/polinizacao-por-abelhas-eleva-produtividade-do-cafe-em-area-experimental-da-empaer\/","url":"https:\/\/blogdacondessa.com.br\/blog\/cidades\/polinizacao-por-abelhas-eleva-produtividade-do-cafe-em-area-experimental-da-empaer\/","name":"Poliniza\u00e7\u00e3o por abelhas eleva produtividade do caf\u00e9 em \u00e1rea experimental da Empaer &#8902; Blog da Condessa","isPartOf":{"@id":"https:\/\/blogdacondessa.com.br\/blog\/#website"},"primaryImageOfPage":{"@id":"https:\/\/blogdacondessa.com.br\/blog\/cidades\/polinizacao-por-abelhas-eleva-produtividade-do-cafe-em-area-experimental-da-empaer\/#primaryimage"},"image":{"@id":"https:\/\/blogdacondessa.com.br\/blog\/cidades\/polinizacao-por-abelhas-eleva-produtividade-do-cafe-em-area-experimental-da-empaer\/#primaryimage"},"thumbnailUrl":"https:\/\/blogdacondessa.com.br\/blog\/wp-content\/uploads\/2025\/06\/cultivo-cafe-scaled.jpeg","datePublished":"2025-06-14T09:05:05+00:00","author":{"@id":"https:\/\/blogdacondessa.com.br\/blog\/#\/schema\/person\/1d667ff8b785195b568677489d266035"},"breadcrumb":{"@id":"https:\/\/blogdacondessa.com.br\/blog\/cidades\/polinizacao-por-abelhas-eleva-produtividade-do-cafe-em-area-experimental-da-empaer\/#breadcrumb"},"inLanguage":"pt-BR","potentialAction":[{"@type":"ReadAction","target":["https:\/\/blogdacondessa.com.br\/blog\/cidades\/polinizacao-por-abelhas-eleva-produtividade-do-cafe-em-area-experimental-da-empaer\/"]}]},{"@type":"ImageObject","inLanguage":"pt-BR","@id":"https:\/\/blogdacondessa.com.br\/blog\/cidades\/polinizacao-por-abelhas-eleva-produtividade-do-cafe-em-area-experimental-da-empaer\/#primaryimage","url":"https:\/\/blogdacondessa.com.br\/blog\/wp-content\/uploads\/2025\/06\/cultivo-cafe-scaled.jpeg","contentUrl":"https:\/\/blogdacondessa.com.br\/blog\/wp-content\/uploads\/2025\/06\/cultivo-cafe-scaled.jpeg","width":2560,"height":1920,"caption":"Foto por: Assessoria Seaf"},{"@type":"BreadcrumbList","@id":"https:\/\/blogdacondessa.com.br\/blog\/cidades\/polinizacao-por-abelhas-eleva-produtividade-do-cafe-em-area-experimental-da-empaer\/#breadcrumb","itemListElement":[{"@type":"ListItem","position":1,"name":"In\u00edcio","item":"https:\/\/blogdacondessa.com.br\/blog\/"},{"@type":"ListItem","position":2,"name":"Poliniza\u00e7\u00e3o por abelhas eleva produtividade do caf\u00e9 em \u00e1rea experimental da Empaer"}]},{"@type":"WebSite","@id":"https:\/\/blogdacondessa.com.br\/blog\/#website","url":"https:\/\/blogdacondessa.com.br\/blog\/","name":"Blog da Condessa","description":"Com Shirley de Souza O\u2019Campos","potentialAction":[{"@type":"SearchAction","target":{"@type":"EntryPoint","urlTemplate":"https:\/\/blogdacondessa.com.br\/blog\/?s={search_term_string}"},"query-input":{"@type":"PropertyValueSpecification","valueRequired":true,"valueName":"search_term_string"}}],"inLanguage":"pt-BR"},{"@type":"Person","@id":"https:\/\/blogdacondessa.com.br\/blog\/#\/schema\/person\/1d667ff8b785195b568677489d266035","name":"Blog da Condessa","image":{"@type":"ImageObject","inLanguage":"pt-BR","@id":"https:\/\/secure.gravatar.com\/avatar\/377c0eb8b4ad2bfc25461b41564b5971e721ca34a57642868fc7b0c8ac7b52c5?s=96&d=mm&r=g","url":"https:\/\/secure.gravatar.com\/avatar\/377c0eb8b4ad2bfc25461b41564b5971e721ca34a57642868fc7b0c8ac7b52c5?s=96&d=mm&r=g","contentUrl":"https:\/\/secure.gravatar.com\/avatar\/377c0eb8b4ad2bfc25461b41564b5971e721ca34a57642868fc7b0c8ac7b52c5?s=96&d=mm&r=g","caption":"Blog da Condessa"},"url":"https:\/\/blogdacondessa.com.br\/blog\/author\/beatriz\/"}]}},"_links":{"self":[{"href":"https:\/\/blogdacondessa.com.br\/blog\/wp-json\/wp\/v2\/posts\/12158","targetHints":{"allow":["GET"]}}],"collection":[{"href":"https:\/\/blogdacondessa.com.br\/blog\/wp-json\/wp\/v2\/posts"}],"about":[{"href":"https:\/\/blogdacondessa.com.br\/blog\/wp-json\/wp\/v2\/types\/post"}],"author":[{"embeddable":true,"href":"https:\/\/blogdacondessa.com.br\/blog\/wp-json\/wp\/v2\/users\/2"}],"replies":[{"embeddable":true,"href":"https:\/\/blogdacondessa.com.br\/blog\/wp-json\/wp\/v2\/comments?post=12158"}],"version-history":[{"count":0,"href":"https:\/\/blogdacondessa.com.br\/blog\/wp-json\/wp\/v2\/posts\/12158\/revisions"}],"wp:featuredmedia":[{"embeddable":true,"href":"https:\/\/blogdacondessa.com.br\/blog\/wp-json\/wp\/v2\/media\/12159"}],"wp:attachment":[{"href":"https:\/\/blogdacondessa.com.br\/blog\/wp-json\/wp\/v2\/media?parent=12158"}],"wp:term":[{"taxonomy":"category","embeddable":true,"href":"https:\/\/blogdacondessa.com.br\/blog\/wp-json\/wp\/v2\/categories?post=12158"},{"taxonomy":"post_tag","embeddable":true,"href":"https:\/\/blogdacondessa.com.br\/blog\/wp-json\/wp\/v2\/tags?post=12158"}],"curies":[{"name":"wp","href":"https:\/\/api.w.org\/{rel}","templated":true}]}}