{"id":12155,"date":"2025-06-14T05:05:17","date_gmt":"2025-06-14T09:05:17","guid":{"rendered":"https:\/\/blogdacondessa.com.br\/blog\/?p=12155"},"modified":"2025-06-13T17:37:43","modified_gmt":"2025-06-13T21:37:43","slug":"lei-que-cria-instituto-de-longa-permanencia-para-idosos-e-aprovada","status":"publish","type":"post","link":"https:\/\/blogdacondessa.com.br\/blog\/politica\/lei-que-cria-instituto-de-longa-permanencia-para-idosos-e-aprovada\/","title":{"rendered":"Lei que cria Instituto de Longa Perman\u00eancia para Idosos \u00e9 aprovada"},"content":{"rendered":"<p>A C\u00e2mara Municipal de Cuiab\u00e1 aprovou, na ter\u00e7a-feira (10), o projeto de lei encaminhado pela Prefeitura que autoriza a constru\u00e7\u00e3o do primeiro Instituto de Longa Perman\u00eancia para Idosos (ILPI) da capital. A proposta, articulada pelo prefeito Ab\u00edlio Brunini e desenvolvida pela Secretaria Municipal de Assist\u00eancia Social, prev\u00ea a cria\u00e7\u00e3o de 208 vagas para atendimento de idosos em situa\u00e7\u00e3o de vulnerabilidade social.<br \/>\nO projeto foi aprovado com 20 votos favor\u00e1veis. Das vagas previstas, 104 ser\u00e3o destinadas ao acolhimento integral e outras 104 funcionar\u00e3o no formato de Centro-Dia, voltado ao atendimento diurno de pessoas idosas cujas fam\u00edlias n\u00e3o conseguem prover os cuidados necess\u00e1rios em tempo integral.<br \/>\nCom investimento estimado em R$ 7,5 milh\u00f5es, a constru\u00e7\u00e3o ser\u00e1 viabilizada por meio de parceria entre a Prefeitura de Cuiab\u00e1 e o Governo do Estado. O repasse estadual, que inclui recursos provenientes de emenda parlamentar, ser\u00e1 de R$ 5,5 milh\u00f5es, enquanto a contrapartida municipal ser\u00e1 de R$ 2 milh\u00f5es. O terreno para a obra foi doado pelo Tribunal de Contas do Estado (TCE) e est\u00e1 localizado nas imedia\u00e7\u00f5es do Hospital de C\u00e2ncer.<br \/>\nO projeto arquitet\u00f4nico, a ser executado pela Associa\u00e7\u00e3o Mato-Grossense dos Munic\u00edpios (AMM), foi concebido com foco no acolhimento humanizado. A estrutura contar\u00e1 com ambientes amplos, \u00e1reas sombreadas, espa\u00e7os de conviv\u00eancia e elementos inspirados nos tradicionais quintais cuiabanos, como redes e janelas ventiladas, promovendo conforto e bem-estar aos idosos.<br \/>\nA iniciativa surgiu ap\u00f3s uma s\u00e9rie de reuni\u00f5es t\u00e9cnicas conduzidas pela gest\u00e3o Brunini, com participa\u00e7\u00e3o do Minist\u00e9rio P\u00fablico Estadual (MPE) e do pr\u00f3prio TCE. O projeto tamb\u00e9m responde a uma demanda judicial que, desde 2014, cobra a cria\u00e7\u00e3o de pol\u00edticas p\u00fablicas para o acolhimento institucional de idosos sem apoio familiar ou em situa\u00e7\u00e3o de risco social.<br \/>\nA secret\u00e1ria municipal de Assist\u00eancia Social, H\u00e9lida Vilela, acompanhou pessoalmente as tratativas com o MPE e conduziu o acompanhamento jur\u00eddico e social da proposta, assegurando que a iniciativa atenda efetivamente aos idosos em situa\u00e7\u00e3o de vulnerabilidade.<br \/>\nAl\u00e9m da constru\u00e7\u00e3o do ILPI, a pasta desenvolve pol\u00edticas complementares, como o programa \u201cInclus\u00e3o Digital para Idosos\u201d, que oferece alfabetiza\u00e7\u00e3o digital e capacita\u00e7\u00e3o em parceria com ONGs, institui\u00e7\u00f5es de ensino e empresas de tecnologia.<br \/>\nA san\u00e7\u00e3o da lei est\u00e1 prevista ainda para o m\u00eas de junho, com a publica\u00e7\u00e3o do edital de licita\u00e7\u00e3o para o in\u00edcio das obras na sequ\u00eancia.<\/p>\n","protected":false},"excerpt":{"rendered":"<p>A C\u00e2mara Municipal de Cuiab\u00e1 aprovou, na ter\u00e7a-feira (10), o projeto de lei encaminhado pela Prefeitura que autoriza a constru\u00e7\u00e3o do primeiro Instituto de Longa Perman\u00eancia para Idosos (ILPI) da capital. A proposta, articulada pelo prefeito Ab\u00edlio Brunini e desenvolvida pela Secretaria Municipal de Assist\u00eancia Social, prev\u00ea a cria\u00e7\u00e3o de 208 vagas para atendimento de [&hellip;]<\/p>\n","protected":false},"author":2,"featured_media":12156,"comment_status":"closed","ping_status":"closed","sticky":false,"template":"","format":"standard","meta":{"iawp_total_views":63,"footnotes":""},"categories":[10],"tags":[],"class_list":["post-12155","post","type-post","status-publish","format-standard","has-post-thumbnail","hentry","category-politica"],"yoast_head":"<!-- This site is optimized with the Yoast SEO plugin v27.3 - https:\/\/yoast.com\/product\/yoast-seo-wordpress\/ -->\n<title>Lei que cria Instituto de Longa Perman\u00eancia para Idosos \u00e9 aprovada &#8902; Blog da Condessa<\/title>\n<meta name=\"robots\" content=\"index, follow, max-snippet:-1, max-image-preview:large, max-video-preview:-1\" \/>\n<link rel=\"canonical\" href=\"https:\/\/blogdacondessa.com.br\/blog\/politica\/lei-que-cria-instituto-de-longa-permanencia-para-idosos-e-aprovada\/\" \/>\n<meta property=\"og:locale\" content=\"pt_BR\" \/>\n<meta property=\"og:type\" content=\"article\" \/>\n<meta property=\"og:title\" content=\"Lei que cria Instituto de Longa Perman\u00eancia para Idosos \u00e9 aprovada &#8902; Blog da Condessa\" \/>\n<meta property=\"og:description\" content=\"A C\u00e2mara Municipal de Cuiab\u00e1 aprovou, na ter\u00e7a-feira (10), o projeto de lei encaminhado pela Prefeitura que autoriza a constru\u00e7\u00e3o do primeiro Instituto de Longa Perman\u00eancia para Idosos (ILPI) da capital. A proposta, articulada pelo prefeito Ab\u00edlio Brunini e desenvolvida pela Secretaria Municipal de Assist\u00eancia Social, prev\u00ea a cria\u00e7\u00e3o de 208 vagas para atendimento de [&hellip;]\" \/>\n<meta property=\"og:url\" content=\"https:\/\/blogdacondessa.com.br\/blog\/politica\/lei-que-cria-instituto-de-longa-permanencia-para-idosos-e-aprovada\/\" \/>\n<meta property=\"og:site_name\" content=\"Blog da Condessa\" \/>\n<meta property=\"article:published_time\" content=\"2025-06-14T09:05:17+00:00\" \/>\n<meta property=\"og:image\" content=\"https:\/\/blogdacondessa.com.br\/blog\/wp-content\/uploads\/2025\/06\/CUIABA-scaled.jpg\" \/>\n\t<meta property=\"og:image:width\" content=\"2560\" \/>\n\t<meta property=\"og:image:height\" content=\"1438\" \/>\n\t<meta property=\"og:image:type\" content=\"image\/jpeg\" \/>\n<meta name=\"author\" content=\"Blog da Condessa\" \/>\n<meta name=\"twitter:card\" content=\"summary_large_image\" \/>\n<meta name=\"twitter:label1\" content=\"Escrito por\" \/>\n\t<meta name=\"twitter:data1\" content=\"Blog da Condessa\" \/>\n\t<meta name=\"twitter:label2\" content=\"Est. tempo de leitura\" \/>\n\t<meta name=\"twitter:data2\" content=\"3 minutos\" \/>\n<script type=\"application\/ld+json\" class=\"yoast-schema-graph\">{\"@context\":\"https:\\\/\\\/schema.org\",\"@graph\":[{\"@type\":\"Article\",\"@id\":\"https:\\\/\\\/blogdacondessa.com.br\\\/blog\\\/politica\\\/lei-que-cria-instituto-de-longa-permanencia-para-idosos-e-aprovada\\\/#article\",\"isPartOf\":{\"@id\":\"https:\\\/\\\/blogdacondessa.com.br\\\/blog\\\/politica\\\/lei-que-cria-instituto-de-longa-permanencia-para-idosos-e-aprovada\\\/\"},\"author\":{\"name\":\"Blog da Condessa\",\"@id\":\"https:\\\/\\\/blogdacondessa.com.br\\\/blog\\\/#\\\/schema\\\/person\\\/1d667ff8b785195b568677489d266035\"},\"headline\":\"Lei que cria Instituto de Longa Perman\u00eancia para Idosos \u00e9 aprovada\",\"datePublished\":\"2025-06-14T09:05:17+00:00\",\"mainEntityOfPage\":{\"@id\":\"https:\\\/\\\/blogdacondessa.com.br\\\/blog\\\/politica\\\/lei-que-cria-instituto-de-longa-permanencia-para-idosos-e-aprovada\\\/\"},\"wordCount\":435,\"image\":{\"@id\":\"https:\\\/\\\/blogdacondessa.com.br\\\/blog\\\/politica\\\/lei-que-cria-instituto-de-longa-permanencia-para-idosos-e-aprovada\\\/#primaryimage\"},\"thumbnailUrl\":\"https:\\\/\\\/blogdacondessa.com.br\\\/blog\\\/wp-content\\\/uploads\\\/2025\\\/06\\\/CUIABA-scaled.jpg\",\"articleSection\":[\"Pol\u00edtica\"],\"inLanguage\":\"pt-BR\"},{\"@type\":\"WebPage\",\"@id\":\"https:\\\/\\\/blogdacondessa.com.br\\\/blog\\\/politica\\\/lei-que-cria-instituto-de-longa-permanencia-para-idosos-e-aprovada\\\/\",\"url\":\"https:\\\/\\\/blogdacondessa.com.br\\\/blog\\\/politica\\\/lei-que-cria-instituto-de-longa-permanencia-para-idosos-e-aprovada\\\/\",\"name\":\"Lei que cria Instituto de Longa Perman\u00eancia para Idosos \u00e9 aprovada &#8902; Blog da Condessa\",\"isPartOf\":{\"@id\":\"https:\\\/\\\/blogdacondessa.com.br\\\/blog\\\/#website\"},\"primaryImageOfPage\":{\"@id\":\"https:\\\/\\\/blogdacondessa.com.br\\\/blog\\\/politica\\\/lei-que-cria-instituto-de-longa-permanencia-para-idosos-e-aprovada\\\/#primaryimage\"},\"image\":{\"@id\":\"https:\\\/\\\/blogdacondessa.com.br\\\/blog\\\/politica\\\/lei-que-cria-instituto-de-longa-permanencia-para-idosos-e-aprovada\\\/#primaryimage\"},\"thumbnailUrl\":\"https:\\\/\\\/blogdacondessa.com.br\\\/blog\\\/wp-content\\\/uploads\\\/2025\\\/06\\\/CUIABA-scaled.jpg\",\"datePublished\":\"2025-06-14T09:05:17+00:00\",\"author\":{\"@id\":\"https:\\\/\\\/blogdacondessa.com.br\\\/blog\\\/#\\\/schema\\\/person\\\/1d667ff8b785195b568677489d266035\"},\"breadcrumb\":{\"@id\":\"https:\\\/\\\/blogdacondessa.com.br\\\/blog\\\/politica\\\/lei-que-cria-instituto-de-longa-permanencia-para-idosos-e-aprovada\\\/#breadcrumb\"},\"inLanguage\":\"pt-BR\",\"potentialAction\":[{\"@type\":\"ReadAction\",\"target\":[\"https:\\\/\\\/blogdacondessa.com.br\\\/blog\\\/politica\\\/lei-que-cria-instituto-de-longa-permanencia-para-idosos-e-aprovada\\\/\"]}]},{\"@type\":\"ImageObject\",\"inLanguage\":\"pt-BR\",\"@id\":\"https:\\\/\\\/blogdacondessa.com.br\\\/blog\\\/politica\\\/lei-que-cria-instituto-de-longa-permanencia-para-idosos-e-aprovada\\\/#primaryimage\",\"url\":\"https:\\\/\\\/blogdacondessa.com.br\\\/blog\\\/wp-content\\\/uploads\\\/2025\\\/06\\\/CUIABA-scaled.jpg\",\"contentUrl\":\"https:\\\/\\\/blogdacondessa.com.br\\\/blog\\\/wp-content\\\/uploads\\\/2025\\\/06\\\/CUIABA-scaled.jpg\",\"width\":2560,\"height\":1438,\"caption\":\"Foto: Rennan Oliveira\"},{\"@type\":\"BreadcrumbList\",\"@id\":\"https:\\\/\\\/blogdacondessa.com.br\\\/blog\\\/politica\\\/lei-que-cria-instituto-de-longa-permanencia-para-idosos-e-aprovada\\\/#breadcrumb\",\"itemListElement\":[{\"@type\":\"ListItem\",\"position\":1,\"name\":\"In\u00edcio\",\"item\":\"https:\\\/\\\/blogdacondessa.com.br\\\/blog\\\/\"},{\"@type\":\"ListItem\",\"position\":2,\"name\":\"Lei que cria Instituto de Longa Perman\u00eancia para Idosos \u00e9 aprovada\"}]},{\"@type\":\"WebSite\",\"@id\":\"https:\\\/\\\/blogdacondessa.com.br\\\/blog\\\/#website\",\"url\":\"https:\\\/\\\/blogdacondessa.com.br\\\/blog\\\/\",\"name\":\"Blog da Condessa\",\"description\":\"Com Shirley de Souza O\u2019Campos\",\"potentialAction\":[{\"@type\":\"SearchAction\",\"target\":{\"@type\":\"EntryPoint\",\"urlTemplate\":\"https:\\\/\\\/blogdacondessa.com.br\\\/blog\\\/?s={search_term_string}\"},\"query-input\":{\"@type\":\"PropertyValueSpecification\",\"valueRequired\":true,\"valueName\":\"search_term_string\"}}],\"inLanguage\":\"pt-BR\"},{\"@type\":\"Person\",\"@id\":\"https:\\\/\\\/blogdacondessa.com.br\\\/blog\\\/#\\\/schema\\\/person\\\/1d667ff8b785195b568677489d266035\",\"name\":\"Blog da Condessa\",\"image\":{\"@type\":\"ImageObject\",\"inLanguage\":\"pt-BR\",\"@id\":\"https:\\\/\\\/secure.gravatar.com\\\/avatar\\\/377c0eb8b4ad2bfc25461b41564b5971e721ca34a57642868fc7b0c8ac7b52c5?s=96&d=mm&r=g\",\"url\":\"https:\\\/\\\/secure.gravatar.com\\\/avatar\\\/377c0eb8b4ad2bfc25461b41564b5971e721ca34a57642868fc7b0c8ac7b52c5?s=96&d=mm&r=g\",\"contentUrl\":\"https:\\\/\\\/secure.gravatar.com\\\/avatar\\\/377c0eb8b4ad2bfc25461b41564b5971e721ca34a57642868fc7b0c8ac7b52c5?s=96&d=mm&r=g\",\"caption\":\"Blog da Condessa\"},\"url\":\"https:\\\/\\\/blogdacondessa.com.br\\\/blog\\\/author\\\/beatriz\\\/\"}]}<\/script>\n<!-- \/ Yoast SEO plugin. -->","yoast_head_json":{"title":"Lei que cria Instituto de Longa Perman\u00eancia para Idosos \u00e9 aprovada &#8902; Blog da Condessa","robots":{"index":"index","follow":"follow","max-snippet":"max-snippet:-1","max-image-preview":"max-image-preview:large","max-video-preview":"max-video-preview:-1"},"canonical":"https:\/\/blogdacondessa.com.br\/blog\/politica\/lei-que-cria-instituto-de-longa-permanencia-para-idosos-e-aprovada\/","og_locale":"pt_BR","og_type":"article","og_title":"Lei que cria Instituto de Longa Perman\u00eancia para Idosos \u00e9 aprovada &#8902; Blog da Condessa","og_description":"A C\u00e2mara Municipal de Cuiab\u00e1 aprovou, na ter\u00e7a-feira (10), o projeto de lei encaminhado pela Prefeitura que autoriza a constru\u00e7\u00e3o do primeiro Instituto de Longa Perman\u00eancia para Idosos (ILPI) da capital. A proposta, articulada pelo prefeito Ab\u00edlio Brunini e desenvolvida pela Secretaria Municipal de Assist\u00eancia Social, prev\u00ea a cria\u00e7\u00e3o de 208 vagas para atendimento de [&hellip;]","og_url":"https:\/\/blogdacondessa.com.br\/blog\/politica\/lei-que-cria-instituto-de-longa-permanencia-para-idosos-e-aprovada\/","og_site_name":"Blog da Condessa","article_published_time":"2025-06-14T09:05:17+00:00","og_image":[{"width":2560,"height":1438,"url":"https:\/\/blogdacondessa.com.br\/blog\/wp-content\/uploads\/2025\/06\/CUIABA-scaled.jpg","type":"image\/jpeg"}],"author":"Blog da Condessa","twitter_card":"summary_large_image","twitter_misc":{"Escrito por":"Blog da Condessa","Est. tempo de leitura":"3 minutos"},"schema":{"@context":"https:\/\/schema.org","@graph":[{"@type":"Article","@id":"https:\/\/blogdacondessa.com.br\/blog\/politica\/lei-que-cria-instituto-de-longa-permanencia-para-idosos-e-aprovada\/#article","isPartOf":{"@id":"https:\/\/blogdacondessa.com.br\/blog\/politica\/lei-que-cria-instituto-de-longa-permanencia-para-idosos-e-aprovada\/"},"author":{"name":"Blog da Condessa","@id":"https:\/\/blogdacondessa.com.br\/blog\/#\/schema\/person\/1d667ff8b785195b568677489d266035"},"headline":"Lei que cria Instituto de Longa Perman\u00eancia para Idosos \u00e9 aprovada","datePublished":"2025-06-14T09:05:17+00:00","mainEntityOfPage":{"@id":"https:\/\/blogdacondessa.com.br\/blog\/politica\/lei-que-cria-instituto-de-longa-permanencia-para-idosos-e-aprovada\/"},"wordCount":435,"image":{"@id":"https:\/\/blogdacondessa.com.br\/blog\/politica\/lei-que-cria-instituto-de-longa-permanencia-para-idosos-e-aprovada\/#primaryimage"},"thumbnailUrl":"https:\/\/blogdacondessa.com.br\/blog\/wp-content\/uploads\/2025\/06\/CUIABA-scaled.jpg","articleSection":["Pol\u00edtica"],"inLanguage":"pt-BR"},{"@type":"WebPage","@id":"https:\/\/blogdacondessa.com.br\/blog\/politica\/lei-que-cria-instituto-de-longa-permanencia-para-idosos-e-aprovada\/","url":"https:\/\/blogdacondessa.com.br\/blog\/politica\/lei-que-cria-instituto-de-longa-permanencia-para-idosos-e-aprovada\/","name":"Lei que cria Instituto de Longa Perman\u00eancia para Idosos \u00e9 aprovada &#8902; Blog da Condessa","isPartOf":{"@id":"https:\/\/blogdacondessa.com.br\/blog\/#website"},"primaryImageOfPage":{"@id":"https:\/\/blogdacondessa.com.br\/blog\/politica\/lei-que-cria-instituto-de-longa-permanencia-para-idosos-e-aprovada\/#primaryimage"},"image":{"@id":"https:\/\/blogdacondessa.com.br\/blog\/politica\/lei-que-cria-instituto-de-longa-permanencia-para-idosos-e-aprovada\/#primaryimage"},"thumbnailUrl":"https:\/\/blogdacondessa.com.br\/blog\/wp-content\/uploads\/2025\/06\/CUIABA-scaled.jpg","datePublished":"2025-06-14T09:05:17+00:00","author":{"@id":"https:\/\/blogdacondessa.com.br\/blog\/#\/schema\/person\/1d667ff8b785195b568677489d266035"},"breadcrumb":{"@id":"https:\/\/blogdacondessa.com.br\/blog\/politica\/lei-que-cria-instituto-de-longa-permanencia-para-idosos-e-aprovada\/#breadcrumb"},"inLanguage":"pt-BR","potentialAction":[{"@type":"ReadAction","target":["https:\/\/blogdacondessa.com.br\/blog\/politica\/lei-que-cria-instituto-de-longa-permanencia-para-idosos-e-aprovada\/"]}]},{"@type":"ImageObject","inLanguage":"pt-BR","@id":"https:\/\/blogdacondessa.com.br\/blog\/politica\/lei-que-cria-instituto-de-longa-permanencia-para-idosos-e-aprovada\/#primaryimage","url":"https:\/\/blogdacondessa.com.br\/blog\/wp-content\/uploads\/2025\/06\/CUIABA-scaled.jpg","contentUrl":"https:\/\/blogdacondessa.com.br\/blog\/wp-content\/uploads\/2025\/06\/CUIABA-scaled.jpg","width":2560,"height":1438,"caption":"Foto: Rennan Oliveira"},{"@type":"BreadcrumbList","@id":"https:\/\/blogdacondessa.com.br\/blog\/politica\/lei-que-cria-instituto-de-longa-permanencia-para-idosos-e-aprovada\/#breadcrumb","itemListElement":[{"@type":"ListItem","position":1,"name":"In\u00edcio","item":"https:\/\/blogdacondessa.com.br\/blog\/"},{"@type":"ListItem","position":2,"name":"Lei que cria Instituto de Longa Perman\u00eancia para Idosos \u00e9 aprovada"}]},{"@type":"WebSite","@id":"https:\/\/blogdacondessa.com.br\/blog\/#website","url":"https:\/\/blogdacondessa.com.br\/blog\/","name":"Blog da Condessa","description":"Com Shirley de Souza O\u2019Campos","potentialAction":[{"@type":"SearchAction","target":{"@type":"EntryPoint","urlTemplate":"https:\/\/blogdacondessa.com.br\/blog\/?s={search_term_string}"},"query-input":{"@type":"PropertyValueSpecification","valueRequired":true,"valueName":"search_term_string"}}],"inLanguage":"pt-BR"},{"@type":"Person","@id":"https:\/\/blogdacondessa.com.br\/blog\/#\/schema\/person\/1d667ff8b785195b568677489d266035","name":"Blog da Condessa","image":{"@type":"ImageObject","inLanguage":"pt-BR","@id":"https:\/\/secure.gravatar.com\/avatar\/377c0eb8b4ad2bfc25461b41564b5971e721ca34a57642868fc7b0c8ac7b52c5?s=96&d=mm&r=g","url":"https:\/\/secure.gravatar.com\/avatar\/377c0eb8b4ad2bfc25461b41564b5971e721ca34a57642868fc7b0c8ac7b52c5?s=96&d=mm&r=g","contentUrl":"https:\/\/secure.gravatar.com\/avatar\/377c0eb8b4ad2bfc25461b41564b5971e721ca34a57642868fc7b0c8ac7b52c5?s=96&d=mm&r=g","caption":"Blog da Condessa"},"url":"https:\/\/blogdacondessa.com.br\/blog\/author\/beatriz\/"}]}},"_links":{"self":[{"href":"https:\/\/blogdacondessa.com.br\/blog\/wp-json\/wp\/v2\/posts\/12155","targetHints":{"allow":["GET"]}}],"collection":[{"href":"https:\/\/blogdacondessa.com.br\/blog\/wp-json\/wp\/v2\/posts"}],"about":[{"href":"https:\/\/blogdacondessa.com.br\/blog\/wp-json\/wp\/v2\/types\/post"}],"author":[{"embeddable":true,"href":"https:\/\/blogdacondessa.com.br\/blog\/wp-json\/wp\/v2\/users\/2"}],"replies":[{"embeddable":true,"href":"https:\/\/blogdacondessa.com.br\/blog\/wp-json\/wp\/v2\/comments?post=12155"}],"version-history":[{"count":0,"href":"https:\/\/blogdacondessa.com.br\/blog\/wp-json\/wp\/v2\/posts\/12155\/revisions"}],"wp:featuredmedia":[{"embeddable":true,"href":"https:\/\/blogdacondessa.com.br\/blog\/wp-json\/wp\/v2\/media\/12156"}],"wp:attachment":[{"href":"https:\/\/blogdacondessa.com.br\/blog\/wp-json\/wp\/v2\/media?parent=12155"}],"wp:term":[{"taxonomy":"category","embeddable":true,"href":"https:\/\/blogdacondessa.com.br\/blog\/wp-json\/wp\/v2\/categories?post=12155"},{"taxonomy":"post_tag","embeddable":true,"href":"https:\/\/blogdacondessa.com.br\/blog\/wp-json\/wp\/v2\/tags?post=12155"}],"curies":[{"name":"wp","href":"https:\/\/api.w.org\/{rel}","templated":true}]}}