{"id":12001,"date":"2025-05-23T05:00:30","date_gmt":"2025-05-23T09:00:30","guid":{"rendered":"https:\/\/blogdacondessa.com.br\/blog\/?p=12001"},"modified":"2025-05-22T17:52:12","modified_gmt":"2025-05-22T21:52:12","slug":"campo-verde-fashion-week-o-algodao-de-mt-veste-o-mundo","status":"publish","type":"post","link":"https:\/\/blogdacondessa.com.br\/blog\/moda\/campo-verde-fashion-week-o-algodao-de-mt-veste-o-mundo\/","title":{"rendered":"Campo Verde Fashion Week \u2013 O Algod\u00e3o de MT Veste o Mundo"},"content":{"rendered":"<p>Evento une moda, algod\u00e3o e inclus\u00e3o. Lan\u00e7amento acontece nesta sexta e marca o in\u00edcio de um evento que celebra o algod\u00e3o mato-grossense, fomenta a moda regional e valoriza vidas por meio da capacita\u00e7\u00e3o e da sustentabilidade.<br \/>\nO munic\u00edpio de Campo Verde se prepara para um marco in\u00e9dito no calend\u00e1rio da moda de Mato Grosso com o lan\u00e7amento da 1\u00aa edi\u00e7\u00e3o do Campo Verde Fashion Week \u2013 O Algod\u00e3o de MT Veste o Mundo, que acontece nesta sexta-feira, 23 de maio, \u00e0s 19h, na Pra\u00e7a dos Tr\u00eas Poderes, em frente ao Pa\u00e7o Municipal, durante a divulga\u00e7\u00e3o do programa Da Fibra ao Fio.<br \/>\nIdealizado sob a consultoria do produtor de eventos Edson Guilherme, o projeto \u00e9 uma iniciativa da Prefeitura de Campo Verde, por meio das Secretarias Municipais de Assist\u00eancia Social, Cultura e Desenvolvimento Econ\u00f4mico, com o objetivo de valorizar a cadeia produtiva do algod\u00e3o mato-grossense, promover a inclus\u00e3o social, fomentar a moda regional e a sustentabilidade. O evento tamb\u00e9m conta com a parceria do programa SER Fam\u00edlia, idealizado pela primeira-dama de MT, Virginia Mendes, com a finalidade de arrecadar alimentos para uma institui\u00e7\u00e3o filantr\u00f3pica do munic\u00edpio.<br \/>\nA programa\u00e7\u00e3o oficial do evento est\u00e1 agendada para os dias 26 a 29 de junho, tamb\u00e9m na Pra\u00e7a dos Tr\u00eas Poderes, e contar\u00e1 com a presen\u00e7a da primeira-dama de Mato Grosso, Virginia Mendes, Embaixadora do Estado, e da primeira-dama de Campo Verde, Rosilei Borges de Oliveira, como Embaixadora do Munic\u00edpio. Uma programa\u00e7\u00e3o especial receber\u00e1 a imprensa do estadual e nacional, com caf\u00e9 da manh\u00e3 e Tour da Fibra ao Fio;<br \/>\nA partir do lan\u00e7amento, ser\u00e3o iniciadas as atividades preparat\u00f3rias do projeto Valorizando Vidas \u2013 por Edson Guilherme, voltado \u00e0 capacita\u00e7\u00e3o e \u00e0 valoriza\u00e7\u00e3o pessoal e profissional dos participantes. A agenda inclui:<br \/>\n\u2022 24\/05 \u2013 Apresenta\u00e7\u00e3o do projeto e introdu\u00e7\u00e3o aos m\u00f3dulos de Aulas de Postura I e II, Salto, Passarela I e II, Moda e Produ\u00e7\u00e3o, Express\u00e3o Corporal e Facial, Higiene Pessoal, Etiqueta Profissional e Posi\u00e7\u00f5es T\u00e9cnicas;<br \/>\n\u2022 29\/05 \u2013 Reuni\u00e3o com lojistas parceiros;<br \/>\n\u2022 31\/05 \u2013 Aulas de Postura I, Passarela I, Salto, Moda e Produ\u00e7\u00e3o;<br \/>\n\u2022 07\/06 \u2013 Aulas de Postura II, Passarela II, Express\u00e3o Corporal e Facial;<br \/>\n\u2022 14\/06 \u2013 Higiene Pessoal, Etiqueta Profissional e Posi\u00e7\u00f5es T\u00e9cnicas.<br \/>\nO Campo Verde Fashion Week tem a miss\u00e3o de mostrar que o algod\u00e3o produzido em Mato Grosso \u00e9 cultivado com responsabilidade social e compromisso com a sustentabilidade.<\/p>\n","protected":false},"excerpt":{"rendered":"<p>Evento une moda, algod\u00e3o e inclus\u00e3o. Lan\u00e7amento acontece nesta sexta e marca o in\u00edcio de um evento que celebra o algod\u00e3o mato-grossense, fomenta a moda regional e valoriza vidas por meio da capacita\u00e7\u00e3o e da sustentabilidade. O munic\u00edpio de Campo Verde se prepara para um marco in\u00e9dito no calend\u00e1rio da moda de Mato Grosso com [&hellip;]<\/p>\n","protected":false},"author":2,"featured_media":12002,"comment_status":"closed","ping_status":"closed","sticky":false,"template":"","format":"standard","meta":{"iawp_total_views":6,"footnotes":""},"categories":[21],"tags":[],"class_list":["post-12001","post","type-post","status-publish","format-standard","has-post-thumbnail","hentry","category-moda"],"yoast_head":"<!-- This site is optimized with the Yoast SEO plugin v27.3 - https:\/\/yoast.com\/product\/yoast-seo-wordpress\/ -->\n<title>Campo Verde Fashion Week \u2013 O Algod\u00e3o de MT Veste o Mundo &#8902; Blog da Condessa<\/title>\n<meta name=\"robots\" content=\"index, follow, max-snippet:-1, max-image-preview:large, max-video-preview:-1\" \/>\n<link rel=\"canonical\" href=\"https:\/\/blogdacondessa.com.br\/blog\/moda\/campo-verde-fashion-week-o-algodao-de-mt-veste-o-mundo\/\" \/>\n<meta property=\"og:locale\" content=\"pt_BR\" \/>\n<meta property=\"og:type\" content=\"article\" \/>\n<meta property=\"og:title\" content=\"Campo Verde Fashion Week \u2013 O Algod\u00e3o de MT Veste o Mundo &#8902; Blog da Condessa\" \/>\n<meta property=\"og:description\" content=\"Evento une moda, algod\u00e3o e inclus\u00e3o. Lan\u00e7amento acontece nesta sexta e marca o in\u00edcio de um evento que celebra o algod\u00e3o mato-grossense, fomenta a moda regional e valoriza vidas por meio da capacita\u00e7\u00e3o e da sustentabilidade. O munic\u00edpio de Campo Verde se prepara para um marco in\u00e9dito no calend\u00e1rio da moda de Mato Grosso com [&hellip;]\" \/>\n<meta property=\"og:url\" content=\"https:\/\/blogdacondessa.com.br\/blog\/moda\/campo-verde-fashion-week-o-algodao-de-mt-veste-o-mundo\/\" \/>\n<meta property=\"og:site_name\" content=\"Blog da Condessa\" \/>\n<meta property=\"article:published_time\" content=\"2025-05-23T09:00:30+00:00\" \/>\n<meta property=\"og:image\" content=\"https:\/\/blogdacondessa.com.br\/blog\/wp-content\/uploads\/2025\/05\/campo-verde-algodao.jpeg\" \/>\n\t<meta property=\"og:image:width\" content=\"920\" \/>\n\t<meta property=\"og:image:height\" content=\"613\" \/>\n\t<meta property=\"og:image:type\" content=\"image\/jpeg\" \/>\n<meta name=\"author\" content=\"Blog da Condessa\" \/>\n<meta name=\"twitter:card\" content=\"summary_large_image\" \/>\n<meta name=\"twitter:label1\" content=\"Escrito por\" \/>\n\t<meta name=\"twitter:data1\" content=\"Blog da Condessa\" \/>\n\t<meta name=\"twitter:label2\" content=\"Est. tempo de leitura\" \/>\n\t<meta name=\"twitter:data2\" content=\"3 minutos\" \/>\n<script type=\"application\/ld+json\" class=\"yoast-schema-graph\">{\"@context\":\"https:\\\/\\\/schema.org\",\"@graph\":[{\"@type\":\"Article\",\"@id\":\"https:\\\/\\\/blogdacondessa.com.br\\\/blog\\\/moda\\\/campo-verde-fashion-week-o-algodao-de-mt-veste-o-mundo\\\/#article\",\"isPartOf\":{\"@id\":\"https:\\\/\\\/blogdacondessa.com.br\\\/blog\\\/moda\\\/campo-verde-fashion-week-o-algodao-de-mt-veste-o-mundo\\\/\"},\"author\":{\"name\":\"Blog da Condessa\",\"@id\":\"https:\\\/\\\/blogdacondessa.com.br\\\/blog\\\/#\\\/schema\\\/person\\\/1d667ff8b785195b568677489d266035\"},\"headline\":\"Campo Verde Fashion Week \u2013 O Algod\u00e3o de MT Veste o Mundo\",\"datePublished\":\"2025-05-23T09:00:30+00:00\",\"mainEntityOfPage\":{\"@id\":\"https:\\\/\\\/blogdacondessa.com.br\\\/blog\\\/moda\\\/campo-verde-fashion-week-o-algodao-de-mt-veste-o-mundo\\\/\"},\"wordCount\":430,\"image\":{\"@id\":\"https:\\\/\\\/blogdacondessa.com.br\\\/blog\\\/moda\\\/campo-verde-fashion-week-o-algodao-de-mt-veste-o-mundo\\\/#primaryimage\"},\"thumbnailUrl\":\"https:\\\/\\\/blogdacondessa.com.br\\\/blog\\\/wp-content\\\/uploads\\\/2025\\\/05\\\/campo-verde-algodao.jpeg\",\"articleSection\":[\"Moda\"],\"inLanguage\":\"pt-BR\"},{\"@type\":\"WebPage\",\"@id\":\"https:\\\/\\\/blogdacondessa.com.br\\\/blog\\\/moda\\\/campo-verde-fashion-week-o-algodao-de-mt-veste-o-mundo\\\/\",\"url\":\"https:\\\/\\\/blogdacondessa.com.br\\\/blog\\\/moda\\\/campo-verde-fashion-week-o-algodao-de-mt-veste-o-mundo\\\/\",\"name\":\"Campo Verde Fashion Week \u2013 O Algod\u00e3o de MT Veste o Mundo &#8902; Blog da Condessa\",\"isPartOf\":{\"@id\":\"https:\\\/\\\/blogdacondessa.com.br\\\/blog\\\/#website\"},\"primaryImageOfPage\":{\"@id\":\"https:\\\/\\\/blogdacondessa.com.br\\\/blog\\\/moda\\\/campo-verde-fashion-week-o-algodao-de-mt-veste-o-mundo\\\/#primaryimage\"},\"image\":{\"@id\":\"https:\\\/\\\/blogdacondessa.com.br\\\/blog\\\/moda\\\/campo-verde-fashion-week-o-algodao-de-mt-veste-o-mundo\\\/#primaryimage\"},\"thumbnailUrl\":\"https:\\\/\\\/blogdacondessa.com.br\\\/blog\\\/wp-content\\\/uploads\\\/2025\\\/05\\\/campo-verde-algodao.jpeg\",\"datePublished\":\"2025-05-23T09:00:30+00:00\",\"author\":{\"@id\":\"https:\\\/\\\/blogdacondessa.com.br\\\/blog\\\/#\\\/schema\\\/person\\\/1d667ff8b785195b568677489d266035\"},\"breadcrumb\":{\"@id\":\"https:\\\/\\\/blogdacondessa.com.br\\\/blog\\\/moda\\\/campo-verde-fashion-week-o-algodao-de-mt-veste-o-mundo\\\/#breadcrumb\"},\"inLanguage\":\"pt-BR\",\"potentialAction\":[{\"@type\":\"ReadAction\",\"target\":[\"https:\\\/\\\/blogdacondessa.com.br\\\/blog\\\/moda\\\/campo-verde-fashion-week-o-algodao-de-mt-veste-o-mundo\\\/\"]}]},{\"@type\":\"ImageObject\",\"inLanguage\":\"pt-BR\",\"@id\":\"https:\\\/\\\/blogdacondessa.com.br\\\/blog\\\/moda\\\/campo-verde-fashion-week-o-algodao-de-mt-veste-o-mundo\\\/#primaryimage\",\"url\":\"https:\\\/\\\/blogdacondessa.com.br\\\/blog\\\/wp-content\\\/uploads\\\/2025\\\/05\\\/campo-verde-algodao.jpeg\",\"contentUrl\":\"https:\\\/\\\/blogdacondessa.com.br\\\/blog\\\/wp-content\\\/uploads\\\/2025\\\/05\\\/campo-verde-algodao.jpeg\",\"width\":920,\"height\":613,\"caption\":\"Foto: Assessoria\"},{\"@type\":\"BreadcrumbList\",\"@id\":\"https:\\\/\\\/blogdacondessa.com.br\\\/blog\\\/moda\\\/campo-verde-fashion-week-o-algodao-de-mt-veste-o-mundo\\\/#breadcrumb\",\"itemListElement\":[{\"@type\":\"ListItem\",\"position\":1,\"name\":\"In\u00edcio\",\"item\":\"https:\\\/\\\/blogdacondessa.com.br\\\/blog\\\/\"},{\"@type\":\"ListItem\",\"position\":2,\"name\":\"Campo Verde Fashion Week \u2013 O Algod\u00e3o de MT Veste o Mundo\"}]},{\"@type\":\"WebSite\",\"@id\":\"https:\\\/\\\/blogdacondessa.com.br\\\/blog\\\/#website\",\"url\":\"https:\\\/\\\/blogdacondessa.com.br\\\/blog\\\/\",\"name\":\"Blog da Condessa\",\"description\":\"Com Shirley de Souza O\u2019Campos\",\"potentialAction\":[{\"@type\":\"SearchAction\",\"target\":{\"@type\":\"EntryPoint\",\"urlTemplate\":\"https:\\\/\\\/blogdacondessa.com.br\\\/blog\\\/?s={search_term_string}\"},\"query-input\":{\"@type\":\"PropertyValueSpecification\",\"valueRequired\":true,\"valueName\":\"search_term_string\"}}],\"inLanguage\":\"pt-BR\"},{\"@type\":\"Person\",\"@id\":\"https:\\\/\\\/blogdacondessa.com.br\\\/blog\\\/#\\\/schema\\\/person\\\/1d667ff8b785195b568677489d266035\",\"name\":\"Blog da Condessa\",\"image\":{\"@type\":\"ImageObject\",\"inLanguage\":\"pt-BR\",\"@id\":\"https:\\\/\\\/secure.gravatar.com\\\/avatar\\\/377c0eb8b4ad2bfc25461b41564b5971e721ca34a57642868fc7b0c8ac7b52c5?s=96&d=mm&r=g\",\"url\":\"https:\\\/\\\/secure.gravatar.com\\\/avatar\\\/377c0eb8b4ad2bfc25461b41564b5971e721ca34a57642868fc7b0c8ac7b52c5?s=96&d=mm&r=g\",\"contentUrl\":\"https:\\\/\\\/secure.gravatar.com\\\/avatar\\\/377c0eb8b4ad2bfc25461b41564b5971e721ca34a57642868fc7b0c8ac7b52c5?s=96&d=mm&r=g\",\"caption\":\"Blog da Condessa\"},\"url\":\"https:\\\/\\\/blogdacondessa.com.br\\\/blog\\\/author\\\/beatriz\\\/\"}]}<\/script>\n<!-- \/ Yoast SEO plugin. -->","yoast_head_json":{"title":"Campo Verde Fashion Week \u2013 O Algod\u00e3o de MT Veste o Mundo &#8902; Blog da Condessa","robots":{"index":"index","follow":"follow","max-snippet":"max-snippet:-1","max-image-preview":"max-image-preview:large","max-video-preview":"max-video-preview:-1"},"canonical":"https:\/\/blogdacondessa.com.br\/blog\/moda\/campo-verde-fashion-week-o-algodao-de-mt-veste-o-mundo\/","og_locale":"pt_BR","og_type":"article","og_title":"Campo Verde Fashion Week \u2013 O Algod\u00e3o de MT Veste o Mundo &#8902; Blog da Condessa","og_description":"Evento une moda, algod\u00e3o e inclus\u00e3o. Lan\u00e7amento acontece nesta sexta e marca o in\u00edcio de um evento que celebra o algod\u00e3o mato-grossense, fomenta a moda regional e valoriza vidas por meio da capacita\u00e7\u00e3o e da sustentabilidade. O munic\u00edpio de Campo Verde se prepara para um marco in\u00e9dito no calend\u00e1rio da moda de Mato Grosso com [&hellip;]","og_url":"https:\/\/blogdacondessa.com.br\/blog\/moda\/campo-verde-fashion-week-o-algodao-de-mt-veste-o-mundo\/","og_site_name":"Blog da Condessa","article_published_time":"2025-05-23T09:00:30+00:00","og_image":[{"width":920,"height":613,"url":"https:\/\/blogdacondessa.com.br\/blog\/wp-content\/uploads\/2025\/05\/campo-verde-algodao.jpeg","type":"image\/jpeg"}],"author":"Blog da Condessa","twitter_card":"summary_large_image","twitter_misc":{"Escrito por":"Blog da Condessa","Est. tempo de leitura":"3 minutos"},"schema":{"@context":"https:\/\/schema.org","@graph":[{"@type":"Article","@id":"https:\/\/blogdacondessa.com.br\/blog\/moda\/campo-verde-fashion-week-o-algodao-de-mt-veste-o-mundo\/#article","isPartOf":{"@id":"https:\/\/blogdacondessa.com.br\/blog\/moda\/campo-verde-fashion-week-o-algodao-de-mt-veste-o-mundo\/"},"author":{"name":"Blog da Condessa","@id":"https:\/\/blogdacondessa.com.br\/blog\/#\/schema\/person\/1d667ff8b785195b568677489d266035"},"headline":"Campo Verde Fashion Week \u2013 O Algod\u00e3o de MT Veste o Mundo","datePublished":"2025-05-23T09:00:30+00:00","mainEntityOfPage":{"@id":"https:\/\/blogdacondessa.com.br\/blog\/moda\/campo-verde-fashion-week-o-algodao-de-mt-veste-o-mundo\/"},"wordCount":430,"image":{"@id":"https:\/\/blogdacondessa.com.br\/blog\/moda\/campo-verde-fashion-week-o-algodao-de-mt-veste-o-mundo\/#primaryimage"},"thumbnailUrl":"https:\/\/blogdacondessa.com.br\/blog\/wp-content\/uploads\/2025\/05\/campo-verde-algodao.jpeg","articleSection":["Moda"],"inLanguage":"pt-BR"},{"@type":"WebPage","@id":"https:\/\/blogdacondessa.com.br\/blog\/moda\/campo-verde-fashion-week-o-algodao-de-mt-veste-o-mundo\/","url":"https:\/\/blogdacondessa.com.br\/blog\/moda\/campo-verde-fashion-week-o-algodao-de-mt-veste-o-mundo\/","name":"Campo Verde Fashion Week \u2013 O Algod\u00e3o de MT Veste o Mundo &#8902; Blog da Condessa","isPartOf":{"@id":"https:\/\/blogdacondessa.com.br\/blog\/#website"},"primaryImageOfPage":{"@id":"https:\/\/blogdacondessa.com.br\/blog\/moda\/campo-verde-fashion-week-o-algodao-de-mt-veste-o-mundo\/#primaryimage"},"image":{"@id":"https:\/\/blogdacondessa.com.br\/blog\/moda\/campo-verde-fashion-week-o-algodao-de-mt-veste-o-mundo\/#primaryimage"},"thumbnailUrl":"https:\/\/blogdacondessa.com.br\/blog\/wp-content\/uploads\/2025\/05\/campo-verde-algodao.jpeg","datePublished":"2025-05-23T09:00:30+00:00","author":{"@id":"https:\/\/blogdacondessa.com.br\/blog\/#\/schema\/person\/1d667ff8b785195b568677489d266035"},"breadcrumb":{"@id":"https:\/\/blogdacondessa.com.br\/blog\/moda\/campo-verde-fashion-week-o-algodao-de-mt-veste-o-mundo\/#breadcrumb"},"inLanguage":"pt-BR","potentialAction":[{"@type":"ReadAction","target":["https:\/\/blogdacondessa.com.br\/blog\/moda\/campo-verde-fashion-week-o-algodao-de-mt-veste-o-mundo\/"]}]},{"@type":"ImageObject","inLanguage":"pt-BR","@id":"https:\/\/blogdacondessa.com.br\/blog\/moda\/campo-verde-fashion-week-o-algodao-de-mt-veste-o-mundo\/#primaryimage","url":"https:\/\/blogdacondessa.com.br\/blog\/wp-content\/uploads\/2025\/05\/campo-verde-algodao.jpeg","contentUrl":"https:\/\/blogdacondessa.com.br\/blog\/wp-content\/uploads\/2025\/05\/campo-verde-algodao.jpeg","width":920,"height":613,"caption":"Foto: Assessoria"},{"@type":"BreadcrumbList","@id":"https:\/\/blogdacondessa.com.br\/blog\/moda\/campo-verde-fashion-week-o-algodao-de-mt-veste-o-mundo\/#breadcrumb","itemListElement":[{"@type":"ListItem","position":1,"name":"In\u00edcio","item":"https:\/\/blogdacondessa.com.br\/blog\/"},{"@type":"ListItem","position":2,"name":"Campo Verde Fashion Week \u2013 O Algod\u00e3o de MT Veste o Mundo"}]},{"@type":"WebSite","@id":"https:\/\/blogdacondessa.com.br\/blog\/#website","url":"https:\/\/blogdacondessa.com.br\/blog\/","name":"Blog da Condessa","description":"Com Shirley de Souza O\u2019Campos","potentialAction":[{"@type":"SearchAction","target":{"@type":"EntryPoint","urlTemplate":"https:\/\/blogdacondessa.com.br\/blog\/?s={search_term_string}"},"query-input":{"@type":"PropertyValueSpecification","valueRequired":true,"valueName":"search_term_string"}}],"inLanguage":"pt-BR"},{"@type":"Person","@id":"https:\/\/blogdacondessa.com.br\/blog\/#\/schema\/person\/1d667ff8b785195b568677489d266035","name":"Blog da Condessa","image":{"@type":"ImageObject","inLanguage":"pt-BR","@id":"https:\/\/secure.gravatar.com\/avatar\/377c0eb8b4ad2bfc25461b41564b5971e721ca34a57642868fc7b0c8ac7b52c5?s=96&d=mm&r=g","url":"https:\/\/secure.gravatar.com\/avatar\/377c0eb8b4ad2bfc25461b41564b5971e721ca34a57642868fc7b0c8ac7b52c5?s=96&d=mm&r=g","contentUrl":"https:\/\/secure.gravatar.com\/avatar\/377c0eb8b4ad2bfc25461b41564b5971e721ca34a57642868fc7b0c8ac7b52c5?s=96&d=mm&r=g","caption":"Blog da Condessa"},"url":"https:\/\/blogdacondessa.com.br\/blog\/author\/beatriz\/"}]}},"_links":{"self":[{"href":"https:\/\/blogdacondessa.com.br\/blog\/wp-json\/wp\/v2\/posts\/12001","targetHints":{"allow":["GET"]}}],"collection":[{"href":"https:\/\/blogdacondessa.com.br\/blog\/wp-json\/wp\/v2\/posts"}],"about":[{"href":"https:\/\/blogdacondessa.com.br\/blog\/wp-json\/wp\/v2\/types\/post"}],"author":[{"embeddable":true,"href":"https:\/\/blogdacondessa.com.br\/blog\/wp-json\/wp\/v2\/users\/2"}],"replies":[{"embeddable":true,"href":"https:\/\/blogdacondessa.com.br\/blog\/wp-json\/wp\/v2\/comments?post=12001"}],"version-history":[{"count":0,"href":"https:\/\/blogdacondessa.com.br\/blog\/wp-json\/wp\/v2\/posts\/12001\/revisions"}],"wp:featuredmedia":[{"embeddable":true,"href":"https:\/\/blogdacondessa.com.br\/blog\/wp-json\/wp\/v2\/media\/12002"}],"wp:attachment":[{"href":"https:\/\/blogdacondessa.com.br\/blog\/wp-json\/wp\/v2\/media?parent=12001"}],"wp:term":[{"taxonomy":"category","embeddable":true,"href":"https:\/\/blogdacondessa.com.br\/blog\/wp-json\/wp\/v2\/categories?post=12001"},{"taxonomy":"post_tag","embeddable":true,"href":"https:\/\/blogdacondessa.com.br\/blog\/wp-json\/wp\/v2\/tags?post=12001"}],"curies":[{"name":"wp","href":"https:\/\/api.w.org\/{rel}","templated":true}]}}