{"id":11998,"date":"2025-05-23T05:00:41","date_gmt":"2025-05-23T09:00:41","guid":{"rendered":"https:\/\/blogdacondessa.com.br\/blog\/?p=11998"},"modified":"2025-05-22T17:44:00","modified_gmt":"2025-05-22T21:44:00","slug":"a-cadeira-vazia","status":"publish","type":"post","link":"https:\/\/blogdacondessa.com.br\/blog\/artigos\/a-cadeira-vazia\/","title":{"rendered":"A cadeira vazia"},"content":{"rendered":"<p>Arrumamos a casa inteira para ningu\u00e9m. Limpamos o ambiente, organizamos a mesa, deixamos duas x\u00edcaras sobre a toalha branca, como quem espera. Mas, com frequ\u00eancia, ningu\u00e9m vem. Nem mesmo n\u00f3s.<br \/>\nE, quando enfim ousamos sair, n\u00e3o raro nos deparamos com barreiras invis\u00edveis \u2014 erguidas por n\u00f3s mesmos \u2014 que sabotam encontros com amigos ou at\u00e9 com quem poderia vir a s\u00ea-lo, seja num bar, seja na padaria da esquina, lugares simples onde a vida poderia, enfim, acontecer.<br \/>\nA verdade \u00e9 que vivemos numa era em que exaltamos a independ\u00eancia como virtude suprema. Ensimesmados, aprendemos a evitar a depend\u00eancia emocional como se fosse fraqueza. Vendemos a ideia de autossufici\u00eancia como modelo de sucesso. Mas o que ganhamos com isso sen\u00e3o um sintoma coletivo de solid\u00e3o?<br \/>\nComo lembra a soci\u00f3loga Isabelle Anchieta em seu artigo mais recente publicado no Estado da Arte, a sa\u00fade mental e f\u00edsica dependem, antes de tudo, da sa\u00fade social \u2014 essa capacidade cada vez mais rara de convivermos com os outros de forma profunda e verdadeira.<br \/>\nConviver \u00e9, dentre as artes humanas, a mais dif\u00edcil. Contudo, sem la\u00e7os afetivos duradouros, sem conviv\u00eancia real, at\u00e9 o corpo adoece. Os dados j\u00e1 escancaram isso: o isolamento aumenta o risco de morte precoce, AVC, depress\u00e3o e dem\u00eancia. A modernidade narcisista cobra um pre\u00e7o alto sem levar em conta que todos os aspectos da vida humana est\u00e3o visceralmente vinculados \u00e0s nossas rela\u00e7\u00f5es humanas e sociais.<br \/>\nO problema \u00e9 que passamos a temer a conviv\u00eancia tanto quanto antes tem\u00edamos a solid\u00e3o. Fugimos do outro como se ele fosse amea\u00e7a ao nosso conforto, \u00e0s nossas certezas, ao nosso ritmo. O outro nos exige escuta, paci\u00eancia, negocia\u00e7\u00e3o. Mas tamb\u00e9m nos oferece espelho, ch\u00e3o, mem\u00f3ria e abra\u00e7o.<br \/>\nA cultura da selfie simboliza esse desvio. J\u00e1 n\u00e3o queremos ver o mundo \u2014 queremos ser vistos. N\u00e3o celebramos santos, celebridades ou causas. Celebramos a pr\u00f3pria imagem, o pr\u00f3prio reflexo. O problema \u00e9 que o espelho de n\u00f3s mesmos &#8211; parafraseando Gilles Lipovetsky &#8211; \u00e9 vazio. Sozinho, ele n\u00e3o responde.<br \/>\nN\u00e3o se trata de nostalgia nem de retorno a valores r\u00edgidos ou estruturas opressoras. Trata-se de reencontrar o ponto de equil\u00edbrio: o valor da partilha, da escuta, da presen\u00e7a. Um reencontro que n\u00e3o significa renunciar ao indiv\u00edduo, mas reconhecer que a individualidade s\u00f3 floresce plenamente no encontro com o outro.<br \/>\nA cadeira ao lado da mesa n\u00e3o \u00e9 apenas um espa\u00e7o f\u00edsico. \u00c9 s\u00edmbolo de algo que precisa ser recuperado: a disposi\u00e7\u00e3o de conviver, com tudo que isso implica \u2014 da beleza do afeto ao inc\u00f4modo da diferen\u00e7a. A resposta n\u00e3o est\u00e1 em nos isolarmos mais, mas em reaprender a estar juntos.<br \/>\nEngana-se quem est\u00e1 pensando que proponho aqui uma solu\u00e7\u00e3o f\u00e1cil para um desafio t\u00e3o intricado. A conviv\u00eancia, afinal, \u00e9 uma experi\u00eancia sutil, por vezes inc\u00f4moda e vulner\u00e1vel. Por\u00e9m, ainda assim, \u00e9 fundamental para que possamos levar uma vida rica em sentido e envolvimento.<br \/>\nPorque, no fim das contas, n\u00e3o h\u00e1 felicidade completa sem uma boa conversa, uma briga reconciliada, uma gargalhada compartilhada. O mundo \u00e9 mais habit\u00e1vel quando n\u00e3o nos basta apenas a pr\u00f3pria companhia. Ao encontro desta reflex\u00e3o, eis a pesquisa mais c\u00e9lebre e longeva sobre o tema, realizada em Harvard, a qual confirma a constata\u00e7\u00e3o aristot\u00e9lica e posteriormente rousseauniana: \u201cN\u00e3o existe felicidade sem os outros\u201d; frase dita em seu Discurso sobre a origem e os fundamentos da desigualdade entre os homens, de 1754.<br \/>\nE o mais bonito \u00e9 que, de forma quase m\u00e1gica, a vida se encarrega de fazer cruzar nossos caminhos com aqueles que ser\u00e3o abrigo, espelho, impulso e sil\u00eancio ao nosso lado. Sempre haver\u00e1 algu\u00e9m \u2014 ou alguns \u2014 que chegar\u00e3o para somar alegria, sentido e crescimento. Cada um de n\u00f3s, cedo ou tarde, encontrar\u00e1 os seus.<br \/>\nFabricio Carvalho \u00e9 Maestro e Membro da Academia Mato-Grossense de Letras @maestrofabriciocarvalho<\/p>\n","protected":false},"excerpt":{"rendered":"<p>Arrumamos a casa inteira para ningu\u00e9m. Limpamos o ambiente, organizamos a mesa, deixamos duas x\u00edcaras sobre a toalha branca, como quem espera. Mas, com frequ\u00eancia, ningu\u00e9m vem. Nem mesmo n\u00f3s. E, quando enfim ousamos sair, n\u00e3o raro nos deparamos com barreiras invis\u00edveis \u2014 erguidas por n\u00f3s mesmos \u2014 que sabotam encontros com amigos ou at\u00e9 [&hellip;]<\/p>\n","protected":false},"author":2,"featured_media":11999,"comment_status":"closed","ping_status":"closed","sticky":false,"template":"","format":"standard","meta":{"iawp_total_views":77,"footnotes":""},"categories":[33],"tags":[],"class_list":["post-11998","post","type-post","status-publish","format-standard","has-post-thumbnail","hentry","category-artigos"],"yoast_head":"<!-- This site is optimized with the Yoast SEO plugin v27.3 - https:\/\/yoast.com\/product\/yoast-seo-wordpress\/ -->\n<title>A cadeira vazia &#8902; Blog da Condessa<\/title>\n<meta name=\"robots\" content=\"index, follow, max-snippet:-1, max-image-preview:large, max-video-preview:-1\" \/>\n<link rel=\"canonical\" href=\"https:\/\/blogdacondessa.com.br\/blog\/artigos\/a-cadeira-vazia\/\" \/>\n<meta property=\"og:locale\" content=\"pt_BR\" \/>\n<meta property=\"og:type\" content=\"article\" \/>\n<meta property=\"og:title\" content=\"A cadeira vazia &#8902; Blog da Condessa\" \/>\n<meta property=\"og:description\" content=\"Arrumamos a casa inteira para ningu\u00e9m. Limpamos o ambiente, organizamos a mesa, deixamos duas x\u00edcaras sobre a toalha branca, como quem espera. Mas, com frequ\u00eancia, ningu\u00e9m vem. Nem mesmo n\u00f3s. E, quando enfim ousamos sair, n\u00e3o raro nos deparamos com barreiras invis\u00edveis \u2014 erguidas por n\u00f3s mesmos \u2014 que sabotam encontros com amigos ou at\u00e9 [&hellip;]\" \/>\n<meta property=\"og:url\" content=\"https:\/\/blogdacondessa.com.br\/blog\/artigos\/a-cadeira-vazia\/\" \/>\n<meta property=\"og:site_name\" content=\"Blog da Condessa\" \/>\n<meta property=\"article:published_time\" content=\"2025-05-23T09:00:41+00:00\" \/>\n<meta property=\"og:image\" content=\"https:\/\/blogdacondessa.com.br\/blog\/wp-content\/uploads\/2025\/05\/Maestro_Fabricio_2.jpg\" \/>\n\t<meta property=\"og:image:width\" content=\"854\" \/>\n\t<meta property=\"og:image:height\" content=\"1280\" \/>\n\t<meta property=\"og:image:type\" content=\"image\/jpeg\" \/>\n<meta name=\"author\" content=\"Blog da Condessa\" \/>\n<meta name=\"twitter:card\" content=\"summary_large_image\" \/>\n<meta name=\"twitter:label1\" content=\"Escrito por\" \/>\n\t<meta name=\"twitter:data1\" content=\"Blog da Condessa\" \/>\n\t<meta name=\"twitter:label2\" content=\"Est. tempo de leitura\" \/>\n\t<meta name=\"twitter:data2\" content=\"4 minutos\" \/>\n<script type=\"application\/ld+json\" class=\"yoast-schema-graph\">{\"@context\":\"https:\\\/\\\/schema.org\",\"@graph\":[{\"@type\":\"Article\",\"@id\":\"https:\\\/\\\/blogdacondessa.com.br\\\/blog\\\/artigos\\\/a-cadeira-vazia\\\/#article\",\"isPartOf\":{\"@id\":\"https:\\\/\\\/blogdacondessa.com.br\\\/blog\\\/artigos\\\/a-cadeira-vazia\\\/\"},\"author\":{\"name\":\"Blog da Condessa\",\"@id\":\"https:\\\/\\\/blogdacondessa.com.br\\\/blog\\\/#\\\/schema\\\/person\\\/1d667ff8b785195b568677489d266035\"},\"headline\":\"A cadeira vazia\",\"datePublished\":\"2025-05-23T09:00:41+00:00\",\"mainEntityOfPage\":{\"@id\":\"https:\\\/\\\/blogdacondessa.com.br\\\/blog\\\/artigos\\\/a-cadeira-vazia\\\/\"},\"wordCount\":689,\"image\":{\"@id\":\"https:\\\/\\\/blogdacondessa.com.br\\\/blog\\\/artigos\\\/a-cadeira-vazia\\\/#primaryimage\"},\"thumbnailUrl\":\"https:\\\/\\\/blogdacondessa.com.br\\\/blog\\\/wp-content\\\/uploads\\\/2025\\\/05\\\/Maestro_Fabricio_2.jpg\",\"articleSection\":[\"Artigos\"],\"inLanguage\":\"pt-BR\"},{\"@type\":\"WebPage\",\"@id\":\"https:\\\/\\\/blogdacondessa.com.br\\\/blog\\\/artigos\\\/a-cadeira-vazia\\\/\",\"url\":\"https:\\\/\\\/blogdacondessa.com.br\\\/blog\\\/artigos\\\/a-cadeira-vazia\\\/\",\"name\":\"A cadeira vazia &#8902; Blog da Condessa\",\"isPartOf\":{\"@id\":\"https:\\\/\\\/blogdacondessa.com.br\\\/blog\\\/#website\"},\"primaryImageOfPage\":{\"@id\":\"https:\\\/\\\/blogdacondessa.com.br\\\/blog\\\/artigos\\\/a-cadeira-vazia\\\/#primaryimage\"},\"image\":{\"@id\":\"https:\\\/\\\/blogdacondessa.com.br\\\/blog\\\/artigos\\\/a-cadeira-vazia\\\/#primaryimage\"},\"thumbnailUrl\":\"https:\\\/\\\/blogdacondessa.com.br\\\/blog\\\/wp-content\\\/uploads\\\/2025\\\/05\\\/Maestro_Fabricio_2.jpg\",\"datePublished\":\"2025-05-23T09:00:41+00:00\",\"author\":{\"@id\":\"https:\\\/\\\/blogdacondessa.com.br\\\/blog\\\/#\\\/schema\\\/person\\\/1d667ff8b785195b568677489d266035\"},\"breadcrumb\":{\"@id\":\"https:\\\/\\\/blogdacondessa.com.br\\\/blog\\\/artigos\\\/a-cadeira-vazia\\\/#breadcrumb\"},\"inLanguage\":\"pt-BR\",\"potentialAction\":[{\"@type\":\"ReadAction\",\"target\":[\"https:\\\/\\\/blogdacondessa.com.br\\\/blog\\\/artigos\\\/a-cadeira-vazia\\\/\"]}]},{\"@type\":\"ImageObject\",\"inLanguage\":\"pt-BR\",\"@id\":\"https:\\\/\\\/blogdacondessa.com.br\\\/blog\\\/artigos\\\/a-cadeira-vazia\\\/#primaryimage\",\"url\":\"https:\\\/\\\/blogdacondessa.com.br\\\/blog\\\/wp-content\\\/uploads\\\/2025\\\/05\\\/Maestro_Fabricio_2.jpg\",\"contentUrl\":\"https:\\\/\\\/blogdacondessa.com.br\\\/blog\\\/wp-content\\\/uploads\\\/2025\\\/05\\\/Maestro_Fabricio_2.jpg\",\"width\":854,\"height\":1280},{\"@type\":\"BreadcrumbList\",\"@id\":\"https:\\\/\\\/blogdacondessa.com.br\\\/blog\\\/artigos\\\/a-cadeira-vazia\\\/#breadcrumb\",\"itemListElement\":[{\"@type\":\"ListItem\",\"position\":1,\"name\":\"In\u00edcio\",\"item\":\"https:\\\/\\\/blogdacondessa.com.br\\\/blog\\\/\"},{\"@type\":\"ListItem\",\"position\":2,\"name\":\"A cadeira vazia\"}]},{\"@type\":\"WebSite\",\"@id\":\"https:\\\/\\\/blogdacondessa.com.br\\\/blog\\\/#website\",\"url\":\"https:\\\/\\\/blogdacondessa.com.br\\\/blog\\\/\",\"name\":\"Blog da Condessa\",\"description\":\"Com Shirley de Souza O\u2019Campos\",\"potentialAction\":[{\"@type\":\"SearchAction\",\"target\":{\"@type\":\"EntryPoint\",\"urlTemplate\":\"https:\\\/\\\/blogdacondessa.com.br\\\/blog\\\/?s={search_term_string}\"},\"query-input\":{\"@type\":\"PropertyValueSpecification\",\"valueRequired\":true,\"valueName\":\"search_term_string\"}}],\"inLanguage\":\"pt-BR\"},{\"@type\":\"Person\",\"@id\":\"https:\\\/\\\/blogdacondessa.com.br\\\/blog\\\/#\\\/schema\\\/person\\\/1d667ff8b785195b568677489d266035\",\"name\":\"Blog da Condessa\",\"image\":{\"@type\":\"ImageObject\",\"inLanguage\":\"pt-BR\",\"@id\":\"https:\\\/\\\/secure.gravatar.com\\\/avatar\\\/377c0eb8b4ad2bfc25461b41564b5971e721ca34a57642868fc7b0c8ac7b52c5?s=96&d=mm&r=g\",\"url\":\"https:\\\/\\\/secure.gravatar.com\\\/avatar\\\/377c0eb8b4ad2bfc25461b41564b5971e721ca34a57642868fc7b0c8ac7b52c5?s=96&d=mm&r=g\",\"contentUrl\":\"https:\\\/\\\/secure.gravatar.com\\\/avatar\\\/377c0eb8b4ad2bfc25461b41564b5971e721ca34a57642868fc7b0c8ac7b52c5?s=96&d=mm&r=g\",\"caption\":\"Blog da Condessa\"},\"url\":\"https:\\\/\\\/blogdacondessa.com.br\\\/blog\\\/author\\\/beatriz\\\/\"}]}<\/script>\n<!-- \/ Yoast SEO plugin. -->","yoast_head_json":{"title":"A cadeira vazia &#8902; Blog da Condessa","robots":{"index":"index","follow":"follow","max-snippet":"max-snippet:-1","max-image-preview":"max-image-preview:large","max-video-preview":"max-video-preview:-1"},"canonical":"https:\/\/blogdacondessa.com.br\/blog\/artigos\/a-cadeira-vazia\/","og_locale":"pt_BR","og_type":"article","og_title":"A cadeira vazia &#8902; Blog da Condessa","og_description":"Arrumamos a casa inteira para ningu\u00e9m. Limpamos o ambiente, organizamos a mesa, deixamos duas x\u00edcaras sobre a toalha branca, como quem espera. Mas, com frequ\u00eancia, ningu\u00e9m vem. Nem mesmo n\u00f3s. E, quando enfim ousamos sair, n\u00e3o raro nos deparamos com barreiras invis\u00edveis \u2014 erguidas por n\u00f3s mesmos \u2014 que sabotam encontros com amigos ou at\u00e9 [&hellip;]","og_url":"https:\/\/blogdacondessa.com.br\/blog\/artigos\/a-cadeira-vazia\/","og_site_name":"Blog da Condessa","article_published_time":"2025-05-23T09:00:41+00:00","og_image":[{"width":854,"height":1280,"url":"https:\/\/blogdacondessa.com.br\/blog\/wp-content\/uploads\/2025\/05\/Maestro_Fabricio_2.jpg","type":"image\/jpeg"}],"author":"Blog da Condessa","twitter_card":"summary_large_image","twitter_misc":{"Escrito por":"Blog da Condessa","Est. tempo de leitura":"4 minutos"},"schema":{"@context":"https:\/\/schema.org","@graph":[{"@type":"Article","@id":"https:\/\/blogdacondessa.com.br\/blog\/artigos\/a-cadeira-vazia\/#article","isPartOf":{"@id":"https:\/\/blogdacondessa.com.br\/blog\/artigos\/a-cadeira-vazia\/"},"author":{"name":"Blog da Condessa","@id":"https:\/\/blogdacondessa.com.br\/blog\/#\/schema\/person\/1d667ff8b785195b568677489d266035"},"headline":"A cadeira vazia","datePublished":"2025-05-23T09:00:41+00:00","mainEntityOfPage":{"@id":"https:\/\/blogdacondessa.com.br\/blog\/artigos\/a-cadeira-vazia\/"},"wordCount":689,"image":{"@id":"https:\/\/blogdacondessa.com.br\/blog\/artigos\/a-cadeira-vazia\/#primaryimage"},"thumbnailUrl":"https:\/\/blogdacondessa.com.br\/blog\/wp-content\/uploads\/2025\/05\/Maestro_Fabricio_2.jpg","articleSection":["Artigos"],"inLanguage":"pt-BR"},{"@type":"WebPage","@id":"https:\/\/blogdacondessa.com.br\/blog\/artigos\/a-cadeira-vazia\/","url":"https:\/\/blogdacondessa.com.br\/blog\/artigos\/a-cadeira-vazia\/","name":"A cadeira vazia &#8902; Blog da Condessa","isPartOf":{"@id":"https:\/\/blogdacondessa.com.br\/blog\/#website"},"primaryImageOfPage":{"@id":"https:\/\/blogdacondessa.com.br\/blog\/artigos\/a-cadeira-vazia\/#primaryimage"},"image":{"@id":"https:\/\/blogdacondessa.com.br\/blog\/artigos\/a-cadeira-vazia\/#primaryimage"},"thumbnailUrl":"https:\/\/blogdacondessa.com.br\/blog\/wp-content\/uploads\/2025\/05\/Maestro_Fabricio_2.jpg","datePublished":"2025-05-23T09:00:41+00:00","author":{"@id":"https:\/\/blogdacondessa.com.br\/blog\/#\/schema\/person\/1d667ff8b785195b568677489d266035"},"breadcrumb":{"@id":"https:\/\/blogdacondessa.com.br\/blog\/artigos\/a-cadeira-vazia\/#breadcrumb"},"inLanguage":"pt-BR","potentialAction":[{"@type":"ReadAction","target":["https:\/\/blogdacondessa.com.br\/blog\/artigos\/a-cadeira-vazia\/"]}]},{"@type":"ImageObject","inLanguage":"pt-BR","@id":"https:\/\/blogdacondessa.com.br\/blog\/artigos\/a-cadeira-vazia\/#primaryimage","url":"https:\/\/blogdacondessa.com.br\/blog\/wp-content\/uploads\/2025\/05\/Maestro_Fabricio_2.jpg","contentUrl":"https:\/\/blogdacondessa.com.br\/blog\/wp-content\/uploads\/2025\/05\/Maestro_Fabricio_2.jpg","width":854,"height":1280},{"@type":"BreadcrumbList","@id":"https:\/\/blogdacondessa.com.br\/blog\/artigos\/a-cadeira-vazia\/#breadcrumb","itemListElement":[{"@type":"ListItem","position":1,"name":"In\u00edcio","item":"https:\/\/blogdacondessa.com.br\/blog\/"},{"@type":"ListItem","position":2,"name":"A cadeira vazia"}]},{"@type":"WebSite","@id":"https:\/\/blogdacondessa.com.br\/blog\/#website","url":"https:\/\/blogdacondessa.com.br\/blog\/","name":"Blog da Condessa","description":"Com Shirley de Souza O\u2019Campos","potentialAction":[{"@type":"SearchAction","target":{"@type":"EntryPoint","urlTemplate":"https:\/\/blogdacondessa.com.br\/blog\/?s={search_term_string}"},"query-input":{"@type":"PropertyValueSpecification","valueRequired":true,"valueName":"search_term_string"}}],"inLanguage":"pt-BR"},{"@type":"Person","@id":"https:\/\/blogdacondessa.com.br\/blog\/#\/schema\/person\/1d667ff8b785195b568677489d266035","name":"Blog da Condessa","image":{"@type":"ImageObject","inLanguage":"pt-BR","@id":"https:\/\/secure.gravatar.com\/avatar\/377c0eb8b4ad2bfc25461b41564b5971e721ca34a57642868fc7b0c8ac7b52c5?s=96&d=mm&r=g","url":"https:\/\/secure.gravatar.com\/avatar\/377c0eb8b4ad2bfc25461b41564b5971e721ca34a57642868fc7b0c8ac7b52c5?s=96&d=mm&r=g","contentUrl":"https:\/\/secure.gravatar.com\/avatar\/377c0eb8b4ad2bfc25461b41564b5971e721ca34a57642868fc7b0c8ac7b52c5?s=96&d=mm&r=g","caption":"Blog da Condessa"},"url":"https:\/\/blogdacondessa.com.br\/blog\/author\/beatriz\/"}]}},"_links":{"self":[{"href":"https:\/\/blogdacondessa.com.br\/blog\/wp-json\/wp\/v2\/posts\/11998","targetHints":{"allow":["GET"]}}],"collection":[{"href":"https:\/\/blogdacondessa.com.br\/blog\/wp-json\/wp\/v2\/posts"}],"about":[{"href":"https:\/\/blogdacondessa.com.br\/blog\/wp-json\/wp\/v2\/types\/post"}],"author":[{"embeddable":true,"href":"https:\/\/blogdacondessa.com.br\/blog\/wp-json\/wp\/v2\/users\/2"}],"replies":[{"embeddable":true,"href":"https:\/\/blogdacondessa.com.br\/blog\/wp-json\/wp\/v2\/comments?post=11998"}],"version-history":[{"count":0,"href":"https:\/\/blogdacondessa.com.br\/blog\/wp-json\/wp\/v2\/posts\/11998\/revisions"}],"wp:featuredmedia":[{"embeddable":true,"href":"https:\/\/blogdacondessa.com.br\/blog\/wp-json\/wp\/v2\/media\/11999"}],"wp:attachment":[{"href":"https:\/\/blogdacondessa.com.br\/blog\/wp-json\/wp\/v2\/media?parent=11998"}],"wp:term":[{"taxonomy":"category","embeddable":true,"href":"https:\/\/blogdacondessa.com.br\/blog\/wp-json\/wp\/v2\/categories?post=11998"},{"taxonomy":"post_tag","embeddable":true,"href":"https:\/\/blogdacondessa.com.br\/blog\/wp-json\/wp\/v2\/tags?post=11998"}],"curies":[{"name":"wp","href":"https:\/\/api.w.org\/{rel}","templated":true}]}}