{"id":11738,"date":"2025-05-17T05:00:34","date_gmt":"2025-05-17T09:00:34","guid":{"rendered":"https:\/\/blogdacondessa.com.br\/blog\/?p=11738"},"modified":"2025-05-16T17:01:14","modified_gmt":"2025-05-16T21:01:14","slug":"sema-aplica-multa-de-r-200-mil-durante-operacao-de-combate-a-mineracao-ilegal-no-norte-de-mt","status":"publish","type":"post","link":"https:\/\/blogdacondessa.com.br\/blog\/meio-ambiente\/sema-aplica-multa-de-r-200-mil-durante-operacao-de-combate-a-mineracao-ilegal-no-norte-de-mt\/","title":{"rendered":"Sema aplica multa de R$ 200 mil durante opera\u00e7\u00e3o de combate \u00e0 minera\u00e7\u00e3o ilegal no norte de MT"},"content":{"rendered":"<p>Opera\u00e7\u00e3o fiscalizou empreendimentos sem licen\u00e7a ambiental e apreendeu equipamentos e maquin\u00e1rios em cinco munic\u00edpios.<br \/>\nA Secretaria de Estado de Meio Ambiente (Sema), com apoio do Batalh\u00e3o de Opera\u00e7\u00f5es Especiais (Bope), realizou uma opera\u00e7\u00e3o de fiscaliza\u00e7\u00e3o ambiental para o combate \u00e0 minera\u00e7\u00e3o ilegal na regi\u00e3o norte do estado de Mato Grosso. As penalidades totalizaram aproximadamente R$ 200 mil em multas.<br \/>\nA opera\u00e7\u00e3o ocorreu nos munic\u00edpios de Peixoto de Azevedo, Carlinda, Matup\u00e1, Terra Nova e Novo Mundo, entre os dias 5 e 9 de maio, e foi voltada ao atendimento de den\u00fancias formalizadas junto a ouvidoria setorial da Sema e de alertas do sistema de an\u00e1lise e monitoramento de imagens de sat\u00e9lite de alta resolu\u00e7\u00e3o.<br \/>\nForam fiscalizados empreendimentos de minera\u00e7\u00e3o atuando sem as devidas licen\u00e7as ambientais ou empreendimentos licenciados operando em desacordo com a legisla\u00e7\u00e3o vigente, causando danos em \u00e1reas de preserva\u00e7\u00e3o permanente.<br \/>\nAo todo, foram aplicados 8 autos de Inspe\u00e7\u00e3o, 8 termos de embargos, 3 autos de infra\u00e7\u00e3o, 1 apreens\u00e3o e um auto de inutiliza\u00e7\u00e3o.<br \/>\nEm uma das propriedades fiscalizadas, que n\u00e3o possu\u00eda Cadastro Ambiental Rural (CAR) nem licen\u00e7as ambientais necess\u00e1rias para explora\u00e7\u00e3o mineral, foram encontradas 27 unidades de emuls\u00e3o explosiva, utilizadas para desmonte de rocha, al\u00e9m de equipamentos e maquin\u00e1rios de garimpo.<br \/>\nO material foi apreendido e recolhido pela equipe especializada de explosivista do Bope e foi registrado em boletim de ocorr\u00eancia.<br \/>\n<strong>Opera\u00e7\u00e3o Amaz\u00f4nia<\/strong><br \/>\nA Opera\u00e7\u00e3o Amaz\u00f4nia, que integra \u00f3rg\u00e3os estaduais e federais, sob a coordena\u00e7\u00e3o da Secretaria de Estado de Meio Ambiente (Sema), tem como instrumentos o monitoramento em tempo real por sat\u00e9lite de todo o territ\u00f3rio de Mato Grosso, fiscaliza\u00e7\u00e3o cont\u00ednua no local onde \u00e9 identificado o crime ambiental, embargo de \u00e1reas, apreens\u00e3o e remo\u00e7\u00e3o de m\u00e1quinas flagradas em uso para o crime e a responsabiliza\u00e7\u00e3o de infratores.<br \/>\n<strong>Den\u00fancia<\/strong><br \/>\nCrimes ambientais devem ser denunciados \u00e0 Ouvidoria Setorial da Secretaria de Estado de Meio Ambiente pelo n\u00famero 3613-7398 e 98153-0255 (por telefone ou whatsapp), pelo email ouvidoria@sema.mt.gov.br, pelo aplicativo MT Cidad\u00e3o ou Fale Cidad\u00e3o da CGE ou em uma das regionais da Sema.<br \/>\nQuem se deparar com um crime ambiental tamb\u00e9m pode denunciar \u00e0 Pol\u00edcia Militar, pelo 190.<\/p>\n","protected":false},"excerpt":{"rendered":"<p>Opera\u00e7\u00e3o fiscalizou empreendimentos sem licen\u00e7a ambiental e apreendeu equipamentos e maquin\u00e1rios em cinco munic\u00edpios. A Secretaria de Estado de Meio Ambiente (Sema), com apoio do Batalh\u00e3o de Opera\u00e7\u00f5es Especiais (Bope), realizou uma opera\u00e7\u00e3o de fiscaliza\u00e7\u00e3o ambiental para o combate \u00e0 minera\u00e7\u00e3o ilegal na regi\u00e3o norte do estado de Mato Grosso. As penalidades totalizaram aproximadamente R$ [&hellip;]<\/p>\n","protected":false},"author":2,"featured_media":11739,"comment_status":"closed","ping_status":"closed","sticky":false,"template":"","format":"standard","meta":{"iawp_total_views":67,"footnotes":""},"categories":[8],"tags":[],"class_list":["post-11738","post","type-post","status-publish","format-standard","has-post-thumbnail","hentry","category-meio-ambiente"],"yoast_head":"<!-- This site is optimized with the Yoast SEO plugin v27.3 - https:\/\/yoast.com\/product\/yoast-seo-wordpress\/ -->\n<title>Sema aplica multa de R$ 200 mil durante opera\u00e7\u00e3o de combate \u00e0 minera\u00e7\u00e3o ilegal no norte de MT &#8902; Blog da Condessa<\/title>\n<meta name=\"robots\" content=\"index, follow, max-snippet:-1, max-image-preview:large, max-video-preview:-1\" \/>\n<link rel=\"canonical\" href=\"https:\/\/blogdacondessa.com.br\/blog\/meio-ambiente\/sema-aplica-multa-de-r-200-mil-durante-operacao-de-combate-a-mineracao-ilegal-no-norte-de-mt\/\" \/>\n<meta property=\"og:locale\" content=\"pt_BR\" \/>\n<meta property=\"og:type\" content=\"article\" \/>\n<meta property=\"og:title\" content=\"Sema aplica multa de R$ 200 mil durante opera\u00e7\u00e3o de combate \u00e0 minera\u00e7\u00e3o ilegal no norte de MT &#8902; Blog da Condessa\" \/>\n<meta property=\"og:description\" content=\"Opera\u00e7\u00e3o fiscalizou empreendimentos sem licen\u00e7a ambiental e apreendeu equipamentos e maquin\u00e1rios em cinco munic\u00edpios. A Secretaria de Estado de Meio Ambiente (Sema), com apoio do Batalh\u00e3o de Opera\u00e7\u00f5es Especiais (Bope), realizou uma opera\u00e7\u00e3o de fiscaliza\u00e7\u00e3o ambiental para o combate \u00e0 minera\u00e7\u00e3o ilegal na regi\u00e3o norte do estado de Mato Grosso. As penalidades totalizaram aproximadamente R$ [&hellip;]\" \/>\n<meta property=\"og:url\" content=\"https:\/\/blogdacondessa.com.br\/blog\/meio-ambiente\/sema-aplica-multa-de-r-200-mil-durante-operacao-de-combate-a-mineracao-ilegal-no-norte-de-mt\/\" \/>\n<meta property=\"og:site_name\" content=\"Blog da Condessa\" \/>\n<meta property=\"article:published_time\" content=\"2025-05-17T09:00:34+00:00\" \/>\n<meta property=\"og:image\" content=\"https:\/\/blogdacondessa.com.br\/blog\/wp-content\/uploads\/2025\/05\/mineracao-ilegal.jpg\" \/>\n\t<meta property=\"og:image:width\" content=\"1024\" \/>\n\t<meta property=\"og:image:height\" content=\"768\" \/>\n\t<meta property=\"og:image:type\" content=\"image\/jpeg\" \/>\n<meta name=\"author\" content=\"Blog da Condessa\" \/>\n<meta name=\"twitter:card\" content=\"summary_large_image\" \/>\n<meta name=\"twitter:label1\" content=\"Escrito por\" \/>\n\t<meta name=\"twitter:data1\" content=\"Blog da Condessa\" \/>\n\t<meta name=\"twitter:label2\" content=\"Est. tempo de leitura\" \/>\n\t<meta name=\"twitter:data2\" content=\"3 minutos\" \/>\n<script type=\"application\/ld+json\" class=\"yoast-schema-graph\">{\"@context\":\"https:\\\/\\\/schema.org\",\"@graph\":[{\"@type\":\"Article\",\"@id\":\"https:\\\/\\\/blogdacondessa.com.br\\\/blog\\\/meio-ambiente\\\/sema-aplica-multa-de-r-200-mil-durante-operacao-de-combate-a-mineracao-ilegal-no-norte-de-mt\\\/#article\",\"isPartOf\":{\"@id\":\"https:\\\/\\\/blogdacondessa.com.br\\\/blog\\\/meio-ambiente\\\/sema-aplica-multa-de-r-200-mil-durante-operacao-de-combate-a-mineracao-ilegal-no-norte-de-mt\\\/\"},\"author\":{\"name\":\"Blog da Condessa\",\"@id\":\"https:\\\/\\\/blogdacondessa.com.br\\\/blog\\\/#\\\/schema\\\/person\\\/1d667ff8b785195b568677489d266035\"},\"headline\":\"Sema aplica multa de R$ 200 mil durante opera\u00e7\u00e3o de combate \u00e0 minera\u00e7\u00e3o ilegal no norte de MT\",\"datePublished\":\"2025-05-17T09:00:34+00:00\",\"mainEntityOfPage\":{\"@id\":\"https:\\\/\\\/blogdacondessa.com.br\\\/blog\\\/meio-ambiente\\\/sema-aplica-multa-de-r-200-mil-durante-operacao-de-combate-a-mineracao-ilegal-no-norte-de-mt\\\/\"},\"wordCount\":411,\"image\":{\"@id\":\"https:\\\/\\\/blogdacondessa.com.br\\\/blog\\\/meio-ambiente\\\/sema-aplica-multa-de-r-200-mil-durante-operacao-de-combate-a-mineracao-ilegal-no-norte-de-mt\\\/#primaryimage\"},\"thumbnailUrl\":\"https:\\\/\\\/blogdacondessa.com.br\\\/blog\\\/wp-content\\\/uploads\\\/2025\\\/05\\\/mineracao-ilegal.jpg\",\"articleSection\":[\"Meio Ambiente\"],\"inLanguage\":\"pt-BR\"},{\"@type\":\"WebPage\",\"@id\":\"https:\\\/\\\/blogdacondessa.com.br\\\/blog\\\/meio-ambiente\\\/sema-aplica-multa-de-r-200-mil-durante-operacao-de-combate-a-mineracao-ilegal-no-norte-de-mt\\\/\",\"url\":\"https:\\\/\\\/blogdacondessa.com.br\\\/blog\\\/meio-ambiente\\\/sema-aplica-multa-de-r-200-mil-durante-operacao-de-combate-a-mineracao-ilegal-no-norte-de-mt\\\/\",\"name\":\"Sema aplica multa de R$ 200 mil durante opera\u00e7\u00e3o de combate \u00e0 minera\u00e7\u00e3o ilegal no norte de MT &#8902; Blog da Condessa\",\"isPartOf\":{\"@id\":\"https:\\\/\\\/blogdacondessa.com.br\\\/blog\\\/#website\"},\"primaryImageOfPage\":{\"@id\":\"https:\\\/\\\/blogdacondessa.com.br\\\/blog\\\/meio-ambiente\\\/sema-aplica-multa-de-r-200-mil-durante-operacao-de-combate-a-mineracao-ilegal-no-norte-de-mt\\\/#primaryimage\"},\"image\":{\"@id\":\"https:\\\/\\\/blogdacondessa.com.br\\\/blog\\\/meio-ambiente\\\/sema-aplica-multa-de-r-200-mil-durante-operacao-de-combate-a-mineracao-ilegal-no-norte-de-mt\\\/#primaryimage\"},\"thumbnailUrl\":\"https:\\\/\\\/blogdacondessa.com.br\\\/blog\\\/wp-content\\\/uploads\\\/2025\\\/05\\\/mineracao-ilegal.jpg\",\"datePublished\":\"2025-05-17T09:00:34+00:00\",\"author\":{\"@id\":\"https:\\\/\\\/blogdacondessa.com.br\\\/blog\\\/#\\\/schema\\\/person\\\/1d667ff8b785195b568677489d266035\"},\"breadcrumb\":{\"@id\":\"https:\\\/\\\/blogdacondessa.com.br\\\/blog\\\/meio-ambiente\\\/sema-aplica-multa-de-r-200-mil-durante-operacao-de-combate-a-mineracao-ilegal-no-norte-de-mt\\\/#breadcrumb\"},\"inLanguage\":\"pt-BR\",\"potentialAction\":[{\"@type\":\"ReadAction\",\"target\":[\"https:\\\/\\\/blogdacondessa.com.br\\\/blog\\\/meio-ambiente\\\/sema-aplica-multa-de-r-200-mil-durante-operacao-de-combate-a-mineracao-ilegal-no-norte-de-mt\\\/\"]}]},{\"@type\":\"ImageObject\",\"inLanguage\":\"pt-BR\",\"@id\":\"https:\\\/\\\/blogdacondessa.com.br\\\/blog\\\/meio-ambiente\\\/sema-aplica-multa-de-r-200-mil-durante-operacao-de-combate-a-mineracao-ilegal-no-norte-de-mt\\\/#primaryimage\",\"url\":\"https:\\\/\\\/blogdacondessa.com.br\\\/blog\\\/wp-content\\\/uploads\\\/2025\\\/05\\\/mineracao-ilegal.jpg\",\"contentUrl\":\"https:\\\/\\\/blogdacondessa.com.br\\\/blog\\\/wp-content\\\/uploads\\\/2025\\\/05\\\/mineracao-ilegal.jpg\",\"width\":1024,\"height\":768,\"caption\":\"Cr\u00e9dito - Sema-MT\"},{\"@type\":\"BreadcrumbList\",\"@id\":\"https:\\\/\\\/blogdacondessa.com.br\\\/blog\\\/meio-ambiente\\\/sema-aplica-multa-de-r-200-mil-durante-operacao-de-combate-a-mineracao-ilegal-no-norte-de-mt\\\/#breadcrumb\",\"itemListElement\":[{\"@type\":\"ListItem\",\"position\":1,\"name\":\"In\u00edcio\",\"item\":\"https:\\\/\\\/blogdacondessa.com.br\\\/blog\\\/\"},{\"@type\":\"ListItem\",\"position\":2,\"name\":\"Sema aplica multa de R$ 200 mil durante opera\u00e7\u00e3o de combate \u00e0 minera\u00e7\u00e3o ilegal no norte de MT\"}]},{\"@type\":\"WebSite\",\"@id\":\"https:\\\/\\\/blogdacondessa.com.br\\\/blog\\\/#website\",\"url\":\"https:\\\/\\\/blogdacondessa.com.br\\\/blog\\\/\",\"name\":\"Blog da Condessa\",\"description\":\"Com Shirley de Souza O\u2019Campos\",\"potentialAction\":[{\"@type\":\"SearchAction\",\"target\":{\"@type\":\"EntryPoint\",\"urlTemplate\":\"https:\\\/\\\/blogdacondessa.com.br\\\/blog\\\/?s={search_term_string}\"},\"query-input\":{\"@type\":\"PropertyValueSpecification\",\"valueRequired\":true,\"valueName\":\"search_term_string\"}}],\"inLanguage\":\"pt-BR\"},{\"@type\":\"Person\",\"@id\":\"https:\\\/\\\/blogdacondessa.com.br\\\/blog\\\/#\\\/schema\\\/person\\\/1d667ff8b785195b568677489d266035\",\"name\":\"Blog da Condessa\",\"image\":{\"@type\":\"ImageObject\",\"inLanguage\":\"pt-BR\",\"@id\":\"https:\\\/\\\/secure.gravatar.com\\\/avatar\\\/377c0eb8b4ad2bfc25461b41564b5971e721ca34a57642868fc7b0c8ac7b52c5?s=96&d=mm&r=g\",\"url\":\"https:\\\/\\\/secure.gravatar.com\\\/avatar\\\/377c0eb8b4ad2bfc25461b41564b5971e721ca34a57642868fc7b0c8ac7b52c5?s=96&d=mm&r=g\",\"contentUrl\":\"https:\\\/\\\/secure.gravatar.com\\\/avatar\\\/377c0eb8b4ad2bfc25461b41564b5971e721ca34a57642868fc7b0c8ac7b52c5?s=96&d=mm&r=g\",\"caption\":\"Blog da Condessa\"},\"url\":\"https:\\\/\\\/blogdacondessa.com.br\\\/blog\\\/author\\\/beatriz\\\/\"}]}<\/script>\n<!-- \/ Yoast SEO plugin. -->","yoast_head_json":{"title":"Sema aplica multa de R$ 200 mil durante opera\u00e7\u00e3o de combate \u00e0 minera\u00e7\u00e3o ilegal no norte de MT &#8902; Blog da Condessa","robots":{"index":"index","follow":"follow","max-snippet":"max-snippet:-1","max-image-preview":"max-image-preview:large","max-video-preview":"max-video-preview:-1"},"canonical":"https:\/\/blogdacondessa.com.br\/blog\/meio-ambiente\/sema-aplica-multa-de-r-200-mil-durante-operacao-de-combate-a-mineracao-ilegal-no-norte-de-mt\/","og_locale":"pt_BR","og_type":"article","og_title":"Sema aplica multa de R$ 200 mil durante opera\u00e7\u00e3o de combate \u00e0 minera\u00e7\u00e3o ilegal no norte de MT &#8902; Blog da Condessa","og_description":"Opera\u00e7\u00e3o fiscalizou empreendimentos sem licen\u00e7a ambiental e apreendeu equipamentos e maquin\u00e1rios em cinco munic\u00edpios. A Secretaria de Estado de Meio Ambiente (Sema), com apoio do Batalh\u00e3o de Opera\u00e7\u00f5es Especiais (Bope), realizou uma opera\u00e7\u00e3o de fiscaliza\u00e7\u00e3o ambiental para o combate \u00e0 minera\u00e7\u00e3o ilegal na regi\u00e3o norte do estado de Mato Grosso. As penalidades totalizaram aproximadamente R$ [&hellip;]","og_url":"https:\/\/blogdacondessa.com.br\/blog\/meio-ambiente\/sema-aplica-multa-de-r-200-mil-durante-operacao-de-combate-a-mineracao-ilegal-no-norte-de-mt\/","og_site_name":"Blog da Condessa","article_published_time":"2025-05-17T09:00:34+00:00","og_image":[{"width":1024,"height":768,"url":"https:\/\/blogdacondessa.com.br\/blog\/wp-content\/uploads\/2025\/05\/mineracao-ilegal.jpg","type":"image\/jpeg"}],"author":"Blog da Condessa","twitter_card":"summary_large_image","twitter_misc":{"Escrito por":"Blog da Condessa","Est. tempo de leitura":"3 minutos"},"schema":{"@context":"https:\/\/schema.org","@graph":[{"@type":"Article","@id":"https:\/\/blogdacondessa.com.br\/blog\/meio-ambiente\/sema-aplica-multa-de-r-200-mil-durante-operacao-de-combate-a-mineracao-ilegal-no-norte-de-mt\/#article","isPartOf":{"@id":"https:\/\/blogdacondessa.com.br\/blog\/meio-ambiente\/sema-aplica-multa-de-r-200-mil-durante-operacao-de-combate-a-mineracao-ilegal-no-norte-de-mt\/"},"author":{"name":"Blog da Condessa","@id":"https:\/\/blogdacondessa.com.br\/blog\/#\/schema\/person\/1d667ff8b785195b568677489d266035"},"headline":"Sema aplica multa de R$ 200 mil durante opera\u00e7\u00e3o de combate \u00e0 minera\u00e7\u00e3o ilegal no norte de MT","datePublished":"2025-05-17T09:00:34+00:00","mainEntityOfPage":{"@id":"https:\/\/blogdacondessa.com.br\/blog\/meio-ambiente\/sema-aplica-multa-de-r-200-mil-durante-operacao-de-combate-a-mineracao-ilegal-no-norte-de-mt\/"},"wordCount":411,"image":{"@id":"https:\/\/blogdacondessa.com.br\/blog\/meio-ambiente\/sema-aplica-multa-de-r-200-mil-durante-operacao-de-combate-a-mineracao-ilegal-no-norte-de-mt\/#primaryimage"},"thumbnailUrl":"https:\/\/blogdacondessa.com.br\/blog\/wp-content\/uploads\/2025\/05\/mineracao-ilegal.jpg","articleSection":["Meio Ambiente"],"inLanguage":"pt-BR"},{"@type":"WebPage","@id":"https:\/\/blogdacondessa.com.br\/blog\/meio-ambiente\/sema-aplica-multa-de-r-200-mil-durante-operacao-de-combate-a-mineracao-ilegal-no-norte-de-mt\/","url":"https:\/\/blogdacondessa.com.br\/blog\/meio-ambiente\/sema-aplica-multa-de-r-200-mil-durante-operacao-de-combate-a-mineracao-ilegal-no-norte-de-mt\/","name":"Sema aplica multa de R$ 200 mil durante opera\u00e7\u00e3o de combate \u00e0 minera\u00e7\u00e3o ilegal no norte de MT &#8902; Blog da Condessa","isPartOf":{"@id":"https:\/\/blogdacondessa.com.br\/blog\/#website"},"primaryImageOfPage":{"@id":"https:\/\/blogdacondessa.com.br\/blog\/meio-ambiente\/sema-aplica-multa-de-r-200-mil-durante-operacao-de-combate-a-mineracao-ilegal-no-norte-de-mt\/#primaryimage"},"image":{"@id":"https:\/\/blogdacondessa.com.br\/blog\/meio-ambiente\/sema-aplica-multa-de-r-200-mil-durante-operacao-de-combate-a-mineracao-ilegal-no-norte-de-mt\/#primaryimage"},"thumbnailUrl":"https:\/\/blogdacondessa.com.br\/blog\/wp-content\/uploads\/2025\/05\/mineracao-ilegal.jpg","datePublished":"2025-05-17T09:00:34+00:00","author":{"@id":"https:\/\/blogdacondessa.com.br\/blog\/#\/schema\/person\/1d667ff8b785195b568677489d266035"},"breadcrumb":{"@id":"https:\/\/blogdacondessa.com.br\/blog\/meio-ambiente\/sema-aplica-multa-de-r-200-mil-durante-operacao-de-combate-a-mineracao-ilegal-no-norte-de-mt\/#breadcrumb"},"inLanguage":"pt-BR","potentialAction":[{"@type":"ReadAction","target":["https:\/\/blogdacondessa.com.br\/blog\/meio-ambiente\/sema-aplica-multa-de-r-200-mil-durante-operacao-de-combate-a-mineracao-ilegal-no-norte-de-mt\/"]}]},{"@type":"ImageObject","inLanguage":"pt-BR","@id":"https:\/\/blogdacondessa.com.br\/blog\/meio-ambiente\/sema-aplica-multa-de-r-200-mil-durante-operacao-de-combate-a-mineracao-ilegal-no-norte-de-mt\/#primaryimage","url":"https:\/\/blogdacondessa.com.br\/blog\/wp-content\/uploads\/2025\/05\/mineracao-ilegal.jpg","contentUrl":"https:\/\/blogdacondessa.com.br\/blog\/wp-content\/uploads\/2025\/05\/mineracao-ilegal.jpg","width":1024,"height":768,"caption":"Cr\u00e9dito - Sema-MT"},{"@type":"BreadcrumbList","@id":"https:\/\/blogdacondessa.com.br\/blog\/meio-ambiente\/sema-aplica-multa-de-r-200-mil-durante-operacao-de-combate-a-mineracao-ilegal-no-norte-de-mt\/#breadcrumb","itemListElement":[{"@type":"ListItem","position":1,"name":"In\u00edcio","item":"https:\/\/blogdacondessa.com.br\/blog\/"},{"@type":"ListItem","position":2,"name":"Sema aplica multa de R$ 200 mil durante opera\u00e7\u00e3o de combate \u00e0 minera\u00e7\u00e3o ilegal no norte de MT"}]},{"@type":"WebSite","@id":"https:\/\/blogdacondessa.com.br\/blog\/#website","url":"https:\/\/blogdacondessa.com.br\/blog\/","name":"Blog da Condessa","description":"Com Shirley de Souza O\u2019Campos","potentialAction":[{"@type":"SearchAction","target":{"@type":"EntryPoint","urlTemplate":"https:\/\/blogdacondessa.com.br\/blog\/?s={search_term_string}"},"query-input":{"@type":"PropertyValueSpecification","valueRequired":true,"valueName":"search_term_string"}}],"inLanguage":"pt-BR"},{"@type":"Person","@id":"https:\/\/blogdacondessa.com.br\/blog\/#\/schema\/person\/1d667ff8b785195b568677489d266035","name":"Blog da Condessa","image":{"@type":"ImageObject","inLanguage":"pt-BR","@id":"https:\/\/secure.gravatar.com\/avatar\/377c0eb8b4ad2bfc25461b41564b5971e721ca34a57642868fc7b0c8ac7b52c5?s=96&d=mm&r=g","url":"https:\/\/secure.gravatar.com\/avatar\/377c0eb8b4ad2bfc25461b41564b5971e721ca34a57642868fc7b0c8ac7b52c5?s=96&d=mm&r=g","contentUrl":"https:\/\/secure.gravatar.com\/avatar\/377c0eb8b4ad2bfc25461b41564b5971e721ca34a57642868fc7b0c8ac7b52c5?s=96&d=mm&r=g","caption":"Blog da Condessa"},"url":"https:\/\/blogdacondessa.com.br\/blog\/author\/beatriz\/"}]}},"_links":{"self":[{"href":"https:\/\/blogdacondessa.com.br\/blog\/wp-json\/wp\/v2\/posts\/11738","targetHints":{"allow":["GET"]}}],"collection":[{"href":"https:\/\/blogdacondessa.com.br\/blog\/wp-json\/wp\/v2\/posts"}],"about":[{"href":"https:\/\/blogdacondessa.com.br\/blog\/wp-json\/wp\/v2\/types\/post"}],"author":[{"embeddable":true,"href":"https:\/\/blogdacondessa.com.br\/blog\/wp-json\/wp\/v2\/users\/2"}],"replies":[{"embeddable":true,"href":"https:\/\/blogdacondessa.com.br\/blog\/wp-json\/wp\/v2\/comments?post=11738"}],"version-history":[{"count":0,"href":"https:\/\/blogdacondessa.com.br\/blog\/wp-json\/wp\/v2\/posts\/11738\/revisions"}],"wp:featuredmedia":[{"embeddable":true,"href":"https:\/\/blogdacondessa.com.br\/blog\/wp-json\/wp\/v2\/media\/11739"}],"wp:attachment":[{"href":"https:\/\/blogdacondessa.com.br\/blog\/wp-json\/wp\/v2\/media?parent=11738"}],"wp:term":[{"taxonomy":"category","embeddable":true,"href":"https:\/\/blogdacondessa.com.br\/blog\/wp-json\/wp\/v2\/categories?post=11738"},{"taxonomy":"post_tag","embeddable":true,"href":"https:\/\/blogdacondessa.com.br\/blog\/wp-json\/wp\/v2\/tags?post=11738"}],"curies":[{"name":"wp","href":"https:\/\/api.w.org\/{rel}","templated":true}]}}