{"id":11710,"date":"2025-05-12T11:28:07","date_gmt":"2025-05-12T15:28:07","guid":{"rendered":"https:\/\/blogdacondessa.com.br\/blog\/?p=11710"},"modified":"2025-05-12T11:28:07","modified_gmt":"2025-05-12T15:28:07","slug":"governo-esta-melhorando-a-vida-de-quem-mora-no-campo-e-na-cidade","status":"publish","type":"post","link":"https:\/\/blogdacondessa.com.br\/blog\/politica\/governo-esta-melhorando-a-vida-de-quem-mora-no-campo-e-na-cidade\/","title":{"rendered":"&#8220;Governo est\u00e1 melhorando a vida de quem mora no campo e na cidade&#8221;"},"content":{"rendered":"<p>Senador Jayme Campos destacou a entrega de mais 123 quil\u00f4metros de pavimenta\u00e7\u00e3o no munic\u00edpio.<br \/>\nA fala ocorreu durante a entrega de 123 quil\u00f4metros de asfalto novo em quatro rodovias de Rondon\u00f3polis, realizada no s\u00e1bado (10\/5) pelo governador Mauro Mendes.<br \/>\n&#8220;Muita gente n\u00e3o imaginava que um dia esse asfalto ia chegar. Mas o Governo est\u00e1 dando condi\u00e7\u00f5es para os nossos produtores e melhorando a vida da nossa popula\u00e7\u00e3o, seja no campo, seja na cidade&#8221;, destacou.<br \/>\nEm Rondon\u00f3polis, o Governo de Mato Grosso inaugurou asfalto novo nos seguintes trechos: da MT-383 at\u00e9 a Vila Naboreiro; da MT-459 entre Pedra Preta e o Terminal; da MT-471 at\u00e9 a Comunidade Miau; e da MT-471\/040 at\u00e9 o Assentamento Carim\u00e3.<br \/>\n&#8220;O Governo de Mato Grosso tem propiciado grandes avan\u00e7os em termos de rodovias, com quase 5 mil quil\u00f4metros de estradas pavimentadas, sem contar as restauradas, melhorando sobremaneira a quest\u00e3o do transporte em nosso estado&#8221;, frisou.<\/p>\n","protected":false},"excerpt":{"rendered":"<p>Senador Jayme Campos destacou a entrega de mais 123 quil\u00f4metros de pavimenta\u00e7\u00e3o no munic\u00edpio. A fala ocorreu durante a entrega de 123 quil\u00f4metros de asfalto novo em quatro rodovias de Rondon\u00f3polis, realizada no s\u00e1bado (10\/5) pelo governador Mauro Mendes. &#8220;Muita gente n\u00e3o imaginava que um dia esse asfalto ia chegar. Mas o Governo est\u00e1 dando [&hellip;]<\/p>\n","protected":false},"author":2,"featured_media":11711,"comment_status":"closed","ping_status":"closed","sticky":false,"template":"","format":"standard","meta":{"iawp_total_views":7,"footnotes":""},"categories":[10],"tags":[],"class_list":["post-11710","post","type-post","status-publish","format-standard","has-post-thumbnail","hentry","category-politica"],"yoast_head":"<!-- This site is optimized with the Yoast SEO plugin v27.3 - https:\/\/yoast.com\/product\/yoast-seo-wordpress\/ -->\n<title>&quot;Governo est\u00e1 melhorando a vida de quem mora no campo e na cidade&quot; &#8902; Blog da Condessa<\/title>\n<meta name=\"robots\" content=\"index, follow, max-snippet:-1, max-image-preview:large, max-video-preview:-1\" \/>\n<link rel=\"canonical\" href=\"https:\/\/blogdacondessa.com.br\/blog\/politica\/governo-esta-melhorando-a-vida-de-quem-mora-no-campo-e-na-cidade\/\" \/>\n<meta property=\"og:locale\" content=\"pt_BR\" \/>\n<meta property=\"og:type\" content=\"article\" \/>\n<meta property=\"og:title\" content=\"&quot;Governo est\u00e1 melhorando a vida de quem mora no campo e na cidade&quot; &#8902; Blog da Condessa\" \/>\n<meta property=\"og:description\" content=\"Senador Jayme Campos destacou a entrega de mais 123 quil\u00f4metros de pavimenta\u00e7\u00e3o no munic\u00edpio. A fala ocorreu durante a entrega de 123 quil\u00f4metros de asfalto novo em quatro rodovias de Rondon\u00f3polis, realizada no s\u00e1bado (10\/5) pelo governador Mauro Mendes. &#8220;Muita gente n\u00e3o imaginava que um dia esse asfalto ia chegar. Mas o Governo est\u00e1 dando [&hellip;]\" \/>\n<meta property=\"og:url\" content=\"https:\/\/blogdacondessa.com.br\/blog\/politica\/governo-esta-melhorando-a-vida-de-quem-mora-no-campo-e-na-cidade\/\" \/>\n<meta property=\"og:site_name\" content=\"Blog da Condessa\" \/>\n<meta property=\"article:published_time\" content=\"2025-05-12T15:28:07+00:00\" \/>\n<meta property=\"og:image\" content=\"https:\/\/blogdacondessa.com.br\/blog\/wp-content\/uploads\/2025\/05\/jayme.jpg\" \/>\n\t<meta property=\"og:image:width\" content=\"1024\" \/>\n\t<meta property=\"og:image:height\" content=\"683\" \/>\n\t<meta property=\"og:image:type\" content=\"image\/jpeg\" \/>\n<meta name=\"author\" content=\"Blog da Condessa\" \/>\n<meta name=\"twitter:card\" content=\"summary_large_image\" \/>\n<meta name=\"twitter:label1\" content=\"Escrito por\" \/>\n\t<meta name=\"twitter:data1\" content=\"Blog da Condessa\" \/>\n\t<meta name=\"twitter:label2\" content=\"Est. tempo de leitura\" \/>\n\t<meta name=\"twitter:data2\" content=\"2 minutos\" \/>\n<script type=\"application\/ld+json\" class=\"yoast-schema-graph\">{\"@context\":\"https:\\\/\\\/schema.org\",\"@graph\":[{\"@type\":\"Article\",\"@id\":\"https:\\\/\\\/blogdacondessa.com.br\\\/blog\\\/politica\\\/governo-esta-melhorando-a-vida-de-quem-mora-no-campo-e-na-cidade\\\/#article\",\"isPartOf\":{\"@id\":\"https:\\\/\\\/blogdacondessa.com.br\\\/blog\\\/politica\\\/governo-esta-melhorando-a-vida-de-quem-mora-no-campo-e-na-cidade\\\/\"},\"author\":{\"name\":\"Blog da Condessa\",\"@id\":\"https:\\\/\\\/blogdacondessa.com.br\\\/blog\\\/#\\\/schema\\\/person\\\/1d667ff8b785195b568677489d266035\"},\"headline\":\"&#8220;Governo est\u00e1 melhorando a vida de quem mora no campo e na cidade&#8221;\",\"datePublished\":\"2025-05-12T15:28:07+00:00\",\"mainEntityOfPage\":{\"@id\":\"https:\\\/\\\/blogdacondessa.com.br\\\/blog\\\/politica\\\/governo-esta-melhorando-a-vida-de-quem-mora-no-campo-e-na-cidade\\\/\"},\"wordCount\":171,\"image\":{\"@id\":\"https:\\\/\\\/blogdacondessa.com.br\\\/blog\\\/politica\\\/governo-esta-melhorando-a-vida-de-quem-mora-no-campo-e-na-cidade\\\/#primaryimage\"},\"thumbnailUrl\":\"https:\\\/\\\/blogdacondessa.com.br\\\/blog\\\/wp-content\\\/uploads\\\/2025\\\/05\\\/jayme.jpg\",\"articleSection\":[\"Pol\u00edtica\"],\"inLanguage\":\"pt-BR\"},{\"@type\":\"WebPage\",\"@id\":\"https:\\\/\\\/blogdacondessa.com.br\\\/blog\\\/politica\\\/governo-esta-melhorando-a-vida-de-quem-mora-no-campo-e-na-cidade\\\/\",\"url\":\"https:\\\/\\\/blogdacondessa.com.br\\\/blog\\\/politica\\\/governo-esta-melhorando-a-vida-de-quem-mora-no-campo-e-na-cidade\\\/\",\"name\":\"\\\"Governo est\u00e1 melhorando a vida de quem mora no campo e na cidade\\\" &#8902; Blog da Condessa\",\"isPartOf\":{\"@id\":\"https:\\\/\\\/blogdacondessa.com.br\\\/blog\\\/#website\"},\"primaryImageOfPage\":{\"@id\":\"https:\\\/\\\/blogdacondessa.com.br\\\/blog\\\/politica\\\/governo-esta-melhorando-a-vida-de-quem-mora-no-campo-e-na-cidade\\\/#primaryimage\"},\"image\":{\"@id\":\"https:\\\/\\\/blogdacondessa.com.br\\\/blog\\\/politica\\\/governo-esta-melhorando-a-vida-de-quem-mora-no-campo-e-na-cidade\\\/#primaryimage\"},\"thumbnailUrl\":\"https:\\\/\\\/blogdacondessa.com.br\\\/blog\\\/wp-content\\\/uploads\\\/2025\\\/05\\\/jayme.jpg\",\"datePublished\":\"2025-05-12T15:28:07+00:00\",\"author\":{\"@id\":\"https:\\\/\\\/blogdacondessa.com.br\\\/blog\\\/#\\\/schema\\\/person\\\/1d667ff8b785195b568677489d266035\"},\"breadcrumb\":{\"@id\":\"https:\\\/\\\/blogdacondessa.com.br\\\/blog\\\/politica\\\/governo-esta-melhorando-a-vida-de-quem-mora-no-campo-e-na-cidade\\\/#breadcrumb\"},\"inLanguage\":\"pt-BR\",\"potentialAction\":[{\"@type\":\"ReadAction\",\"target\":[\"https:\\\/\\\/blogdacondessa.com.br\\\/blog\\\/politica\\\/governo-esta-melhorando-a-vida-de-quem-mora-no-campo-e-na-cidade\\\/\"]}]},{\"@type\":\"ImageObject\",\"inLanguage\":\"pt-BR\",\"@id\":\"https:\\\/\\\/blogdacondessa.com.br\\\/blog\\\/politica\\\/governo-esta-melhorando-a-vida-de-quem-mora-no-campo-e-na-cidade\\\/#primaryimage\",\"url\":\"https:\\\/\\\/blogdacondessa.com.br\\\/blog\\\/wp-content\\\/uploads\\\/2025\\\/05\\\/jayme.jpg\",\"contentUrl\":\"https:\\\/\\\/blogdacondessa.com.br\\\/blog\\\/wp-content\\\/uploads\\\/2025\\\/05\\\/jayme.jpg\",\"width\":1024,\"height\":683,\"caption\":\"Cr\u00e9dito - Mayke Toscano\\\/Secom\"},{\"@type\":\"BreadcrumbList\",\"@id\":\"https:\\\/\\\/blogdacondessa.com.br\\\/blog\\\/politica\\\/governo-esta-melhorando-a-vida-de-quem-mora-no-campo-e-na-cidade\\\/#breadcrumb\",\"itemListElement\":[{\"@type\":\"ListItem\",\"position\":1,\"name\":\"In\u00edcio\",\"item\":\"https:\\\/\\\/blogdacondessa.com.br\\\/blog\\\/\"},{\"@type\":\"ListItem\",\"position\":2,\"name\":\"&#8220;Governo est\u00e1 melhorando a vida de quem mora no campo e na cidade&#8221;\"}]},{\"@type\":\"WebSite\",\"@id\":\"https:\\\/\\\/blogdacondessa.com.br\\\/blog\\\/#website\",\"url\":\"https:\\\/\\\/blogdacondessa.com.br\\\/blog\\\/\",\"name\":\"Blog da Condessa\",\"description\":\"Com Shirley de Souza O\u2019Campos\",\"potentialAction\":[{\"@type\":\"SearchAction\",\"target\":{\"@type\":\"EntryPoint\",\"urlTemplate\":\"https:\\\/\\\/blogdacondessa.com.br\\\/blog\\\/?s={search_term_string}\"},\"query-input\":{\"@type\":\"PropertyValueSpecification\",\"valueRequired\":true,\"valueName\":\"search_term_string\"}}],\"inLanguage\":\"pt-BR\"},{\"@type\":\"Person\",\"@id\":\"https:\\\/\\\/blogdacondessa.com.br\\\/blog\\\/#\\\/schema\\\/person\\\/1d667ff8b785195b568677489d266035\",\"name\":\"Blog da Condessa\",\"image\":{\"@type\":\"ImageObject\",\"inLanguage\":\"pt-BR\",\"@id\":\"https:\\\/\\\/secure.gravatar.com\\\/avatar\\\/377c0eb8b4ad2bfc25461b41564b5971e721ca34a57642868fc7b0c8ac7b52c5?s=96&d=mm&r=g\",\"url\":\"https:\\\/\\\/secure.gravatar.com\\\/avatar\\\/377c0eb8b4ad2bfc25461b41564b5971e721ca34a57642868fc7b0c8ac7b52c5?s=96&d=mm&r=g\",\"contentUrl\":\"https:\\\/\\\/secure.gravatar.com\\\/avatar\\\/377c0eb8b4ad2bfc25461b41564b5971e721ca34a57642868fc7b0c8ac7b52c5?s=96&d=mm&r=g\",\"caption\":\"Blog da Condessa\"},\"url\":\"https:\\\/\\\/blogdacondessa.com.br\\\/blog\\\/author\\\/beatriz\\\/\"}]}<\/script>\n<!-- \/ Yoast SEO plugin. -->","yoast_head_json":{"title":"\"Governo est\u00e1 melhorando a vida de quem mora no campo e na cidade\" &#8902; Blog da Condessa","robots":{"index":"index","follow":"follow","max-snippet":"max-snippet:-1","max-image-preview":"max-image-preview:large","max-video-preview":"max-video-preview:-1"},"canonical":"https:\/\/blogdacondessa.com.br\/blog\/politica\/governo-esta-melhorando-a-vida-de-quem-mora-no-campo-e-na-cidade\/","og_locale":"pt_BR","og_type":"article","og_title":"\"Governo est\u00e1 melhorando a vida de quem mora no campo e na cidade\" &#8902; Blog da Condessa","og_description":"Senador Jayme Campos destacou a entrega de mais 123 quil\u00f4metros de pavimenta\u00e7\u00e3o no munic\u00edpio. A fala ocorreu durante a entrega de 123 quil\u00f4metros de asfalto novo em quatro rodovias de Rondon\u00f3polis, realizada no s\u00e1bado (10\/5) pelo governador Mauro Mendes. &#8220;Muita gente n\u00e3o imaginava que um dia esse asfalto ia chegar. Mas o Governo est\u00e1 dando [&hellip;]","og_url":"https:\/\/blogdacondessa.com.br\/blog\/politica\/governo-esta-melhorando-a-vida-de-quem-mora-no-campo-e-na-cidade\/","og_site_name":"Blog da Condessa","article_published_time":"2025-05-12T15:28:07+00:00","og_image":[{"width":1024,"height":683,"url":"https:\/\/blogdacondessa.com.br\/blog\/wp-content\/uploads\/2025\/05\/jayme.jpg","type":"image\/jpeg"}],"author":"Blog da Condessa","twitter_card":"summary_large_image","twitter_misc":{"Escrito por":"Blog da Condessa","Est. tempo de leitura":"2 minutos"},"schema":{"@context":"https:\/\/schema.org","@graph":[{"@type":"Article","@id":"https:\/\/blogdacondessa.com.br\/blog\/politica\/governo-esta-melhorando-a-vida-de-quem-mora-no-campo-e-na-cidade\/#article","isPartOf":{"@id":"https:\/\/blogdacondessa.com.br\/blog\/politica\/governo-esta-melhorando-a-vida-de-quem-mora-no-campo-e-na-cidade\/"},"author":{"name":"Blog da Condessa","@id":"https:\/\/blogdacondessa.com.br\/blog\/#\/schema\/person\/1d667ff8b785195b568677489d266035"},"headline":"&#8220;Governo est\u00e1 melhorando a vida de quem mora no campo e na cidade&#8221;","datePublished":"2025-05-12T15:28:07+00:00","mainEntityOfPage":{"@id":"https:\/\/blogdacondessa.com.br\/blog\/politica\/governo-esta-melhorando-a-vida-de-quem-mora-no-campo-e-na-cidade\/"},"wordCount":171,"image":{"@id":"https:\/\/blogdacondessa.com.br\/blog\/politica\/governo-esta-melhorando-a-vida-de-quem-mora-no-campo-e-na-cidade\/#primaryimage"},"thumbnailUrl":"https:\/\/blogdacondessa.com.br\/blog\/wp-content\/uploads\/2025\/05\/jayme.jpg","articleSection":["Pol\u00edtica"],"inLanguage":"pt-BR"},{"@type":"WebPage","@id":"https:\/\/blogdacondessa.com.br\/blog\/politica\/governo-esta-melhorando-a-vida-de-quem-mora-no-campo-e-na-cidade\/","url":"https:\/\/blogdacondessa.com.br\/blog\/politica\/governo-esta-melhorando-a-vida-de-quem-mora-no-campo-e-na-cidade\/","name":"\"Governo est\u00e1 melhorando a vida de quem mora no campo e na cidade\" &#8902; Blog da Condessa","isPartOf":{"@id":"https:\/\/blogdacondessa.com.br\/blog\/#website"},"primaryImageOfPage":{"@id":"https:\/\/blogdacondessa.com.br\/blog\/politica\/governo-esta-melhorando-a-vida-de-quem-mora-no-campo-e-na-cidade\/#primaryimage"},"image":{"@id":"https:\/\/blogdacondessa.com.br\/blog\/politica\/governo-esta-melhorando-a-vida-de-quem-mora-no-campo-e-na-cidade\/#primaryimage"},"thumbnailUrl":"https:\/\/blogdacondessa.com.br\/blog\/wp-content\/uploads\/2025\/05\/jayme.jpg","datePublished":"2025-05-12T15:28:07+00:00","author":{"@id":"https:\/\/blogdacondessa.com.br\/blog\/#\/schema\/person\/1d667ff8b785195b568677489d266035"},"breadcrumb":{"@id":"https:\/\/blogdacondessa.com.br\/blog\/politica\/governo-esta-melhorando-a-vida-de-quem-mora-no-campo-e-na-cidade\/#breadcrumb"},"inLanguage":"pt-BR","potentialAction":[{"@type":"ReadAction","target":["https:\/\/blogdacondessa.com.br\/blog\/politica\/governo-esta-melhorando-a-vida-de-quem-mora-no-campo-e-na-cidade\/"]}]},{"@type":"ImageObject","inLanguage":"pt-BR","@id":"https:\/\/blogdacondessa.com.br\/blog\/politica\/governo-esta-melhorando-a-vida-de-quem-mora-no-campo-e-na-cidade\/#primaryimage","url":"https:\/\/blogdacondessa.com.br\/blog\/wp-content\/uploads\/2025\/05\/jayme.jpg","contentUrl":"https:\/\/blogdacondessa.com.br\/blog\/wp-content\/uploads\/2025\/05\/jayme.jpg","width":1024,"height":683,"caption":"Cr\u00e9dito - Mayke Toscano\/Secom"},{"@type":"BreadcrumbList","@id":"https:\/\/blogdacondessa.com.br\/blog\/politica\/governo-esta-melhorando-a-vida-de-quem-mora-no-campo-e-na-cidade\/#breadcrumb","itemListElement":[{"@type":"ListItem","position":1,"name":"In\u00edcio","item":"https:\/\/blogdacondessa.com.br\/blog\/"},{"@type":"ListItem","position":2,"name":"&#8220;Governo est\u00e1 melhorando a vida de quem mora no campo e na cidade&#8221;"}]},{"@type":"WebSite","@id":"https:\/\/blogdacondessa.com.br\/blog\/#website","url":"https:\/\/blogdacondessa.com.br\/blog\/","name":"Blog da Condessa","description":"Com Shirley de Souza O\u2019Campos","potentialAction":[{"@type":"SearchAction","target":{"@type":"EntryPoint","urlTemplate":"https:\/\/blogdacondessa.com.br\/blog\/?s={search_term_string}"},"query-input":{"@type":"PropertyValueSpecification","valueRequired":true,"valueName":"search_term_string"}}],"inLanguage":"pt-BR"},{"@type":"Person","@id":"https:\/\/blogdacondessa.com.br\/blog\/#\/schema\/person\/1d667ff8b785195b568677489d266035","name":"Blog da Condessa","image":{"@type":"ImageObject","inLanguage":"pt-BR","@id":"https:\/\/secure.gravatar.com\/avatar\/377c0eb8b4ad2bfc25461b41564b5971e721ca34a57642868fc7b0c8ac7b52c5?s=96&d=mm&r=g","url":"https:\/\/secure.gravatar.com\/avatar\/377c0eb8b4ad2bfc25461b41564b5971e721ca34a57642868fc7b0c8ac7b52c5?s=96&d=mm&r=g","contentUrl":"https:\/\/secure.gravatar.com\/avatar\/377c0eb8b4ad2bfc25461b41564b5971e721ca34a57642868fc7b0c8ac7b52c5?s=96&d=mm&r=g","caption":"Blog da Condessa"},"url":"https:\/\/blogdacondessa.com.br\/blog\/author\/beatriz\/"}]}},"_links":{"self":[{"href":"https:\/\/blogdacondessa.com.br\/blog\/wp-json\/wp\/v2\/posts\/11710","targetHints":{"allow":["GET"]}}],"collection":[{"href":"https:\/\/blogdacondessa.com.br\/blog\/wp-json\/wp\/v2\/posts"}],"about":[{"href":"https:\/\/blogdacondessa.com.br\/blog\/wp-json\/wp\/v2\/types\/post"}],"author":[{"embeddable":true,"href":"https:\/\/blogdacondessa.com.br\/blog\/wp-json\/wp\/v2\/users\/2"}],"replies":[{"embeddable":true,"href":"https:\/\/blogdacondessa.com.br\/blog\/wp-json\/wp\/v2\/comments?post=11710"}],"version-history":[{"count":0,"href":"https:\/\/blogdacondessa.com.br\/blog\/wp-json\/wp\/v2\/posts\/11710\/revisions"}],"wp:featuredmedia":[{"embeddable":true,"href":"https:\/\/blogdacondessa.com.br\/blog\/wp-json\/wp\/v2\/media\/11711"}],"wp:attachment":[{"href":"https:\/\/blogdacondessa.com.br\/blog\/wp-json\/wp\/v2\/media?parent=11710"}],"wp:term":[{"taxonomy":"category","embeddable":true,"href":"https:\/\/blogdacondessa.com.br\/blog\/wp-json\/wp\/v2\/categories?post=11710"},{"taxonomy":"post_tag","embeddable":true,"href":"https:\/\/blogdacondessa.com.br\/blog\/wp-json\/wp\/v2\/tags?post=11710"}],"curies":[{"name":"wp","href":"https:\/\/api.w.org\/{rel}","templated":true}]}}