{"id":11684,"date":"2025-05-07T05:00:57","date_gmt":"2025-05-07T09:00:57","guid":{"rendered":"https:\/\/blogdacondessa.com.br\/blog\/?p=11684"},"modified":"2025-05-06T17:59:16","modified_gmt":"2025-05-06T21:59:16","slug":"agora-todos-tem-que-ser-lideres","status":"publish","type":"post","link":"https:\/\/blogdacondessa.com.br\/blog\/artigos\/agora-todos-tem-que-ser-lideres\/","title":{"rendered":"Agora todos t\u00eam que ser l\u00edderes"},"content":{"rendered":"<p>O atual cen\u00e1rio exigente do mercado de trabalho requer profissionais com um grande repert\u00f3rio de habilidades. Os sistemas que avaliam o desempenho das pessoas procuram habilidades al\u00e9m-t\u00e9cnicas, compet\u00eancias plurais que agregam valor \u00e0 corpora\u00e7\u00e3o. O novo tempo n\u00e3o \u00e9 favor\u00e1vel para quem apresenta capacidade operacional limitada a uma fun\u00e7\u00e3o. \u00c9 necess\u00e1ria uma capacidade superior de solucionar problemas e se adaptar a novas situa\u00e7\u00f5es, com uso da intelig\u00eancia humana em tr\u00eas n\u00edveis: t\u00e9cnico, emocional e espiritual.<br \/>\nO conceito de Lideran\u00e7a Disposicional \u00e9 o que melhor se adapta a essas exig\u00eancias: n\u00e3o \u00e9 uma quest\u00e3o de cargo ou posi\u00e7\u00e3o hier\u00e1rquica, mas de disposi\u00e7\u00e3o para gerenciar o pr\u00f3prio desempenho. O l\u00edder disposicional se desafia para encontrar respostas para os problemas seus e dos que lhe cercam, oferecendo solu\u00e7\u00f5es inteligentes e adapt\u00e1veis, que favore\u00e7am o crescimento coletivo.<br \/>\nOs tr\u00eas n\u00edveis de intelig\u00eancia, quando conjugados, geram excel\u00eancia. O problema \u00e9 que muitos desconhecem as faculdades de cada uma destas intelig\u00eancias, principalmente as que se referem \u00e0 intelig\u00eancia espiritual. A intelig\u00eancia t\u00e9cnica \u00e9 a que mede o desempenho das pessoas quando desafiadas a lidar com coisas ou com situa\u00e7\u00f5es que exigem habilidades laborosas. A intelig\u00eancia emocional, difundida por Daniel Goleman, representou uma revolu\u00e7\u00e3o importante nos processos avaliativos, ao verificar o quanto uma pessoa consegue lidar com conflitos, relacionamentos, comportamento, atitudes etc. J\u00e1 a intelig\u00eancia espiritual, defendida por Danah Zohar, tornou-se uma necessidade premente dos dias atuais.<br \/>\nA intelig\u00eancia espiritual foi pouco difundida por conta dos preconceitos religiosos e a confus\u00e3o que as pessoas fizeram do termo. Mas espiritualidade n\u00e3o \u00e9 religiosidade. Algumas organiza\u00e7\u00f5es passaram a contratar profissionais para atuar internamente, desenvolvendo valores e princ\u00edpios alinhados \u00e0 cultura organizacional, pois reconheceram que a produtividade aumenta seguramente quando o profissional tem ci\u00eancia do prop\u00f3sito institucional, compreende o sentido do que est\u00e1 fazendo e sabe que est\u00e1 contribuindo com algo maior. No Brasil, por exemplo, algumas organiza\u00e7\u00f5es come\u00e7aram a contratar Gerentes de Felicidade para atuarem internamente, desenvolvendo t\u00e9cnicas e usando metodologias que promovem a conjuga\u00e7\u00e3o das intelig\u00eancias, inclusive a espiritual.<br \/>\nOs colaboradores que atuam com as intelig\u00eancias conjugadas nunca se limitam a ser meros operadores. Eles s\u00e3o proativos, atenciosos, confi\u00e1veis, persistentes, comprometidos, felizes, inspiradores e engajados. Lidam bem com press\u00e3o e s\u00e3o resilientes. Acima de tudo, s\u00e3o criativos e capazes de oferecer sugest\u00f5es excelentes para o bem de todos.<br \/>\nAlcan\u00e7ar essa maturidade n\u00e3o \u00e9 uma quest\u00e3o de talento, mas sim, de esfor\u00e7o. Primeiro, a pessoa precisa gerenciar seu conhecimento. O que ela sabe pode ser aperfei\u00e7oado, mas isso depende do quanto est\u00e1 disposta a buscar informa\u00e7\u00f5es e transform\u00e1-las em atitudes.<br \/>\nAl\u00e9m do conhecimento, dois outros elementos s\u00e3o necess\u00e1rios para a conjuga\u00e7\u00e3o das intelig\u00eancias: o entendimento e a sabedoria. Entendimento \u00e9 a capacidade de julgar as consequ\u00eancias dos atos, de tal modo que o profissional passa a avaliar com mais responsabilidade suas a\u00e7\u00f5es, n\u00e3o corrompe os processos, \u00e9 diligente e comprometido com o compliance da organiza\u00e7\u00e3o. Sabedoria \u00e9 o elemento que imprime a espiritualidade. Neste sentido, o profissional est\u00e1 mais preocupado com o prop\u00f3sito, com a sustentabilidade, com o senso de integralidade e com os impactos sociais.<br \/>\nOs tempos desafiadores \u2013 o presente e o futuro \u2013 precisam de pessoas completas, integrais, que interpretam os desafios diante de si e se antecipam para os poss\u00edveis problemas que poder\u00e3o emergir. Esta qualifica\u00e7\u00e3o tem que ser conduzida pela pr\u00f3pria pessoa e n\u00e3o por sistemas externos. A tecnologia, o acesso \u00e0 informa\u00e7\u00e3o e o conhecimento est\u00e3o dispon\u00edveis; todos podem melhorar seu desempenho, desde que sejam disposicionais e en\u00e9rgicas.<br \/>\n*A\u00e9cio Ribeiro Filho \u00e9 especialista em lideran\u00e7a, professor, mentor de l\u00edderes, pastor evang\u00e9lico e autor do livro \u201cLideran\u00e7a Disposicional\u201d<\/p>\n","protected":false},"excerpt":{"rendered":"<p>O atual cen\u00e1rio exigente do mercado de trabalho requer profissionais com um grande repert\u00f3rio de habilidades. Os sistemas que avaliam o desempenho das pessoas procuram habilidades al\u00e9m-t\u00e9cnicas, compet\u00eancias plurais que agregam valor \u00e0 corpora\u00e7\u00e3o. O novo tempo n\u00e3o \u00e9 favor\u00e1vel para quem apresenta capacidade operacional limitada a uma fun\u00e7\u00e3o. \u00c9 necess\u00e1ria uma capacidade superior de [&hellip;]<\/p>\n","protected":false},"author":2,"featured_media":0,"comment_status":"closed","ping_status":"closed","sticky":false,"template":"","format":"standard","meta":{"iawp_total_views":11,"footnotes":""},"categories":[33],"tags":[],"class_list":["post-11684","post","type-post","status-publish","format-standard","hentry","category-artigos"],"yoast_head":"<!-- This site is optimized with the Yoast SEO plugin v27.3 - https:\/\/yoast.com\/product\/yoast-seo-wordpress\/ -->\n<title>Agora todos t\u00eam que ser l\u00edderes &#8902; Blog da Condessa<\/title>\n<meta name=\"robots\" content=\"index, follow, max-snippet:-1, max-image-preview:large, max-video-preview:-1\" \/>\n<link rel=\"canonical\" href=\"https:\/\/blogdacondessa.com.br\/blog\/artigos\/agora-todos-tem-que-ser-lideres\/\" \/>\n<meta property=\"og:locale\" content=\"pt_BR\" \/>\n<meta property=\"og:type\" content=\"article\" \/>\n<meta property=\"og:title\" content=\"Agora todos t\u00eam que ser l\u00edderes &#8902; Blog da Condessa\" \/>\n<meta property=\"og:description\" content=\"O atual cen\u00e1rio exigente do mercado de trabalho requer profissionais com um grande repert\u00f3rio de habilidades. Os sistemas que avaliam o desempenho das pessoas procuram habilidades al\u00e9m-t\u00e9cnicas, compet\u00eancias plurais que agregam valor \u00e0 corpora\u00e7\u00e3o. O novo tempo n\u00e3o \u00e9 favor\u00e1vel para quem apresenta capacidade operacional limitada a uma fun\u00e7\u00e3o. \u00c9 necess\u00e1ria uma capacidade superior de [&hellip;]\" \/>\n<meta property=\"og:url\" content=\"https:\/\/blogdacondessa.com.br\/blog\/artigos\/agora-todos-tem-que-ser-lideres\/\" \/>\n<meta property=\"og:site_name\" content=\"Blog da Condessa\" \/>\n<meta property=\"article:published_time\" content=\"2025-05-07T09:00:57+00:00\" \/>\n<meta property=\"og:image\" content=\"https:\/\/blogdacondessa.com.br\/blog\/wp-content\/uploads\/2025\/05\/aecio.jpg\" \/>\n\t<meta property=\"og:image:width\" content=\"899\" \/>\n\t<meta property=\"og:image:height\" content=\"1600\" \/>\n\t<meta property=\"og:image:type\" content=\"image\/jpeg\" \/>\n<meta name=\"author\" content=\"Blog da Condessa\" \/>\n<meta name=\"twitter:card\" content=\"summary_large_image\" \/>\n<meta name=\"twitter:label1\" content=\"Escrito por\" \/>\n\t<meta name=\"twitter:data1\" content=\"Blog da Condessa\" \/>\n\t<meta name=\"twitter:label2\" content=\"Est. tempo de leitura\" \/>\n\t<meta name=\"twitter:data2\" content=\"3 minutos\" \/>\n<script type=\"application\/ld+json\" class=\"yoast-schema-graph\">{\"@context\":\"https:\\\/\\\/schema.org\",\"@graph\":[{\"@type\":\"Article\",\"@id\":\"https:\\\/\\\/blogdacondessa.com.br\\\/blog\\\/artigos\\\/agora-todos-tem-que-ser-lideres\\\/#article\",\"isPartOf\":{\"@id\":\"https:\\\/\\\/blogdacondessa.com.br\\\/blog\\\/artigos\\\/agora-todos-tem-que-ser-lideres\\\/\"},\"author\":{\"name\":\"Blog da Condessa\",\"@id\":\"https:\\\/\\\/blogdacondessa.com.br\\\/blog\\\/#\\\/schema\\\/person\\\/1d667ff8b785195b568677489d266035\"},\"headline\":\"Agora todos t\u00eam que ser l\u00edderes\",\"datePublished\":\"2025-05-07T09:00:57+00:00\",\"mainEntityOfPage\":{\"@id\":\"https:\\\/\\\/blogdacondessa.com.br\\\/blog\\\/artigos\\\/agora-todos-tem-que-ser-lideres\\\/\"},\"wordCount\":673,\"articleSection\":[\"Artigos\"],\"inLanguage\":\"pt-BR\"},{\"@type\":\"WebPage\",\"@id\":\"https:\\\/\\\/blogdacondessa.com.br\\\/blog\\\/artigos\\\/agora-todos-tem-que-ser-lideres\\\/\",\"url\":\"https:\\\/\\\/blogdacondessa.com.br\\\/blog\\\/artigos\\\/agora-todos-tem-que-ser-lideres\\\/\",\"name\":\"Agora todos t\u00eam que ser l\u00edderes &#8902; Blog da Condessa\",\"isPartOf\":{\"@id\":\"https:\\\/\\\/blogdacondessa.com.br\\\/blog\\\/#website\"},\"datePublished\":\"2025-05-07T09:00:57+00:00\",\"author\":{\"@id\":\"https:\\\/\\\/blogdacondessa.com.br\\\/blog\\\/#\\\/schema\\\/person\\\/1d667ff8b785195b568677489d266035\"},\"breadcrumb\":{\"@id\":\"https:\\\/\\\/blogdacondessa.com.br\\\/blog\\\/artigos\\\/agora-todos-tem-que-ser-lideres\\\/#breadcrumb\"},\"inLanguage\":\"pt-BR\",\"potentialAction\":[{\"@type\":\"ReadAction\",\"target\":[\"https:\\\/\\\/blogdacondessa.com.br\\\/blog\\\/artigos\\\/agora-todos-tem-que-ser-lideres\\\/\"]}]},{\"@type\":\"BreadcrumbList\",\"@id\":\"https:\\\/\\\/blogdacondessa.com.br\\\/blog\\\/artigos\\\/agora-todos-tem-que-ser-lideres\\\/#breadcrumb\",\"itemListElement\":[{\"@type\":\"ListItem\",\"position\":1,\"name\":\"In\u00edcio\",\"item\":\"https:\\\/\\\/blogdacondessa.com.br\\\/blog\\\/\"},{\"@type\":\"ListItem\",\"position\":2,\"name\":\"Agora todos t\u00eam que ser l\u00edderes\"}]},{\"@type\":\"WebSite\",\"@id\":\"https:\\\/\\\/blogdacondessa.com.br\\\/blog\\\/#website\",\"url\":\"https:\\\/\\\/blogdacondessa.com.br\\\/blog\\\/\",\"name\":\"Blog da Condessa\",\"description\":\"Com Shirley de Souza O\u2019Campos\",\"potentialAction\":[{\"@type\":\"SearchAction\",\"target\":{\"@type\":\"EntryPoint\",\"urlTemplate\":\"https:\\\/\\\/blogdacondessa.com.br\\\/blog\\\/?s={search_term_string}\"},\"query-input\":{\"@type\":\"PropertyValueSpecification\",\"valueRequired\":true,\"valueName\":\"search_term_string\"}}],\"inLanguage\":\"pt-BR\"},{\"@type\":\"Person\",\"@id\":\"https:\\\/\\\/blogdacondessa.com.br\\\/blog\\\/#\\\/schema\\\/person\\\/1d667ff8b785195b568677489d266035\",\"name\":\"Blog da Condessa\",\"image\":{\"@type\":\"ImageObject\",\"inLanguage\":\"pt-BR\",\"@id\":\"https:\\\/\\\/secure.gravatar.com\\\/avatar\\\/377c0eb8b4ad2bfc25461b41564b5971e721ca34a57642868fc7b0c8ac7b52c5?s=96&d=mm&r=g\",\"url\":\"https:\\\/\\\/secure.gravatar.com\\\/avatar\\\/377c0eb8b4ad2bfc25461b41564b5971e721ca34a57642868fc7b0c8ac7b52c5?s=96&d=mm&r=g\",\"contentUrl\":\"https:\\\/\\\/secure.gravatar.com\\\/avatar\\\/377c0eb8b4ad2bfc25461b41564b5971e721ca34a57642868fc7b0c8ac7b52c5?s=96&d=mm&r=g\",\"caption\":\"Blog da Condessa\"},\"url\":\"https:\\\/\\\/blogdacondessa.com.br\\\/blog\\\/author\\\/beatriz\\\/\"}]}<\/script>\n<!-- \/ Yoast SEO plugin. -->","yoast_head_json":{"title":"Agora todos t\u00eam que ser l\u00edderes &#8902; Blog da Condessa","robots":{"index":"index","follow":"follow","max-snippet":"max-snippet:-1","max-image-preview":"max-image-preview:large","max-video-preview":"max-video-preview:-1"},"canonical":"https:\/\/blogdacondessa.com.br\/blog\/artigos\/agora-todos-tem-que-ser-lideres\/","og_locale":"pt_BR","og_type":"article","og_title":"Agora todos t\u00eam que ser l\u00edderes &#8902; Blog da Condessa","og_description":"O atual cen\u00e1rio exigente do mercado de trabalho requer profissionais com um grande repert\u00f3rio de habilidades. Os sistemas que avaliam o desempenho das pessoas procuram habilidades al\u00e9m-t\u00e9cnicas, compet\u00eancias plurais que agregam valor \u00e0 corpora\u00e7\u00e3o. O novo tempo n\u00e3o \u00e9 favor\u00e1vel para quem apresenta capacidade operacional limitada a uma fun\u00e7\u00e3o. \u00c9 necess\u00e1ria uma capacidade superior de [&hellip;]","og_url":"https:\/\/blogdacondessa.com.br\/blog\/artigos\/agora-todos-tem-que-ser-lideres\/","og_site_name":"Blog da Condessa","article_published_time":"2025-05-07T09:00:57+00:00","og_image":[{"width":899,"height":1600,"url":"https:\/\/blogdacondessa.com.br\/blog\/wp-content\/uploads\/2025\/05\/aecio.jpg","type":"image\/jpeg"}],"author":"Blog da Condessa","twitter_card":"summary_large_image","twitter_misc":{"Escrito por":"Blog da Condessa","Est. tempo de leitura":"3 minutos"},"schema":{"@context":"https:\/\/schema.org","@graph":[{"@type":"Article","@id":"https:\/\/blogdacondessa.com.br\/blog\/artigos\/agora-todos-tem-que-ser-lideres\/#article","isPartOf":{"@id":"https:\/\/blogdacondessa.com.br\/blog\/artigos\/agora-todos-tem-que-ser-lideres\/"},"author":{"name":"Blog da Condessa","@id":"https:\/\/blogdacondessa.com.br\/blog\/#\/schema\/person\/1d667ff8b785195b568677489d266035"},"headline":"Agora todos t\u00eam que ser l\u00edderes","datePublished":"2025-05-07T09:00:57+00:00","mainEntityOfPage":{"@id":"https:\/\/blogdacondessa.com.br\/blog\/artigos\/agora-todos-tem-que-ser-lideres\/"},"wordCount":673,"articleSection":["Artigos"],"inLanguage":"pt-BR"},{"@type":"WebPage","@id":"https:\/\/blogdacondessa.com.br\/blog\/artigos\/agora-todos-tem-que-ser-lideres\/","url":"https:\/\/blogdacondessa.com.br\/blog\/artigos\/agora-todos-tem-que-ser-lideres\/","name":"Agora todos t\u00eam que ser l\u00edderes &#8902; Blog da Condessa","isPartOf":{"@id":"https:\/\/blogdacondessa.com.br\/blog\/#website"},"datePublished":"2025-05-07T09:00:57+00:00","author":{"@id":"https:\/\/blogdacondessa.com.br\/blog\/#\/schema\/person\/1d667ff8b785195b568677489d266035"},"breadcrumb":{"@id":"https:\/\/blogdacondessa.com.br\/blog\/artigos\/agora-todos-tem-que-ser-lideres\/#breadcrumb"},"inLanguage":"pt-BR","potentialAction":[{"@type":"ReadAction","target":["https:\/\/blogdacondessa.com.br\/blog\/artigos\/agora-todos-tem-que-ser-lideres\/"]}]},{"@type":"BreadcrumbList","@id":"https:\/\/blogdacondessa.com.br\/blog\/artigos\/agora-todos-tem-que-ser-lideres\/#breadcrumb","itemListElement":[{"@type":"ListItem","position":1,"name":"In\u00edcio","item":"https:\/\/blogdacondessa.com.br\/blog\/"},{"@type":"ListItem","position":2,"name":"Agora todos t\u00eam que ser l\u00edderes"}]},{"@type":"WebSite","@id":"https:\/\/blogdacondessa.com.br\/blog\/#website","url":"https:\/\/blogdacondessa.com.br\/blog\/","name":"Blog da Condessa","description":"Com Shirley de Souza O\u2019Campos","potentialAction":[{"@type":"SearchAction","target":{"@type":"EntryPoint","urlTemplate":"https:\/\/blogdacondessa.com.br\/blog\/?s={search_term_string}"},"query-input":{"@type":"PropertyValueSpecification","valueRequired":true,"valueName":"search_term_string"}}],"inLanguage":"pt-BR"},{"@type":"Person","@id":"https:\/\/blogdacondessa.com.br\/blog\/#\/schema\/person\/1d667ff8b785195b568677489d266035","name":"Blog da Condessa","image":{"@type":"ImageObject","inLanguage":"pt-BR","@id":"https:\/\/secure.gravatar.com\/avatar\/377c0eb8b4ad2bfc25461b41564b5971e721ca34a57642868fc7b0c8ac7b52c5?s=96&d=mm&r=g","url":"https:\/\/secure.gravatar.com\/avatar\/377c0eb8b4ad2bfc25461b41564b5971e721ca34a57642868fc7b0c8ac7b52c5?s=96&d=mm&r=g","contentUrl":"https:\/\/secure.gravatar.com\/avatar\/377c0eb8b4ad2bfc25461b41564b5971e721ca34a57642868fc7b0c8ac7b52c5?s=96&d=mm&r=g","caption":"Blog da Condessa"},"url":"https:\/\/blogdacondessa.com.br\/blog\/author\/beatriz\/"}]}},"_links":{"self":[{"href":"https:\/\/blogdacondessa.com.br\/blog\/wp-json\/wp\/v2\/posts\/11684","targetHints":{"allow":["GET"]}}],"collection":[{"href":"https:\/\/blogdacondessa.com.br\/blog\/wp-json\/wp\/v2\/posts"}],"about":[{"href":"https:\/\/blogdacondessa.com.br\/blog\/wp-json\/wp\/v2\/types\/post"}],"author":[{"embeddable":true,"href":"https:\/\/blogdacondessa.com.br\/blog\/wp-json\/wp\/v2\/users\/2"}],"replies":[{"embeddable":true,"href":"https:\/\/blogdacondessa.com.br\/blog\/wp-json\/wp\/v2\/comments?post=11684"}],"version-history":[{"count":0,"href":"https:\/\/blogdacondessa.com.br\/blog\/wp-json\/wp\/v2\/posts\/11684\/revisions"}],"wp:attachment":[{"href":"https:\/\/blogdacondessa.com.br\/blog\/wp-json\/wp\/v2\/media?parent=11684"}],"wp:term":[{"taxonomy":"category","embeddable":true,"href":"https:\/\/blogdacondessa.com.br\/blog\/wp-json\/wp\/v2\/categories?post=11684"},{"taxonomy":"post_tag","embeddable":true,"href":"https:\/\/blogdacondessa.com.br\/blog\/wp-json\/wp\/v2\/tags?post=11684"}],"curies":[{"name":"wp","href":"https:\/\/api.w.org\/{rel}","templated":true}]}}