{"id":11590,"date":"2025-04-19T05:01:24","date_gmt":"2025-04-19T09:01:24","guid":{"rendered":"https:\/\/blogdacondessa.com.br\/blog\/?p=11590"},"modified":"2025-04-18T17:08:39","modified_gmt":"2025-04-18T21:08:39","slug":"parceria-leva-idosos-para-dia-especial-em-restaurantes-da-capital","status":"publish","type":"post","link":"https:\/\/blogdacondessa.com.br\/blog\/cotidiano\/parceria-leva-idosos-para-dia-especial-em-restaurantes-da-capital\/","title":{"rendered":"Parceria leva idosos para dia especial em restaurantes da capital"},"content":{"rendered":"<p>Passear, ver pessoas, conversar e saborear um prato diferente do que se est\u00e1 acostumado! Essa ser\u00e1 a nova rotina dos idosos do Abrigo Bom Jesus, em Cuiab\u00e1, gra\u00e7as \u00e0 parceria realizada com a Associa\u00e7\u00e3o Brasileira de Bares e Restaurantes, em Mato Grosso (Abrasel-MT), que ir\u00e1 levar os moradores do local para um dia especial em um restaurante de seus associados uma vez por semana.<br \/>\nDe acordo com o conselheiro da entidade, Renato Romani, o &#8220;Passeio Terap\u00eautico&#8221;, nome dado ao projeto, consiste em levar um grupo de idosos a um restaurante associado. &#8220;A ideia \u00e9 proporcionar a eles um dia diferente, onde eles v\u00e3o socializar, sair da rotina e tamb\u00e9m v\u00e3o poder ter contato com o mundo fora do abrigo&#8221;, destaca.<br \/>\nO presidente da Abrasel, Daniel Teixeira conta que no dia do lan\u00e7amento da a\u00e7\u00e3o social, dezenas de restaurantes entraram em contato com ele pedindo ades\u00e3o. &#8220;Viemos com um trabalho social forte, que vai nos possibilitar integrar a associa\u00e7\u00e3o com quem necessita de afeto e estamos bem felizes com o resultado. Muitos associados e n\u00e3o associados entraram em contato conosco dizendo que est\u00e3o de portas abertas para essa a\u00e7\u00e3o&#8221;, enfatiza.<br \/>\nO &#8220;Passeio Terap\u00eautico&#8221; chega para somar ao &#8220;Socializando&#8221;, projeto da entidade, que tem o objetivo de tirar os idosos de dentro do abrigo. Com isso eles t\u00eam a semana repleta de atividades como idas ao cinema e \u00e0 equoterapia. &#8220;A gente recebe com muito carinho essa m\u00e3o estendida de cada empres\u00e1rio do segmento, em especial de Cuiab\u00e1, dentro do projeto social da Abrasel. A parceria nos deixa muito felizes, porque d\u00e1 ainda mais dignidade aos nossos idosos, que um dia foram abandonados por seus familiares e que agora, poder\u00e3o se conectar com outras pessoas fora do abrigo&#8221;, ressalta a presidente do Abrigo, M\u00e1rcia Ferreira.<br \/>\nA atividade abre uma oportunidade para os empres\u00e1rios tamb\u00e9m se tornarem volunt\u00e1rios no local, n\u00e3o s\u00f3 com doa\u00e7\u00e3o de produtos que o abrigo consome, mas principalmente com seus conhecimentos e com seu tempo. &#8220;Eles podem nos ajudar na cozinha e na forma\u00e7\u00e3o de m\u00e3o de obra. Al\u00e9m de prosear com os nossos moradores, que adoram contar suas hist\u00f3rias&#8221;, finaliza M\u00e1rcia.<\/p>\n<p>&nbsp;<\/p>\n","protected":false},"excerpt":{"rendered":"<p>Passear, ver pessoas, conversar e saborear um prato diferente do que se est\u00e1 acostumado! Essa ser\u00e1 a nova rotina dos idosos do Abrigo Bom Jesus, em Cuiab\u00e1, gra\u00e7as \u00e0 parceria realizada com a Associa\u00e7\u00e3o Brasileira de Bares e Restaurantes, em Mato Grosso (Abrasel-MT), que ir\u00e1 levar os moradores do local para um dia especial em [&hellip;]<\/p>\n","protected":false},"author":2,"featured_media":11591,"comment_status":"closed","ping_status":"closed","sticky":false,"template":"","format":"standard","meta":{"iawp_total_views":61,"footnotes":""},"categories":[24],"tags":[],"class_list":["post-11590","post","type-post","status-publish","format-standard","has-post-thumbnail","hentry","category-cotidiano"],"yoast_head":"<!-- This site is optimized with the Yoast SEO plugin v27.3 - https:\/\/yoast.com\/product\/yoast-seo-wordpress\/ -->\n<title>Parceria leva idosos para dia especial em restaurantes da capital &#8902; Blog da Condessa<\/title>\n<meta name=\"robots\" content=\"index, follow, max-snippet:-1, max-image-preview:large, max-video-preview:-1\" \/>\n<link rel=\"canonical\" href=\"https:\/\/blogdacondessa.com.br\/blog\/cotidiano\/parceria-leva-idosos-para-dia-especial-em-restaurantes-da-capital\/\" \/>\n<meta property=\"og:locale\" content=\"pt_BR\" \/>\n<meta property=\"og:type\" content=\"article\" \/>\n<meta property=\"og:title\" content=\"Parceria leva idosos para dia especial em restaurantes da capital &#8902; Blog da Condessa\" \/>\n<meta property=\"og:description\" content=\"Passear, ver pessoas, conversar e saborear um prato diferente do que se est\u00e1 acostumado! Essa ser\u00e1 a nova rotina dos idosos do Abrigo Bom Jesus, em Cuiab\u00e1, gra\u00e7as \u00e0 parceria realizada com a Associa\u00e7\u00e3o Brasileira de Bares e Restaurantes, em Mato Grosso (Abrasel-MT), que ir\u00e1 levar os moradores do local para um dia especial em [&hellip;]\" \/>\n<meta property=\"og:url\" content=\"https:\/\/blogdacondessa.com.br\/blog\/cotidiano\/parceria-leva-idosos-para-dia-especial-em-restaurantes-da-capital\/\" \/>\n<meta property=\"og:site_name\" content=\"Blog da Condessa\" \/>\n<meta property=\"article:published_time\" content=\"2025-04-19T09:01:24+00:00\" \/>\n<meta property=\"og:image\" content=\"https:\/\/blogdacondessa.com.br\/blog\/wp-content\/uploads\/2025\/04\/abrigo-bom-jesus-scaled.jpg\" \/>\n\t<meta property=\"og:image:width\" content=\"2560\" \/>\n\t<meta property=\"og:image:height\" content=\"2547\" \/>\n\t<meta property=\"og:image:type\" content=\"image\/jpeg\" \/>\n<meta name=\"author\" content=\"Blog da Condessa\" \/>\n<meta name=\"twitter:card\" content=\"summary_large_image\" \/>\n<meta name=\"twitter:label1\" content=\"Escrito por\" \/>\n\t<meta name=\"twitter:data1\" content=\"Blog da Condessa\" \/>\n\t<meta name=\"twitter:label2\" content=\"Est. tempo de leitura\" \/>\n\t<meta name=\"twitter:data2\" content=\"3 minutos\" \/>\n<script type=\"application\/ld+json\" class=\"yoast-schema-graph\">{\"@context\":\"https:\\\/\\\/schema.org\",\"@graph\":[{\"@type\":\"Article\",\"@id\":\"https:\\\/\\\/blogdacondessa.com.br\\\/blog\\\/cotidiano\\\/parceria-leva-idosos-para-dia-especial-em-restaurantes-da-capital\\\/#article\",\"isPartOf\":{\"@id\":\"https:\\\/\\\/blogdacondessa.com.br\\\/blog\\\/cotidiano\\\/parceria-leva-idosos-para-dia-especial-em-restaurantes-da-capital\\\/\"},\"author\":{\"name\":\"Blog da Condessa\",\"@id\":\"https:\\\/\\\/blogdacondessa.com.br\\\/blog\\\/#\\\/schema\\\/person\\\/1d667ff8b785195b568677489d266035\"},\"headline\":\"Parceria leva idosos para dia especial em restaurantes da capital\",\"datePublished\":\"2025-04-19T09:01:24+00:00\",\"mainEntityOfPage\":{\"@id\":\"https:\\\/\\\/blogdacondessa.com.br\\\/blog\\\/cotidiano\\\/parceria-leva-idosos-para-dia-especial-em-restaurantes-da-capital\\\/\"},\"wordCount\":390,\"image\":{\"@id\":\"https:\\\/\\\/blogdacondessa.com.br\\\/blog\\\/cotidiano\\\/parceria-leva-idosos-para-dia-especial-em-restaurantes-da-capital\\\/#primaryimage\"},\"thumbnailUrl\":\"https:\\\/\\\/blogdacondessa.com.br\\\/blog\\\/wp-content\\\/uploads\\\/2025\\\/04\\\/abrigo-bom-jesus-scaled.jpg\",\"articleSection\":[\"Cotidiano\"],\"inLanguage\":\"pt-BR\"},{\"@type\":\"WebPage\",\"@id\":\"https:\\\/\\\/blogdacondessa.com.br\\\/blog\\\/cotidiano\\\/parceria-leva-idosos-para-dia-especial-em-restaurantes-da-capital\\\/\",\"url\":\"https:\\\/\\\/blogdacondessa.com.br\\\/blog\\\/cotidiano\\\/parceria-leva-idosos-para-dia-especial-em-restaurantes-da-capital\\\/\",\"name\":\"Parceria leva idosos para dia especial em restaurantes da capital &#8902; Blog da Condessa\",\"isPartOf\":{\"@id\":\"https:\\\/\\\/blogdacondessa.com.br\\\/blog\\\/#website\"},\"primaryImageOfPage\":{\"@id\":\"https:\\\/\\\/blogdacondessa.com.br\\\/blog\\\/cotidiano\\\/parceria-leva-idosos-para-dia-especial-em-restaurantes-da-capital\\\/#primaryimage\"},\"image\":{\"@id\":\"https:\\\/\\\/blogdacondessa.com.br\\\/blog\\\/cotidiano\\\/parceria-leva-idosos-para-dia-especial-em-restaurantes-da-capital\\\/#primaryimage\"},\"thumbnailUrl\":\"https:\\\/\\\/blogdacondessa.com.br\\\/blog\\\/wp-content\\\/uploads\\\/2025\\\/04\\\/abrigo-bom-jesus-scaled.jpg\",\"datePublished\":\"2025-04-19T09:01:24+00:00\",\"author\":{\"@id\":\"https:\\\/\\\/blogdacondessa.com.br\\\/blog\\\/#\\\/schema\\\/person\\\/1d667ff8b785195b568677489d266035\"},\"breadcrumb\":{\"@id\":\"https:\\\/\\\/blogdacondessa.com.br\\\/blog\\\/cotidiano\\\/parceria-leva-idosos-para-dia-especial-em-restaurantes-da-capital\\\/#breadcrumb\"},\"inLanguage\":\"pt-BR\",\"potentialAction\":[{\"@type\":\"ReadAction\",\"target\":[\"https:\\\/\\\/blogdacondessa.com.br\\\/blog\\\/cotidiano\\\/parceria-leva-idosos-para-dia-especial-em-restaurantes-da-capital\\\/\"]}]},{\"@type\":\"ImageObject\",\"inLanguage\":\"pt-BR\",\"@id\":\"https:\\\/\\\/blogdacondessa.com.br\\\/blog\\\/cotidiano\\\/parceria-leva-idosos-para-dia-especial-em-restaurantes-da-capital\\\/#primaryimage\",\"url\":\"https:\\\/\\\/blogdacondessa.com.br\\\/blog\\\/wp-content\\\/uploads\\\/2025\\\/04\\\/abrigo-bom-jesus-scaled.jpg\",\"contentUrl\":\"https:\\\/\\\/blogdacondessa.com.br\\\/blog\\\/wp-content\\\/uploads\\\/2025\\\/04\\\/abrigo-bom-jesus-scaled.jpg\",\"width\":2560,\"height\":2547},{\"@type\":\"BreadcrumbList\",\"@id\":\"https:\\\/\\\/blogdacondessa.com.br\\\/blog\\\/cotidiano\\\/parceria-leva-idosos-para-dia-especial-em-restaurantes-da-capital\\\/#breadcrumb\",\"itemListElement\":[{\"@type\":\"ListItem\",\"position\":1,\"name\":\"In\u00edcio\",\"item\":\"https:\\\/\\\/blogdacondessa.com.br\\\/blog\\\/\"},{\"@type\":\"ListItem\",\"position\":2,\"name\":\"Parceria leva idosos para dia especial em restaurantes da capital\"}]},{\"@type\":\"WebSite\",\"@id\":\"https:\\\/\\\/blogdacondessa.com.br\\\/blog\\\/#website\",\"url\":\"https:\\\/\\\/blogdacondessa.com.br\\\/blog\\\/\",\"name\":\"Blog da Condessa\",\"description\":\"Com Shirley de Souza O\u2019Campos\",\"potentialAction\":[{\"@type\":\"SearchAction\",\"target\":{\"@type\":\"EntryPoint\",\"urlTemplate\":\"https:\\\/\\\/blogdacondessa.com.br\\\/blog\\\/?s={search_term_string}\"},\"query-input\":{\"@type\":\"PropertyValueSpecification\",\"valueRequired\":true,\"valueName\":\"search_term_string\"}}],\"inLanguage\":\"pt-BR\"},{\"@type\":\"Person\",\"@id\":\"https:\\\/\\\/blogdacondessa.com.br\\\/blog\\\/#\\\/schema\\\/person\\\/1d667ff8b785195b568677489d266035\",\"name\":\"Blog da Condessa\",\"image\":{\"@type\":\"ImageObject\",\"inLanguage\":\"pt-BR\",\"@id\":\"https:\\\/\\\/secure.gravatar.com\\\/avatar\\\/377c0eb8b4ad2bfc25461b41564b5971e721ca34a57642868fc7b0c8ac7b52c5?s=96&d=mm&r=g\",\"url\":\"https:\\\/\\\/secure.gravatar.com\\\/avatar\\\/377c0eb8b4ad2bfc25461b41564b5971e721ca34a57642868fc7b0c8ac7b52c5?s=96&d=mm&r=g\",\"contentUrl\":\"https:\\\/\\\/secure.gravatar.com\\\/avatar\\\/377c0eb8b4ad2bfc25461b41564b5971e721ca34a57642868fc7b0c8ac7b52c5?s=96&d=mm&r=g\",\"caption\":\"Blog da Condessa\"},\"url\":\"https:\\\/\\\/blogdacondessa.com.br\\\/blog\\\/author\\\/beatriz\\\/\"}]}<\/script>\n<!-- \/ Yoast SEO plugin. -->","yoast_head_json":{"title":"Parceria leva idosos para dia especial em restaurantes da capital &#8902; Blog da Condessa","robots":{"index":"index","follow":"follow","max-snippet":"max-snippet:-1","max-image-preview":"max-image-preview:large","max-video-preview":"max-video-preview:-1"},"canonical":"https:\/\/blogdacondessa.com.br\/blog\/cotidiano\/parceria-leva-idosos-para-dia-especial-em-restaurantes-da-capital\/","og_locale":"pt_BR","og_type":"article","og_title":"Parceria leva idosos para dia especial em restaurantes da capital &#8902; Blog da Condessa","og_description":"Passear, ver pessoas, conversar e saborear um prato diferente do que se est\u00e1 acostumado! Essa ser\u00e1 a nova rotina dos idosos do Abrigo Bom Jesus, em Cuiab\u00e1, gra\u00e7as \u00e0 parceria realizada com a Associa\u00e7\u00e3o Brasileira de Bares e Restaurantes, em Mato Grosso (Abrasel-MT), que ir\u00e1 levar os moradores do local para um dia especial em [&hellip;]","og_url":"https:\/\/blogdacondessa.com.br\/blog\/cotidiano\/parceria-leva-idosos-para-dia-especial-em-restaurantes-da-capital\/","og_site_name":"Blog da Condessa","article_published_time":"2025-04-19T09:01:24+00:00","og_image":[{"width":2560,"height":2547,"url":"https:\/\/blogdacondessa.com.br\/blog\/wp-content\/uploads\/2025\/04\/abrigo-bom-jesus-scaled.jpg","type":"image\/jpeg"}],"author":"Blog da Condessa","twitter_card":"summary_large_image","twitter_misc":{"Escrito por":"Blog da Condessa","Est. tempo de leitura":"3 minutos"},"schema":{"@context":"https:\/\/schema.org","@graph":[{"@type":"Article","@id":"https:\/\/blogdacondessa.com.br\/blog\/cotidiano\/parceria-leva-idosos-para-dia-especial-em-restaurantes-da-capital\/#article","isPartOf":{"@id":"https:\/\/blogdacondessa.com.br\/blog\/cotidiano\/parceria-leva-idosos-para-dia-especial-em-restaurantes-da-capital\/"},"author":{"name":"Blog da Condessa","@id":"https:\/\/blogdacondessa.com.br\/blog\/#\/schema\/person\/1d667ff8b785195b568677489d266035"},"headline":"Parceria leva idosos para dia especial em restaurantes da capital","datePublished":"2025-04-19T09:01:24+00:00","mainEntityOfPage":{"@id":"https:\/\/blogdacondessa.com.br\/blog\/cotidiano\/parceria-leva-idosos-para-dia-especial-em-restaurantes-da-capital\/"},"wordCount":390,"image":{"@id":"https:\/\/blogdacondessa.com.br\/blog\/cotidiano\/parceria-leva-idosos-para-dia-especial-em-restaurantes-da-capital\/#primaryimage"},"thumbnailUrl":"https:\/\/blogdacondessa.com.br\/blog\/wp-content\/uploads\/2025\/04\/abrigo-bom-jesus-scaled.jpg","articleSection":["Cotidiano"],"inLanguage":"pt-BR"},{"@type":"WebPage","@id":"https:\/\/blogdacondessa.com.br\/blog\/cotidiano\/parceria-leva-idosos-para-dia-especial-em-restaurantes-da-capital\/","url":"https:\/\/blogdacondessa.com.br\/blog\/cotidiano\/parceria-leva-idosos-para-dia-especial-em-restaurantes-da-capital\/","name":"Parceria leva idosos para dia especial em restaurantes da capital &#8902; Blog da Condessa","isPartOf":{"@id":"https:\/\/blogdacondessa.com.br\/blog\/#website"},"primaryImageOfPage":{"@id":"https:\/\/blogdacondessa.com.br\/blog\/cotidiano\/parceria-leva-idosos-para-dia-especial-em-restaurantes-da-capital\/#primaryimage"},"image":{"@id":"https:\/\/blogdacondessa.com.br\/blog\/cotidiano\/parceria-leva-idosos-para-dia-especial-em-restaurantes-da-capital\/#primaryimage"},"thumbnailUrl":"https:\/\/blogdacondessa.com.br\/blog\/wp-content\/uploads\/2025\/04\/abrigo-bom-jesus-scaled.jpg","datePublished":"2025-04-19T09:01:24+00:00","author":{"@id":"https:\/\/blogdacondessa.com.br\/blog\/#\/schema\/person\/1d667ff8b785195b568677489d266035"},"breadcrumb":{"@id":"https:\/\/blogdacondessa.com.br\/blog\/cotidiano\/parceria-leva-idosos-para-dia-especial-em-restaurantes-da-capital\/#breadcrumb"},"inLanguage":"pt-BR","potentialAction":[{"@type":"ReadAction","target":["https:\/\/blogdacondessa.com.br\/blog\/cotidiano\/parceria-leva-idosos-para-dia-especial-em-restaurantes-da-capital\/"]}]},{"@type":"ImageObject","inLanguage":"pt-BR","@id":"https:\/\/blogdacondessa.com.br\/blog\/cotidiano\/parceria-leva-idosos-para-dia-especial-em-restaurantes-da-capital\/#primaryimage","url":"https:\/\/blogdacondessa.com.br\/blog\/wp-content\/uploads\/2025\/04\/abrigo-bom-jesus-scaled.jpg","contentUrl":"https:\/\/blogdacondessa.com.br\/blog\/wp-content\/uploads\/2025\/04\/abrigo-bom-jesus-scaled.jpg","width":2560,"height":2547},{"@type":"BreadcrumbList","@id":"https:\/\/blogdacondessa.com.br\/blog\/cotidiano\/parceria-leva-idosos-para-dia-especial-em-restaurantes-da-capital\/#breadcrumb","itemListElement":[{"@type":"ListItem","position":1,"name":"In\u00edcio","item":"https:\/\/blogdacondessa.com.br\/blog\/"},{"@type":"ListItem","position":2,"name":"Parceria leva idosos para dia especial em restaurantes da capital"}]},{"@type":"WebSite","@id":"https:\/\/blogdacondessa.com.br\/blog\/#website","url":"https:\/\/blogdacondessa.com.br\/blog\/","name":"Blog da Condessa","description":"Com Shirley de Souza O\u2019Campos","potentialAction":[{"@type":"SearchAction","target":{"@type":"EntryPoint","urlTemplate":"https:\/\/blogdacondessa.com.br\/blog\/?s={search_term_string}"},"query-input":{"@type":"PropertyValueSpecification","valueRequired":true,"valueName":"search_term_string"}}],"inLanguage":"pt-BR"},{"@type":"Person","@id":"https:\/\/blogdacondessa.com.br\/blog\/#\/schema\/person\/1d667ff8b785195b568677489d266035","name":"Blog da Condessa","image":{"@type":"ImageObject","inLanguage":"pt-BR","@id":"https:\/\/secure.gravatar.com\/avatar\/377c0eb8b4ad2bfc25461b41564b5971e721ca34a57642868fc7b0c8ac7b52c5?s=96&d=mm&r=g","url":"https:\/\/secure.gravatar.com\/avatar\/377c0eb8b4ad2bfc25461b41564b5971e721ca34a57642868fc7b0c8ac7b52c5?s=96&d=mm&r=g","contentUrl":"https:\/\/secure.gravatar.com\/avatar\/377c0eb8b4ad2bfc25461b41564b5971e721ca34a57642868fc7b0c8ac7b52c5?s=96&d=mm&r=g","caption":"Blog da Condessa"},"url":"https:\/\/blogdacondessa.com.br\/blog\/author\/beatriz\/"}]}},"_links":{"self":[{"href":"https:\/\/blogdacondessa.com.br\/blog\/wp-json\/wp\/v2\/posts\/11590","targetHints":{"allow":["GET"]}}],"collection":[{"href":"https:\/\/blogdacondessa.com.br\/blog\/wp-json\/wp\/v2\/posts"}],"about":[{"href":"https:\/\/blogdacondessa.com.br\/blog\/wp-json\/wp\/v2\/types\/post"}],"author":[{"embeddable":true,"href":"https:\/\/blogdacondessa.com.br\/blog\/wp-json\/wp\/v2\/users\/2"}],"replies":[{"embeddable":true,"href":"https:\/\/blogdacondessa.com.br\/blog\/wp-json\/wp\/v2\/comments?post=11590"}],"version-history":[{"count":0,"href":"https:\/\/blogdacondessa.com.br\/blog\/wp-json\/wp\/v2\/posts\/11590\/revisions"}],"wp:featuredmedia":[{"embeddable":true,"href":"https:\/\/blogdacondessa.com.br\/blog\/wp-json\/wp\/v2\/media\/11591"}],"wp:attachment":[{"href":"https:\/\/blogdacondessa.com.br\/blog\/wp-json\/wp\/v2\/media?parent=11590"}],"wp:term":[{"taxonomy":"category","embeddable":true,"href":"https:\/\/blogdacondessa.com.br\/blog\/wp-json\/wp\/v2\/categories?post=11590"},{"taxonomy":"post_tag","embeddable":true,"href":"https:\/\/blogdacondessa.com.br\/blog\/wp-json\/wp\/v2\/tags?post=11590"}],"curies":[{"name":"wp","href":"https:\/\/api.w.org\/{rel}","templated":true}]}}