{"id":11510,"date":"2025-04-04T05:00:18","date_gmt":"2025-04-04T09:00:18","guid":{"rendered":"https:\/\/blogdacondessa.com.br\/blog\/?p=11510"},"modified":"2025-04-03T16:34:25","modified_gmt":"2025-04-03T20:34:25","slug":"especialista-aponta-os-maiores-desafios-para-pacientes-e-responsaveis-sobre-tea","status":"publish","type":"post","link":"https:\/\/blogdacondessa.com.br\/blog\/cotidiano\/especialista-aponta-os-maiores-desafios-para-pacientes-e-responsaveis-sobre-tea\/","title":{"rendered":"Especialista aponta os maiores desafios para pacientes e respons\u00e1veis sobre TEA"},"content":{"rendered":"<p>Abril \u00e9 considerado o m\u00eas Mundial do Autismo, em que organiza\u00e7\u00f5es, fam\u00edlias e defensores se organizam para chamar a aten\u00e7\u00e3o da sociedade sobre o Transtorno do Espectro Autista (TEA) \u2014 uma condi\u00e7\u00e3o do neurodesenvolvimento que impacta milh\u00f5es de pessoas em todo o mundo.<br \/>\nO \u00faltimo levantamento do CDC nos Estados Unidos aponta que uma em cada 36 crian\u00e7as \u00e9 diagnosticada com autismo. No entanto, apesar da maior visibilidade, indiv\u00edduos com autismo e suas fam\u00edlias seguem enfrentando desafios no acesso a diagn\u00f3stico precoce, interven\u00e7\u00f5es de qualidade e suporte ao longo da vida, al\u00e9m de enfrentarem ao longo da vida, discrimina\u00e7\u00e3o, exclus\u00e3o e falta de acesso a direitos b\u00e1sicos como assist\u00eancia em sa\u00fade, educa\u00e7\u00e3o inclusiva e emprego.<br \/>\nUma revis\u00e3o sistem\u00e1tica dos estudos publicados entre 2012 e 2019 identificou que a idade m\u00e9dia global de diagn\u00f3stico do TEA era de 60,48 meses (5 anos). No Brasil, um estudo de 2017 encontrou que as m\u00e3es de crian\u00e7as posteriormente diagnosticadas com TEA j\u00e1 apresentavam preocupa\u00e7\u00f5es quanto ao desenvolvimento das crian\u00e7as desde os 23 meses, em m\u00e9dia. Essas preocupa\u00e7\u00f5es envolviam atraso no desenvolvimento da linguagem, falha em responder ao nome, pouco contato visual e agita\u00e7\u00e3o motora. Apesar dessa postura familiar vigilante, o diagn\u00f3stico formal s\u00f3 ocorreu cerca de 36 meses mais tarde, pr\u00f3ximo dos 6 anos.<br \/>\nSegundo a Coordenadora do N\u00facleo de Autismo do Instituto de Pesquisa PENSI Sandra Mutarrelli, Noemi Takiuchi, tanto os pacientes quanto os familiares necessitam de um acompanhamento profissional, que al\u00e9m da parte cl\u00ednica, envolva todo o processo de acolhimento. &#8220;Sabemos ainda que o cuidado integral \u00e0s crian\u00e7as com autismo exige um olhar ampliado para suas fam\u00edlias, devido \u00e0 sobrecarga financeira, emocional e log\u00edstica. \u00c9 essencial haver suporte abrangente para os cuidadores, garantindo inclus\u00e3o social e rede de apoio no enfrentamento aos desafios envolvidos nesse cuidar. Quando as fam\u00edlias buscam por interven\u00e7\u00f5es ap\u00f3s o diagn\u00f3stico de autismo, novamente a demanda por servi\u00e7os especializados supera a oferta dispon\u00edvel, resultando em filas de espera e atrasos no in\u00edcio das terapias, especialmente nos equipamentos da rede p\u00fablica, da qual a maioria da popula\u00e7\u00e3o brasileira \u00e9 dependente. A implementa\u00e7\u00e3o de pol\u00edticas p\u00fablicas focadas na capacita\u00e7\u00e3o de profissionais \u00e9 fundamental para melhorar esse cen\u00e1rio e garantir o atendimento especializado com pr\u00e1ticas baseadas em evid\u00eancias para todas as crian\u00e7as com TEA\u201d, explica Noemi.\u200b<br \/>\nPara haver a elabora\u00e7\u00e3o de projetos terap\u00eauticos que consideram as necessidades espec\u00edficas de cada crian\u00e7a com TEA \u00e9 fundamental existir a parceria com profissionais de sa\u00fade que auxiliem nas adapta\u00e7\u00f5es que garantam o melhor aprendizado e inclus\u00e3o na escola, orienta\u00e7\u00f5es para promover a participa\u00e7\u00e3o social em diferentes contextos e com diversos interlocutores, seja no lazer ou no trabalho.<br \/>\n\u201cInclus\u00e3o n\u00e3o \u00e9 um favor. \u00c9 lei e \u00e9 retrato de uma sociedade que compreende seu compromisso com a dignidade humana, que entende que diversidade \u00e9 pot\u00eancia e que acessibilidade \u00e9 condi\u00e7\u00e3o m\u00ednima para participa\u00e7\u00e3o plena e justi\u00e7a social\u201d, finaliza Noemi.<\/p>\n","protected":false},"excerpt":{"rendered":"<p>Abril \u00e9 considerado o m\u00eas Mundial do Autismo, em que organiza\u00e7\u00f5es, fam\u00edlias e defensores se organizam para chamar a aten\u00e7\u00e3o da sociedade sobre o Transtorno do Espectro Autista (TEA) \u2014 uma condi\u00e7\u00e3o do neurodesenvolvimento que impacta milh\u00f5es de pessoas em todo o mundo. O \u00faltimo levantamento do CDC nos Estados Unidos aponta que uma em [&hellip;]<\/p>\n","protected":false},"author":2,"featured_media":11511,"comment_status":"closed","ping_status":"closed","sticky":false,"template":"","format":"standard","meta":{"iawp_total_views":2,"footnotes":""},"categories":[24],"tags":[],"class_list":["post-11510","post","type-post","status-publish","format-standard","has-post-thumbnail","hentry","category-cotidiano"],"yoast_head":"<!-- This site is optimized with the Yoast SEO plugin v27.3 - https:\/\/yoast.com\/product\/yoast-seo-wordpress\/ -->\n<title>Especialista aponta os maiores desafios para pacientes e respons\u00e1veis sobre TEA &#8902; Blog da Condessa<\/title>\n<meta name=\"robots\" content=\"index, follow, max-snippet:-1, max-image-preview:large, max-video-preview:-1\" \/>\n<link rel=\"canonical\" href=\"https:\/\/blogdacondessa.com.br\/blog\/cotidiano\/especialista-aponta-os-maiores-desafios-para-pacientes-e-responsaveis-sobre-tea\/\" \/>\n<meta property=\"og:locale\" content=\"pt_BR\" \/>\n<meta property=\"og:type\" content=\"article\" \/>\n<meta property=\"og:title\" content=\"Especialista aponta os maiores desafios para pacientes e respons\u00e1veis sobre TEA &#8902; Blog da Condessa\" \/>\n<meta property=\"og:description\" content=\"Abril \u00e9 considerado o m\u00eas Mundial do Autismo, em que organiza\u00e7\u00f5es, fam\u00edlias e defensores se organizam para chamar a aten\u00e7\u00e3o da sociedade sobre o Transtorno do Espectro Autista (TEA) \u2014 uma condi\u00e7\u00e3o do neurodesenvolvimento que impacta milh\u00f5es de pessoas em todo o mundo. O \u00faltimo levantamento do CDC nos Estados Unidos aponta que uma em [&hellip;]\" \/>\n<meta property=\"og:url\" content=\"https:\/\/blogdacondessa.com.br\/blog\/cotidiano\/especialista-aponta-os-maiores-desafios-para-pacientes-e-responsaveis-sobre-tea\/\" \/>\n<meta property=\"og:site_name\" content=\"Blog da Condessa\" \/>\n<meta property=\"article:published_time\" content=\"2025-04-04T09:00:18+00:00\" \/>\n<meta property=\"og:image\" content=\"https:\/\/blogdacondessa.com.br\/blog\/wp-content\/uploads\/2025\/04\/AUTISMO.jpeg\" \/>\n\t<meta property=\"og:image:width\" content=\"1280\" \/>\n\t<meta property=\"og:image:height\" content=\"720\" \/>\n\t<meta property=\"og:image:type\" content=\"image\/jpeg\" \/>\n<meta name=\"author\" content=\"Blog da Condessa\" \/>\n<meta name=\"twitter:card\" content=\"summary_large_image\" \/>\n<meta name=\"twitter:label1\" content=\"Escrito por\" \/>\n\t<meta name=\"twitter:data1\" content=\"Blog da Condessa\" \/>\n\t<meta name=\"twitter:label2\" content=\"Est. tempo de leitura\" \/>\n\t<meta name=\"twitter:data2\" content=\"3 minutos\" \/>\n<script type=\"application\/ld+json\" class=\"yoast-schema-graph\">{\"@context\":\"https:\\\/\\\/schema.org\",\"@graph\":[{\"@type\":\"Article\",\"@id\":\"https:\\\/\\\/blogdacondessa.com.br\\\/blog\\\/cotidiano\\\/especialista-aponta-os-maiores-desafios-para-pacientes-e-responsaveis-sobre-tea\\\/#article\",\"isPartOf\":{\"@id\":\"https:\\\/\\\/blogdacondessa.com.br\\\/blog\\\/cotidiano\\\/especialista-aponta-os-maiores-desafios-para-pacientes-e-responsaveis-sobre-tea\\\/\"},\"author\":{\"name\":\"Blog da Condessa\",\"@id\":\"https:\\\/\\\/blogdacondessa.com.br\\\/blog\\\/#\\\/schema\\\/person\\\/1d667ff8b785195b568677489d266035\"},\"headline\":\"Especialista aponta os maiores desafios para pacientes e respons\u00e1veis sobre TEA\",\"datePublished\":\"2025-04-04T09:00:18+00:00\",\"mainEntityOfPage\":{\"@id\":\"https:\\\/\\\/blogdacondessa.com.br\\\/blog\\\/cotidiano\\\/especialista-aponta-os-maiores-desafios-para-pacientes-e-responsaveis-sobre-tea\\\/\"},\"wordCount\":535,\"image\":{\"@id\":\"https:\\\/\\\/blogdacondessa.com.br\\\/blog\\\/cotidiano\\\/especialista-aponta-os-maiores-desafios-para-pacientes-e-responsaveis-sobre-tea\\\/#primaryimage\"},\"thumbnailUrl\":\"https:\\\/\\\/blogdacondessa.com.br\\\/blog\\\/wp-content\\\/uploads\\\/2025\\\/04\\\/AUTISMO.jpeg\",\"articleSection\":[\"Cotidiano\"],\"inLanguage\":\"pt-BR\"},{\"@type\":\"WebPage\",\"@id\":\"https:\\\/\\\/blogdacondessa.com.br\\\/blog\\\/cotidiano\\\/especialista-aponta-os-maiores-desafios-para-pacientes-e-responsaveis-sobre-tea\\\/\",\"url\":\"https:\\\/\\\/blogdacondessa.com.br\\\/blog\\\/cotidiano\\\/especialista-aponta-os-maiores-desafios-para-pacientes-e-responsaveis-sobre-tea\\\/\",\"name\":\"Especialista aponta os maiores desafios para pacientes e respons\u00e1veis sobre TEA &#8902; Blog da Condessa\",\"isPartOf\":{\"@id\":\"https:\\\/\\\/blogdacondessa.com.br\\\/blog\\\/#website\"},\"primaryImageOfPage\":{\"@id\":\"https:\\\/\\\/blogdacondessa.com.br\\\/blog\\\/cotidiano\\\/especialista-aponta-os-maiores-desafios-para-pacientes-e-responsaveis-sobre-tea\\\/#primaryimage\"},\"image\":{\"@id\":\"https:\\\/\\\/blogdacondessa.com.br\\\/blog\\\/cotidiano\\\/especialista-aponta-os-maiores-desafios-para-pacientes-e-responsaveis-sobre-tea\\\/#primaryimage\"},\"thumbnailUrl\":\"https:\\\/\\\/blogdacondessa.com.br\\\/blog\\\/wp-content\\\/uploads\\\/2025\\\/04\\\/AUTISMO.jpeg\",\"datePublished\":\"2025-04-04T09:00:18+00:00\",\"author\":{\"@id\":\"https:\\\/\\\/blogdacondessa.com.br\\\/blog\\\/#\\\/schema\\\/person\\\/1d667ff8b785195b568677489d266035\"},\"breadcrumb\":{\"@id\":\"https:\\\/\\\/blogdacondessa.com.br\\\/blog\\\/cotidiano\\\/especialista-aponta-os-maiores-desafios-para-pacientes-e-responsaveis-sobre-tea\\\/#breadcrumb\"},\"inLanguage\":\"pt-BR\",\"potentialAction\":[{\"@type\":\"ReadAction\",\"target\":[\"https:\\\/\\\/blogdacondessa.com.br\\\/blog\\\/cotidiano\\\/especialista-aponta-os-maiores-desafios-para-pacientes-e-responsaveis-sobre-tea\\\/\"]}]},{\"@type\":\"ImageObject\",\"inLanguage\":\"pt-BR\",\"@id\":\"https:\\\/\\\/blogdacondessa.com.br\\\/blog\\\/cotidiano\\\/especialista-aponta-os-maiores-desafios-para-pacientes-e-responsaveis-sobre-tea\\\/#primaryimage\",\"url\":\"https:\\\/\\\/blogdacondessa.com.br\\\/blog\\\/wp-content\\\/uploads\\\/2025\\\/04\\\/AUTISMO.jpeg\",\"contentUrl\":\"https:\\\/\\\/blogdacondessa.com.br\\\/blog\\\/wp-content\\\/uploads\\\/2025\\\/04\\\/AUTISMO.jpeg\",\"width\":1280,\"height\":720,\"caption\":\"Foto: Reprodu\u00e7\u00e3o\"},{\"@type\":\"BreadcrumbList\",\"@id\":\"https:\\\/\\\/blogdacondessa.com.br\\\/blog\\\/cotidiano\\\/especialista-aponta-os-maiores-desafios-para-pacientes-e-responsaveis-sobre-tea\\\/#breadcrumb\",\"itemListElement\":[{\"@type\":\"ListItem\",\"position\":1,\"name\":\"In\u00edcio\",\"item\":\"https:\\\/\\\/blogdacondessa.com.br\\\/blog\\\/\"},{\"@type\":\"ListItem\",\"position\":2,\"name\":\"Especialista aponta os maiores desafios para pacientes e respons\u00e1veis sobre TEA\"}]},{\"@type\":\"WebSite\",\"@id\":\"https:\\\/\\\/blogdacondessa.com.br\\\/blog\\\/#website\",\"url\":\"https:\\\/\\\/blogdacondessa.com.br\\\/blog\\\/\",\"name\":\"Blog da Condessa\",\"description\":\"Com Shirley de Souza O\u2019Campos\",\"potentialAction\":[{\"@type\":\"SearchAction\",\"target\":{\"@type\":\"EntryPoint\",\"urlTemplate\":\"https:\\\/\\\/blogdacondessa.com.br\\\/blog\\\/?s={search_term_string}\"},\"query-input\":{\"@type\":\"PropertyValueSpecification\",\"valueRequired\":true,\"valueName\":\"search_term_string\"}}],\"inLanguage\":\"pt-BR\"},{\"@type\":\"Person\",\"@id\":\"https:\\\/\\\/blogdacondessa.com.br\\\/blog\\\/#\\\/schema\\\/person\\\/1d667ff8b785195b568677489d266035\",\"name\":\"Blog da Condessa\",\"image\":{\"@type\":\"ImageObject\",\"inLanguage\":\"pt-BR\",\"@id\":\"https:\\\/\\\/secure.gravatar.com\\\/avatar\\\/377c0eb8b4ad2bfc25461b41564b5971e721ca34a57642868fc7b0c8ac7b52c5?s=96&d=mm&r=g\",\"url\":\"https:\\\/\\\/secure.gravatar.com\\\/avatar\\\/377c0eb8b4ad2bfc25461b41564b5971e721ca34a57642868fc7b0c8ac7b52c5?s=96&d=mm&r=g\",\"contentUrl\":\"https:\\\/\\\/secure.gravatar.com\\\/avatar\\\/377c0eb8b4ad2bfc25461b41564b5971e721ca34a57642868fc7b0c8ac7b52c5?s=96&d=mm&r=g\",\"caption\":\"Blog da Condessa\"},\"url\":\"https:\\\/\\\/blogdacondessa.com.br\\\/blog\\\/author\\\/beatriz\\\/\"}]}<\/script>\n<!-- \/ Yoast SEO plugin. -->","yoast_head_json":{"title":"Especialista aponta os maiores desafios para pacientes e respons\u00e1veis sobre TEA &#8902; Blog da Condessa","robots":{"index":"index","follow":"follow","max-snippet":"max-snippet:-1","max-image-preview":"max-image-preview:large","max-video-preview":"max-video-preview:-1"},"canonical":"https:\/\/blogdacondessa.com.br\/blog\/cotidiano\/especialista-aponta-os-maiores-desafios-para-pacientes-e-responsaveis-sobre-tea\/","og_locale":"pt_BR","og_type":"article","og_title":"Especialista aponta os maiores desafios para pacientes e respons\u00e1veis sobre TEA &#8902; Blog da Condessa","og_description":"Abril \u00e9 considerado o m\u00eas Mundial do Autismo, em que organiza\u00e7\u00f5es, fam\u00edlias e defensores se organizam para chamar a aten\u00e7\u00e3o da sociedade sobre o Transtorno do Espectro Autista (TEA) \u2014 uma condi\u00e7\u00e3o do neurodesenvolvimento que impacta milh\u00f5es de pessoas em todo o mundo. O \u00faltimo levantamento do CDC nos Estados Unidos aponta que uma em [&hellip;]","og_url":"https:\/\/blogdacondessa.com.br\/blog\/cotidiano\/especialista-aponta-os-maiores-desafios-para-pacientes-e-responsaveis-sobre-tea\/","og_site_name":"Blog da Condessa","article_published_time":"2025-04-04T09:00:18+00:00","og_image":[{"width":1280,"height":720,"url":"https:\/\/blogdacondessa.com.br\/blog\/wp-content\/uploads\/2025\/04\/AUTISMO.jpeg","type":"image\/jpeg"}],"author":"Blog da Condessa","twitter_card":"summary_large_image","twitter_misc":{"Escrito por":"Blog da Condessa","Est. tempo de leitura":"3 minutos"},"schema":{"@context":"https:\/\/schema.org","@graph":[{"@type":"Article","@id":"https:\/\/blogdacondessa.com.br\/blog\/cotidiano\/especialista-aponta-os-maiores-desafios-para-pacientes-e-responsaveis-sobre-tea\/#article","isPartOf":{"@id":"https:\/\/blogdacondessa.com.br\/blog\/cotidiano\/especialista-aponta-os-maiores-desafios-para-pacientes-e-responsaveis-sobre-tea\/"},"author":{"name":"Blog da Condessa","@id":"https:\/\/blogdacondessa.com.br\/blog\/#\/schema\/person\/1d667ff8b785195b568677489d266035"},"headline":"Especialista aponta os maiores desafios para pacientes e respons\u00e1veis sobre TEA","datePublished":"2025-04-04T09:00:18+00:00","mainEntityOfPage":{"@id":"https:\/\/blogdacondessa.com.br\/blog\/cotidiano\/especialista-aponta-os-maiores-desafios-para-pacientes-e-responsaveis-sobre-tea\/"},"wordCount":535,"image":{"@id":"https:\/\/blogdacondessa.com.br\/blog\/cotidiano\/especialista-aponta-os-maiores-desafios-para-pacientes-e-responsaveis-sobre-tea\/#primaryimage"},"thumbnailUrl":"https:\/\/blogdacondessa.com.br\/blog\/wp-content\/uploads\/2025\/04\/AUTISMO.jpeg","articleSection":["Cotidiano"],"inLanguage":"pt-BR"},{"@type":"WebPage","@id":"https:\/\/blogdacondessa.com.br\/blog\/cotidiano\/especialista-aponta-os-maiores-desafios-para-pacientes-e-responsaveis-sobre-tea\/","url":"https:\/\/blogdacondessa.com.br\/blog\/cotidiano\/especialista-aponta-os-maiores-desafios-para-pacientes-e-responsaveis-sobre-tea\/","name":"Especialista aponta os maiores desafios para pacientes e respons\u00e1veis sobre TEA &#8902; Blog da Condessa","isPartOf":{"@id":"https:\/\/blogdacondessa.com.br\/blog\/#website"},"primaryImageOfPage":{"@id":"https:\/\/blogdacondessa.com.br\/blog\/cotidiano\/especialista-aponta-os-maiores-desafios-para-pacientes-e-responsaveis-sobre-tea\/#primaryimage"},"image":{"@id":"https:\/\/blogdacondessa.com.br\/blog\/cotidiano\/especialista-aponta-os-maiores-desafios-para-pacientes-e-responsaveis-sobre-tea\/#primaryimage"},"thumbnailUrl":"https:\/\/blogdacondessa.com.br\/blog\/wp-content\/uploads\/2025\/04\/AUTISMO.jpeg","datePublished":"2025-04-04T09:00:18+00:00","author":{"@id":"https:\/\/blogdacondessa.com.br\/blog\/#\/schema\/person\/1d667ff8b785195b568677489d266035"},"breadcrumb":{"@id":"https:\/\/blogdacondessa.com.br\/blog\/cotidiano\/especialista-aponta-os-maiores-desafios-para-pacientes-e-responsaveis-sobre-tea\/#breadcrumb"},"inLanguage":"pt-BR","potentialAction":[{"@type":"ReadAction","target":["https:\/\/blogdacondessa.com.br\/blog\/cotidiano\/especialista-aponta-os-maiores-desafios-para-pacientes-e-responsaveis-sobre-tea\/"]}]},{"@type":"ImageObject","inLanguage":"pt-BR","@id":"https:\/\/blogdacondessa.com.br\/blog\/cotidiano\/especialista-aponta-os-maiores-desafios-para-pacientes-e-responsaveis-sobre-tea\/#primaryimage","url":"https:\/\/blogdacondessa.com.br\/blog\/wp-content\/uploads\/2025\/04\/AUTISMO.jpeg","contentUrl":"https:\/\/blogdacondessa.com.br\/blog\/wp-content\/uploads\/2025\/04\/AUTISMO.jpeg","width":1280,"height":720,"caption":"Foto: Reprodu\u00e7\u00e3o"},{"@type":"BreadcrumbList","@id":"https:\/\/blogdacondessa.com.br\/blog\/cotidiano\/especialista-aponta-os-maiores-desafios-para-pacientes-e-responsaveis-sobre-tea\/#breadcrumb","itemListElement":[{"@type":"ListItem","position":1,"name":"In\u00edcio","item":"https:\/\/blogdacondessa.com.br\/blog\/"},{"@type":"ListItem","position":2,"name":"Especialista aponta os maiores desafios para pacientes e respons\u00e1veis sobre TEA"}]},{"@type":"WebSite","@id":"https:\/\/blogdacondessa.com.br\/blog\/#website","url":"https:\/\/blogdacondessa.com.br\/blog\/","name":"Blog da Condessa","description":"Com Shirley de Souza O\u2019Campos","potentialAction":[{"@type":"SearchAction","target":{"@type":"EntryPoint","urlTemplate":"https:\/\/blogdacondessa.com.br\/blog\/?s={search_term_string}"},"query-input":{"@type":"PropertyValueSpecification","valueRequired":true,"valueName":"search_term_string"}}],"inLanguage":"pt-BR"},{"@type":"Person","@id":"https:\/\/blogdacondessa.com.br\/blog\/#\/schema\/person\/1d667ff8b785195b568677489d266035","name":"Blog da Condessa","image":{"@type":"ImageObject","inLanguage":"pt-BR","@id":"https:\/\/secure.gravatar.com\/avatar\/377c0eb8b4ad2bfc25461b41564b5971e721ca34a57642868fc7b0c8ac7b52c5?s=96&d=mm&r=g","url":"https:\/\/secure.gravatar.com\/avatar\/377c0eb8b4ad2bfc25461b41564b5971e721ca34a57642868fc7b0c8ac7b52c5?s=96&d=mm&r=g","contentUrl":"https:\/\/secure.gravatar.com\/avatar\/377c0eb8b4ad2bfc25461b41564b5971e721ca34a57642868fc7b0c8ac7b52c5?s=96&d=mm&r=g","caption":"Blog da Condessa"},"url":"https:\/\/blogdacondessa.com.br\/blog\/author\/beatriz\/"}]}},"_links":{"self":[{"href":"https:\/\/blogdacondessa.com.br\/blog\/wp-json\/wp\/v2\/posts\/11510","targetHints":{"allow":["GET"]}}],"collection":[{"href":"https:\/\/blogdacondessa.com.br\/blog\/wp-json\/wp\/v2\/posts"}],"about":[{"href":"https:\/\/blogdacondessa.com.br\/blog\/wp-json\/wp\/v2\/types\/post"}],"author":[{"embeddable":true,"href":"https:\/\/blogdacondessa.com.br\/blog\/wp-json\/wp\/v2\/users\/2"}],"replies":[{"embeddable":true,"href":"https:\/\/blogdacondessa.com.br\/blog\/wp-json\/wp\/v2\/comments?post=11510"}],"version-history":[{"count":0,"href":"https:\/\/blogdacondessa.com.br\/blog\/wp-json\/wp\/v2\/posts\/11510\/revisions"}],"wp:featuredmedia":[{"embeddable":true,"href":"https:\/\/blogdacondessa.com.br\/blog\/wp-json\/wp\/v2\/media\/11511"}],"wp:attachment":[{"href":"https:\/\/blogdacondessa.com.br\/blog\/wp-json\/wp\/v2\/media?parent=11510"}],"wp:term":[{"taxonomy":"category","embeddable":true,"href":"https:\/\/blogdacondessa.com.br\/blog\/wp-json\/wp\/v2\/categories?post=11510"},{"taxonomy":"post_tag","embeddable":true,"href":"https:\/\/blogdacondessa.com.br\/blog\/wp-json\/wp\/v2\/tags?post=11510"}],"curies":[{"name":"wp","href":"https:\/\/api.w.org\/{rel}","templated":true}]}}