{"id":11495,"date":"2025-04-01T05:00:55","date_gmt":"2025-04-01T09:00:55","guid":{"rendered":"https:\/\/blogdacondessa.com.br\/blog\/?p=11495"},"modified":"2025-03-31T19:00:37","modified_gmt":"2025-03-31T23:00:37","slug":"a-realidade-as-perspectivas-e-os-desafios-das-pessoas-com-transtorno-do-espectro-autista","status":"publish","type":"post","link":"https:\/\/blogdacondessa.com.br\/blog\/politica\/a-realidade-as-perspectivas-e-os-desafios-das-pessoas-com-transtorno-do-espectro-autista\/","title":{"rendered":"\u201cA realidade, as perspectivas e os desafios das pessoas com Transtorno do Espectro Autista\u201d"},"content":{"rendered":"<p>1\u00b0 Audi\u00eancia P\u00fablica ser\u00e1 nesta ter\u00e7a-feira(1\u00ba\/4). A a\u00e7\u00e3o contar\u00e1 com a presen\u00e7a de importantes autoridades das esferas federal, estadual e municipal.<\/p>\n<p>Em alus\u00e3o ao Dia Mundial de Conscientiza\u00e7\u00e3o do Autismo, no dia 2 de abril, o deputado estadual Wilson Santos (PSD) vai promover a 1\u00b0 audi\u00eancia p\u00fablica com o tema \u201cA realidade, as perspectivas e os desafios das pessoas com Transtorno do Espectro Autista (TEA)\u201d, nesta ter\u00e7a-feira (1\u00b0), das 14h \u00e0s 18h, no Plen\u00e1rio das Delibera\u00e7\u00f5es \u201cDeputado Ren\u00ea Barbour\u201d, na Assembleia Legislativa (ALMT), em Cuiab\u00e1. A a\u00e7\u00e3o contar\u00e1 com a presen\u00e7a de autoridades das esferas federal, estadual e municipal, como, tamb\u00e9m, de representantes das entidades que defendem a inclus\u00e3o efetiva e assist\u00eancia de pessoas com dificuldades no neurodesenvolvimento.<\/p>\n<p>\u201cFalar sobre o autismo \u00e9 um tema que exige muito de n\u00f3s, ainda mais como representantes da sociedade. Isso porque temos que fortalecer as pol\u00edticas p\u00fablicas para o p\u00fablico neurodivergente para que, assim, possamos garantir a inclus\u00e3o social, manuten\u00e7\u00e3o dos direitos e tornar a sociedade cada vez mais igualit\u00e1ria. Essa audi\u00eancia vai debater o tema e vamos tratar de experi\u00eancias de quem vive no dia-a-dia, os desafios de ter um filho ou um ente familiar com este diagn\u00f3stico, entre outros assuntos correlacionados. Estamos aqui para somar e continuamos trabalhando sobre este tema que precisa de mais iniciativas que beneficiem este p\u00fablico espec\u00edfico\u201d, comentou o parlamentar.<\/p>\n<p>O evento contar\u00e1 com a presen\u00e7a de representantes do Minist\u00e9rios da Educa\u00e7\u00e3o e dos Direitos Humanos, Defensoria P\u00fablica, Ordem dos Advogados do Brasil (OAB) de Mato Grosso, Secretarias Estaduais de Educa\u00e7\u00e3o (Seduc) e Sa\u00fade (SES), Conselho Estadual dos Direitos da Pessoa com Defici\u00eancia (Conede), Prefeitura e C\u00e2mara Municipal de Cuiab\u00e1, Promotoria de Justi\u00e7a, Centro de Refer\u00eancia de Assist\u00eancia Social (Cras) e prefeituras municipais de diferentes munic\u00edpios, associa\u00e7\u00f5es e institui\u00e7\u00f5es que atuam com o p\u00fablico autista. Na programa\u00e7\u00e3o, os pais, cuidadores e respons\u00e1veis v\u00e3o poder relatar as suas experi\u00eancias e desafios do dia-a-dia com as pessoas diagnosticadas com o TEA.<\/p>\n<p>Wilson Santos j\u00e1 tem mais de 10 leis sancionadas pelo Poder Executivo estadual relacionadas ao tema. Entre elas, a Lei\u00a0<a href=\"https:\/\/www.al.mt.gov.br\/norma-juridica\/urn:lex:br;mato.grosso:estadual:lei.ordinaria:2021-05-03;11352\/gerar-pdf-redacao\">n\u00ba 11.352\/2021<\/a>\u00a0&#8211; que criou a Carteira de Identifica\u00e7\u00e3o do Autista (CIA) -que j\u00e1 beneficiou mais de 5.600 pessoas com TEA por meio da Secretaria de Estado de Assist\u00eancia Social e Cidadania (Setasc). Al\u00e9m disso, h\u00e1 outros projetos de lei em tramita\u00e7\u00e3o na Assembleia Legislativa. O parlamentar tamb\u00e9m realiza, anualmente, o Simp\u00f3sio do Autismo em Mato Grosso \u2013 \u201cDo Diagn\u00f3stico ao Tratamento\u201d, que j\u00e1 teve cinco edi\u00e7\u00f5es. Desde 2020, lidera o projeto \u201cDespertar para o Autismo\u201d, que leva informa\u00e7\u00f5es sobre o tema para comunidades, igrejas e escolas, promovendo uma sociedade mais inclusiva.<\/p>\n<p>O evento \u00e9 gratuito e aberto ao p\u00fablico, com emiss\u00e3o de certificados de participa\u00e7\u00e3o. A audi\u00eancia ser\u00e1 transmitida pelos canais de comunica\u00e7\u00e3o da Assembleia Legislativa no YouTube, Facebook e pelos canais 30.1 e 9.2 da TV Assembleia.<\/p>\n<p><strong>\u00a0Servi\u00e7o<\/strong><\/p>\n<p>Evento: 1\u00b0 Audi\u00eancia P\u00fablica com o tema \u201cA realidade, as perspectivas e os desafios das pessoas com Transtorno do Espectro Autista (TEA)\u201d<\/p>\n<p>Data: 01\/04\/2025<\/p>\n<p>Hor\u00e1rio: 14h \u00e0s 18h<\/p>\n<p>Local: Plen\u00e1rio das Delibera\u00e7\u00f5es \u201cDeputado Ren\u00ea Barbour\u201d da Assembleia Legislativa<\/p>\n<p>&nbsp;<\/p>\n<p>&nbsp;<\/p>\n","protected":false},"excerpt":{"rendered":"<p>1\u00b0 Audi\u00eancia P\u00fablica ser\u00e1 nesta ter\u00e7a-feira(1\u00ba\/4). A a\u00e7\u00e3o contar\u00e1 com a presen\u00e7a de importantes autoridades das esferas federal, estadual e municipal. Em alus\u00e3o ao Dia Mundial de Conscientiza\u00e7\u00e3o do Autismo, no dia 2 de abril, o deputado estadual Wilson Santos (PSD) vai promover a 1\u00b0 audi\u00eancia p\u00fablica com o tema \u201cA realidade, as perspectivas e [&hellip;]<\/p>\n","protected":false},"author":2,"featured_media":11496,"comment_status":"closed","ping_status":"closed","sticky":false,"template":"","format":"standard","meta":{"iawp_total_views":1,"footnotes":""},"categories":[10],"tags":[],"class_list":["post-11495","post","type-post","status-publish","format-standard","has-post-thumbnail","hentry","category-politica"],"yoast_head":"<!-- This site is optimized with the Yoast SEO plugin v27.3 - https:\/\/yoast.com\/product\/yoast-seo-wordpress\/ -->\n<title>\u201cA realidade, as perspectivas e os desafios das pessoas com Transtorno do Espectro Autista\u201d &#8902; Blog da Condessa<\/title>\n<meta name=\"robots\" content=\"index, follow, max-snippet:-1, max-image-preview:large, max-video-preview:-1\" \/>\n<link rel=\"canonical\" href=\"https:\/\/blogdacondessa.com.br\/blog\/politica\/a-realidade-as-perspectivas-e-os-desafios-das-pessoas-com-transtorno-do-espectro-autista\/\" \/>\n<meta property=\"og:locale\" content=\"pt_BR\" \/>\n<meta property=\"og:type\" content=\"article\" \/>\n<meta property=\"og:title\" content=\"\u201cA realidade, as perspectivas e os desafios das pessoas com Transtorno do Espectro Autista\u201d &#8902; Blog da Condessa\" \/>\n<meta property=\"og:description\" content=\"1\u00b0 Audi\u00eancia P\u00fablica ser\u00e1 nesta ter\u00e7a-feira(1\u00ba\/4). A a\u00e7\u00e3o contar\u00e1 com a presen\u00e7a de importantes autoridades das esferas federal, estadual e municipal. Em alus\u00e3o ao Dia Mundial de Conscientiza\u00e7\u00e3o do Autismo, no dia 2 de abril, o deputado estadual Wilson Santos (PSD) vai promover a 1\u00b0 audi\u00eancia p\u00fablica com o tema \u201cA realidade, as perspectivas e [&hellip;]\" \/>\n<meta property=\"og:url\" content=\"https:\/\/blogdacondessa.com.br\/blog\/politica\/a-realidade-as-perspectivas-e-os-desafios-das-pessoas-com-transtorno-do-espectro-autista\/\" \/>\n<meta property=\"og:site_name\" content=\"Blog da Condessa\" \/>\n<meta property=\"article:published_time\" content=\"2025-04-01T09:00:55+00:00\" \/>\n<meta property=\"og:image\" content=\"https:\/\/blogdacondessa.com.br\/blog\/wp-content\/uploads\/2025\/03\/autistas.jpg\" \/>\n\t<meta property=\"og:image:width\" content=\"420\" \/>\n\t<meta property=\"og:image:height\" content=\"280\" \/>\n\t<meta property=\"og:image:type\" content=\"image\/jpeg\" \/>\n<meta name=\"author\" content=\"Blog da Condessa\" \/>\n<meta name=\"twitter:card\" content=\"summary_large_image\" \/>\n<meta name=\"twitter:label1\" content=\"Escrito por\" \/>\n\t<meta name=\"twitter:data1\" content=\"Blog da Condessa\" \/>\n\t<meta name=\"twitter:label2\" content=\"Est. tempo de leitura\" \/>\n\t<meta name=\"twitter:data2\" content=\"4 minutos\" \/>\n<script type=\"application\/ld+json\" class=\"yoast-schema-graph\">{\"@context\":\"https:\\\/\\\/schema.org\",\"@graph\":[{\"@type\":\"Article\",\"@id\":\"https:\\\/\\\/blogdacondessa.com.br\\\/blog\\\/politica\\\/a-realidade-as-perspectivas-e-os-desafios-das-pessoas-com-transtorno-do-espectro-autista\\\/#article\",\"isPartOf\":{\"@id\":\"https:\\\/\\\/blogdacondessa.com.br\\\/blog\\\/politica\\\/a-realidade-as-perspectivas-e-os-desafios-das-pessoas-com-transtorno-do-espectro-autista\\\/\"},\"author\":{\"name\":\"Blog da Condessa\",\"@id\":\"https:\\\/\\\/blogdacondessa.com.br\\\/blog\\\/#\\\/schema\\\/person\\\/1d667ff8b785195b568677489d266035\"},\"headline\":\"\u201cA realidade, as perspectivas e os desafios das pessoas com Transtorno do Espectro Autista\u201d\",\"datePublished\":\"2025-04-01T09:00:55+00:00\",\"mainEntityOfPage\":{\"@id\":\"https:\\\/\\\/blogdacondessa.com.br\\\/blog\\\/politica\\\/a-realidade-as-perspectivas-e-os-desafios-das-pessoas-com-transtorno-do-espectro-autista\\\/\"},\"wordCount\":579,\"image\":{\"@id\":\"https:\\\/\\\/blogdacondessa.com.br\\\/blog\\\/politica\\\/a-realidade-as-perspectivas-e-os-desafios-das-pessoas-com-transtorno-do-espectro-autista\\\/#primaryimage\"},\"thumbnailUrl\":\"https:\\\/\\\/blogdacondessa.com.br\\\/blog\\\/wp-content\\\/uploads\\\/2025\\\/03\\\/autistas.jpg\",\"articleSection\":[\"Pol\u00edtica\"],\"inLanguage\":\"pt-BR\"},{\"@type\":\"WebPage\",\"@id\":\"https:\\\/\\\/blogdacondessa.com.br\\\/blog\\\/politica\\\/a-realidade-as-perspectivas-e-os-desafios-das-pessoas-com-transtorno-do-espectro-autista\\\/\",\"url\":\"https:\\\/\\\/blogdacondessa.com.br\\\/blog\\\/politica\\\/a-realidade-as-perspectivas-e-os-desafios-das-pessoas-com-transtorno-do-espectro-autista\\\/\",\"name\":\"\u201cA realidade, as perspectivas e os desafios das pessoas com Transtorno do Espectro Autista\u201d &#8902; Blog da Condessa\",\"isPartOf\":{\"@id\":\"https:\\\/\\\/blogdacondessa.com.br\\\/blog\\\/#website\"},\"primaryImageOfPage\":{\"@id\":\"https:\\\/\\\/blogdacondessa.com.br\\\/blog\\\/politica\\\/a-realidade-as-perspectivas-e-os-desafios-das-pessoas-com-transtorno-do-espectro-autista\\\/#primaryimage\"},\"image\":{\"@id\":\"https:\\\/\\\/blogdacondessa.com.br\\\/blog\\\/politica\\\/a-realidade-as-perspectivas-e-os-desafios-das-pessoas-com-transtorno-do-espectro-autista\\\/#primaryimage\"},\"thumbnailUrl\":\"https:\\\/\\\/blogdacondessa.com.br\\\/blog\\\/wp-content\\\/uploads\\\/2025\\\/03\\\/autistas.jpg\",\"datePublished\":\"2025-04-01T09:00:55+00:00\",\"author\":{\"@id\":\"https:\\\/\\\/blogdacondessa.com.br\\\/blog\\\/#\\\/schema\\\/person\\\/1d667ff8b785195b568677489d266035\"},\"breadcrumb\":{\"@id\":\"https:\\\/\\\/blogdacondessa.com.br\\\/blog\\\/politica\\\/a-realidade-as-perspectivas-e-os-desafios-das-pessoas-com-transtorno-do-espectro-autista\\\/#breadcrumb\"},\"inLanguage\":\"pt-BR\",\"potentialAction\":[{\"@type\":\"ReadAction\",\"target\":[\"https:\\\/\\\/blogdacondessa.com.br\\\/blog\\\/politica\\\/a-realidade-as-perspectivas-e-os-desafios-das-pessoas-com-transtorno-do-espectro-autista\\\/\"]}]},{\"@type\":\"ImageObject\",\"inLanguage\":\"pt-BR\",\"@id\":\"https:\\\/\\\/blogdacondessa.com.br\\\/blog\\\/politica\\\/a-realidade-as-perspectivas-e-os-desafios-das-pessoas-com-transtorno-do-espectro-autista\\\/#primaryimage\",\"url\":\"https:\\\/\\\/blogdacondessa.com.br\\\/blog\\\/wp-content\\\/uploads\\\/2025\\\/03\\\/autistas.jpg\",\"contentUrl\":\"https:\\\/\\\/blogdacondessa.com.br\\\/blog\\\/wp-content\\\/uploads\\\/2025\\\/03\\\/autistas.jpg\",\"width\":420,\"height\":280,\"caption\":\"Foto: ANGELO VARELA \\\/ ALMT\"},{\"@type\":\"BreadcrumbList\",\"@id\":\"https:\\\/\\\/blogdacondessa.com.br\\\/blog\\\/politica\\\/a-realidade-as-perspectivas-e-os-desafios-das-pessoas-com-transtorno-do-espectro-autista\\\/#breadcrumb\",\"itemListElement\":[{\"@type\":\"ListItem\",\"position\":1,\"name\":\"In\u00edcio\",\"item\":\"https:\\\/\\\/blogdacondessa.com.br\\\/blog\\\/\"},{\"@type\":\"ListItem\",\"position\":2,\"name\":\"\u201cA realidade, as perspectivas e os desafios das pessoas com Transtorno do Espectro Autista\u201d\"}]},{\"@type\":\"WebSite\",\"@id\":\"https:\\\/\\\/blogdacondessa.com.br\\\/blog\\\/#website\",\"url\":\"https:\\\/\\\/blogdacondessa.com.br\\\/blog\\\/\",\"name\":\"Blog da Condessa\",\"description\":\"Com Shirley de Souza O\u2019Campos\",\"potentialAction\":[{\"@type\":\"SearchAction\",\"target\":{\"@type\":\"EntryPoint\",\"urlTemplate\":\"https:\\\/\\\/blogdacondessa.com.br\\\/blog\\\/?s={search_term_string}\"},\"query-input\":{\"@type\":\"PropertyValueSpecification\",\"valueRequired\":true,\"valueName\":\"search_term_string\"}}],\"inLanguage\":\"pt-BR\"},{\"@type\":\"Person\",\"@id\":\"https:\\\/\\\/blogdacondessa.com.br\\\/blog\\\/#\\\/schema\\\/person\\\/1d667ff8b785195b568677489d266035\",\"name\":\"Blog da Condessa\",\"image\":{\"@type\":\"ImageObject\",\"inLanguage\":\"pt-BR\",\"@id\":\"https:\\\/\\\/secure.gravatar.com\\\/avatar\\\/377c0eb8b4ad2bfc25461b41564b5971e721ca34a57642868fc7b0c8ac7b52c5?s=96&d=mm&r=g\",\"url\":\"https:\\\/\\\/secure.gravatar.com\\\/avatar\\\/377c0eb8b4ad2bfc25461b41564b5971e721ca34a57642868fc7b0c8ac7b52c5?s=96&d=mm&r=g\",\"contentUrl\":\"https:\\\/\\\/secure.gravatar.com\\\/avatar\\\/377c0eb8b4ad2bfc25461b41564b5971e721ca34a57642868fc7b0c8ac7b52c5?s=96&d=mm&r=g\",\"caption\":\"Blog da Condessa\"},\"url\":\"https:\\\/\\\/blogdacondessa.com.br\\\/blog\\\/author\\\/beatriz\\\/\"}]}<\/script>\n<!-- \/ Yoast SEO plugin. -->","yoast_head_json":{"title":"\u201cA realidade, as perspectivas e os desafios das pessoas com Transtorno do Espectro Autista\u201d &#8902; Blog da Condessa","robots":{"index":"index","follow":"follow","max-snippet":"max-snippet:-1","max-image-preview":"max-image-preview:large","max-video-preview":"max-video-preview:-1"},"canonical":"https:\/\/blogdacondessa.com.br\/blog\/politica\/a-realidade-as-perspectivas-e-os-desafios-das-pessoas-com-transtorno-do-espectro-autista\/","og_locale":"pt_BR","og_type":"article","og_title":"\u201cA realidade, as perspectivas e os desafios das pessoas com Transtorno do Espectro Autista\u201d &#8902; Blog da Condessa","og_description":"1\u00b0 Audi\u00eancia P\u00fablica ser\u00e1 nesta ter\u00e7a-feira(1\u00ba\/4). A a\u00e7\u00e3o contar\u00e1 com a presen\u00e7a de importantes autoridades das esferas federal, estadual e municipal. Em alus\u00e3o ao Dia Mundial de Conscientiza\u00e7\u00e3o do Autismo, no dia 2 de abril, o deputado estadual Wilson Santos (PSD) vai promover a 1\u00b0 audi\u00eancia p\u00fablica com o tema \u201cA realidade, as perspectivas e [&hellip;]","og_url":"https:\/\/blogdacondessa.com.br\/blog\/politica\/a-realidade-as-perspectivas-e-os-desafios-das-pessoas-com-transtorno-do-espectro-autista\/","og_site_name":"Blog da Condessa","article_published_time":"2025-04-01T09:00:55+00:00","og_image":[{"width":420,"height":280,"url":"https:\/\/blogdacondessa.com.br\/blog\/wp-content\/uploads\/2025\/03\/autistas.jpg","type":"image\/jpeg"}],"author":"Blog da Condessa","twitter_card":"summary_large_image","twitter_misc":{"Escrito por":"Blog da Condessa","Est. tempo de leitura":"4 minutos"},"schema":{"@context":"https:\/\/schema.org","@graph":[{"@type":"Article","@id":"https:\/\/blogdacondessa.com.br\/blog\/politica\/a-realidade-as-perspectivas-e-os-desafios-das-pessoas-com-transtorno-do-espectro-autista\/#article","isPartOf":{"@id":"https:\/\/blogdacondessa.com.br\/blog\/politica\/a-realidade-as-perspectivas-e-os-desafios-das-pessoas-com-transtorno-do-espectro-autista\/"},"author":{"name":"Blog da Condessa","@id":"https:\/\/blogdacondessa.com.br\/blog\/#\/schema\/person\/1d667ff8b785195b568677489d266035"},"headline":"\u201cA realidade, as perspectivas e os desafios das pessoas com Transtorno do Espectro Autista\u201d","datePublished":"2025-04-01T09:00:55+00:00","mainEntityOfPage":{"@id":"https:\/\/blogdacondessa.com.br\/blog\/politica\/a-realidade-as-perspectivas-e-os-desafios-das-pessoas-com-transtorno-do-espectro-autista\/"},"wordCount":579,"image":{"@id":"https:\/\/blogdacondessa.com.br\/blog\/politica\/a-realidade-as-perspectivas-e-os-desafios-das-pessoas-com-transtorno-do-espectro-autista\/#primaryimage"},"thumbnailUrl":"https:\/\/blogdacondessa.com.br\/blog\/wp-content\/uploads\/2025\/03\/autistas.jpg","articleSection":["Pol\u00edtica"],"inLanguage":"pt-BR"},{"@type":"WebPage","@id":"https:\/\/blogdacondessa.com.br\/blog\/politica\/a-realidade-as-perspectivas-e-os-desafios-das-pessoas-com-transtorno-do-espectro-autista\/","url":"https:\/\/blogdacondessa.com.br\/blog\/politica\/a-realidade-as-perspectivas-e-os-desafios-das-pessoas-com-transtorno-do-espectro-autista\/","name":"\u201cA realidade, as perspectivas e os desafios das pessoas com Transtorno do Espectro Autista\u201d &#8902; Blog da Condessa","isPartOf":{"@id":"https:\/\/blogdacondessa.com.br\/blog\/#website"},"primaryImageOfPage":{"@id":"https:\/\/blogdacondessa.com.br\/blog\/politica\/a-realidade-as-perspectivas-e-os-desafios-das-pessoas-com-transtorno-do-espectro-autista\/#primaryimage"},"image":{"@id":"https:\/\/blogdacondessa.com.br\/blog\/politica\/a-realidade-as-perspectivas-e-os-desafios-das-pessoas-com-transtorno-do-espectro-autista\/#primaryimage"},"thumbnailUrl":"https:\/\/blogdacondessa.com.br\/blog\/wp-content\/uploads\/2025\/03\/autistas.jpg","datePublished":"2025-04-01T09:00:55+00:00","author":{"@id":"https:\/\/blogdacondessa.com.br\/blog\/#\/schema\/person\/1d667ff8b785195b568677489d266035"},"breadcrumb":{"@id":"https:\/\/blogdacondessa.com.br\/blog\/politica\/a-realidade-as-perspectivas-e-os-desafios-das-pessoas-com-transtorno-do-espectro-autista\/#breadcrumb"},"inLanguage":"pt-BR","potentialAction":[{"@type":"ReadAction","target":["https:\/\/blogdacondessa.com.br\/blog\/politica\/a-realidade-as-perspectivas-e-os-desafios-das-pessoas-com-transtorno-do-espectro-autista\/"]}]},{"@type":"ImageObject","inLanguage":"pt-BR","@id":"https:\/\/blogdacondessa.com.br\/blog\/politica\/a-realidade-as-perspectivas-e-os-desafios-das-pessoas-com-transtorno-do-espectro-autista\/#primaryimage","url":"https:\/\/blogdacondessa.com.br\/blog\/wp-content\/uploads\/2025\/03\/autistas.jpg","contentUrl":"https:\/\/blogdacondessa.com.br\/blog\/wp-content\/uploads\/2025\/03\/autistas.jpg","width":420,"height":280,"caption":"Foto: ANGELO VARELA \/ ALMT"},{"@type":"BreadcrumbList","@id":"https:\/\/blogdacondessa.com.br\/blog\/politica\/a-realidade-as-perspectivas-e-os-desafios-das-pessoas-com-transtorno-do-espectro-autista\/#breadcrumb","itemListElement":[{"@type":"ListItem","position":1,"name":"In\u00edcio","item":"https:\/\/blogdacondessa.com.br\/blog\/"},{"@type":"ListItem","position":2,"name":"\u201cA realidade, as perspectivas e os desafios das pessoas com Transtorno do Espectro Autista\u201d"}]},{"@type":"WebSite","@id":"https:\/\/blogdacondessa.com.br\/blog\/#website","url":"https:\/\/blogdacondessa.com.br\/blog\/","name":"Blog da Condessa","description":"Com Shirley de Souza O\u2019Campos","potentialAction":[{"@type":"SearchAction","target":{"@type":"EntryPoint","urlTemplate":"https:\/\/blogdacondessa.com.br\/blog\/?s={search_term_string}"},"query-input":{"@type":"PropertyValueSpecification","valueRequired":true,"valueName":"search_term_string"}}],"inLanguage":"pt-BR"},{"@type":"Person","@id":"https:\/\/blogdacondessa.com.br\/blog\/#\/schema\/person\/1d667ff8b785195b568677489d266035","name":"Blog da Condessa","image":{"@type":"ImageObject","inLanguage":"pt-BR","@id":"https:\/\/secure.gravatar.com\/avatar\/377c0eb8b4ad2bfc25461b41564b5971e721ca34a57642868fc7b0c8ac7b52c5?s=96&d=mm&r=g","url":"https:\/\/secure.gravatar.com\/avatar\/377c0eb8b4ad2bfc25461b41564b5971e721ca34a57642868fc7b0c8ac7b52c5?s=96&d=mm&r=g","contentUrl":"https:\/\/secure.gravatar.com\/avatar\/377c0eb8b4ad2bfc25461b41564b5971e721ca34a57642868fc7b0c8ac7b52c5?s=96&d=mm&r=g","caption":"Blog da Condessa"},"url":"https:\/\/blogdacondessa.com.br\/blog\/author\/beatriz\/"}]}},"_links":{"self":[{"href":"https:\/\/blogdacondessa.com.br\/blog\/wp-json\/wp\/v2\/posts\/11495","targetHints":{"allow":["GET"]}}],"collection":[{"href":"https:\/\/blogdacondessa.com.br\/blog\/wp-json\/wp\/v2\/posts"}],"about":[{"href":"https:\/\/blogdacondessa.com.br\/blog\/wp-json\/wp\/v2\/types\/post"}],"author":[{"embeddable":true,"href":"https:\/\/blogdacondessa.com.br\/blog\/wp-json\/wp\/v2\/users\/2"}],"replies":[{"embeddable":true,"href":"https:\/\/blogdacondessa.com.br\/blog\/wp-json\/wp\/v2\/comments?post=11495"}],"version-history":[{"count":0,"href":"https:\/\/blogdacondessa.com.br\/blog\/wp-json\/wp\/v2\/posts\/11495\/revisions"}],"wp:featuredmedia":[{"embeddable":true,"href":"https:\/\/blogdacondessa.com.br\/blog\/wp-json\/wp\/v2\/media\/11496"}],"wp:attachment":[{"href":"https:\/\/blogdacondessa.com.br\/blog\/wp-json\/wp\/v2\/media?parent=11495"}],"wp:term":[{"taxonomy":"category","embeddable":true,"href":"https:\/\/blogdacondessa.com.br\/blog\/wp-json\/wp\/v2\/categories?post=11495"},{"taxonomy":"post_tag","embeddable":true,"href":"https:\/\/blogdacondessa.com.br\/blog\/wp-json\/wp\/v2\/tags?post=11495"}],"curies":[{"name":"wp","href":"https:\/\/api.w.org\/{rel}","templated":true}]}}