{"id":11479,"date":"2025-03-29T05:00:25","date_gmt":"2025-03-29T09:00:25","guid":{"rendered":"https:\/\/blogdacondessa.com.br\/blog\/?p=11479"},"modified":"2025-03-28T18:28:09","modified_gmt":"2025-03-28T22:28:09","slug":"estudantes-de-mt-vao-representar-o-brasil-no-mundial-de-robotica","status":"publish","type":"post","link":"https:\/\/blogdacondessa.com.br\/blog\/educacao\/estudantes-de-mt-vao-representar-o-brasil-no-mundial-de-robotica\/","title":{"rendered":"Estudantes de MT v\u00e3o representar o Brasil no mundial de Rob\u00f3tica"},"content":{"rendered":"<p>Competidores de Nova Mutum v\u00e3o embarcar para Houston em abril deste ano e participar\u00e3o da competi\u00e7\u00e3o mundial.<br \/>\nDez estudantes da rede estadual de ensino que comp\u00f5em a equipe Mutum-X, v\u00e3o representar o Brasil no mundial de Rob\u00f3tica, em Houston, nos Estados Unidos, no m\u00eas de abril. Os jovens talentos foram classificados no Festival de Rob\u00f3tica Educacional 2025, realizado em S\u00e3o Paulo, no in\u00edcio do m\u00eas de mar\u00e7o.<br \/>\nNo evento, oito equipes formadas exclusivamente por estudantes da rede estadual de Mato Grosso participaram da First Robotics Competition (FRC), demonstrando criatividade, trabalho em equipe e habilidades tecnol\u00f3gicas de ponta. O torneio \u00e9 conhecido por desafiar os competidores a desenvolver solu\u00e7\u00f5es inovadoras na \u00e1rea da rob\u00f3tica.<br \/>\nA equipe Mutum-X se destacou ao conquistar o pr\u00eamio Rookie All-Star, concedido \u00e0s equipes estreantes com melhor desempenho. A equipe, formada por oito estudantes da Escola Estadual Militar Tiradentes Coronel PM Celso Henrique Souza Barbosa e dois estudantes da Escola Estadual Jos\u00e9 Aparecido Ribeiro, tamb\u00e9m alcan\u00e7ou a fase final do Regional &#8211; SP, consolidando-se como uma das grandes promessas da competi\u00e7\u00e3o.<br \/>\nCriada em 2024, a Mutum-X teve sua primeira participa\u00e7\u00e3o no torneio Off Season, realizado em agosto, em Cuiab\u00e1. Durante o Festival de Rob\u00f3tica em S\u00e3o Paulo, a competi\u00e7\u00e3o tamb\u00e9m promoveu um importante interc\u00e2mbio entre os participantes, contando at\u00e9 mesmo com a presen\u00e7a de uma equipe da Argentina.<br \/>\nOs estudantes que ir\u00e3o representar o Brasil no Mundial de Rob\u00f3tica pela Escola Estadual Militar Tiradentes, s\u00e3o: Carolina Andrade Santos, Eduardo Henrique Vidal, Gabriel Felippe Dresseno, Ketlen Pereira da Silva, Luiz Ant\u00f4nio Ver\u00edssimo, Rafael Rodrigues Vieira, Thiago Thomaz de Sousa, Vagner Ant\u00f4nio Lorencato J\u00fanior. J\u00e1 pela Escola Estadual Jos\u00e9 Aparecido Ribeiro, s\u00e3o: Raul Chaves Trennepohl e Yuri Fernando da Silva Ribeiro, sob a orienta\u00e7\u00e3o do mentor Professor Marco Aur\u00e9lio Fernandes.<br \/>\nA conquista da Mutum-X representa um grande avan\u00e7o para a rob\u00f3tica educacional em Mato Grosso, incentivando cada vez mais jovens a ingressarem no mundo da tecnologia e da inova\u00e7\u00e3o. O desafio agora ser\u00e1 representar o Brasil com \u00eaxito no Mundial de Rob\u00f3tica, levando a garra e o talento mato-grossense para a competi\u00e7\u00e3o internacional.<\/p>\n","protected":false},"excerpt":{"rendered":"<p>Competidores de Nova Mutum v\u00e3o embarcar para Houston em abril deste ano e participar\u00e3o da competi\u00e7\u00e3o mundial. Dez estudantes da rede estadual de ensino que comp\u00f5em a equipe Mutum-X, v\u00e3o representar o Brasil no mundial de Rob\u00f3tica, em Houston, nos Estados Unidos, no m\u00eas de abril. Os jovens talentos foram classificados no Festival de Rob\u00f3tica [&hellip;]<\/p>\n","protected":false},"author":2,"featured_media":11480,"comment_status":"closed","ping_status":"closed","sticky":false,"template":"","format":"standard","meta":{"iawp_total_views":0,"footnotes":""},"categories":[20],"tags":[],"class_list":["post-11479","post","type-post","status-publish","format-standard","has-post-thumbnail","hentry","category-educacao"],"yoast_head":"<!-- This site is optimized with the Yoast SEO plugin v27.3 - https:\/\/yoast.com\/product\/yoast-seo-wordpress\/ -->\n<title>Estudantes de MT v\u00e3o representar o Brasil no mundial de Rob\u00f3tica &#8902; Blog da Condessa<\/title>\n<meta name=\"robots\" content=\"index, follow, max-snippet:-1, max-image-preview:large, max-video-preview:-1\" \/>\n<link rel=\"canonical\" href=\"https:\/\/blogdacondessa.com.br\/blog\/educacao\/estudantes-de-mt-vao-representar-o-brasil-no-mundial-de-robotica\/\" \/>\n<meta property=\"og:locale\" content=\"pt_BR\" \/>\n<meta property=\"og:type\" content=\"article\" \/>\n<meta property=\"og:title\" content=\"Estudantes de MT v\u00e3o representar o Brasil no mundial de Rob\u00f3tica &#8902; Blog da Condessa\" \/>\n<meta property=\"og:description\" content=\"Competidores de Nova Mutum v\u00e3o embarcar para Houston em abril deste ano e participar\u00e3o da competi\u00e7\u00e3o mundial. Dez estudantes da rede estadual de ensino que comp\u00f5em a equipe Mutum-X, v\u00e3o representar o Brasil no mundial de Rob\u00f3tica, em Houston, nos Estados Unidos, no m\u00eas de abril. Os jovens talentos foram classificados no Festival de Rob\u00f3tica [&hellip;]\" \/>\n<meta property=\"og:url\" content=\"https:\/\/blogdacondessa.com.br\/blog\/educacao\/estudantes-de-mt-vao-representar-o-brasil-no-mundial-de-robotica\/\" \/>\n<meta property=\"og:site_name\" content=\"Blog da Condessa\" \/>\n<meta property=\"article:published_time\" content=\"2025-03-29T09:00:25+00:00\" \/>\n<meta property=\"og:image\" content=\"https:\/\/blogdacondessa.com.br\/blog\/wp-content\/uploads\/2025\/03\/competicao-robotica.jpg\" \/>\n\t<meta property=\"og:image:width\" content=\"797\" \/>\n\t<meta property=\"og:image:height\" content=\"613\" \/>\n\t<meta property=\"og:image:type\" content=\"image\/jpeg\" \/>\n<meta name=\"author\" content=\"Blog da Condessa\" \/>\n<meta name=\"twitter:card\" content=\"summary_large_image\" \/>\n<meta name=\"twitter:label1\" content=\"Escrito por\" \/>\n\t<meta name=\"twitter:data1\" content=\"Blog da Condessa\" \/>\n\t<meta name=\"twitter:label2\" content=\"Est. tempo de leitura\" \/>\n\t<meta name=\"twitter:data2\" content=\"3 minutos\" \/>\n<script type=\"application\/ld+json\" class=\"yoast-schema-graph\">{\"@context\":\"https:\\\/\\\/schema.org\",\"@graph\":[{\"@type\":\"Article\",\"@id\":\"https:\\\/\\\/blogdacondessa.com.br\\\/blog\\\/educacao\\\/estudantes-de-mt-vao-representar-o-brasil-no-mundial-de-robotica\\\/#article\",\"isPartOf\":{\"@id\":\"https:\\\/\\\/blogdacondessa.com.br\\\/blog\\\/educacao\\\/estudantes-de-mt-vao-representar-o-brasil-no-mundial-de-robotica\\\/\"},\"author\":{\"name\":\"Blog da Condessa\",\"@id\":\"https:\\\/\\\/blogdacondessa.com.br\\\/blog\\\/#\\\/schema\\\/person\\\/1d667ff8b785195b568677489d266035\"},\"headline\":\"Estudantes de MT v\u00e3o representar o Brasil no mundial de Rob\u00f3tica\",\"datePublished\":\"2025-03-29T09:00:25+00:00\",\"mainEntityOfPage\":{\"@id\":\"https:\\\/\\\/blogdacondessa.com.br\\\/blog\\\/educacao\\\/estudantes-de-mt-vao-representar-o-brasil-no-mundial-de-robotica\\\/\"},\"wordCount\":395,\"image\":{\"@id\":\"https:\\\/\\\/blogdacondessa.com.br\\\/blog\\\/educacao\\\/estudantes-de-mt-vao-representar-o-brasil-no-mundial-de-robotica\\\/#primaryimage\"},\"thumbnailUrl\":\"https:\\\/\\\/blogdacondessa.com.br\\\/blog\\\/wp-content\\\/uploads\\\/2025\\\/03\\\/competicao-robotica.jpg\",\"articleSection\":[\"Educa\u00e7\u00e3o\"],\"inLanguage\":\"pt-BR\"},{\"@type\":\"WebPage\",\"@id\":\"https:\\\/\\\/blogdacondessa.com.br\\\/blog\\\/educacao\\\/estudantes-de-mt-vao-representar-o-brasil-no-mundial-de-robotica\\\/\",\"url\":\"https:\\\/\\\/blogdacondessa.com.br\\\/blog\\\/educacao\\\/estudantes-de-mt-vao-representar-o-brasil-no-mundial-de-robotica\\\/\",\"name\":\"Estudantes de MT v\u00e3o representar o Brasil no mundial de Rob\u00f3tica &#8902; Blog da Condessa\",\"isPartOf\":{\"@id\":\"https:\\\/\\\/blogdacondessa.com.br\\\/blog\\\/#website\"},\"primaryImageOfPage\":{\"@id\":\"https:\\\/\\\/blogdacondessa.com.br\\\/blog\\\/educacao\\\/estudantes-de-mt-vao-representar-o-brasil-no-mundial-de-robotica\\\/#primaryimage\"},\"image\":{\"@id\":\"https:\\\/\\\/blogdacondessa.com.br\\\/blog\\\/educacao\\\/estudantes-de-mt-vao-representar-o-brasil-no-mundial-de-robotica\\\/#primaryimage\"},\"thumbnailUrl\":\"https:\\\/\\\/blogdacondessa.com.br\\\/blog\\\/wp-content\\\/uploads\\\/2025\\\/03\\\/competicao-robotica.jpg\",\"datePublished\":\"2025-03-29T09:00:25+00:00\",\"author\":{\"@id\":\"https:\\\/\\\/blogdacondessa.com.br\\\/blog\\\/#\\\/schema\\\/person\\\/1d667ff8b785195b568677489d266035\"},\"breadcrumb\":{\"@id\":\"https:\\\/\\\/blogdacondessa.com.br\\\/blog\\\/educacao\\\/estudantes-de-mt-vao-representar-o-brasil-no-mundial-de-robotica\\\/#breadcrumb\"},\"inLanguage\":\"pt-BR\",\"potentialAction\":[{\"@type\":\"ReadAction\",\"target\":[\"https:\\\/\\\/blogdacondessa.com.br\\\/blog\\\/educacao\\\/estudantes-de-mt-vao-representar-o-brasil-no-mundial-de-robotica\\\/\"]}]},{\"@type\":\"ImageObject\",\"inLanguage\":\"pt-BR\",\"@id\":\"https:\\\/\\\/blogdacondessa.com.br\\\/blog\\\/educacao\\\/estudantes-de-mt-vao-representar-o-brasil-no-mundial-de-robotica\\\/#primaryimage\",\"url\":\"https:\\\/\\\/blogdacondessa.com.br\\\/blog\\\/wp-content\\\/uploads\\\/2025\\\/03\\\/competicao-robotica.jpg\",\"contentUrl\":\"https:\\\/\\\/blogdacondessa.com.br\\\/blog\\\/wp-content\\\/uploads\\\/2025\\\/03\\\/competicao-robotica.jpg\",\"width\":797,\"height\":613,\"caption\":\"Foto: Assessoria\"},{\"@type\":\"BreadcrumbList\",\"@id\":\"https:\\\/\\\/blogdacondessa.com.br\\\/blog\\\/educacao\\\/estudantes-de-mt-vao-representar-o-brasil-no-mundial-de-robotica\\\/#breadcrumb\",\"itemListElement\":[{\"@type\":\"ListItem\",\"position\":1,\"name\":\"In\u00edcio\",\"item\":\"https:\\\/\\\/blogdacondessa.com.br\\\/blog\\\/\"},{\"@type\":\"ListItem\",\"position\":2,\"name\":\"Estudantes de MT v\u00e3o representar o Brasil no mundial de Rob\u00f3tica\"}]},{\"@type\":\"WebSite\",\"@id\":\"https:\\\/\\\/blogdacondessa.com.br\\\/blog\\\/#website\",\"url\":\"https:\\\/\\\/blogdacondessa.com.br\\\/blog\\\/\",\"name\":\"Blog da Condessa\",\"description\":\"Com Shirley de Souza O\u2019Campos\",\"potentialAction\":[{\"@type\":\"SearchAction\",\"target\":{\"@type\":\"EntryPoint\",\"urlTemplate\":\"https:\\\/\\\/blogdacondessa.com.br\\\/blog\\\/?s={search_term_string}\"},\"query-input\":{\"@type\":\"PropertyValueSpecification\",\"valueRequired\":true,\"valueName\":\"search_term_string\"}}],\"inLanguage\":\"pt-BR\"},{\"@type\":\"Person\",\"@id\":\"https:\\\/\\\/blogdacondessa.com.br\\\/blog\\\/#\\\/schema\\\/person\\\/1d667ff8b785195b568677489d266035\",\"name\":\"Blog da Condessa\",\"image\":{\"@type\":\"ImageObject\",\"inLanguage\":\"pt-BR\",\"@id\":\"https:\\\/\\\/secure.gravatar.com\\\/avatar\\\/377c0eb8b4ad2bfc25461b41564b5971e721ca34a57642868fc7b0c8ac7b52c5?s=96&d=mm&r=g\",\"url\":\"https:\\\/\\\/secure.gravatar.com\\\/avatar\\\/377c0eb8b4ad2bfc25461b41564b5971e721ca34a57642868fc7b0c8ac7b52c5?s=96&d=mm&r=g\",\"contentUrl\":\"https:\\\/\\\/secure.gravatar.com\\\/avatar\\\/377c0eb8b4ad2bfc25461b41564b5971e721ca34a57642868fc7b0c8ac7b52c5?s=96&d=mm&r=g\",\"caption\":\"Blog da Condessa\"},\"url\":\"https:\\\/\\\/blogdacondessa.com.br\\\/blog\\\/author\\\/beatriz\\\/\"}]}<\/script>\n<!-- \/ Yoast SEO plugin. -->","yoast_head_json":{"title":"Estudantes de MT v\u00e3o representar o Brasil no mundial de Rob\u00f3tica &#8902; Blog da Condessa","robots":{"index":"index","follow":"follow","max-snippet":"max-snippet:-1","max-image-preview":"max-image-preview:large","max-video-preview":"max-video-preview:-1"},"canonical":"https:\/\/blogdacondessa.com.br\/blog\/educacao\/estudantes-de-mt-vao-representar-o-brasil-no-mundial-de-robotica\/","og_locale":"pt_BR","og_type":"article","og_title":"Estudantes de MT v\u00e3o representar o Brasil no mundial de Rob\u00f3tica &#8902; Blog da Condessa","og_description":"Competidores de Nova Mutum v\u00e3o embarcar para Houston em abril deste ano e participar\u00e3o da competi\u00e7\u00e3o mundial. Dez estudantes da rede estadual de ensino que comp\u00f5em a equipe Mutum-X, v\u00e3o representar o Brasil no mundial de Rob\u00f3tica, em Houston, nos Estados Unidos, no m\u00eas de abril. Os jovens talentos foram classificados no Festival de Rob\u00f3tica [&hellip;]","og_url":"https:\/\/blogdacondessa.com.br\/blog\/educacao\/estudantes-de-mt-vao-representar-o-brasil-no-mundial-de-robotica\/","og_site_name":"Blog da Condessa","article_published_time":"2025-03-29T09:00:25+00:00","og_image":[{"width":797,"height":613,"url":"https:\/\/blogdacondessa.com.br\/blog\/wp-content\/uploads\/2025\/03\/competicao-robotica.jpg","type":"image\/jpeg"}],"author":"Blog da Condessa","twitter_card":"summary_large_image","twitter_misc":{"Escrito por":"Blog da Condessa","Est. tempo de leitura":"3 minutos"},"schema":{"@context":"https:\/\/schema.org","@graph":[{"@type":"Article","@id":"https:\/\/blogdacondessa.com.br\/blog\/educacao\/estudantes-de-mt-vao-representar-o-brasil-no-mundial-de-robotica\/#article","isPartOf":{"@id":"https:\/\/blogdacondessa.com.br\/blog\/educacao\/estudantes-de-mt-vao-representar-o-brasil-no-mundial-de-robotica\/"},"author":{"name":"Blog da Condessa","@id":"https:\/\/blogdacondessa.com.br\/blog\/#\/schema\/person\/1d667ff8b785195b568677489d266035"},"headline":"Estudantes de MT v\u00e3o representar o Brasil no mundial de Rob\u00f3tica","datePublished":"2025-03-29T09:00:25+00:00","mainEntityOfPage":{"@id":"https:\/\/blogdacondessa.com.br\/blog\/educacao\/estudantes-de-mt-vao-representar-o-brasil-no-mundial-de-robotica\/"},"wordCount":395,"image":{"@id":"https:\/\/blogdacondessa.com.br\/blog\/educacao\/estudantes-de-mt-vao-representar-o-brasil-no-mundial-de-robotica\/#primaryimage"},"thumbnailUrl":"https:\/\/blogdacondessa.com.br\/blog\/wp-content\/uploads\/2025\/03\/competicao-robotica.jpg","articleSection":["Educa\u00e7\u00e3o"],"inLanguage":"pt-BR"},{"@type":"WebPage","@id":"https:\/\/blogdacondessa.com.br\/blog\/educacao\/estudantes-de-mt-vao-representar-o-brasil-no-mundial-de-robotica\/","url":"https:\/\/blogdacondessa.com.br\/blog\/educacao\/estudantes-de-mt-vao-representar-o-brasil-no-mundial-de-robotica\/","name":"Estudantes de MT v\u00e3o representar o Brasil no mundial de Rob\u00f3tica &#8902; Blog da Condessa","isPartOf":{"@id":"https:\/\/blogdacondessa.com.br\/blog\/#website"},"primaryImageOfPage":{"@id":"https:\/\/blogdacondessa.com.br\/blog\/educacao\/estudantes-de-mt-vao-representar-o-brasil-no-mundial-de-robotica\/#primaryimage"},"image":{"@id":"https:\/\/blogdacondessa.com.br\/blog\/educacao\/estudantes-de-mt-vao-representar-o-brasil-no-mundial-de-robotica\/#primaryimage"},"thumbnailUrl":"https:\/\/blogdacondessa.com.br\/blog\/wp-content\/uploads\/2025\/03\/competicao-robotica.jpg","datePublished":"2025-03-29T09:00:25+00:00","author":{"@id":"https:\/\/blogdacondessa.com.br\/blog\/#\/schema\/person\/1d667ff8b785195b568677489d266035"},"breadcrumb":{"@id":"https:\/\/blogdacondessa.com.br\/blog\/educacao\/estudantes-de-mt-vao-representar-o-brasil-no-mundial-de-robotica\/#breadcrumb"},"inLanguage":"pt-BR","potentialAction":[{"@type":"ReadAction","target":["https:\/\/blogdacondessa.com.br\/blog\/educacao\/estudantes-de-mt-vao-representar-o-brasil-no-mundial-de-robotica\/"]}]},{"@type":"ImageObject","inLanguage":"pt-BR","@id":"https:\/\/blogdacondessa.com.br\/blog\/educacao\/estudantes-de-mt-vao-representar-o-brasil-no-mundial-de-robotica\/#primaryimage","url":"https:\/\/blogdacondessa.com.br\/blog\/wp-content\/uploads\/2025\/03\/competicao-robotica.jpg","contentUrl":"https:\/\/blogdacondessa.com.br\/blog\/wp-content\/uploads\/2025\/03\/competicao-robotica.jpg","width":797,"height":613,"caption":"Foto: Assessoria"},{"@type":"BreadcrumbList","@id":"https:\/\/blogdacondessa.com.br\/blog\/educacao\/estudantes-de-mt-vao-representar-o-brasil-no-mundial-de-robotica\/#breadcrumb","itemListElement":[{"@type":"ListItem","position":1,"name":"In\u00edcio","item":"https:\/\/blogdacondessa.com.br\/blog\/"},{"@type":"ListItem","position":2,"name":"Estudantes de MT v\u00e3o representar o Brasil no mundial de Rob\u00f3tica"}]},{"@type":"WebSite","@id":"https:\/\/blogdacondessa.com.br\/blog\/#website","url":"https:\/\/blogdacondessa.com.br\/blog\/","name":"Blog da Condessa","description":"Com Shirley de Souza O\u2019Campos","potentialAction":[{"@type":"SearchAction","target":{"@type":"EntryPoint","urlTemplate":"https:\/\/blogdacondessa.com.br\/blog\/?s={search_term_string}"},"query-input":{"@type":"PropertyValueSpecification","valueRequired":true,"valueName":"search_term_string"}}],"inLanguage":"pt-BR"},{"@type":"Person","@id":"https:\/\/blogdacondessa.com.br\/blog\/#\/schema\/person\/1d667ff8b785195b568677489d266035","name":"Blog da Condessa","image":{"@type":"ImageObject","inLanguage":"pt-BR","@id":"https:\/\/secure.gravatar.com\/avatar\/377c0eb8b4ad2bfc25461b41564b5971e721ca34a57642868fc7b0c8ac7b52c5?s=96&d=mm&r=g","url":"https:\/\/secure.gravatar.com\/avatar\/377c0eb8b4ad2bfc25461b41564b5971e721ca34a57642868fc7b0c8ac7b52c5?s=96&d=mm&r=g","contentUrl":"https:\/\/secure.gravatar.com\/avatar\/377c0eb8b4ad2bfc25461b41564b5971e721ca34a57642868fc7b0c8ac7b52c5?s=96&d=mm&r=g","caption":"Blog da Condessa"},"url":"https:\/\/blogdacondessa.com.br\/blog\/author\/beatriz\/"}]}},"_links":{"self":[{"href":"https:\/\/blogdacondessa.com.br\/blog\/wp-json\/wp\/v2\/posts\/11479","targetHints":{"allow":["GET"]}}],"collection":[{"href":"https:\/\/blogdacondessa.com.br\/blog\/wp-json\/wp\/v2\/posts"}],"about":[{"href":"https:\/\/blogdacondessa.com.br\/blog\/wp-json\/wp\/v2\/types\/post"}],"author":[{"embeddable":true,"href":"https:\/\/blogdacondessa.com.br\/blog\/wp-json\/wp\/v2\/users\/2"}],"replies":[{"embeddable":true,"href":"https:\/\/blogdacondessa.com.br\/blog\/wp-json\/wp\/v2\/comments?post=11479"}],"version-history":[{"count":0,"href":"https:\/\/blogdacondessa.com.br\/blog\/wp-json\/wp\/v2\/posts\/11479\/revisions"}],"wp:featuredmedia":[{"embeddable":true,"href":"https:\/\/blogdacondessa.com.br\/blog\/wp-json\/wp\/v2\/media\/11480"}],"wp:attachment":[{"href":"https:\/\/blogdacondessa.com.br\/blog\/wp-json\/wp\/v2\/media?parent=11479"}],"wp:term":[{"taxonomy":"category","embeddable":true,"href":"https:\/\/blogdacondessa.com.br\/blog\/wp-json\/wp\/v2\/categories?post=11479"},{"taxonomy":"post_tag","embeddable":true,"href":"https:\/\/blogdacondessa.com.br\/blog\/wp-json\/wp\/v2\/tags?post=11479"}],"curies":[{"name":"wp","href":"https:\/\/api.w.org\/{rel}","templated":true}]}}