{"id":11476,"date":"2025-03-29T05:00:34","date_gmt":"2025-03-29T09:00:34","guid":{"rendered":"https:\/\/blogdacondessa.com.br\/blog\/?p=11476"},"modified":"2025-03-28T18:18:57","modified_gmt":"2025-03-28T22:18:57","slug":"a-musica-tem-vibracoes-terapeuticas","status":"publish","type":"post","link":"https:\/\/blogdacondessa.com.br\/blog\/cotidiano\/a-musica-tem-vibracoes-terapeuticas\/","title":{"rendered":"\u201cA m\u00fasica tem vibra\u00e7\u00f5es terap\u00eauticas&#8221;"},"content":{"rendered":"<p>Aprender a tocar um instrumento provoca transforma\u00e7\u00f5es na sa\u00fade f\u00edsica e mental. Mas para al\u00e9m dos dados cient\u00edficos, h\u00e1 os relatos de quem vive essa transforma\u00e7\u00e3o na pr\u00e1tica.<br \/>\nVoc\u00ea j\u00e1 se perguntou por que a m\u00fasica tem o poder de mudar o nosso humor, acalmar a ansiedade e at\u00e9 melhorar o rendimento escolar? Cada vez mais pesquisas cient\u00edficas comprovam que aprender a tocar um instrumento vai muito al\u00e9m do lazer: \u00e9 um verdadeiro exerc\u00edcio de sa\u00fade mental, equil\u00edbrio emocional e foco.<br \/>\nEntre os muitos benef\u00edcios da pr\u00e1tica musical est\u00e3o o desenvolvimento da concentra\u00e7\u00e3o, o fortalecimento da mem\u00f3ria, a melhora da coordena\u00e7\u00e3o motora e at\u00e9 a redu\u00e7\u00e3o do estresse \u2014 por meio da diminui\u00e7\u00e3o do cortisol no sangue, horm\u00f4nio relacionado \u00e0 tens\u00e3o e ansiedade.<br \/>\nMas para al\u00e9m dos dados cient\u00edficos, h\u00e1 os relatos de quem vive essa transforma\u00e7\u00e3o na pr\u00e1tica. \u00c9 o caso do adolescente Eduardo Alencar, aluno da escola de m\u00fasica Bateras Beat, em Cuiab\u00e1. Para ele, a bateria \u00e9 mais do que um instrumento: \u201cA m\u00fasica \u00e9 um escape para minhas emo\u00e7\u00f5es. Acumula muita coisa durante a semana e, quando chego l\u00e1, tocar bateria \u00e9 t\u00e3o bom, d\u00e1 uma relaxada, tira um peso de mim. Ainda mais para a ansiedade, tocar bateria \u00e9 demais.\u201d<br \/>\nOutro jovem cuiabano, Olavo Hernandes, tamb\u00e9m viu na m\u00fasica um caminho de equil\u00edbrio: \u201cTocar um instrumento \u00e9 uma terapia. Quando estou no pior dia da minha vida, coloco uma m\u00fasica e meu \u00e2nimo muda. \u00c0s vezes estou cansado para ir \u00e0 escola, coloco a m\u00fasica e j\u00e1 come\u00e7o a tocar. Fico emocionado com a m\u00fasica.\u201d<br \/>\nDe fato, a m\u00fasica tem efeito direto sobre nossas emo\u00e7\u00f5es e pode ser uma aliada poderosa no enfrentamento de sentimentos como tristeza, irrita\u00e7\u00e3o ou falta de concentra\u00e7\u00e3o. A adolescente Gabriela Carletto relata que sua rela\u00e7\u00e3o com a m\u00fasica mudou completamente sua forma de lidar com o mundo: \u201cSou outra pessoa por conta da m\u00fasica. Ela \u00e9 mais do que lazer \u2014 \u00e9 terapia. Ela te cura. Ter come\u00e7ado a tocar ouvindo m\u00fasica me ajudou muito na coordena\u00e7\u00e3o e na sa\u00fade mental, ainda mais no Bateras.\u201d<br \/>\nA estudante Maria Teresa Salem refor\u00e7a esse olhar terap\u00eautico da m\u00fasica: \u201cA m\u00fasica tem vibra\u00e7\u00f5es terap\u00eauticas. Para estudar, escuto \u00f3pera, isso ajuda nos estudos. Quando estou ansiosa, triste ou feliz, sempre quero ouvir m\u00fasica.\u201d<br \/>\nO Bateras Beat \u00e9 a maior rede de escolas de m\u00fasica da Am\u00e9rica Latina e chegou em Cuiab\u00e1 no ano de 2014. Atualmente, conta com duas unidades na capital mato-grossense. A escola busca incentivar o aprendizado musical como ferramenta de desenvolvimento pessoal atrav\u00e9s n\u00e3o apenas de aulas, mas de eventos e a\u00e7\u00f5es que promovem a integra\u00e7\u00e3o e o crescimento, tanto na m\u00fasica, quanto na vida.<br \/>\nO m\u00fasico e propriet\u00e1rio do Bateras, Fabricio Roder, explica que o foco vai muito al\u00e9m da t\u00e9cnica. \u201cAqui, trabalhamos com uma metodologia que respeita o ritmo e os objetivos de cada aluno. A m\u00fasica entra na vida dessas pessoas como um processo de descoberta, e os resultados s\u00e3o emocionantes\u201d, finaliza.<\/p>\n","protected":false},"excerpt":{"rendered":"<p>Aprender a tocar um instrumento provoca transforma\u00e7\u00f5es na sa\u00fade f\u00edsica e mental. Mas para al\u00e9m dos dados cient\u00edficos, h\u00e1 os relatos de quem vive essa transforma\u00e7\u00e3o na pr\u00e1tica. Voc\u00ea j\u00e1 se perguntou por que a m\u00fasica tem o poder de mudar o nosso humor, acalmar a ansiedade e at\u00e9 melhorar o rendimento escolar? Cada vez [&hellip;]<\/p>\n","protected":false},"author":2,"featured_media":11477,"comment_status":"closed","ping_status":"closed","sticky":false,"template":"","format":"standard","meta":{"iawp_total_views":12,"footnotes":""},"categories":[24],"tags":[],"class_list":["post-11476","post","type-post","status-publish","format-standard","has-post-thumbnail","hentry","category-cotidiano"],"yoast_head":"<!-- This site is optimized with the Yoast SEO plugin v27.3 - https:\/\/yoast.com\/product\/yoast-seo-wordpress\/ -->\n<title>\u201cA m\u00fasica tem vibra\u00e7\u00f5es terap\u00eauticas&quot; &#8902; Blog da Condessa<\/title>\n<meta name=\"robots\" content=\"index, follow, max-snippet:-1, max-image-preview:large, max-video-preview:-1\" \/>\n<link rel=\"canonical\" href=\"https:\/\/blogdacondessa.com.br\/blog\/cotidiano\/a-musica-tem-vibracoes-terapeuticas\/\" \/>\n<meta property=\"og:locale\" content=\"pt_BR\" \/>\n<meta property=\"og:type\" content=\"article\" \/>\n<meta property=\"og:title\" content=\"\u201cA m\u00fasica tem vibra\u00e7\u00f5es terap\u00eauticas&quot; &#8902; Blog da Condessa\" \/>\n<meta property=\"og:description\" content=\"Aprender a tocar um instrumento provoca transforma\u00e7\u00f5es na sa\u00fade f\u00edsica e mental. Mas para al\u00e9m dos dados cient\u00edficos, h\u00e1 os relatos de quem vive essa transforma\u00e7\u00e3o na pr\u00e1tica. Voc\u00ea j\u00e1 se perguntou por que a m\u00fasica tem o poder de mudar o nosso humor, acalmar a ansiedade e at\u00e9 melhorar o rendimento escolar? Cada vez [&hellip;]\" \/>\n<meta property=\"og:url\" content=\"https:\/\/blogdacondessa.com.br\/blog\/cotidiano\/a-musica-tem-vibracoes-terapeuticas\/\" \/>\n<meta property=\"og:site_name\" content=\"Blog da Condessa\" \/>\n<meta property=\"article:published_time\" content=\"2025-03-29T09:00:34+00:00\" \/>\n<meta property=\"og:image\" content=\"https:\/\/blogdacondessa.com.br\/blog\/wp-content\/uploads\/2025\/03\/musica.jpeg\" \/>\n\t<meta property=\"og:image:width\" content=\"920\" \/>\n\t<meta property=\"og:image:height\" content=\"613\" \/>\n\t<meta property=\"og:image:type\" content=\"image\/jpeg\" \/>\n<meta name=\"author\" content=\"Blog da Condessa\" \/>\n<meta name=\"twitter:card\" content=\"summary_large_image\" \/>\n<meta name=\"twitter:label1\" content=\"Escrito por\" \/>\n\t<meta name=\"twitter:data1\" content=\"Blog da Condessa\" \/>\n\t<meta name=\"twitter:label2\" content=\"Est. tempo de leitura\" \/>\n\t<meta name=\"twitter:data2\" content=\"3 minutos\" \/>\n<script type=\"application\/ld+json\" class=\"yoast-schema-graph\">{\"@context\":\"https:\\\/\\\/schema.org\",\"@graph\":[{\"@type\":\"Article\",\"@id\":\"https:\\\/\\\/blogdacondessa.com.br\\\/blog\\\/cotidiano\\\/a-musica-tem-vibracoes-terapeuticas\\\/#article\",\"isPartOf\":{\"@id\":\"https:\\\/\\\/blogdacondessa.com.br\\\/blog\\\/cotidiano\\\/a-musica-tem-vibracoes-terapeuticas\\\/\"},\"author\":{\"name\":\"Blog da Condessa\",\"@id\":\"https:\\\/\\\/blogdacondessa.com.br\\\/blog\\\/#\\\/schema\\\/person\\\/1d667ff8b785195b568677489d266035\"},\"headline\":\"\u201cA m\u00fasica tem vibra\u00e7\u00f5es terap\u00eauticas&#8221;\",\"datePublished\":\"2025-03-29T09:00:34+00:00\",\"mainEntityOfPage\":{\"@id\":\"https:\\\/\\\/blogdacondessa.com.br\\\/blog\\\/cotidiano\\\/a-musica-tem-vibracoes-terapeuticas\\\/\"},\"wordCount\":556,\"image\":{\"@id\":\"https:\\\/\\\/blogdacondessa.com.br\\\/blog\\\/cotidiano\\\/a-musica-tem-vibracoes-terapeuticas\\\/#primaryimage\"},\"thumbnailUrl\":\"https:\\\/\\\/blogdacondessa.com.br\\\/blog\\\/wp-content\\\/uploads\\\/2025\\\/03\\\/musica.jpeg\",\"articleSection\":[\"Cotidiano\"],\"inLanguage\":\"pt-BR\"},{\"@type\":\"WebPage\",\"@id\":\"https:\\\/\\\/blogdacondessa.com.br\\\/blog\\\/cotidiano\\\/a-musica-tem-vibracoes-terapeuticas\\\/\",\"url\":\"https:\\\/\\\/blogdacondessa.com.br\\\/blog\\\/cotidiano\\\/a-musica-tem-vibracoes-terapeuticas\\\/\",\"name\":\"\u201cA m\u00fasica tem vibra\u00e7\u00f5es terap\u00eauticas\\\" &#8902; Blog da Condessa\",\"isPartOf\":{\"@id\":\"https:\\\/\\\/blogdacondessa.com.br\\\/blog\\\/#website\"},\"primaryImageOfPage\":{\"@id\":\"https:\\\/\\\/blogdacondessa.com.br\\\/blog\\\/cotidiano\\\/a-musica-tem-vibracoes-terapeuticas\\\/#primaryimage\"},\"image\":{\"@id\":\"https:\\\/\\\/blogdacondessa.com.br\\\/blog\\\/cotidiano\\\/a-musica-tem-vibracoes-terapeuticas\\\/#primaryimage\"},\"thumbnailUrl\":\"https:\\\/\\\/blogdacondessa.com.br\\\/blog\\\/wp-content\\\/uploads\\\/2025\\\/03\\\/musica.jpeg\",\"datePublished\":\"2025-03-29T09:00:34+00:00\",\"author\":{\"@id\":\"https:\\\/\\\/blogdacondessa.com.br\\\/blog\\\/#\\\/schema\\\/person\\\/1d667ff8b785195b568677489d266035\"},\"breadcrumb\":{\"@id\":\"https:\\\/\\\/blogdacondessa.com.br\\\/blog\\\/cotidiano\\\/a-musica-tem-vibracoes-terapeuticas\\\/#breadcrumb\"},\"inLanguage\":\"pt-BR\",\"potentialAction\":[{\"@type\":\"ReadAction\",\"target\":[\"https:\\\/\\\/blogdacondessa.com.br\\\/blog\\\/cotidiano\\\/a-musica-tem-vibracoes-terapeuticas\\\/\"]}]},{\"@type\":\"ImageObject\",\"inLanguage\":\"pt-BR\",\"@id\":\"https:\\\/\\\/blogdacondessa.com.br\\\/blog\\\/cotidiano\\\/a-musica-tem-vibracoes-terapeuticas\\\/#primaryimage\",\"url\":\"https:\\\/\\\/blogdacondessa.com.br\\\/blog\\\/wp-content\\\/uploads\\\/2025\\\/03\\\/musica.jpeg\",\"contentUrl\":\"https:\\\/\\\/blogdacondessa.com.br\\\/blog\\\/wp-content\\\/uploads\\\/2025\\\/03\\\/musica.jpeg\",\"width\":920,\"height\":613,\"caption\":\"Foto: Assessoria\"},{\"@type\":\"BreadcrumbList\",\"@id\":\"https:\\\/\\\/blogdacondessa.com.br\\\/blog\\\/cotidiano\\\/a-musica-tem-vibracoes-terapeuticas\\\/#breadcrumb\",\"itemListElement\":[{\"@type\":\"ListItem\",\"position\":1,\"name\":\"In\u00edcio\",\"item\":\"https:\\\/\\\/blogdacondessa.com.br\\\/blog\\\/\"},{\"@type\":\"ListItem\",\"position\":2,\"name\":\"\u201cA m\u00fasica tem vibra\u00e7\u00f5es terap\u00eauticas&#8221;\"}]},{\"@type\":\"WebSite\",\"@id\":\"https:\\\/\\\/blogdacondessa.com.br\\\/blog\\\/#website\",\"url\":\"https:\\\/\\\/blogdacondessa.com.br\\\/blog\\\/\",\"name\":\"Blog da Condessa\",\"description\":\"Com Shirley de Souza O\u2019Campos\",\"potentialAction\":[{\"@type\":\"SearchAction\",\"target\":{\"@type\":\"EntryPoint\",\"urlTemplate\":\"https:\\\/\\\/blogdacondessa.com.br\\\/blog\\\/?s={search_term_string}\"},\"query-input\":{\"@type\":\"PropertyValueSpecification\",\"valueRequired\":true,\"valueName\":\"search_term_string\"}}],\"inLanguage\":\"pt-BR\"},{\"@type\":\"Person\",\"@id\":\"https:\\\/\\\/blogdacondessa.com.br\\\/blog\\\/#\\\/schema\\\/person\\\/1d667ff8b785195b568677489d266035\",\"name\":\"Blog da Condessa\",\"image\":{\"@type\":\"ImageObject\",\"inLanguage\":\"pt-BR\",\"@id\":\"https:\\\/\\\/secure.gravatar.com\\\/avatar\\\/377c0eb8b4ad2bfc25461b41564b5971e721ca34a57642868fc7b0c8ac7b52c5?s=96&d=mm&r=g\",\"url\":\"https:\\\/\\\/secure.gravatar.com\\\/avatar\\\/377c0eb8b4ad2bfc25461b41564b5971e721ca34a57642868fc7b0c8ac7b52c5?s=96&d=mm&r=g\",\"contentUrl\":\"https:\\\/\\\/secure.gravatar.com\\\/avatar\\\/377c0eb8b4ad2bfc25461b41564b5971e721ca34a57642868fc7b0c8ac7b52c5?s=96&d=mm&r=g\",\"caption\":\"Blog da Condessa\"},\"url\":\"https:\\\/\\\/blogdacondessa.com.br\\\/blog\\\/author\\\/beatriz\\\/\"}]}<\/script>\n<!-- \/ Yoast SEO plugin. -->","yoast_head_json":{"title":"\u201cA m\u00fasica tem vibra\u00e7\u00f5es terap\u00eauticas\" &#8902; Blog da Condessa","robots":{"index":"index","follow":"follow","max-snippet":"max-snippet:-1","max-image-preview":"max-image-preview:large","max-video-preview":"max-video-preview:-1"},"canonical":"https:\/\/blogdacondessa.com.br\/blog\/cotidiano\/a-musica-tem-vibracoes-terapeuticas\/","og_locale":"pt_BR","og_type":"article","og_title":"\u201cA m\u00fasica tem vibra\u00e7\u00f5es terap\u00eauticas\" &#8902; Blog da Condessa","og_description":"Aprender a tocar um instrumento provoca transforma\u00e7\u00f5es na sa\u00fade f\u00edsica e mental. Mas para al\u00e9m dos dados cient\u00edficos, h\u00e1 os relatos de quem vive essa transforma\u00e7\u00e3o na pr\u00e1tica. Voc\u00ea j\u00e1 se perguntou por que a m\u00fasica tem o poder de mudar o nosso humor, acalmar a ansiedade e at\u00e9 melhorar o rendimento escolar? Cada vez [&hellip;]","og_url":"https:\/\/blogdacondessa.com.br\/blog\/cotidiano\/a-musica-tem-vibracoes-terapeuticas\/","og_site_name":"Blog da Condessa","article_published_time":"2025-03-29T09:00:34+00:00","og_image":[{"width":920,"height":613,"url":"https:\/\/blogdacondessa.com.br\/blog\/wp-content\/uploads\/2025\/03\/musica.jpeg","type":"image\/jpeg"}],"author":"Blog da Condessa","twitter_card":"summary_large_image","twitter_misc":{"Escrito por":"Blog da Condessa","Est. tempo de leitura":"3 minutos"},"schema":{"@context":"https:\/\/schema.org","@graph":[{"@type":"Article","@id":"https:\/\/blogdacondessa.com.br\/blog\/cotidiano\/a-musica-tem-vibracoes-terapeuticas\/#article","isPartOf":{"@id":"https:\/\/blogdacondessa.com.br\/blog\/cotidiano\/a-musica-tem-vibracoes-terapeuticas\/"},"author":{"name":"Blog da Condessa","@id":"https:\/\/blogdacondessa.com.br\/blog\/#\/schema\/person\/1d667ff8b785195b568677489d266035"},"headline":"\u201cA m\u00fasica tem vibra\u00e7\u00f5es terap\u00eauticas&#8221;","datePublished":"2025-03-29T09:00:34+00:00","mainEntityOfPage":{"@id":"https:\/\/blogdacondessa.com.br\/blog\/cotidiano\/a-musica-tem-vibracoes-terapeuticas\/"},"wordCount":556,"image":{"@id":"https:\/\/blogdacondessa.com.br\/blog\/cotidiano\/a-musica-tem-vibracoes-terapeuticas\/#primaryimage"},"thumbnailUrl":"https:\/\/blogdacondessa.com.br\/blog\/wp-content\/uploads\/2025\/03\/musica.jpeg","articleSection":["Cotidiano"],"inLanguage":"pt-BR"},{"@type":"WebPage","@id":"https:\/\/blogdacondessa.com.br\/blog\/cotidiano\/a-musica-tem-vibracoes-terapeuticas\/","url":"https:\/\/blogdacondessa.com.br\/blog\/cotidiano\/a-musica-tem-vibracoes-terapeuticas\/","name":"\u201cA m\u00fasica tem vibra\u00e7\u00f5es terap\u00eauticas\" &#8902; Blog da Condessa","isPartOf":{"@id":"https:\/\/blogdacondessa.com.br\/blog\/#website"},"primaryImageOfPage":{"@id":"https:\/\/blogdacondessa.com.br\/blog\/cotidiano\/a-musica-tem-vibracoes-terapeuticas\/#primaryimage"},"image":{"@id":"https:\/\/blogdacondessa.com.br\/blog\/cotidiano\/a-musica-tem-vibracoes-terapeuticas\/#primaryimage"},"thumbnailUrl":"https:\/\/blogdacondessa.com.br\/blog\/wp-content\/uploads\/2025\/03\/musica.jpeg","datePublished":"2025-03-29T09:00:34+00:00","author":{"@id":"https:\/\/blogdacondessa.com.br\/blog\/#\/schema\/person\/1d667ff8b785195b568677489d266035"},"breadcrumb":{"@id":"https:\/\/blogdacondessa.com.br\/blog\/cotidiano\/a-musica-tem-vibracoes-terapeuticas\/#breadcrumb"},"inLanguage":"pt-BR","potentialAction":[{"@type":"ReadAction","target":["https:\/\/blogdacondessa.com.br\/blog\/cotidiano\/a-musica-tem-vibracoes-terapeuticas\/"]}]},{"@type":"ImageObject","inLanguage":"pt-BR","@id":"https:\/\/blogdacondessa.com.br\/blog\/cotidiano\/a-musica-tem-vibracoes-terapeuticas\/#primaryimage","url":"https:\/\/blogdacondessa.com.br\/blog\/wp-content\/uploads\/2025\/03\/musica.jpeg","contentUrl":"https:\/\/blogdacondessa.com.br\/blog\/wp-content\/uploads\/2025\/03\/musica.jpeg","width":920,"height":613,"caption":"Foto: Assessoria"},{"@type":"BreadcrumbList","@id":"https:\/\/blogdacondessa.com.br\/blog\/cotidiano\/a-musica-tem-vibracoes-terapeuticas\/#breadcrumb","itemListElement":[{"@type":"ListItem","position":1,"name":"In\u00edcio","item":"https:\/\/blogdacondessa.com.br\/blog\/"},{"@type":"ListItem","position":2,"name":"\u201cA m\u00fasica tem vibra\u00e7\u00f5es terap\u00eauticas&#8221;"}]},{"@type":"WebSite","@id":"https:\/\/blogdacondessa.com.br\/blog\/#website","url":"https:\/\/blogdacondessa.com.br\/blog\/","name":"Blog da Condessa","description":"Com Shirley de Souza O\u2019Campos","potentialAction":[{"@type":"SearchAction","target":{"@type":"EntryPoint","urlTemplate":"https:\/\/blogdacondessa.com.br\/blog\/?s={search_term_string}"},"query-input":{"@type":"PropertyValueSpecification","valueRequired":true,"valueName":"search_term_string"}}],"inLanguage":"pt-BR"},{"@type":"Person","@id":"https:\/\/blogdacondessa.com.br\/blog\/#\/schema\/person\/1d667ff8b785195b568677489d266035","name":"Blog da Condessa","image":{"@type":"ImageObject","inLanguage":"pt-BR","@id":"https:\/\/secure.gravatar.com\/avatar\/377c0eb8b4ad2bfc25461b41564b5971e721ca34a57642868fc7b0c8ac7b52c5?s=96&d=mm&r=g","url":"https:\/\/secure.gravatar.com\/avatar\/377c0eb8b4ad2bfc25461b41564b5971e721ca34a57642868fc7b0c8ac7b52c5?s=96&d=mm&r=g","contentUrl":"https:\/\/secure.gravatar.com\/avatar\/377c0eb8b4ad2bfc25461b41564b5971e721ca34a57642868fc7b0c8ac7b52c5?s=96&d=mm&r=g","caption":"Blog da Condessa"},"url":"https:\/\/blogdacondessa.com.br\/blog\/author\/beatriz\/"}]}},"_links":{"self":[{"href":"https:\/\/blogdacondessa.com.br\/blog\/wp-json\/wp\/v2\/posts\/11476","targetHints":{"allow":["GET"]}}],"collection":[{"href":"https:\/\/blogdacondessa.com.br\/blog\/wp-json\/wp\/v2\/posts"}],"about":[{"href":"https:\/\/blogdacondessa.com.br\/blog\/wp-json\/wp\/v2\/types\/post"}],"author":[{"embeddable":true,"href":"https:\/\/blogdacondessa.com.br\/blog\/wp-json\/wp\/v2\/users\/2"}],"replies":[{"embeddable":true,"href":"https:\/\/blogdacondessa.com.br\/blog\/wp-json\/wp\/v2\/comments?post=11476"}],"version-history":[{"count":0,"href":"https:\/\/blogdacondessa.com.br\/blog\/wp-json\/wp\/v2\/posts\/11476\/revisions"}],"wp:featuredmedia":[{"embeddable":true,"href":"https:\/\/blogdacondessa.com.br\/blog\/wp-json\/wp\/v2\/media\/11477"}],"wp:attachment":[{"href":"https:\/\/blogdacondessa.com.br\/blog\/wp-json\/wp\/v2\/media?parent=11476"}],"wp:term":[{"taxonomy":"category","embeddable":true,"href":"https:\/\/blogdacondessa.com.br\/blog\/wp-json\/wp\/v2\/categories?post=11476"},{"taxonomy":"post_tag","embeddable":true,"href":"https:\/\/blogdacondessa.com.br\/blog\/wp-json\/wp\/v2\/tags?post=11476"}],"curies":[{"name":"wp","href":"https:\/\/api.w.org\/{rel}","templated":true}]}}