{"id":1147,"date":"2021-04-04T15:12:58","date_gmt":"2021-04-04T15:12:58","guid":{"rendered":"https:\/\/blogdacondessa.local\/as-novas-regras-no-codigo-brasileiro-de-transito\/"},"modified":"2021-06-24T15:33:21","modified_gmt":"2021-06-24T15:33:21","slug":"as-novas-regras-no-codigo-brasileiro-de-transito","status":"publish","type":"post","link":"https:\/\/blogdacondessa.com.br\/blog\/cidades-2\/as-novas-regras-no-codigo-brasileiro-de-transito\/","title":{"rendered":"As novas regras no C\u00f3digo Brasileiro de Tr\u00e2nsito"},"content":{"rendered":"<p><em>Mudan\u00e7as come\u00e7am a valer neste m\u00eas.<\/em><\/p>\n<p>\u00a0Entram em vigor no dia\u00a012 de abril\u00a0as altera\u00e7\u00f5es promovidas no C\u00f3digo Brasileiro de Tr\u00e2nsito. As mudan\u00e7as foram sancionadas pelo presidente Jair Bolsonaro em outubro do ano passado, quando ficou definido que a vig\u00eancia passaria a ocorrer 180 dias ap\u00f3s a san\u00e7\u00e3o.\u00a0<\/p>\n<p>A partir de agora, os motoristas devem ficar atentos aos novos prazos de renova\u00e7\u00e3o da Carteira Nacional de Habilita\u00e7\u00e3o (CNH), ao n\u00famero de pontos que podem gerar a suspens\u00e3o de dirigir e \u00e0\u00a0puni\u00e7\u00e3o de quem causar uma morte ao conduzir o ve\u00edculo ap\u00f3s\u00a0ter\u00a0ingerido bebida alco\u00f3lica ou\u00a0ter\u00a0usado drogas.\u00a0<\/p>\n<p>Os exames de aptid\u00e3o f\u00edsica e mental para renova\u00e7\u00e3o da CNH n\u00e3o ser\u00e3o mais realizados a cada cinco anos. A partir de agora, a validade ser\u00e1 de dez anos para motoristas com idade inferior a 50 anos; cinco anos para motoristas com idade igual ou superior a 50 anos e inferior a 70 e tr\u00eas anos para motoristas com idade igual ou superior a 70 anos.\u00a0<\/p>\n<p>Haver\u00e1 mudan\u00e7as tamb\u00e9m na quantidade de pontos que podem levar \u00e0 suspens\u00e3o da carteira. Atualmente, o motorista que atinge 20 pontos durante o per\u00edodo de 12 meses pode\u00a0ter\u00a0a carteira suspensa. Agora, a suspens\u00e3o ocorrer\u00e1 de forma escalonada. O condutor\u00a0ter\u00e1 a habilita\u00e7\u00e3o suspensa com 20 pontos (se tiver duas ou mais infra\u00e7\u00f5es grav\u00edssimas na carteira); 30 pontos (uma infra\u00e7\u00e3o grav\u00edssima na pontua\u00e7\u00e3o); 40 pontos (nenhuma infra\u00e7\u00e3o grav\u00edssima na pontua\u00e7\u00e3o).\u00a0<\/p>\n<p>As novas regras pro\u00edbem que condutores condenados por\u00a0 homic\u00eddio culposo ou les\u00e3o corporal sob efeito de \u00e1lcool ou outro psicoativo tenham pena de pris\u00e3o convertida em\u00a0 alternativas.\u00a0<\/p>\n<p><strong>Cadeirinhas\u00a0<\/strong><\/p>\n<p>O uso de cadeirinhas no banco traseiro passa a ser obrigat\u00f3rio para\u00a0crian\u00e7as com idade inferior a dez anos que n\u00e3o tenham atingido 1,45 m de altura. Pela regra antiga, somente a idade da crian\u00e7a era levada em conta.<\/p>\n<p><strong>Recall<\/strong><\/p>\n<p>Nos casos de chamamentos pelas montadoras para corre\u00e7\u00e3o de defeitos em ve\u00edculos (recall), o autom\u00f3vel somente ser\u00e1 licenciado ap\u00f3s a comprova\u00e7\u00e3o de que houve atendimento das campanhas de reparo.\u00a0<\/p>\n<p>\u00a0<\/p>\n","protected":false},"excerpt":{"rendered":"<p>Mudan\u00e7as come\u00e7am a valer neste m\u00eas. \u00a0Entram em vigor no dia\u00a012 de abril\u00a0as altera\u00e7\u00f5es promovidas no C\u00f3digo Brasileiro de Tr\u00e2nsito. As mudan\u00e7as foram sancionadas pelo presidente Jair Bolsonaro em outubro do ano passado, quando ficou definido que a vig\u00eancia passaria a ocorrer 180 dias ap\u00f3s a san\u00e7\u00e3o.\u00a0 A partir de agora, os motoristas devem ficar [&hellip;]<\/p>\n","protected":false},"author":2,"featured_media":1750,"comment_status":"open","ping_status":"closed","sticky":false,"template":"","format":"standard","meta":{"iawp_total_views":0,"footnotes":""},"categories":[15],"tags":[],"class_list":["post-1147","post","type-post","status-publish","format-standard","has-post-thumbnail","hentry","category-cidades-2"],"yoast_head":"<!-- This site is optimized with the Yoast SEO plugin v27.3 - https:\/\/yoast.com\/product\/yoast-seo-wordpress\/ -->\n<title>As novas regras no C\u00f3digo Brasileiro de Tr\u00e2nsito &#8902; Blog da Condessa<\/title>\n<meta name=\"robots\" content=\"index, follow, max-snippet:-1, max-image-preview:large, max-video-preview:-1\" \/>\n<link rel=\"canonical\" href=\"https:\/\/blogdacondessa.com.br\/blog\/cidades-2\/as-novas-regras-no-codigo-brasileiro-de-transito\/\" \/>\n<meta property=\"og:locale\" content=\"pt_BR\" \/>\n<meta property=\"og:type\" content=\"article\" \/>\n<meta property=\"og:title\" content=\"As novas regras no C\u00f3digo Brasileiro de Tr\u00e2nsito &#8902; Blog da Condessa\" \/>\n<meta property=\"og:description\" content=\"Mudan\u00e7as come\u00e7am a valer neste m\u00eas. \u00a0Entram em vigor no dia\u00a012 de abril\u00a0as altera\u00e7\u00f5es promovidas no C\u00f3digo Brasileiro de Tr\u00e2nsito. As mudan\u00e7as foram sancionadas pelo presidente Jair Bolsonaro em outubro do ano passado, quando ficou definido que a vig\u00eancia passaria a ocorrer 180 dias ap\u00f3s a san\u00e7\u00e3o.\u00a0 A partir de agora, os motoristas devem ficar [&hellip;]\" \/>\n<meta property=\"og:url\" content=\"https:\/\/blogdacondessa.com.br\/blog\/cidades-2\/as-novas-regras-no-codigo-brasileiro-de-transito\/\" \/>\n<meta property=\"og:site_name\" content=\"Blog da Condessa\" \/>\n<meta property=\"article:published_time\" content=\"2021-04-04T15:12:58+00:00\" \/>\n<meta property=\"article:modified_time\" content=\"2021-06-24T15:33:21+00:00\" \/>\n<meta property=\"og:image\" content=\"https:\/\/blogdacondessa.com.br\/blog\/wp-content\/uploads\/2021\/06\/2aa996f39965e7bd57256a4683c8eee7_L.jpg\" \/>\n\t<meta property=\"og:image:width\" content=\"600\" \/>\n\t<meta property=\"og:image:height\" content=\"359\" \/>\n\t<meta property=\"og:image:type\" content=\"image\/jpeg\" \/>\n<meta name=\"author\" content=\"Blog da Condessa\" \/>\n<meta name=\"twitter:card\" content=\"summary_large_image\" \/>\n<meta name=\"twitter:label1\" content=\"Escrito por\" \/>\n\t<meta name=\"twitter:data1\" content=\"Blog da Condessa\" \/>\n\t<meta name=\"twitter:label2\" content=\"Est. tempo de leitura\" \/>\n\t<meta name=\"twitter:data2\" content=\"2 minutos\" \/>\n<script type=\"application\/ld+json\" class=\"yoast-schema-graph\">{\"@context\":\"https:\\\/\\\/schema.org\",\"@graph\":[{\"@type\":\"Article\",\"@id\":\"https:\\\/\\\/blogdacondessa.com.br\\\/blog\\\/cidades-2\\\/as-novas-regras-no-codigo-brasileiro-de-transito\\\/#article\",\"isPartOf\":{\"@id\":\"https:\\\/\\\/blogdacondessa.com.br\\\/blog\\\/cidades-2\\\/as-novas-regras-no-codigo-brasileiro-de-transito\\\/\"},\"author\":{\"name\":\"Blog da Condessa\",\"@id\":\"https:\\\/\\\/blogdacondessa.com.br\\\/blog\\\/#\\\/schema\\\/person\\\/1d667ff8b785195b568677489d266035\"},\"headline\":\"As novas regras no C\u00f3digo Brasileiro de Tr\u00e2nsito\",\"datePublished\":\"2021-04-04T15:12:58+00:00\",\"dateModified\":\"2021-06-24T15:33:21+00:00\",\"mainEntityOfPage\":{\"@id\":\"https:\\\/\\\/blogdacondessa.com.br\\\/blog\\\/cidades-2\\\/as-novas-regras-no-codigo-brasileiro-de-transito\\\/\"},\"wordCount\":382,\"commentCount\":0,\"image\":{\"@id\":\"https:\\\/\\\/blogdacondessa.com.br\\\/blog\\\/cidades-2\\\/as-novas-regras-no-codigo-brasileiro-de-transito\\\/#primaryimage\"},\"thumbnailUrl\":\"https:\\\/\\\/blogdacondessa.com.br\\\/blog\\\/wp-content\\\/uploads\\\/2021\\\/06\\\/2aa996f39965e7bd57256a4683c8eee7_L.jpg\",\"articleSection\":[\"Nacional\"],\"inLanguage\":\"pt-BR\",\"potentialAction\":[{\"@type\":\"CommentAction\",\"name\":\"Comment\",\"target\":[\"https:\\\/\\\/blogdacondessa.com.br\\\/blog\\\/cidades-2\\\/as-novas-regras-no-codigo-brasileiro-de-transito\\\/#respond\"]}]},{\"@type\":\"WebPage\",\"@id\":\"https:\\\/\\\/blogdacondessa.com.br\\\/blog\\\/cidades-2\\\/as-novas-regras-no-codigo-brasileiro-de-transito\\\/\",\"url\":\"https:\\\/\\\/blogdacondessa.com.br\\\/blog\\\/cidades-2\\\/as-novas-regras-no-codigo-brasileiro-de-transito\\\/\",\"name\":\"As novas regras no C\u00f3digo Brasileiro de Tr\u00e2nsito &#8902; Blog da Condessa\",\"isPartOf\":{\"@id\":\"https:\\\/\\\/blogdacondessa.com.br\\\/blog\\\/#website\"},\"primaryImageOfPage\":{\"@id\":\"https:\\\/\\\/blogdacondessa.com.br\\\/blog\\\/cidades-2\\\/as-novas-regras-no-codigo-brasileiro-de-transito\\\/#primaryimage\"},\"image\":{\"@id\":\"https:\\\/\\\/blogdacondessa.com.br\\\/blog\\\/cidades-2\\\/as-novas-regras-no-codigo-brasileiro-de-transito\\\/#primaryimage\"},\"thumbnailUrl\":\"https:\\\/\\\/blogdacondessa.com.br\\\/blog\\\/wp-content\\\/uploads\\\/2021\\\/06\\\/2aa996f39965e7bd57256a4683c8eee7_L.jpg\",\"datePublished\":\"2021-04-04T15:12:58+00:00\",\"dateModified\":\"2021-06-24T15:33:21+00:00\",\"author\":{\"@id\":\"https:\\\/\\\/blogdacondessa.com.br\\\/blog\\\/#\\\/schema\\\/person\\\/1d667ff8b785195b568677489d266035\"},\"breadcrumb\":{\"@id\":\"https:\\\/\\\/blogdacondessa.com.br\\\/blog\\\/cidades-2\\\/as-novas-regras-no-codigo-brasileiro-de-transito\\\/#breadcrumb\"},\"inLanguage\":\"pt-BR\",\"potentialAction\":[{\"@type\":\"ReadAction\",\"target\":[\"https:\\\/\\\/blogdacondessa.com.br\\\/blog\\\/cidades-2\\\/as-novas-regras-no-codigo-brasileiro-de-transito\\\/\"]}]},{\"@type\":\"ImageObject\",\"inLanguage\":\"pt-BR\",\"@id\":\"https:\\\/\\\/blogdacondessa.com.br\\\/blog\\\/cidades-2\\\/as-novas-regras-no-codigo-brasileiro-de-transito\\\/#primaryimage\",\"url\":\"https:\\\/\\\/blogdacondessa.com.br\\\/blog\\\/wp-content\\\/uploads\\\/2021\\\/06\\\/2aa996f39965e7bd57256a4683c8eee7_L.jpg\",\"contentUrl\":\"https:\\\/\\\/blogdacondessa.com.br\\\/blog\\\/wp-content\\\/uploads\\\/2021\\\/06\\\/2aa996f39965e7bd57256a4683c8eee7_L.jpg\",\"width\":600,\"height\":359},{\"@type\":\"BreadcrumbList\",\"@id\":\"https:\\\/\\\/blogdacondessa.com.br\\\/blog\\\/cidades-2\\\/as-novas-regras-no-codigo-brasileiro-de-transito\\\/#breadcrumb\",\"itemListElement\":[{\"@type\":\"ListItem\",\"position\":1,\"name\":\"In\u00edcio\",\"item\":\"https:\\\/\\\/blogdacondessa.com.br\\\/blog\\\/\"},{\"@type\":\"ListItem\",\"position\":2,\"name\":\"As novas regras no C\u00f3digo Brasileiro de Tr\u00e2nsito\"}]},{\"@type\":\"WebSite\",\"@id\":\"https:\\\/\\\/blogdacondessa.com.br\\\/blog\\\/#website\",\"url\":\"https:\\\/\\\/blogdacondessa.com.br\\\/blog\\\/\",\"name\":\"Blog da Condessa\",\"description\":\"Com Shirley de Souza O\u2019Campos\",\"potentialAction\":[{\"@type\":\"SearchAction\",\"target\":{\"@type\":\"EntryPoint\",\"urlTemplate\":\"https:\\\/\\\/blogdacondessa.com.br\\\/blog\\\/?s={search_term_string}\"},\"query-input\":{\"@type\":\"PropertyValueSpecification\",\"valueRequired\":true,\"valueName\":\"search_term_string\"}}],\"inLanguage\":\"pt-BR\"},{\"@type\":\"Person\",\"@id\":\"https:\\\/\\\/blogdacondessa.com.br\\\/blog\\\/#\\\/schema\\\/person\\\/1d667ff8b785195b568677489d266035\",\"name\":\"Blog da Condessa\",\"image\":{\"@type\":\"ImageObject\",\"inLanguage\":\"pt-BR\",\"@id\":\"https:\\\/\\\/secure.gravatar.com\\\/avatar\\\/377c0eb8b4ad2bfc25461b41564b5971e721ca34a57642868fc7b0c8ac7b52c5?s=96&d=mm&r=g\",\"url\":\"https:\\\/\\\/secure.gravatar.com\\\/avatar\\\/377c0eb8b4ad2bfc25461b41564b5971e721ca34a57642868fc7b0c8ac7b52c5?s=96&d=mm&r=g\",\"contentUrl\":\"https:\\\/\\\/secure.gravatar.com\\\/avatar\\\/377c0eb8b4ad2bfc25461b41564b5971e721ca34a57642868fc7b0c8ac7b52c5?s=96&d=mm&r=g\",\"caption\":\"Blog da Condessa\"},\"url\":\"https:\\\/\\\/blogdacondessa.com.br\\\/blog\\\/author\\\/beatriz\\\/\"}]}<\/script>\n<!-- \/ Yoast SEO plugin. -->","yoast_head_json":{"title":"As novas regras no C\u00f3digo Brasileiro de Tr\u00e2nsito &#8902; Blog da Condessa","robots":{"index":"index","follow":"follow","max-snippet":"max-snippet:-1","max-image-preview":"max-image-preview:large","max-video-preview":"max-video-preview:-1"},"canonical":"https:\/\/blogdacondessa.com.br\/blog\/cidades-2\/as-novas-regras-no-codigo-brasileiro-de-transito\/","og_locale":"pt_BR","og_type":"article","og_title":"As novas regras no C\u00f3digo Brasileiro de Tr\u00e2nsito &#8902; Blog da Condessa","og_description":"Mudan\u00e7as come\u00e7am a valer neste m\u00eas. \u00a0Entram em vigor no dia\u00a012 de abril\u00a0as altera\u00e7\u00f5es promovidas no C\u00f3digo Brasileiro de Tr\u00e2nsito. As mudan\u00e7as foram sancionadas pelo presidente Jair Bolsonaro em outubro do ano passado, quando ficou definido que a vig\u00eancia passaria a ocorrer 180 dias ap\u00f3s a san\u00e7\u00e3o.\u00a0 A partir de agora, os motoristas devem ficar [&hellip;]","og_url":"https:\/\/blogdacondessa.com.br\/blog\/cidades-2\/as-novas-regras-no-codigo-brasileiro-de-transito\/","og_site_name":"Blog da Condessa","article_published_time":"2021-04-04T15:12:58+00:00","article_modified_time":"2021-06-24T15:33:21+00:00","og_image":[{"width":600,"height":359,"url":"https:\/\/blogdacondessa.com.br\/blog\/wp-content\/uploads\/2021\/06\/2aa996f39965e7bd57256a4683c8eee7_L.jpg","type":"image\/jpeg"}],"author":"Blog da Condessa","twitter_card":"summary_large_image","twitter_misc":{"Escrito por":"Blog da Condessa","Est. tempo de leitura":"2 minutos"},"schema":{"@context":"https:\/\/schema.org","@graph":[{"@type":"Article","@id":"https:\/\/blogdacondessa.com.br\/blog\/cidades-2\/as-novas-regras-no-codigo-brasileiro-de-transito\/#article","isPartOf":{"@id":"https:\/\/blogdacondessa.com.br\/blog\/cidades-2\/as-novas-regras-no-codigo-brasileiro-de-transito\/"},"author":{"name":"Blog da Condessa","@id":"https:\/\/blogdacondessa.com.br\/blog\/#\/schema\/person\/1d667ff8b785195b568677489d266035"},"headline":"As novas regras no C\u00f3digo Brasileiro de Tr\u00e2nsito","datePublished":"2021-04-04T15:12:58+00:00","dateModified":"2021-06-24T15:33:21+00:00","mainEntityOfPage":{"@id":"https:\/\/blogdacondessa.com.br\/blog\/cidades-2\/as-novas-regras-no-codigo-brasileiro-de-transito\/"},"wordCount":382,"commentCount":0,"image":{"@id":"https:\/\/blogdacondessa.com.br\/blog\/cidades-2\/as-novas-regras-no-codigo-brasileiro-de-transito\/#primaryimage"},"thumbnailUrl":"https:\/\/blogdacondessa.com.br\/blog\/wp-content\/uploads\/2021\/06\/2aa996f39965e7bd57256a4683c8eee7_L.jpg","articleSection":["Nacional"],"inLanguage":"pt-BR","potentialAction":[{"@type":"CommentAction","name":"Comment","target":["https:\/\/blogdacondessa.com.br\/blog\/cidades-2\/as-novas-regras-no-codigo-brasileiro-de-transito\/#respond"]}]},{"@type":"WebPage","@id":"https:\/\/blogdacondessa.com.br\/blog\/cidades-2\/as-novas-regras-no-codigo-brasileiro-de-transito\/","url":"https:\/\/blogdacondessa.com.br\/blog\/cidades-2\/as-novas-regras-no-codigo-brasileiro-de-transito\/","name":"As novas regras no C\u00f3digo Brasileiro de Tr\u00e2nsito &#8902; Blog da Condessa","isPartOf":{"@id":"https:\/\/blogdacondessa.com.br\/blog\/#website"},"primaryImageOfPage":{"@id":"https:\/\/blogdacondessa.com.br\/blog\/cidades-2\/as-novas-regras-no-codigo-brasileiro-de-transito\/#primaryimage"},"image":{"@id":"https:\/\/blogdacondessa.com.br\/blog\/cidades-2\/as-novas-regras-no-codigo-brasileiro-de-transito\/#primaryimage"},"thumbnailUrl":"https:\/\/blogdacondessa.com.br\/blog\/wp-content\/uploads\/2021\/06\/2aa996f39965e7bd57256a4683c8eee7_L.jpg","datePublished":"2021-04-04T15:12:58+00:00","dateModified":"2021-06-24T15:33:21+00:00","author":{"@id":"https:\/\/blogdacondessa.com.br\/blog\/#\/schema\/person\/1d667ff8b785195b568677489d266035"},"breadcrumb":{"@id":"https:\/\/blogdacondessa.com.br\/blog\/cidades-2\/as-novas-regras-no-codigo-brasileiro-de-transito\/#breadcrumb"},"inLanguage":"pt-BR","potentialAction":[{"@type":"ReadAction","target":["https:\/\/blogdacondessa.com.br\/blog\/cidades-2\/as-novas-regras-no-codigo-brasileiro-de-transito\/"]}]},{"@type":"ImageObject","inLanguage":"pt-BR","@id":"https:\/\/blogdacondessa.com.br\/blog\/cidades-2\/as-novas-regras-no-codigo-brasileiro-de-transito\/#primaryimage","url":"https:\/\/blogdacondessa.com.br\/blog\/wp-content\/uploads\/2021\/06\/2aa996f39965e7bd57256a4683c8eee7_L.jpg","contentUrl":"https:\/\/blogdacondessa.com.br\/blog\/wp-content\/uploads\/2021\/06\/2aa996f39965e7bd57256a4683c8eee7_L.jpg","width":600,"height":359},{"@type":"BreadcrumbList","@id":"https:\/\/blogdacondessa.com.br\/blog\/cidades-2\/as-novas-regras-no-codigo-brasileiro-de-transito\/#breadcrumb","itemListElement":[{"@type":"ListItem","position":1,"name":"In\u00edcio","item":"https:\/\/blogdacondessa.com.br\/blog\/"},{"@type":"ListItem","position":2,"name":"As novas regras no C\u00f3digo Brasileiro de Tr\u00e2nsito"}]},{"@type":"WebSite","@id":"https:\/\/blogdacondessa.com.br\/blog\/#website","url":"https:\/\/blogdacondessa.com.br\/blog\/","name":"Blog da Condessa","description":"Com Shirley de Souza O\u2019Campos","potentialAction":[{"@type":"SearchAction","target":{"@type":"EntryPoint","urlTemplate":"https:\/\/blogdacondessa.com.br\/blog\/?s={search_term_string}"},"query-input":{"@type":"PropertyValueSpecification","valueRequired":true,"valueName":"search_term_string"}}],"inLanguage":"pt-BR"},{"@type":"Person","@id":"https:\/\/blogdacondessa.com.br\/blog\/#\/schema\/person\/1d667ff8b785195b568677489d266035","name":"Blog da Condessa","image":{"@type":"ImageObject","inLanguage":"pt-BR","@id":"https:\/\/secure.gravatar.com\/avatar\/377c0eb8b4ad2bfc25461b41564b5971e721ca34a57642868fc7b0c8ac7b52c5?s=96&d=mm&r=g","url":"https:\/\/secure.gravatar.com\/avatar\/377c0eb8b4ad2bfc25461b41564b5971e721ca34a57642868fc7b0c8ac7b52c5?s=96&d=mm&r=g","contentUrl":"https:\/\/secure.gravatar.com\/avatar\/377c0eb8b4ad2bfc25461b41564b5971e721ca34a57642868fc7b0c8ac7b52c5?s=96&d=mm&r=g","caption":"Blog da Condessa"},"url":"https:\/\/blogdacondessa.com.br\/blog\/author\/beatriz\/"}]}},"_links":{"self":[{"href":"https:\/\/blogdacondessa.com.br\/blog\/wp-json\/wp\/v2\/posts\/1147","targetHints":{"allow":["GET"]}}],"collection":[{"href":"https:\/\/blogdacondessa.com.br\/blog\/wp-json\/wp\/v2\/posts"}],"about":[{"href":"https:\/\/blogdacondessa.com.br\/blog\/wp-json\/wp\/v2\/types\/post"}],"author":[{"embeddable":true,"href":"https:\/\/blogdacondessa.com.br\/blog\/wp-json\/wp\/v2\/users\/2"}],"replies":[{"embeddable":true,"href":"https:\/\/blogdacondessa.com.br\/blog\/wp-json\/wp\/v2\/comments?post=1147"}],"version-history":[{"count":0,"href":"https:\/\/blogdacondessa.com.br\/blog\/wp-json\/wp\/v2\/posts\/1147\/revisions"}],"wp:featuredmedia":[{"embeddable":true,"href":"https:\/\/blogdacondessa.com.br\/blog\/wp-json\/wp\/v2\/media\/1750"}],"wp:attachment":[{"href":"https:\/\/blogdacondessa.com.br\/blog\/wp-json\/wp\/v2\/media?parent=1147"}],"wp:term":[{"taxonomy":"category","embeddable":true,"href":"https:\/\/blogdacondessa.com.br\/blog\/wp-json\/wp\/v2\/categories?post=1147"},{"taxonomy":"post_tag","embeddable":true,"href":"https:\/\/blogdacondessa.com.br\/blog\/wp-json\/wp\/v2\/tags?post=1147"}],"curies":[{"name":"wp","href":"https:\/\/api.w.org\/{rel}","templated":true}]}}