{"id":11292,"date":"2025-02-22T05:00:15","date_gmt":"2025-02-22T09:00:15","guid":{"rendered":"https:\/\/blogdacondessa.com.br\/blog\/?p=11292"},"modified":"2025-02-21T13:20:04","modified_gmt":"2025-02-21T17:20:04","slug":"se-o-governo-nao-priorizar-cortes-de-gastos-a-reforma-sera-um-mecanismo-para-sustentar-um-estado-perdulario","status":"publish","type":"post","link":"https:\/\/blogdacondessa.com.br\/blog\/artigos\/se-o-governo-nao-priorizar-cortes-de-gastos-a-reforma-sera-um-mecanismo-para-sustentar-um-estado-perdulario\/","title":{"rendered":"Se o governo n\u00e3o priorizar cortes de gastos, a reforma ser\u00e1 um mecanismo para sustentar um Estado perdul\u00e1rio"},"content":{"rendered":"<p>A reforma tribut\u00e1ria, propagandeada como solu\u00e7\u00e3o para simplificar o sistema de impostos no Brasil, surge em um cen\u00e1rio de descontrole dos gastos p\u00fablicos e de um governo federal cada vez mais inchado. Enquanto os cidad\u00e3os enfrentam dificuldades para manter seu poder de compra, o Estado continua a aumentar suas despesas, sem apresentar medidas concretas para equilibrar as contas. O resultado? Mais impostos, mais infla\u00e7\u00e3o e uma popula\u00e7\u00e3o cada vez mais empobrecida.<br \/>\nNos \u00faltimos anos, a m\u00e1quina p\u00fablica cresceu de forma desordenada, com aumento do funcionalismo, privil\u00e9gios para setores espec\u00edficos e uma s\u00e9rie de programas assistenciais que, embora essenciais para muitos, s\u00e3o frequentemente utilizados como instrumentos pol\u00edticos, sem uma estrat\u00e9gia clara de sustentabilidade fiscal. Em vez de cortar gastos desnecess\u00e1rios, o governo busca solu\u00e7\u00f5es no aumento da carga tribut\u00e1ria, tornando a vida do trabalhador e do empres\u00e1rio ainda mais dif\u00edcil.<br \/>\nA proposta da reforma tribut\u00e1ria se baseia na unifica\u00e7\u00e3o de impostos e na cria\u00e7\u00e3o do IVA (Imposto sobre Valor Agregado), prometendo simplifica\u00e7\u00e3o e neutralidade. No entanto, especialistas alertam que essa mudan\u00e7a pode acabar elevando a carga tribut\u00e1ria em diversos setores da economia, transferindo o \u00f4nus para o consumidor final. Al\u00e9m disso, sem um controle rigoroso dos gastos, qualquer arrecada\u00e7\u00e3o extra apenas servir\u00e1 para alimentar um Estado ineficiente, sem trazer benef\u00edcios reais para a popula\u00e7\u00e3o.<br \/>\nO impacto dessa pol\u00edtica j\u00e1 \u00e9 sentido no dia a dia do cidad\u00e3o comum. A infla\u00e7\u00e3o corr\u00f3i sal\u00e1rios, o desemprego permanece alto, e os pre\u00e7os de alimentos, combust\u00edveis e servi\u00e7os b\u00e1sicos continuam subindo. A classe m\u00e9dia, que j\u00e1 sustenta a maior parte da arrecada\u00e7\u00e3o, \u00e9 esmagada por tributos e v\u00ea seu padr\u00e3o de vida diminuir. Pequenos e m\u00e9dios empres\u00e1rios, motores da economia, lutam para sobreviver diante de um sistema burocr\u00e1tico e caro, que desincentiva investimentos e gera menos empregos.<br \/>\nSe o governo n\u00e3o adotar uma postura respons\u00e1vel, priorizando cortes de gastos e efici\u00eancia administrativa, a reforma tribut\u00e1ria ser\u00e1 apenas mais um mecanismo para sustentar um Estado perdul\u00e1rio. A conta, como sempre, cair\u00e1 sobre os ombros da popula\u00e7\u00e3o, que v\u00ea seu dinheiro ser consumido por um sistema que privilegia poucos e prejudica muitos. O Brasil precisa de uma reforma tribut\u00e1ria, mas ela s\u00f3 ser\u00e1 eficaz se vier acompanhada de um compromisso real com a responsabilidade fiscal e o desenvolvimento econ\u00f4mico sustent\u00e1vel.<br \/>\n<em><strong>*Haroldo Arruda Junior \u00e9 professor Doutor em Filosofia e Analista Pol\u00edtico.<\/strong><\/em><\/p>\n<p>&nbsp;<\/p>\n","protected":false},"excerpt":{"rendered":"<p>A reforma tribut\u00e1ria, propagandeada como solu\u00e7\u00e3o para simplificar o sistema de impostos no Brasil, surge em um cen\u00e1rio de descontrole dos gastos p\u00fablicos e de um governo federal cada vez mais inchado. Enquanto os cidad\u00e3os enfrentam dificuldades para manter seu poder de compra, o Estado continua a aumentar suas despesas, sem apresentar medidas concretas para [&hellip;]<\/p>\n","protected":false},"author":2,"featured_media":11293,"comment_status":"closed","ping_status":"closed","sticky":false,"template":"","format":"standard","meta":{"iawp_total_views":49,"footnotes":""},"categories":[33],"tags":[],"class_list":["post-11292","post","type-post","status-publish","format-standard","has-post-thumbnail","hentry","category-artigos"],"yoast_head":"<!-- This site is optimized with the Yoast SEO plugin v27.3 - https:\/\/yoast.com\/product\/yoast-seo-wordpress\/ -->\n<title>Se o governo n\u00e3o priorizar cortes de gastos, a reforma ser\u00e1 um mecanismo para sustentar um Estado perdul\u00e1rio &#8902; Blog da Condessa<\/title>\n<meta name=\"robots\" content=\"index, follow, max-snippet:-1, max-image-preview:large, max-video-preview:-1\" \/>\n<link rel=\"canonical\" href=\"https:\/\/blogdacondessa.com.br\/blog\/artigos\/se-o-governo-nao-priorizar-cortes-de-gastos-a-reforma-sera-um-mecanismo-para-sustentar-um-estado-perdulario\/\" \/>\n<meta property=\"og:locale\" content=\"pt_BR\" \/>\n<meta property=\"og:type\" content=\"article\" \/>\n<meta property=\"og:title\" content=\"Se o governo n\u00e3o priorizar cortes de gastos, a reforma ser\u00e1 um mecanismo para sustentar um Estado perdul\u00e1rio &#8902; Blog da Condessa\" \/>\n<meta property=\"og:description\" content=\"A reforma tribut\u00e1ria, propagandeada como solu\u00e7\u00e3o para simplificar o sistema de impostos no Brasil, surge em um cen\u00e1rio de descontrole dos gastos p\u00fablicos e de um governo federal cada vez mais inchado. Enquanto os cidad\u00e3os enfrentam dificuldades para manter seu poder de compra, o Estado continua a aumentar suas despesas, sem apresentar medidas concretas para [&hellip;]\" \/>\n<meta property=\"og:url\" content=\"https:\/\/blogdacondessa.com.br\/blog\/artigos\/se-o-governo-nao-priorizar-cortes-de-gastos-a-reforma-sera-um-mecanismo-para-sustentar-um-estado-perdulario\/\" \/>\n<meta property=\"og:site_name\" content=\"Blog da Condessa\" \/>\n<meta property=\"article:published_time\" content=\"2025-02-22T09:00:15+00:00\" \/>\n<meta property=\"og:image\" content=\"https:\/\/blogdacondessa.com.br\/blog\/wp-content\/uploads\/2025\/02\/haroldo-arruda.jpg\" \/>\n\t<meta property=\"og:image:width\" content=\"704\" \/>\n\t<meta property=\"og:image:height\" content=\"699\" \/>\n\t<meta property=\"og:image:type\" content=\"image\/jpeg\" \/>\n<meta name=\"author\" content=\"Blog da Condessa\" \/>\n<meta name=\"twitter:card\" content=\"summary_large_image\" \/>\n<meta name=\"twitter:label1\" content=\"Escrito por\" \/>\n\t<meta name=\"twitter:data1\" content=\"Blog da Condessa\" \/>\n\t<meta name=\"twitter:label2\" content=\"Est. tempo de leitura\" \/>\n\t<meta name=\"twitter:data2\" content=\"3 minutos\" \/>\n<script type=\"application\/ld+json\" class=\"yoast-schema-graph\">{\"@context\":\"https:\\\/\\\/schema.org\",\"@graph\":[{\"@type\":\"Article\",\"@id\":\"https:\\\/\\\/blogdacondessa.com.br\\\/blog\\\/artigos\\\/se-o-governo-nao-priorizar-cortes-de-gastos-a-reforma-sera-um-mecanismo-para-sustentar-um-estado-perdulario\\\/#article\",\"isPartOf\":{\"@id\":\"https:\\\/\\\/blogdacondessa.com.br\\\/blog\\\/artigos\\\/se-o-governo-nao-priorizar-cortes-de-gastos-a-reforma-sera-um-mecanismo-para-sustentar-um-estado-perdulario\\\/\"},\"author\":{\"name\":\"Blog da Condessa\",\"@id\":\"https:\\\/\\\/blogdacondessa.com.br\\\/blog\\\/#\\\/schema\\\/person\\\/1d667ff8b785195b568677489d266035\"},\"headline\":\"Se o governo n\u00e3o priorizar cortes de gastos, a reforma ser\u00e1 um mecanismo para sustentar um Estado perdul\u00e1rio\",\"datePublished\":\"2025-02-22T09:00:15+00:00\",\"mainEntityOfPage\":{\"@id\":\"https:\\\/\\\/blogdacondessa.com.br\\\/blog\\\/artigos\\\/se-o-governo-nao-priorizar-cortes-de-gastos-a-reforma-sera-um-mecanismo-para-sustentar-um-estado-perdulario\\\/\"},\"wordCount\":457,\"image\":{\"@id\":\"https:\\\/\\\/blogdacondessa.com.br\\\/blog\\\/artigos\\\/se-o-governo-nao-priorizar-cortes-de-gastos-a-reforma-sera-um-mecanismo-para-sustentar-um-estado-perdulario\\\/#primaryimage\"},\"thumbnailUrl\":\"https:\\\/\\\/blogdacondessa.com.br\\\/blog\\\/wp-content\\\/uploads\\\/2025\\\/02\\\/haroldo-arruda.jpg\",\"articleSection\":[\"Artigos\"],\"inLanguage\":\"pt-BR\"},{\"@type\":\"WebPage\",\"@id\":\"https:\\\/\\\/blogdacondessa.com.br\\\/blog\\\/artigos\\\/se-o-governo-nao-priorizar-cortes-de-gastos-a-reforma-sera-um-mecanismo-para-sustentar-um-estado-perdulario\\\/\",\"url\":\"https:\\\/\\\/blogdacondessa.com.br\\\/blog\\\/artigos\\\/se-o-governo-nao-priorizar-cortes-de-gastos-a-reforma-sera-um-mecanismo-para-sustentar-um-estado-perdulario\\\/\",\"name\":\"Se o governo n\u00e3o priorizar cortes de gastos, a reforma ser\u00e1 um mecanismo para sustentar um Estado perdul\u00e1rio &#8902; Blog da Condessa\",\"isPartOf\":{\"@id\":\"https:\\\/\\\/blogdacondessa.com.br\\\/blog\\\/#website\"},\"primaryImageOfPage\":{\"@id\":\"https:\\\/\\\/blogdacondessa.com.br\\\/blog\\\/artigos\\\/se-o-governo-nao-priorizar-cortes-de-gastos-a-reforma-sera-um-mecanismo-para-sustentar-um-estado-perdulario\\\/#primaryimage\"},\"image\":{\"@id\":\"https:\\\/\\\/blogdacondessa.com.br\\\/blog\\\/artigos\\\/se-o-governo-nao-priorizar-cortes-de-gastos-a-reforma-sera-um-mecanismo-para-sustentar-um-estado-perdulario\\\/#primaryimage\"},\"thumbnailUrl\":\"https:\\\/\\\/blogdacondessa.com.br\\\/blog\\\/wp-content\\\/uploads\\\/2025\\\/02\\\/haroldo-arruda.jpg\",\"datePublished\":\"2025-02-22T09:00:15+00:00\",\"author\":{\"@id\":\"https:\\\/\\\/blogdacondessa.com.br\\\/blog\\\/#\\\/schema\\\/person\\\/1d667ff8b785195b568677489d266035\"},\"breadcrumb\":{\"@id\":\"https:\\\/\\\/blogdacondessa.com.br\\\/blog\\\/artigos\\\/se-o-governo-nao-priorizar-cortes-de-gastos-a-reforma-sera-um-mecanismo-para-sustentar-um-estado-perdulario\\\/#breadcrumb\"},\"inLanguage\":\"pt-BR\",\"potentialAction\":[{\"@type\":\"ReadAction\",\"target\":[\"https:\\\/\\\/blogdacondessa.com.br\\\/blog\\\/artigos\\\/se-o-governo-nao-priorizar-cortes-de-gastos-a-reforma-sera-um-mecanismo-para-sustentar-um-estado-perdulario\\\/\"]}]},{\"@type\":\"ImageObject\",\"inLanguage\":\"pt-BR\",\"@id\":\"https:\\\/\\\/blogdacondessa.com.br\\\/blog\\\/artigos\\\/se-o-governo-nao-priorizar-cortes-de-gastos-a-reforma-sera-um-mecanismo-para-sustentar-um-estado-perdulario\\\/#primaryimage\",\"url\":\"https:\\\/\\\/blogdacondessa.com.br\\\/blog\\\/wp-content\\\/uploads\\\/2025\\\/02\\\/haroldo-arruda.jpg\",\"contentUrl\":\"https:\\\/\\\/blogdacondessa.com.br\\\/blog\\\/wp-content\\\/uploads\\\/2025\\\/02\\\/haroldo-arruda.jpg\",\"width\":704,\"height\":699,\"caption\":\"Foto: Divulga\u00e7\u00e3o\"},{\"@type\":\"BreadcrumbList\",\"@id\":\"https:\\\/\\\/blogdacondessa.com.br\\\/blog\\\/artigos\\\/se-o-governo-nao-priorizar-cortes-de-gastos-a-reforma-sera-um-mecanismo-para-sustentar-um-estado-perdulario\\\/#breadcrumb\",\"itemListElement\":[{\"@type\":\"ListItem\",\"position\":1,\"name\":\"In\u00edcio\",\"item\":\"https:\\\/\\\/blogdacondessa.com.br\\\/blog\\\/\"},{\"@type\":\"ListItem\",\"position\":2,\"name\":\"Se o governo n\u00e3o priorizar cortes de gastos, a reforma ser\u00e1 um mecanismo para sustentar um Estado perdul\u00e1rio\"}]},{\"@type\":\"WebSite\",\"@id\":\"https:\\\/\\\/blogdacondessa.com.br\\\/blog\\\/#website\",\"url\":\"https:\\\/\\\/blogdacondessa.com.br\\\/blog\\\/\",\"name\":\"Blog da Condessa\",\"description\":\"Com Shirley de Souza O\u2019Campos\",\"potentialAction\":[{\"@type\":\"SearchAction\",\"target\":{\"@type\":\"EntryPoint\",\"urlTemplate\":\"https:\\\/\\\/blogdacondessa.com.br\\\/blog\\\/?s={search_term_string}\"},\"query-input\":{\"@type\":\"PropertyValueSpecification\",\"valueRequired\":true,\"valueName\":\"search_term_string\"}}],\"inLanguage\":\"pt-BR\"},{\"@type\":\"Person\",\"@id\":\"https:\\\/\\\/blogdacondessa.com.br\\\/blog\\\/#\\\/schema\\\/person\\\/1d667ff8b785195b568677489d266035\",\"name\":\"Blog da Condessa\",\"image\":{\"@type\":\"ImageObject\",\"inLanguage\":\"pt-BR\",\"@id\":\"https:\\\/\\\/secure.gravatar.com\\\/avatar\\\/377c0eb8b4ad2bfc25461b41564b5971e721ca34a57642868fc7b0c8ac7b52c5?s=96&d=mm&r=g\",\"url\":\"https:\\\/\\\/secure.gravatar.com\\\/avatar\\\/377c0eb8b4ad2bfc25461b41564b5971e721ca34a57642868fc7b0c8ac7b52c5?s=96&d=mm&r=g\",\"contentUrl\":\"https:\\\/\\\/secure.gravatar.com\\\/avatar\\\/377c0eb8b4ad2bfc25461b41564b5971e721ca34a57642868fc7b0c8ac7b52c5?s=96&d=mm&r=g\",\"caption\":\"Blog da Condessa\"},\"url\":\"https:\\\/\\\/blogdacondessa.com.br\\\/blog\\\/author\\\/beatriz\\\/\"}]}<\/script>\n<!-- \/ Yoast SEO plugin. -->","yoast_head_json":{"title":"Se o governo n\u00e3o priorizar cortes de gastos, a reforma ser\u00e1 um mecanismo para sustentar um Estado perdul\u00e1rio &#8902; Blog da Condessa","robots":{"index":"index","follow":"follow","max-snippet":"max-snippet:-1","max-image-preview":"max-image-preview:large","max-video-preview":"max-video-preview:-1"},"canonical":"https:\/\/blogdacondessa.com.br\/blog\/artigos\/se-o-governo-nao-priorizar-cortes-de-gastos-a-reforma-sera-um-mecanismo-para-sustentar-um-estado-perdulario\/","og_locale":"pt_BR","og_type":"article","og_title":"Se o governo n\u00e3o priorizar cortes de gastos, a reforma ser\u00e1 um mecanismo para sustentar um Estado perdul\u00e1rio &#8902; Blog da Condessa","og_description":"A reforma tribut\u00e1ria, propagandeada como solu\u00e7\u00e3o para simplificar o sistema de impostos no Brasil, surge em um cen\u00e1rio de descontrole dos gastos p\u00fablicos e de um governo federal cada vez mais inchado. Enquanto os cidad\u00e3os enfrentam dificuldades para manter seu poder de compra, o Estado continua a aumentar suas despesas, sem apresentar medidas concretas para [&hellip;]","og_url":"https:\/\/blogdacondessa.com.br\/blog\/artigos\/se-o-governo-nao-priorizar-cortes-de-gastos-a-reforma-sera-um-mecanismo-para-sustentar-um-estado-perdulario\/","og_site_name":"Blog da Condessa","article_published_time":"2025-02-22T09:00:15+00:00","og_image":[{"width":704,"height":699,"url":"https:\/\/blogdacondessa.com.br\/blog\/wp-content\/uploads\/2025\/02\/haroldo-arruda.jpg","type":"image\/jpeg"}],"author":"Blog da Condessa","twitter_card":"summary_large_image","twitter_misc":{"Escrito por":"Blog da Condessa","Est. tempo de leitura":"3 minutos"},"schema":{"@context":"https:\/\/schema.org","@graph":[{"@type":"Article","@id":"https:\/\/blogdacondessa.com.br\/blog\/artigos\/se-o-governo-nao-priorizar-cortes-de-gastos-a-reforma-sera-um-mecanismo-para-sustentar-um-estado-perdulario\/#article","isPartOf":{"@id":"https:\/\/blogdacondessa.com.br\/blog\/artigos\/se-o-governo-nao-priorizar-cortes-de-gastos-a-reforma-sera-um-mecanismo-para-sustentar-um-estado-perdulario\/"},"author":{"name":"Blog da Condessa","@id":"https:\/\/blogdacondessa.com.br\/blog\/#\/schema\/person\/1d667ff8b785195b568677489d266035"},"headline":"Se o governo n\u00e3o priorizar cortes de gastos, a reforma ser\u00e1 um mecanismo para sustentar um Estado perdul\u00e1rio","datePublished":"2025-02-22T09:00:15+00:00","mainEntityOfPage":{"@id":"https:\/\/blogdacondessa.com.br\/blog\/artigos\/se-o-governo-nao-priorizar-cortes-de-gastos-a-reforma-sera-um-mecanismo-para-sustentar-um-estado-perdulario\/"},"wordCount":457,"image":{"@id":"https:\/\/blogdacondessa.com.br\/blog\/artigos\/se-o-governo-nao-priorizar-cortes-de-gastos-a-reforma-sera-um-mecanismo-para-sustentar-um-estado-perdulario\/#primaryimage"},"thumbnailUrl":"https:\/\/blogdacondessa.com.br\/blog\/wp-content\/uploads\/2025\/02\/haroldo-arruda.jpg","articleSection":["Artigos"],"inLanguage":"pt-BR"},{"@type":"WebPage","@id":"https:\/\/blogdacondessa.com.br\/blog\/artigos\/se-o-governo-nao-priorizar-cortes-de-gastos-a-reforma-sera-um-mecanismo-para-sustentar-um-estado-perdulario\/","url":"https:\/\/blogdacondessa.com.br\/blog\/artigos\/se-o-governo-nao-priorizar-cortes-de-gastos-a-reforma-sera-um-mecanismo-para-sustentar-um-estado-perdulario\/","name":"Se o governo n\u00e3o priorizar cortes de gastos, a reforma ser\u00e1 um mecanismo para sustentar um Estado perdul\u00e1rio &#8902; Blog da Condessa","isPartOf":{"@id":"https:\/\/blogdacondessa.com.br\/blog\/#website"},"primaryImageOfPage":{"@id":"https:\/\/blogdacondessa.com.br\/blog\/artigos\/se-o-governo-nao-priorizar-cortes-de-gastos-a-reforma-sera-um-mecanismo-para-sustentar-um-estado-perdulario\/#primaryimage"},"image":{"@id":"https:\/\/blogdacondessa.com.br\/blog\/artigos\/se-o-governo-nao-priorizar-cortes-de-gastos-a-reforma-sera-um-mecanismo-para-sustentar-um-estado-perdulario\/#primaryimage"},"thumbnailUrl":"https:\/\/blogdacondessa.com.br\/blog\/wp-content\/uploads\/2025\/02\/haroldo-arruda.jpg","datePublished":"2025-02-22T09:00:15+00:00","author":{"@id":"https:\/\/blogdacondessa.com.br\/blog\/#\/schema\/person\/1d667ff8b785195b568677489d266035"},"breadcrumb":{"@id":"https:\/\/blogdacondessa.com.br\/blog\/artigos\/se-o-governo-nao-priorizar-cortes-de-gastos-a-reforma-sera-um-mecanismo-para-sustentar-um-estado-perdulario\/#breadcrumb"},"inLanguage":"pt-BR","potentialAction":[{"@type":"ReadAction","target":["https:\/\/blogdacondessa.com.br\/blog\/artigos\/se-o-governo-nao-priorizar-cortes-de-gastos-a-reforma-sera-um-mecanismo-para-sustentar-um-estado-perdulario\/"]}]},{"@type":"ImageObject","inLanguage":"pt-BR","@id":"https:\/\/blogdacondessa.com.br\/blog\/artigos\/se-o-governo-nao-priorizar-cortes-de-gastos-a-reforma-sera-um-mecanismo-para-sustentar-um-estado-perdulario\/#primaryimage","url":"https:\/\/blogdacondessa.com.br\/blog\/wp-content\/uploads\/2025\/02\/haroldo-arruda.jpg","contentUrl":"https:\/\/blogdacondessa.com.br\/blog\/wp-content\/uploads\/2025\/02\/haroldo-arruda.jpg","width":704,"height":699,"caption":"Foto: Divulga\u00e7\u00e3o"},{"@type":"BreadcrumbList","@id":"https:\/\/blogdacondessa.com.br\/blog\/artigos\/se-o-governo-nao-priorizar-cortes-de-gastos-a-reforma-sera-um-mecanismo-para-sustentar-um-estado-perdulario\/#breadcrumb","itemListElement":[{"@type":"ListItem","position":1,"name":"In\u00edcio","item":"https:\/\/blogdacondessa.com.br\/blog\/"},{"@type":"ListItem","position":2,"name":"Se o governo n\u00e3o priorizar cortes de gastos, a reforma ser\u00e1 um mecanismo para sustentar um Estado perdul\u00e1rio"}]},{"@type":"WebSite","@id":"https:\/\/blogdacondessa.com.br\/blog\/#website","url":"https:\/\/blogdacondessa.com.br\/blog\/","name":"Blog da Condessa","description":"Com Shirley de Souza O\u2019Campos","potentialAction":[{"@type":"SearchAction","target":{"@type":"EntryPoint","urlTemplate":"https:\/\/blogdacondessa.com.br\/blog\/?s={search_term_string}"},"query-input":{"@type":"PropertyValueSpecification","valueRequired":true,"valueName":"search_term_string"}}],"inLanguage":"pt-BR"},{"@type":"Person","@id":"https:\/\/blogdacondessa.com.br\/blog\/#\/schema\/person\/1d667ff8b785195b568677489d266035","name":"Blog da Condessa","image":{"@type":"ImageObject","inLanguage":"pt-BR","@id":"https:\/\/secure.gravatar.com\/avatar\/377c0eb8b4ad2bfc25461b41564b5971e721ca34a57642868fc7b0c8ac7b52c5?s=96&d=mm&r=g","url":"https:\/\/secure.gravatar.com\/avatar\/377c0eb8b4ad2bfc25461b41564b5971e721ca34a57642868fc7b0c8ac7b52c5?s=96&d=mm&r=g","contentUrl":"https:\/\/secure.gravatar.com\/avatar\/377c0eb8b4ad2bfc25461b41564b5971e721ca34a57642868fc7b0c8ac7b52c5?s=96&d=mm&r=g","caption":"Blog da Condessa"},"url":"https:\/\/blogdacondessa.com.br\/blog\/author\/beatriz\/"}]}},"_links":{"self":[{"href":"https:\/\/blogdacondessa.com.br\/blog\/wp-json\/wp\/v2\/posts\/11292","targetHints":{"allow":["GET"]}}],"collection":[{"href":"https:\/\/blogdacondessa.com.br\/blog\/wp-json\/wp\/v2\/posts"}],"about":[{"href":"https:\/\/blogdacondessa.com.br\/blog\/wp-json\/wp\/v2\/types\/post"}],"author":[{"embeddable":true,"href":"https:\/\/blogdacondessa.com.br\/blog\/wp-json\/wp\/v2\/users\/2"}],"replies":[{"embeddable":true,"href":"https:\/\/blogdacondessa.com.br\/blog\/wp-json\/wp\/v2\/comments?post=11292"}],"version-history":[{"count":0,"href":"https:\/\/blogdacondessa.com.br\/blog\/wp-json\/wp\/v2\/posts\/11292\/revisions"}],"wp:featuredmedia":[{"embeddable":true,"href":"https:\/\/blogdacondessa.com.br\/blog\/wp-json\/wp\/v2\/media\/11293"}],"wp:attachment":[{"href":"https:\/\/blogdacondessa.com.br\/blog\/wp-json\/wp\/v2\/media?parent=11292"}],"wp:term":[{"taxonomy":"category","embeddable":true,"href":"https:\/\/blogdacondessa.com.br\/blog\/wp-json\/wp\/v2\/categories?post=11292"},{"taxonomy":"post_tag","embeddable":true,"href":"https:\/\/blogdacondessa.com.br\/blog\/wp-json\/wp\/v2\/tags?post=11292"}],"curies":[{"name":"wp","href":"https:\/\/api.w.org\/{rel}","templated":true}]}}