{"id":11286,"date":"2025-02-21T05:00:32","date_gmt":"2025-02-21T09:00:32","guid":{"rendered":"https:\/\/blogdacondessa.com.br\/blog\/?p=11286"},"modified":"2025-02-20T11:59:30","modified_gmt":"2025-02-20T15:59:30","slug":"estacao-folia","status":"publish","type":"post","link":"https:\/\/blogdacondessa.com.br\/blog\/geral\/estacao-folia\/","title":{"rendered":"\u201cEsta\u00e7\u00e3o Folia\u201d"},"content":{"rendered":"<p>Cuiab\u00e1 recebe esquenta de Carnaval para a crian\u00e7ada neste s\u00e1bado. Evento contar\u00e1 com personagens l\u00fadicos, camarim divertido, oficina de pintura facial, oficina de m\u00e1scaras e desenho, al\u00e9m de uma bandinha itinerante.<br \/>\nChegou a hora de separar a fantasia, o glitter e colocar a alegria para pular o Carnaval com a garotada no evento \u201cEsta\u00e7\u00e3o Folia\u201d, que acontece neste s\u00e1bado (22), no Shopping Esta\u00e7\u00e3o Cuiab\u00e1, em duas sess\u00f5es, \u00e0s 14h e \u00e0s 16h, no Piso G2, em frente ao Taste Lab, com muita divers\u00e3o em um ambiente cheio de m\u00fasica, brincadeiras e anima\u00e7\u00e3o. \u00c9 necess\u00e1rio realizar um cadastro das crian\u00e7as antes do evento.<br \/>\nPersonagens l\u00fadicos, camarim divertido, oficina de pintura facial, oficina de m\u00e1scaras e desenho, e uma bandinha itinerante passeando por todo o shopping tocando as mais alegres m\u00fasicas infantis, s\u00e3o as atividades que aguardam a crian\u00e7ada de 02 a 12 anos para o melhor esquenta da cidade.<br \/>\nCom vagas limitadas, \u00e9 necess\u00e1rio realizar uma inscri\u00e7\u00e3o pr\u00e9via dos pequenos no site Sympla, por meio deste link e credenci\u00e1-los antes do evento.<br \/>\nO cadastramento ocorrer\u00e1 1 hora antes de cada sess\u00e3o e ser\u00e1 encerrado 15 minutos antes do in\u00edcio. Assim, para a sess\u00e3o das 14h, o credenciamento acontecer\u00e1 das 13h \u00e0s 13h45, e para a sess\u00e3o das 16h, das 15h \u00e0s 15h45.<br \/>\n\u201cO Esta\u00e7\u00e3o Folia foi pensado com muito carinho para trazer a alegria do Carnaval para toda a fam\u00edlia e proporcionar momentos de divers\u00e3o e uni\u00e3o. A programa\u00e7\u00e3o conta com diversas atividades l\u00fadicas em um ambiente seguro e acolhedor, onde pais e filhos poder\u00e3o curtir juntos cada instante dessa folia e vivenciar momentos inesquec\u00edveis conosco\u201d, destaca o gerente de marketing do shopping, Deucimar Serra.<br \/>\n\u00c9 importante lembrar que as crian\u00e7as devem estar acompanhadas de seus pais ou respons\u00e1veis.<\/p>\n","protected":false},"excerpt":{"rendered":"<p>Cuiab\u00e1 recebe esquenta de Carnaval para a crian\u00e7ada neste s\u00e1bado. Evento contar\u00e1 com personagens l\u00fadicos, camarim divertido, oficina de pintura facial, oficina de m\u00e1scaras e desenho, al\u00e9m de uma bandinha itinerante. Chegou a hora de separar a fantasia, o glitter e colocar a alegria para pular o Carnaval com a garotada no evento \u201cEsta\u00e7\u00e3o Folia\u201d, [&hellip;]<\/p>\n","protected":false},"author":2,"featured_media":11287,"comment_status":"closed","ping_status":"closed","sticky":false,"template":"","format":"standard","meta":{"iawp_total_views":34,"footnotes":""},"categories":[16],"tags":[],"class_list":["post-11286","post","type-post","status-publish","format-standard","has-post-thumbnail","hentry","category-geral"],"yoast_head":"<!-- This site is optimized with the Yoast SEO plugin v27.3 - https:\/\/yoast.com\/product\/yoast-seo-wordpress\/ -->\n<title>\u201cEsta\u00e7\u00e3o Folia\u201d &#8902; Blog da Condessa<\/title>\n<meta name=\"robots\" content=\"index, follow, max-snippet:-1, max-image-preview:large, max-video-preview:-1\" \/>\n<link rel=\"canonical\" href=\"https:\/\/blogdacondessa.com.br\/blog\/geral\/estacao-folia\/\" \/>\n<meta property=\"og:locale\" content=\"pt_BR\" \/>\n<meta property=\"og:type\" content=\"article\" \/>\n<meta property=\"og:title\" content=\"\u201cEsta\u00e7\u00e3o Folia\u201d &#8902; Blog da Condessa\" \/>\n<meta property=\"og:description\" content=\"Cuiab\u00e1 recebe esquenta de Carnaval para a crian\u00e7ada neste s\u00e1bado. Evento contar\u00e1 com personagens l\u00fadicos, camarim divertido, oficina de pintura facial, oficina de m\u00e1scaras e desenho, al\u00e9m de uma bandinha itinerante. Chegou a hora de separar a fantasia, o glitter e colocar a alegria para pular o Carnaval com a garotada no evento \u201cEsta\u00e7\u00e3o Folia\u201d, [&hellip;]\" \/>\n<meta property=\"og:url\" content=\"https:\/\/blogdacondessa.com.br\/blog\/geral\/estacao-folia\/\" \/>\n<meta property=\"og:site_name\" content=\"Blog da Condessa\" \/>\n<meta property=\"article:published_time\" content=\"2025-02-21T09:00:32+00:00\" \/>\n<meta property=\"og:image\" content=\"https:\/\/blogdacondessa.com.br\/blog\/wp-content\/uploads\/2025\/02\/carnaval-infantil.jpg\" \/>\n\t<meta property=\"og:image:width\" content=\"920\" \/>\n\t<meta property=\"og:image:height\" content=\"614\" \/>\n\t<meta property=\"og:image:type\" content=\"image\/jpeg\" \/>\n<meta name=\"author\" content=\"Blog da Condessa\" \/>\n<meta name=\"twitter:card\" content=\"summary_large_image\" \/>\n<meta name=\"twitter:label1\" content=\"Escrito por\" \/>\n\t<meta name=\"twitter:data1\" content=\"Blog da Condessa\" \/>\n\t<meta name=\"twitter:label2\" content=\"Est. tempo de leitura\" \/>\n\t<meta name=\"twitter:data2\" content=\"2 minutos\" \/>\n<script type=\"application\/ld+json\" class=\"yoast-schema-graph\">{\"@context\":\"https:\\\/\\\/schema.org\",\"@graph\":[{\"@type\":\"Article\",\"@id\":\"https:\\\/\\\/blogdacondessa.com.br\\\/blog\\\/geral\\\/estacao-folia\\\/#article\",\"isPartOf\":{\"@id\":\"https:\\\/\\\/blogdacondessa.com.br\\\/blog\\\/geral\\\/estacao-folia\\\/\"},\"author\":{\"name\":\"Blog da Condessa\",\"@id\":\"https:\\\/\\\/blogdacondessa.com.br\\\/blog\\\/#\\\/schema\\\/person\\\/1d667ff8b785195b568677489d266035\"},\"headline\":\"\u201cEsta\u00e7\u00e3o Folia\u201d\",\"datePublished\":\"2025-02-21T09:00:32+00:00\",\"mainEntityOfPage\":{\"@id\":\"https:\\\/\\\/blogdacondessa.com.br\\\/blog\\\/geral\\\/estacao-folia\\\/\"},\"wordCount\":320,\"image\":{\"@id\":\"https:\\\/\\\/blogdacondessa.com.br\\\/blog\\\/geral\\\/estacao-folia\\\/#primaryimage\"},\"thumbnailUrl\":\"https:\\\/\\\/blogdacondessa.com.br\\\/blog\\\/wp-content\\\/uploads\\\/2025\\\/02\\\/carnaval-infantil.jpg\",\"articleSection\":[\"Variedades\"],\"inLanguage\":\"pt-BR\"},{\"@type\":\"WebPage\",\"@id\":\"https:\\\/\\\/blogdacondessa.com.br\\\/blog\\\/geral\\\/estacao-folia\\\/\",\"url\":\"https:\\\/\\\/blogdacondessa.com.br\\\/blog\\\/geral\\\/estacao-folia\\\/\",\"name\":\"\u201cEsta\u00e7\u00e3o Folia\u201d &#8902; Blog da Condessa\",\"isPartOf\":{\"@id\":\"https:\\\/\\\/blogdacondessa.com.br\\\/blog\\\/#website\"},\"primaryImageOfPage\":{\"@id\":\"https:\\\/\\\/blogdacondessa.com.br\\\/blog\\\/geral\\\/estacao-folia\\\/#primaryimage\"},\"image\":{\"@id\":\"https:\\\/\\\/blogdacondessa.com.br\\\/blog\\\/geral\\\/estacao-folia\\\/#primaryimage\"},\"thumbnailUrl\":\"https:\\\/\\\/blogdacondessa.com.br\\\/blog\\\/wp-content\\\/uploads\\\/2025\\\/02\\\/carnaval-infantil.jpg\",\"datePublished\":\"2025-02-21T09:00:32+00:00\",\"author\":{\"@id\":\"https:\\\/\\\/blogdacondessa.com.br\\\/blog\\\/#\\\/schema\\\/person\\\/1d667ff8b785195b568677489d266035\"},\"breadcrumb\":{\"@id\":\"https:\\\/\\\/blogdacondessa.com.br\\\/blog\\\/geral\\\/estacao-folia\\\/#breadcrumb\"},\"inLanguage\":\"pt-BR\",\"potentialAction\":[{\"@type\":\"ReadAction\",\"target\":[\"https:\\\/\\\/blogdacondessa.com.br\\\/blog\\\/geral\\\/estacao-folia\\\/\"]}]},{\"@type\":\"ImageObject\",\"inLanguage\":\"pt-BR\",\"@id\":\"https:\\\/\\\/blogdacondessa.com.br\\\/blog\\\/geral\\\/estacao-folia\\\/#primaryimage\",\"url\":\"https:\\\/\\\/blogdacondessa.com.br\\\/blog\\\/wp-content\\\/uploads\\\/2025\\\/02\\\/carnaval-infantil.jpg\",\"contentUrl\":\"https:\\\/\\\/blogdacondessa.com.br\\\/blog\\\/wp-content\\\/uploads\\\/2025\\\/02\\\/carnaval-infantil.jpg\",\"width\":920,\"height\":614,\"caption\":\"Foto: Assessoria\"},{\"@type\":\"BreadcrumbList\",\"@id\":\"https:\\\/\\\/blogdacondessa.com.br\\\/blog\\\/geral\\\/estacao-folia\\\/#breadcrumb\",\"itemListElement\":[{\"@type\":\"ListItem\",\"position\":1,\"name\":\"In\u00edcio\",\"item\":\"https:\\\/\\\/blogdacondessa.com.br\\\/blog\\\/\"},{\"@type\":\"ListItem\",\"position\":2,\"name\":\"\u201cEsta\u00e7\u00e3o Folia\u201d\"}]},{\"@type\":\"WebSite\",\"@id\":\"https:\\\/\\\/blogdacondessa.com.br\\\/blog\\\/#website\",\"url\":\"https:\\\/\\\/blogdacondessa.com.br\\\/blog\\\/\",\"name\":\"Blog da Condessa\",\"description\":\"Com Shirley de Souza O\u2019Campos\",\"potentialAction\":[{\"@type\":\"SearchAction\",\"target\":{\"@type\":\"EntryPoint\",\"urlTemplate\":\"https:\\\/\\\/blogdacondessa.com.br\\\/blog\\\/?s={search_term_string}\"},\"query-input\":{\"@type\":\"PropertyValueSpecification\",\"valueRequired\":true,\"valueName\":\"search_term_string\"}}],\"inLanguage\":\"pt-BR\"},{\"@type\":\"Person\",\"@id\":\"https:\\\/\\\/blogdacondessa.com.br\\\/blog\\\/#\\\/schema\\\/person\\\/1d667ff8b785195b568677489d266035\",\"name\":\"Blog da Condessa\",\"image\":{\"@type\":\"ImageObject\",\"inLanguage\":\"pt-BR\",\"@id\":\"https:\\\/\\\/secure.gravatar.com\\\/avatar\\\/377c0eb8b4ad2bfc25461b41564b5971e721ca34a57642868fc7b0c8ac7b52c5?s=96&d=mm&r=g\",\"url\":\"https:\\\/\\\/secure.gravatar.com\\\/avatar\\\/377c0eb8b4ad2bfc25461b41564b5971e721ca34a57642868fc7b0c8ac7b52c5?s=96&d=mm&r=g\",\"contentUrl\":\"https:\\\/\\\/secure.gravatar.com\\\/avatar\\\/377c0eb8b4ad2bfc25461b41564b5971e721ca34a57642868fc7b0c8ac7b52c5?s=96&d=mm&r=g\",\"caption\":\"Blog da Condessa\"},\"url\":\"https:\\\/\\\/blogdacondessa.com.br\\\/blog\\\/author\\\/beatriz\\\/\"}]}<\/script>\n<!-- \/ Yoast SEO plugin. -->","yoast_head_json":{"title":"\u201cEsta\u00e7\u00e3o Folia\u201d &#8902; Blog da Condessa","robots":{"index":"index","follow":"follow","max-snippet":"max-snippet:-1","max-image-preview":"max-image-preview:large","max-video-preview":"max-video-preview:-1"},"canonical":"https:\/\/blogdacondessa.com.br\/blog\/geral\/estacao-folia\/","og_locale":"pt_BR","og_type":"article","og_title":"\u201cEsta\u00e7\u00e3o Folia\u201d &#8902; Blog da Condessa","og_description":"Cuiab\u00e1 recebe esquenta de Carnaval para a crian\u00e7ada neste s\u00e1bado. Evento contar\u00e1 com personagens l\u00fadicos, camarim divertido, oficina de pintura facial, oficina de m\u00e1scaras e desenho, al\u00e9m de uma bandinha itinerante. Chegou a hora de separar a fantasia, o glitter e colocar a alegria para pular o Carnaval com a garotada no evento \u201cEsta\u00e7\u00e3o Folia\u201d, [&hellip;]","og_url":"https:\/\/blogdacondessa.com.br\/blog\/geral\/estacao-folia\/","og_site_name":"Blog da Condessa","article_published_time":"2025-02-21T09:00:32+00:00","og_image":[{"width":920,"height":614,"url":"https:\/\/blogdacondessa.com.br\/blog\/wp-content\/uploads\/2025\/02\/carnaval-infantil.jpg","type":"image\/jpeg"}],"author":"Blog da Condessa","twitter_card":"summary_large_image","twitter_misc":{"Escrito por":"Blog da Condessa","Est. tempo de leitura":"2 minutos"},"schema":{"@context":"https:\/\/schema.org","@graph":[{"@type":"Article","@id":"https:\/\/blogdacondessa.com.br\/blog\/geral\/estacao-folia\/#article","isPartOf":{"@id":"https:\/\/blogdacondessa.com.br\/blog\/geral\/estacao-folia\/"},"author":{"name":"Blog da Condessa","@id":"https:\/\/blogdacondessa.com.br\/blog\/#\/schema\/person\/1d667ff8b785195b568677489d266035"},"headline":"\u201cEsta\u00e7\u00e3o Folia\u201d","datePublished":"2025-02-21T09:00:32+00:00","mainEntityOfPage":{"@id":"https:\/\/blogdacondessa.com.br\/blog\/geral\/estacao-folia\/"},"wordCount":320,"image":{"@id":"https:\/\/blogdacondessa.com.br\/blog\/geral\/estacao-folia\/#primaryimage"},"thumbnailUrl":"https:\/\/blogdacondessa.com.br\/blog\/wp-content\/uploads\/2025\/02\/carnaval-infantil.jpg","articleSection":["Variedades"],"inLanguage":"pt-BR"},{"@type":"WebPage","@id":"https:\/\/blogdacondessa.com.br\/blog\/geral\/estacao-folia\/","url":"https:\/\/blogdacondessa.com.br\/blog\/geral\/estacao-folia\/","name":"\u201cEsta\u00e7\u00e3o Folia\u201d &#8902; Blog da Condessa","isPartOf":{"@id":"https:\/\/blogdacondessa.com.br\/blog\/#website"},"primaryImageOfPage":{"@id":"https:\/\/blogdacondessa.com.br\/blog\/geral\/estacao-folia\/#primaryimage"},"image":{"@id":"https:\/\/blogdacondessa.com.br\/blog\/geral\/estacao-folia\/#primaryimage"},"thumbnailUrl":"https:\/\/blogdacondessa.com.br\/blog\/wp-content\/uploads\/2025\/02\/carnaval-infantil.jpg","datePublished":"2025-02-21T09:00:32+00:00","author":{"@id":"https:\/\/blogdacondessa.com.br\/blog\/#\/schema\/person\/1d667ff8b785195b568677489d266035"},"breadcrumb":{"@id":"https:\/\/blogdacondessa.com.br\/blog\/geral\/estacao-folia\/#breadcrumb"},"inLanguage":"pt-BR","potentialAction":[{"@type":"ReadAction","target":["https:\/\/blogdacondessa.com.br\/blog\/geral\/estacao-folia\/"]}]},{"@type":"ImageObject","inLanguage":"pt-BR","@id":"https:\/\/blogdacondessa.com.br\/blog\/geral\/estacao-folia\/#primaryimage","url":"https:\/\/blogdacondessa.com.br\/blog\/wp-content\/uploads\/2025\/02\/carnaval-infantil.jpg","contentUrl":"https:\/\/blogdacondessa.com.br\/blog\/wp-content\/uploads\/2025\/02\/carnaval-infantil.jpg","width":920,"height":614,"caption":"Foto: Assessoria"},{"@type":"BreadcrumbList","@id":"https:\/\/blogdacondessa.com.br\/blog\/geral\/estacao-folia\/#breadcrumb","itemListElement":[{"@type":"ListItem","position":1,"name":"In\u00edcio","item":"https:\/\/blogdacondessa.com.br\/blog\/"},{"@type":"ListItem","position":2,"name":"\u201cEsta\u00e7\u00e3o Folia\u201d"}]},{"@type":"WebSite","@id":"https:\/\/blogdacondessa.com.br\/blog\/#website","url":"https:\/\/blogdacondessa.com.br\/blog\/","name":"Blog da Condessa","description":"Com Shirley de Souza O\u2019Campos","potentialAction":[{"@type":"SearchAction","target":{"@type":"EntryPoint","urlTemplate":"https:\/\/blogdacondessa.com.br\/blog\/?s={search_term_string}"},"query-input":{"@type":"PropertyValueSpecification","valueRequired":true,"valueName":"search_term_string"}}],"inLanguage":"pt-BR"},{"@type":"Person","@id":"https:\/\/blogdacondessa.com.br\/blog\/#\/schema\/person\/1d667ff8b785195b568677489d266035","name":"Blog da Condessa","image":{"@type":"ImageObject","inLanguage":"pt-BR","@id":"https:\/\/secure.gravatar.com\/avatar\/377c0eb8b4ad2bfc25461b41564b5971e721ca34a57642868fc7b0c8ac7b52c5?s=96&d=mm&r=g","url":"https:\/\/secure.gravatar.com\/avatar\/377c0eb8b4ad2bfc25461b41564b5971e721ca34a57642868fc7b0c8ac7b52c5?s=96&d=mm&r=g","contentUrl":"https:\/\/secure.gravatar.com\/avatar\/377c0eb8b4ad2bfc25461b41564b5971e721ca34a57642868fc7b0c8ac7b52c5?s=96&d=mm&r=g","caption":"Blog da Condessa"},"url":"https:\/\/blogdacondessa.com.br\/blog\/author\/beatriz\/"}]}},"_links":{"self":[{"href":"https:\/\/blogdacondessa.com.br\/blog\/wp-json\/wp\/v2\/posts\/11286","targetHints":{"allow":["GET"]}}],"collection":[{"href":"https:\/\/blogdacondessa.com.br\/blog\/wp-json\/wp\/v2\/posts"}],"about":[{"href":"https:\/\/blogdacondessa.com.br\/blog\/wp-json\/wp\/v2\/types\/post"}],"author":[{"embeddable":true,"href":"https:\/\/blogdacondessa.com.br\/blog\/wp-json\/wp\/v2\/users\/2"}],"replies":[{"embeddable":true,"href":"https:\/\/blogdacondessa.com.br\/blog\/wp-json\/wp\/v2\/comments?post=11286"}],"version-history":[{"count":0,"href":"https:\/\/blogdacondessa.com.br\/blog\/wp-json\/wp\/v2\/posts\/11286\/revisions"}],"wp:featuredmedia":[{"embeddable":true,"href":"https:\/\/blogdacondessa.com.br\/blog\/wp-json\/wp\/v2\/media\/11287"}],"wp:attachment":[{"href":"https:\/\/blogdacondessa.com.br\/blog\/wp-json\/wp\/v2\/media?parent=11286"}],"wp:term":[{"taxonomy":"category","embeddable":true,"href":"https:\/\/blogdacondessa.com.br\/blog\/wp-json\/wp\/v2\/categories?post=11286"},{"taxonomy":"post_tag","embeddable":true,"href":"https:\/\/blogdacondessa.com.br\/blog\/wp-json\/wp\/v2\/tags?post=11286"}],"curies":[{"name":"wp","href":"https:\/\/api.w.org\/{rel}","templated":true}]}}