{"id":11211,"date":"2025-02-08T05:00:38","date_gmt":"2025-02-08T09:00:38","guid":{"rendered":"https:\/\/blogdacondessa.com.br\/blog\/?p=11211"},"modified":"2025-02-07T18:29:34","modified_gmt":"2025-02-07T22:29:34","slug":"o-pequeno-leitor-que-escolheu-a-biblioteca-publica-para-comemorar-seu-aniversario","status":"publish","type":"post","link":"https:\/\/blogdacondessa.com.br\/blog\/cotidiano\/o-pequeno-leitor-que-escolheu-a-biblioteca-publica-para-comemorar-seu-aniversario\/","title":{"rendered":"O pequeno leitor que escolheu a Biblioteca P\u00fablica para comemorar seu anivers\u00e1rio"},"content":{"rendered":"<p>No \u00faltimo dia 05, o pequeno Benjamim Santos Carvalho completa quatro anos de idade e vai celebrar a data de um jeito inusitado para uma crian\u00e7a, cercado por livros na Biblioteca P\u00fablica Municipal Professora Leon\u00eddia Avelino Moraes, em C\u00e1ceres.<br \/>\nFrequentador ass\u00edduo da biblioteca, Benjamim \u00e9 um apaixonado por hist\u00f3rias desde os primeiros meses de vida. Sua m\u00e3e, Suelena Santos Carvalho, conta que sempre incentivou o h\u00e1bito da leitura. &#8220;Quando estava gr\u00e1vida dele, fiz um curso sobre a import\u00e2ncia da leitura em voz alta. Desde beb\u00ea, todos os dias leio para ele, e isso fez uma grande diferen\u00e7a no seu imagin\u00e1rio. Ele ainda n\u00e3o sabe ler, mas j\u00e1 memoriza poesias e hist\u00f3rias inteiras de tanto ouvi-las&#8221;, relata.<br \/>\nPara Suelena, a festa de anivers\u00e1rio de Benjamim promete ser especial. \u201dCercado por livros, hist\u00f3rias e amigos da biblioteca, meu pequeno leitor celebrar\u00e1 mais um ano de vida no lugar que mais ama. Espero que ele seja um exemplo inspirador de que o incentivo \u00e0 leitura desde cedo pode transformar vidas\u201d, ressalta a m\u00e3e.<br \/>\nA paix\u00e3o de Benjamim pelos livros fez com que ele expressasse um desejo inusitado para sua festa de anivers\u00e1rio. &#8220;Mam\u00e3e, eu gosto tanto dos livros, quero fazer uma festa no meio dos livros! Quero comemorar na biblioteca&#8221;, pediu ele. O pedido emocionou a fam\u00edlia, que prontamente organizou a comemora\u00e7\u00e3o com apoio da equipe da biblioteca.<br \/>\nSeu pai, Reginaldo Aparecido, acredita que o gosto do filho pelos livros contribuir\u00e1 para sua forma\u00e7\u00e3o. &#8220;A leitura ajuda a formar cidad\u00e3os cr\u00edticos. Fico muito feliz em ver que meu filho tem esse interesse desde pequeno&#8221;, afirma.<br \/>\nA secret\u00e1ria municipal de Turismo e Cultura, Gesica Chaika, destacou a import\u00e2ncia do h\u00e1bito da leitura e elogiou a iniciativa da fam\u00edlia. &#8220;A leitura deve ser estimulada desde cedo, pois amplia horizontes e desperta a criatividade. Ter uma crian\u00e7a como o Benjamim, que \u00e9 um dos frequentadores mais ass\u00edduos da nossa biblioteca, comemorando o anivers\u00e1rio aqui \u00e9 motivo de grande alegria para n\u00f3s da Prefeitura. Isso mostra que a biblioteca \u00e9 um espa\u00e7o vivo, acolhedor e essencial para a comunidade&#8221;, conclui Chaika.<\/p>\n","protected":false},"excerpt":{"rendered":"<p>No \u00faltimo dia 05, o pequeno Benjamim Santos Carvalho completa quatro anos de idade e vai celebrar a data de um jeito inusitado para uma crian\u00e7a, cercado por livros na Biblioteca P\u00fablica Municipal Professora Leon\u00eddia Avelino Moraes, em C\u00e1ceres. Frequentador ass\u00edduo da biblioteca, Benjamim \u00e9 um apaixonado por hist\u00f3rias desde os primeiros meses de vida. [&hellip;]<\/p>\n","protected":false},"author":2,"featured_media":11212,"comment_status":"closed","ping_status":"closed","sticky":false,"template":"","format":"standard","meta":{"iawp_total_views":22,"footnotes":""},"categories":[24],"tags":[],"class_list":["post-11211","post","type-post","status-publish","format-standard","has-post-thumbnail","hentry","category-cotidiano"],"yoast_head":"<!-- This site is optimized with the Yoast SEO plugin v27.3 - https:\/\/yoast.com\/product\/yoast-seo-wordpress\/ -->\n<title>O pequeno leitor que escolheu a Biblioteca P\u00fablica para comemorar seu anivers\u00e1rio &#8902; Blog da Condessa<\/title>\n<meta name=\"robots\" content=\"index, follow, max-snippet:-1, max-image-preview:large, max-video-preview:-1\" \/>\n<link rel=\"canonical\" href=\"https:\/\/blogdacondessa.com.br\/blog\/cotidiano\/o-pequeno-leitor-que-escolheu-a-biblioteca-publica-para-comemorar-seu-aniversario\/\" \/>\n<meta property=\"og:locale\" content=\"pt_BR\" \/>\n<meta property=\"og:type\" content=\"article\" \/>\n<meta property=\"og:title\" content=\"O pequeno leitor que escolheu a Biblioteca P\u00fablica para comemorar seu anivers\u00e1rio &#8902; Blog da Condessa\" \/>\n<meta property=\"og:description\" content=\"No \u00faltimo dia 05, o pequeno Benjamim Santos Carvalho completa quatro anos de idade e vai celebrar a data de um jeito inusitado para uma crian\u00e7a, cercado por livros na Biblioteca P\u00fablica Municipal Professora Leon\u00eddia Avelino Moraes, em C\u00e1ceres. Frequentador ass\u00edduo da biblioteca, Benjamim \u00e9 um apaixonado por hist\u00f3rias desde os primeiros meses de vida. [&hellip;]\" \/>\n<meta property=\"og:url\" content=\"https:\/\/blogdacondessa.com.br\/blog\/cotidiano\/o-pequeno-leitor-que-escolheu-a-biblioteca-publica-para-comemorar-seu-aniversario\/\" \/>\n<meta property=\"og:site_name\" content=\"Blog da Condessa\" \/>\n<meta property=\"article:published_time\" content=\"2025-02-08T09:00:38+00:00\" \/>\n<meta property=\"og:image\" content=\"https:\/\/blogdacondessa.com.br\/blog\/wp-content\/uploads\/2025\/02\/beijamin.jpg\" \/>\n\t<meta property=\"og:image:width\" content=\"900\" \/>\n\t<meta property=\"og:image:height\" content=\"1600\" \/>\n\t<meta property=\"og:image:type\" content=\"image\/jpeg\" \/>\n<meta name=\"author\" content=\"Blog da Condessa\" \/>\n<meta name=\"twitter:card\" content=\"summary_large_image\" \/>\n<meta name=\"twitter:label1\" content=\"Escrito por\" \/>\n\t<meta name=\"twitter:data1\" content=\"Blog da Condessa\" \/>\n\t<meta name=\"twitter:label2\" content=\"Est. tempo de leitura\" \/>\n\t<meta name=\"twitter:data2\" content=\"3 minutos\" \/>\n<script type=\"application\/ld+json\" class=\"yoast-schema-graph\">{\"@context\":\"https:\\\/\\\/schema.org\",\"@graph\":[{\"@type\":\"Article\",\"@id\":\"https:\\\/\\\/blogdacondessa.com.br\\\/blog\\\/cotidiano\\\/o-pequeno-leitor-que-escolheu-a-biblioteca-publica-para-comemorar-seu-aniversario\\\/#article\",\"isPartOf\":{\"@id\":\"https:\\\/\\\/blogdacondessa.com.br\\\/blog\\\/cotidiano\\\/o-pequeno-leitor-que-escolheu-a-biblioteca-publica-para-comemorar-seu-aniversario\\\/\"},\"author\":{\"name\":\"Blog da Condessa\",\"@id\":\"https:\\\/\\\/blogdacondessa.com.br\\\/blog\\\/#\\\/schema\\\/person\\\/1d667ff8b785195b568677489d266035\"},\"headline\":\"O pequeno leitor que escolheu a Biblioteca P\u00fablica para comemorar seu anivers\u00e1rio\",\"datePublished\":\"2025-02-08T09:00:38+00:00\",\"mainEntityOfPage\":{\"@id\":\"https:\\\/\\\/blogdacondessa.com.br\\\/blog\\\/cotidiano\\\/o-pequeno-leitor-que-escolheu-a-biblioteca-publica-para-comemorar-seu-aniversario\\\/\"},\"wordCount\":386,\"image\":{\"@id\":\"https:\\\/\\\/blogdacondessa.com.br\\\/blog\\\/cotidiano\\\/o-pequeno-leitor-que-escolheu-a-biblioteca-publica-para-comemorar-seu-aniversario\\\/#primaryimage\"},\"thumbnailUrl\":\"https:\\\/\\\/blogdacondessa.com.br\\\/blog\\\/wp-content\\\/uploads\\\/2025\\\/02\\\/beijamin.jpg\",\"articleSection\":[\"Cotidiano\"],\"inLanguage\":\"pt-BR\"},{\"@type\":\"WebPage\",\"@id\":\"https:\\\/\\\/blogdacondessa.com.br\\\/blog\\\/cotidiano\\\/o-pequeno-leitor-que-escolheu-a-biblioteca-publica-para-comemorar-seu-aniversario\\\/\",\"url\":\"https:\\\/\\\/blogdacondessa.com.br\\\/blog\\\/cotidiano\\\/o-pequeno-leitor-que-escolheu-a-biblioteca-publica-para-comemorar-seu-aniversario\\\/\",\"name\":\"O pequeno leitor que escolheu a Biblioteca P\u00fablica para comemorar seu anivers\u00e1rio &#8902; Blog da Condessa\",\"isPartOf\":{\"@id\":\"https:\\\/\\\/blogdacondessa.com.br\\\/blog\\\/#website\"},\"primaryImageOfPage\":{\"@id\":\"https:\\\/\\\/blogdacondessa.com.br\\\/blog\\\/cotidiano\\\/o-pequeno-leitor-que-escolheu-a-biblioteca-publica-para-comemorar-seu-aniversario\\\/#primaryimage\"},\"image\":{\"@id\":\"https:\\\/\\\/blogdacondessa.com.br\\\/blog\\\/cotidiano\\\/o-pequeno-leitor-que-escolheu-a-biblioteca-publica-para-comemorar-seu-aniversario\\\/#primaryimage\"},\"thumbnailUrl\":\"https:\\\/\\\/blogdacondessa.com.br\\\/blog\\\/wp-content\\\/uploads\\\/2025\\\/02\\\/beijamin.jpg\",\"datePublished\":\"2025-02-08T09:00:38+00:00\",\"author\":{\"@id\":\"https:\\\/\\\/blogdacondessa.com.br\\\/blog\\\/#\\\/schema\\\/person\\\/1d667ff8b785195b568677489d266035\"},\"breadcrumb\":{\"@id\":\"https:\\\/\\\/blogdacondessa.com.br\\\/blog\\\/cotidiano\\\/o-pequeno-leitor-que-escolheu-a-biblioteca-publica-para-comemorar-seu-aniversario\\\/#breadcrumb\"},\"inLanguage\":\"pt-BR\",\"potentialAction\":[{\"@type\":\"ReadAction\",\"target\":[\"https:\\\/\\\/blogdacondessa.com.br\\\/blog\\\/cotidiano\\\/o-pequeno-leitor-que-escolheu-a-biblioteca-publica-para-comemorar-seu-aniversario\\\/\"]}]},{\"@type\":\"ImageObject\",\"inLanguage\":\"pt-BR\",\"@id\":\"https:\\\/\\\/blogdacondessa.com.br\\\/blog\\\/cotidiano\\\/o-pequeno-leitor-que-escolheu-a-biblioteca-publica-para-comemorar-seu-aniversario\\\/#primaryimage\",\"url\":\"https:\\\/\\\/blogdacondessa.com.br\\\/blog\\\/wp-content\\\/uploads\\\/2025\\\/02\\\/beijamin.jpg\",\"contentUrl\":\"https:\\\/\\\/blogdacondessa.com.br\\\/blog\\\/wp-content\\\/uploads\\\/2025\\\/02\\\/beijamin.jpg\",\"width\":900,\"height\":1600,\"caption\":\"Foto: Assessoria\"},{\"@type\":\"BreadcrumbList\",\"@id\":\"https:\\\/\\\/blogdacondessa.com.br\\\/blog\\\/cotidiano\\\/o-pequeno-leitor-que-escolheu-a-biblioteca-publica-para-comemorar-seu-aniversario\\\/#breadcrumb\",\"itemListElement\":[{\"@type\":\"ListItem\",\"position\":1,\"name\":\"In\u00edcio\",\"item\":\"https:\\\/\\\/blogdacondessa.com.br\\\/blog\\\/\"},{\"@type\":\"ListItem\",\"position\":2,\"name\":\"O pequeno leitor que escolheu a Biblioteca P\u00fablica para comemorar seu anivers\u00e1rio\"}]},{\"@type\":\"WebSite\",\"@id\":\"https:\\\/\\\/blogdacondessa.com.br\\\/blog\\\/#website\",\"url\":\"https:\\\/\\\/blogdacondessa.com.br\\\/blog\\\/\",\"name\":\"Blog da Condessa\",\"description\":\"Com Shirley de Souza O\u2019Campos\",\"potentialAction\":[{\"@type\":\"SearchAction\",\"target\":{\"@type\":\"EntryPoint\",\"urlTemplate\":\"https:\\\/\\\/blogdacondessa.com.br\\\/blog\\\/?s={search_term_string}\"},\"query-input\":{\"@type\":\"PropertyValueSpecification\",\"valueRequired\":true,\"valueName\":\"search_term_string\"}}],\"inLanguage\":\"pt-BR\"},{\"@type\":\"Person\",\"@id\":\"https:\\\/\\\/blogdacondessa.com.br\\\/blog\\\/#\\\/schema\\\/person\\\/1d667ff8b785195b568677489d266035\",\"name\":\"Blog da Condessa\",\"image\":{\"@type\":\"ImageObject\",\"inLanguage\":\"pt-BR\",\"@id\":\"https:\\\/\\\/secure.gravatar.com\\\/avatar\\\/377c0eb8b4ad2bfc25461b41564b5971e721ca34a57642868fc7b0c8ac7b52c5?s=96&d=mm&r=g\",\"url\":\"https:\\\/\\\/secure.gravatar.com\\\/avatar\\\/377c0eb8b4ad2bfc25461b41564b5971e721ca34a57642868fc7b0c8ac7b52c5?s=96&d=mm&r=g\",\"contentUrl\":\"https:\\\/\\\/secure.gravatar.com\\\/avatar\\\/377c0eb8b4ad2bfc25461b41564b5971e721ca34a57642868fc7b0c8ac7b52c5?s=96&d=mm&r=g\",\"caption\":\"Blog da Condessa\"},\"url\":\"https:\\\/\\\/blogdacondessa.com.br\\\/blog\\\/author\\\/beatriz\\\/\"}]}<\/script>\n<!-- \/ Yoast SEO plugin. -->","yoast_head_json":{"title":"O pequeno leitor que escolheu a Biblioteca P\u00fablica para comemorar seu anivers\u00e1rio &#8902; Blog da Condessa","robots":{"index":"index","follow":"follow","max-snippet":"max-snippet:-1","max-image-preview":"max-image-preview:large","max-video-preview":"max-video-preview:-1"},"canonical":"https:\/\/blogdacondessa.com.br\/blog\/cotidiano\/o-pequeno-leitor-que-escolheu-a-biblioteca-publica-para-comemorar-seu-aniversario\/","og_locale":"pt_BR","og_type":"article","og_title":"O pequeno leitor que escolheu a Biblioteca P\u00fablica para comemorar seu anivers\u00e1rio &#8902; Blog da Condessa","og_description":"No \u00faltimo dia 05, o pequeno Benjamim Santos Carvalho completa quatro anos de idade e vai celebrar a data de um jeito inusitado para uma crian\u00e7a, cercado por livros na Biblioteca P\u00fablica Municipal Professora Leon\u00eddia Avelino Moraes, em C\u00e1ceres. Frequentador ass\u00edduo da biblioteca, Benjamim \u00e9 um apaixonado por hist\u00f3rias desde os primeiros meses de vida. [&hellip;]","og_url":"https:\/\/blogdacondessa.com.br\/blog\/cotidiano\/o-pequeno-leitor-que-escolheu-a-biblioteca-publica-para-comemorar-seu-aniversario\/","og_site_name":"Blog da Condessa","article_published_time":"2025-02-08T09:00:38+00:00","og_image":[{"width":900,"height":1600,"url":"https:\/\/blogdacondessa.com.br\/blog\/wp-content\/uploads\/2025\/02\/beijamin.jpg","type":"image\/jpeg"}],"author":"Blog da Condessa","twitter_card":"summary_large_image","twitter_misc":{"Escrito por":"Blog da Condessa","Est. tempo de leitura":"3 minutos"},"schema":{"@context":"https:\/\/schema.org","@graph":[{"@type":"Article","@id":"https:\/\/blogdacondessa.com.br\/blog\/cotidiano\/o-pequeno-leitor-que-escolheu-a-biblioteca-publica-para-comemorar-seu-aniversario\/#article","isPartOf":{"@id":"https:\/\/blogdacondessa.com.br\/blog\/cotidiano\/o-pequeno-leitor-que-escolheu-a-biblioteca-publica-para-comemorar-seu-aniversario\/"},"author":{"name":"Blog da Condessa","@id":"https:\/\/blogdacondessa.com.br\/blog\/#\/schema\/person\/1d667ff8b785195b568677489d266035"},"headline":"O pequeno leitor que escolheu a Biblioteca P\u00fablica para comemorar seu anivers\u00e1rio","datePublished":"2025-02-08T09:00:38+00:00","mainEntityOfPage":{"@id":"https:\/\/blogdacondessa.com.br\/blog\/cotidiano\/o-pequeno-leitor-que-escolheu-a-biblioteca-publica-para-comemorar-seu-aniversario\/"},"wordCount":386,"image":{"@id":"https:\/\/blogdacondessa.com.br\/blog\/cotidiano\/o-pequeno-leitor-que-escolheu-a-biblioteca-publica-para-comemorar-seu-aniversario\/#primaryimage"},"thumbnailUrl":"https:\/\/blogdacondessa.com.br\/blog\/wp-content\/uploads\/2025\/02\/beijamin.jpg","articleSection":["Cotidiano"],"inLanguage":"pt-BR"},{"@type":"WebPage","@id":"https:\/\/blogdacondessa.com.br\/blog\/cotidiano\/o-pequeno-leitor-que-escolheu-a-biblioteca-publica-para-comemorar-seu-aniversario\/","url":"https:\/\/blogdacondessa.com.br\/blog\/cotidiano\/o-pequeno-leitor-que-escolheu-a-biblioteca-publica-para-comemorar-seu-aniversario\/","name":"O pequeno leitor que escolheu a Biblioteca P\u00fablica para comemorar seu anivers\u00e1rio &#8902; Blog da Condessa","isPartOf":{"@id":"https:\/\/blogdacondessa.com.br\/blog\/#website"},"primaryImageOfPage":{"@id":"https:\/\/blogdacondessa.com.br\/blog\/cotidiano\/o-pequeno-leitor-que-escolheu-a-biblioteca-publica-para-comemorar-seu-aniversario\/#primaryimage"},"image":{"@id":"https:\/\/blogdacondessa.com.br\/blog\/cotidiano\/o-pequeno-leitor-que-escolheu-a-biblioteca-publica-para-comemorar-seu-aniversario\/#primaryimage"},"thumbnailUrl":"https:\/\/blogdacondessa.com.br\/blog\/wp-content\/uploads\/2025\/02\/beijamin.jpg","datePublished":"2025-02-08T09:00:38+00:00","author":{"@id":"https:\/\/blogdacondessa.com.br\/blog\/#\/schema\/person\/1d667ff8b785195b568677489d266035"},"breadcrumb":{"@id":"https:\/\/blogdacondessa.com.br\/blog\/cotidiano\/o-pequeno-leitor-que-escolheu-a-biblioteca-publica-para-comemorar-seu-aniversario\/#breadcrumb"},"inLanguage":"pt-BR","potentialAction":[{"@type":"ReadAction","target":["https:\/\/blogdacondessa.com.br\/blog\/cotidiano\/o-pequeno-leitor-que-escolheu-a-biblioteca-publica-para-comemorar-seu-aniversario\/"]}]},{"@type":"ImageObject","inLanguage":"pt-BR","@id":"https:\/\/blogdacondessa.com.br\/blog\/cotidiano\/o-pequeno-leitor-que-escolheu-a-biblioteca-publica-para-comemorar-seu-aniversario\/#primaryimage","url":"https:\/\/blogdacondessa.com.br\/blog\/wp-content\/uploads\/2025\/02\/beijamin.jpg","contentUrl":"https:\/\/blogdacondessa.com.br\/blog\/wp-content\/uploads\/2025\/02\/beijamin.jpg","width":900,"height":1600,"caption":"Foto: Assessoria"},{"@type":"BreadcrumbList","@id":"https:\/\/blogdacondessa.com.br\/blog\/cotidiano\/o-pequeno-leitor-que-escolheu-a-biblioteca-publica-para-comemorar-seu-aniversario\/#breadcrumb","itemListElement":[{"@type":"ListItem","position":1,"name":"In\u00edcio","item":"https:\/\/blogdacondessa.com.br\/blog\/"},{"@type":"ListItem","position":2,"name":"O pequeno leitor que escolheu a Biblioteca P\u00fablica para comemorar seu anivers\u00e1rio"}]},{"@type":"WebSite","@id":"https:\/\/blogdacondessa.com.br\/blog\/#website","url":"https:\/\/blogdacondessa.com.br\/blog\/","name":"Blog da Condessa","description":"Com Shirley de Souza O\u2019Campos","potentialAction":[{"@type":"SearchAction","target":{"@type":"EntryPoint","urlTemplate":"https:\/\/blogdacondessa.com.br\/blog\/?s={search_term_string}"},"query-input":{"@type":"PropertyValueSpecification","valueRequired":true,"valueName":"search_term_string"}}],"inLanguage":"pt-BR"},{"@type":"Person","@id":"https:\/\/blogdacondessa.com.br\/blog\/#\/schema\/person\/1d667ff8b785195b568677489d266035","name":"Blog da Condessa","image":{"@type":"ImageObject","inLanguage":"pt-BR","@id":"https:\/\/secure.gravatar.com\/avatar\/377c0eb8b4ad2bfc25461b41564b5971e721ca34a57642868fc7b0c8ac7b52c5?s=96&d=mm&r=g","url":"https:\/\/secure.gravatar.com\/avatar\/377c0eb8b4ad2bfc25461b41564b5971e721ca34a57642868fc7b0c8ac7b52c5?s=96&d=mm&r=g","contentUrl":"https:\/\/secure.gravatar.com\/avatar\/377c0eb8b4ad2bfc25461b41564b5971e721ca34a57642868fc7b0c8ac7b52c5?s=96&d=mm&r=g","caption":"Blog da Condessa"},"url":"https:\/\/blogdacondessa.com.br\/blog\/author\/beatriz\/"}]}},"_links":{"self":[{"href":"https:\/\/blogdacondessa.com.br\/blog\/wp-json\/wp\/v2\/posts\/11211","targetHints":{"allow":["GET"]}}],"collection":[{"href":"https:\/\/blogdacondessa.com.br\/blog\/wp-json\/wp\/v2\/posts"}],"about":[{"href":"https:\/\/blogdacondessa.com.br\/blog\/wp-json\/wp\/v2\/types\/post"}],"author":[{"embeddable":true,"href":"https:\/\/blogdacondessa.com.br\/blog\/wp-json\/wp\/v2\/users\/2"}],"replies":[{"embeddable":true,"href":"https:\/\/blogdacondessa.com.br\/blog\/wp-json\/wp\/v2\/comments?post=11211"}],"version-history":[{"count":0,"href":"https:\/\/blogdacondessa.com.br\/blog\/wp-json\/wp\/v2\/posts\/11211\/revisions"}],"wp:featuredmedia":[{"embeddable":true,"href":"https:\/\/blogdacondessa.com.br\/blog\/wp-json\/wp\/v2\/media\/11212"}],"wp:attachment":[{"href":"https:\/\/blogdacondessa.com.br\/blog\/wp-json\/wp\/v2\/media?parent=11211"}],"wp:term":[{"taxonomy":"category","embeddable":true,"href":"https:\/\/blogdacondessa.com.br\/blog\/wp-json\/wp\/v2\/categories?post=11211"},{"taxonomy":"post_tag","embeddable":true,"href":"https:\/\/blogdacondessa.com.br\/blog\/wp-json\/wp\/v2\/tags?post=11211"}],"curies":[{"name":"wp","href":"https:\/\/api.w.org\/{rel}","templated":true}]}}