{"id":11208,"date":"2025-02-08T05:00:29","date_gmt":"2025-02-08T09:00:29","guid":{"rendered":"https:\/\/blogdacondessa.com.br\/blog\/?p=11208"},"modified":"2025-02-07T18:09:55","modified_gmt":"2025-02-07T22:09:55","slug":"especialista-explica-como-funciona-o-procedimento-que-corrige-o-popular-freio-na-lingua","status":"publish","type":"post","link":"https:\/\/blogdacondessa.com.br\/blog\/saude\/especialista-explica-como-funciona-o-procedimento-que-corrige-o-popular-freio-na-lingua\/","title":{"rendered":"Especialista explica como funciona o procedimento que corrige o popular \u201cfreio na l\u00edngua\u201d"},"content":{"rendered":"<p>A \u201cl\u00edngua presa\u201d, conhecida nos termos m\u00e9dicos como anquiloglossia, \u00e9 uma condi\u00e7\u00e3o em que o fr\u00eanulo lingual \u00e9 curto, espesso ou resistente, dificultando movimenta\u00e7\u00e3o da l\u00edngua. A origem pode ser gen\u00e9tica ou por traumas, e atinge beb\u00eas e adultos. \u00c9 o caso de Ravi, filho da influenciadora Viih Tube, que com poucos meses de vida ser\u00e1 submetido a uma cirurgia de corre\u00e7\u00e3o na l\u00edngua: a frenectomia. No caso de beb\u00eas, o fr\u00eanulo curto, o chamado \u201cfreio da l\u00edngua\u201d pode dificultar a amamenta\u00e7\u00e3o ao n\u00e3o permitir a suc\u00e7\u00e3o adequada.<br \/>\nSegundo o m\u00e9dico Paulo Mendes Junior, otorrinolaringologista do IPO (www.hospitalipo.com), maior hospital do segmento na Am\u00e9rica Latina, o procedimento \u00e9 simples, mas que pode trazer grandes benef\u00edcios para a fala, a alimenta\u00e7\u00e3o e a est\u00e9tica dent\u00e1ria, melhorando a qualidade de vida de beb\u00eas, crian\u00e7as e adultos. &#8220;O corte do fr\u00eanulo, chamado popularmente de \u2018freio na l\u00edngua\u2019 \u00e9 simples. Ele pode ser feito em consult\u00f3rio, at\u00e9 mesmo por dentistas. Mas para melhor conforto do paciente, pode ser orientado a realizar no centro cir\u00fargico para a necessidade da seda\u00e7\u00e3o anest\u00e9sica, que seria uma m\u00e1scara que libera anest\u00e9sico. O paciente tem alta no mesmo dia e n\u00e3o precisa passar por internamento\u201d, detalha o especialista.<br \/>\nA frenectomia, tem anestesia local, com diferentes t\u00e9cnicas dispon\u00edveis para o corte do \u201cfreio\u201d. Na cirurgia, as fibras devem ser removidas completamente, de forma bem cuidadosa para que o \u201cfreio\u201d n\u00e3o apare\u00e7a novamente e uma nova cirurgia seja necess\u00e1ria. Em alguns casos pode ser necess\u00e1rio fonoaudiol\u00f3gico. \u201cO p\u00f3s-operat\u00f3rio \u00e9 tranquilo e inclui repouso de pelo menos 24 horas. Indicamos tamb\u00e9m a aus\u00eancia de atividades f\u00edsicas nos sete primeiros dias, al\u00e9m do consumo exclusivo de alimentos l\u00edquidos, pastosos e frios nos tr\u00eas primeiros dias. Por ser um procedimento r\u00e1pido e que exige cuidados b\u00e1sicos no p\u00f3s-operat\u00f3rio, \u00e9 interessante que ele seja realizado nos primeiros meses de vida\u201d, revela Paulo Mendes Junior.<br \/>\nAl\u00e9m da \u201cl\u00edngua presa\u201d, a frenectomia \u00e9 recomendada com frequ\u00eancia para casos em que o freio labial \u00e9 muito curto ou espesso, causando, por exemplo, um espa\u00e7o excessivo entre os dentes superiores centrais. Por ser um procedimento tranquilo e de f\u00e1cil recupera\u00e7\u00e3o, a frenectomia pode ser realizada desde os primeiros dias de vida. Em beb\u00eas, o diagn\u00f3stico de anquiloglossia geralmente \u00e9 feito logo ap\u00f3s o nascimento, especialmente se houver dificuldades na amamenta\u00e7\u00e3o. \u201cPara crian\u00e7as maiores, a cirurgia costuma ser recomendada quando h\u00e1 impacto na fala ou na denti\u00e7\u00e3o. J\u00e1 em adultos, a indica\u00e7\u00e3o pode surgir por dificuldades na mastiga\u00e7\u00e3o, fona\u00e7\u00e3o ou est\u00e9tica dent\u00e1ria\u201d, completa o especialista.<br \/>\n<strong>O SUS Cobre a Frenectomia?<\/strong><br \/>\nSim, o Sistema \u00danico de Sa\u00fade (SUS) cobre a frenectomia nos casos em que h\u00e1 indica\u00e7\u00e3o m\u00e9dica ou odontol\u00f3gica, especialmente quando o problema compromete fun\u00e7\u00f5es essenciais como a alimenta\u00e7\u00e3o e a fala. O procedimento pode ser realizado em hospitais p\u00fablicos ou em unidades b\u00e1sicas de sa\u00fade com atendimento odontol\u00f3gico especializado.<\/p>\n","protected":false},"excerpt":{"rendered":"<p>A \u201cl\u00edngua presa\u201d, conhecida nos termos m\u00e9dicos como anquiloglossia, \u00e9 uma condi\u00e7\u00e3o em que o fr\u00eanulo lingual \u00e9 curto, espesso ou resistente, dificultando movimenta\u00e7\u00e3o da l\u00edngua. A origem pode ser gen\u00e9tica ou por traumas, e atinge beb\u00eas e adultos. \u00c9 o caso de Ravi, filho da influenciadora Viih Tube, que com poucos meses de vida [&hellip;]<\/p>\n","protected":false},"author":2,"featured_media":11209,"comment_status":"closed","ping_status":"closed","sticky":false,"template":"","format":"standard","meta":{"iawp_total_views":20,"footnotes":""},"categories":[5],"tags":[],"class_list":["post-11208","post","type-post","status-publish","format-standard","has-post-thumbnail","hentry","category-saude"],"yoast_head":"<!-- This site is optimized with the Yoast SEO plugin v27.3 - https:\/\/yoast.com\/product\/yoast-seo-wordpress\/ -->\n<title>Especialista explica como funciona o procedimento que corrige o popular \u201cfreio na l\u00edngua\u201d &#8902; Blog da Condessa<\/title>\n<meta name=\"robots\" content=\"index, follow, max-snippet:-1, max-image-preview:large, max-video-preview:-1\" \/>\n<link rel=\"canonical\" href=\"https:\/\/blogdacondessa.com.br\/blog\/saude\/especialista-explica-como-funciona-o-procedimento-que-corrige-o-popular-freio-na-lingua\/\" \/>\n<meta property=\"og:locale\" content=\"pt_BR\" \/>\n<meta property=\"og:type\" content=\"article\" \/>\n<meta property=\"og:title\" content=\"Especialista explica como funciona o procedimento que corrige o popular \u201cfreio na l\u00edngua\u201d &#8902; Blog da Condessa\" \/>\n<meta property=\"og:description\" content=\"A \u201cl\u00edngua presa\u201d, conhecida nos termos m\u00e9dicos como anquiloglossia, \u00e9 uma condi\u00e7\u00e3o em que o fr\u00eanulo lingual \u00e9 curto, espesso ou resistente, dificultando movimenta\u00e7\u00e3o da l\u00edngua. A origem pode ser gen\u00e9tica ou por traumas, e atinge beb\u00eas e adultos. \u00c9 o caso de Ravi, filho da influenciadora Viih Tube, que com poucos meses de vida [&hellip;]\" \/>\n<meta property=\"og:url\" content=\"https:\/\/blogdacondessa.com.br\/blog\/saude\/especialista-explica-como-funciona-o-procedimento-que-corrige-o-popular-freio-na-lingua\/\" \/>\n<meta property=\"og:site_name\" content=\"Blog da Condessa\" \/>\n<meta property=\"article:published_time\" content=\"2025-02-08T09:00:29+00:00\" \/>\n<meta property=\"og:image\" content=\"https:\/\/blogdacondessa.com.br\/blog\/wp-content\/uploads\/2025\/02\/Frenectomia-Foto_Prefeitura-de-Buzios.jpg\" \/>\n\t<meta property=\"og:image:width\" content=\"1280\" \/>\n\t<meta property=\"og:image:height\" content=\"960\" \/>\n\t<meta property=\"og:image:type\" content=\"image\/jpeg\" \/>\n<meta name=\"author\" content=\"Blog da Condessa\" \/>\n<meta name=\"twitter:card\" content=\"summary_large_image\" \/>\n<meta name=\"twitter:label1\" content=\"Escrito por\" \/>\n\t<meta name=\"twitter:data1\" content=\"Blog da Condessa\" \/>\n\t<meta name=\"twitter:label2\" content=\"Est. tempo de leitura\" \/>\n\t<meta name=\"twitter:data2\" content=\"3 minutos\" \/>\n<script type=\"application\/ld+json\" class=\"yoast-schema-graph\">{\"@context\":\"https:\\\/\\\/schema.org\",\"@graph\":[{\"@type\":\"Article\",\"@id\":\"https:\\\/\\\/blogdacondessa.com.br\\\/blog\\\/saude\\\/especialista-explica-como-funciona-o-procedimento-que-corrige-o-popular-freio-na-lingua\\\/#article\",\"isPartOf\":{\"@id\":\"https:\\\/\\\/blogdacondessa.com.br\\\/blog\\\/saude\\\/especialista-explica-como-funciona-o-procedimento-que-corrige-o-popular-freio-na-lingua\\\/\"},\"author\":{\"name\":\"Blog da Condessa\",\"@id\":\"https:\\\/\\\/blogdacondessa.com.br\\\/blog\\\/#\\\/schema\\\/person\\\/1d667ff8b785195b568677489d266035\"},\"headline\":\"Especialista explica como funciona o procedimento que corrige o popular \u201cfreio na l\u00edngua\u201d\",\"datePublished\":\"2025-02-08T09:00:29+00:00\",\"mainEntityOfPage\":{\"@id\":\"https:\\\/\\\/blogdacondessa.com.br\\\/blog\\\/saude\\\/especialista-explica-como-funciona-o-procedimento-que-corrige-o-popular-freio-na-lingua\\\/\"},\"wordCount\":554,\"image\":{\"@id\":\"https:\\\/\\\/blogdacondessa.com.br\\\/blog\\\/saude\\\/especialista-explica-como-funciona-o-procedimento-que-corrige-o-popular-freio-na-lingua\\\/#primaryimage\"},\"thumbnailUrl\":\"https:\\\/\\\/blogdacondessa.com.br\\\/blog\\\/wp-content\\\/uploads\\\/2025\\\/02\\\/Frenectomia-Foto_Prefeitura-de-Buzios.jpg\",\"articleSection\":[\"Sa\u00fade\"],\"inLanguage\":\"pt-BR\"},{\"@type\":\"WebPage\",\"@id\":\"https:\\\/\\\/blogdacondessa.com.br\\\/blog\\\/saude\\\/especialista-explica-como-funciona-o-procedimento-que-corrige-o-popular-freio-na-lingua\\\/\",\"url\":\"https:\\\/\\\/blogdacondessa.com.br\\\/blog\\\/saude\\\/especialista-explica-como-funciona-o-procedimento-que-corrige-o-popular-freio-na-lingua\\\/\",\"name\":\"Especialista explica como funciona o procedimento que corrige o popular \u201cfreio na l\u00edngua\u201d &#8902; Blog da Condessa\",\"isPartOf\":{\"@id\":\"https:\\\/\\\/blogdacondessa.com.br\\\/blog\\\/#website\"},\"primaryImageOfPage\":{\"@id\":\"https:\\\/\\\/blogdacondessa.com.br\\\/blog\\\/saude\\\/especialista-explica-como-funciona-o-procedimento-que-corrige-o-popular-freio-na-lingua\\\/#primaryimage\"},\"image\":{\"@id\":\"https:\\\/\\\/blogdacondessa.com.br\\\/blog\\\/saude\\\/especialista-explica-como-funciona-o-procedimento-que-corrige-o-popular-freio-na-lingua\\\/#primaryimage\"},\"thumbnailUrl\":\"https:\\\/\\\/blogdacondessa.com.br\\\/blog\\\/wp-content\\\/uploads\\\/2025\\\/02\\\/Frenectomia-Foto_Prefeitura-de-Buzios.jpg\",\"datePublished\":\"2025-02-08T09:00:29+00:00\",\"author\":{\"@id\":\"https:\\\/\\\/blogdacondessa.com.br\\\/blog\\\/#\\\/schema\\\/person\\\/1d667ff8b785195b568677489d266035\"},\"breadcrumb\":{\"@id\":\"https:\\\/\\\/blogdacondessa.com.br\\\/blog\\\/saude\\\/especialista-explica-como-funciona-o-procedimento-que-corrige-o-popular-freio-na-lingua\\\/#breadcrumb\"},\"inLanguage\":\"pt-BR\",\"potentialAction\":[{\"@type\":\"ReadAction\",\"target\":[\"https:\\\/\\\/blogdacondessa.com.br\\\/blog\\\/saude\\\/especialista-explica-como-funciona-o-procedimento-que-corrige-o-popular-freio-na-lingua\\\/\"]}]},{\"@type\":\"ImageObject\",\"inLanguage\":\"pt-BR\",\"@id\":\"https:\\\/\\\/blogdacondessa.com.br\\\/blog\\\/saude\\\/especialista-explica-como-funciona-o-procedimento-que-corrige-o-popular-freio-na-lingua\\\/#primaryimage\",\"url\":\"https:\\\/\\\/blogdacondessa.com.br\\\/blog\\\/wp-content\\\/uploads\\\/2025\\\/02\\\/Frenectomia-Foto_Prefeitura-de-Buzios.jpg\",\"contentUrl\":\"https:\\\/\\\/blogdacondessa.com.br\\\/blog\\\/wp-content\\\/uploads\\\/2025\\\/02\\\/Frenectomia-Foto_Prefeitura-de-Buzios.jpg\",\"width\":1280,\"height\":960,\"caption\":\"Foto: Assessoria\"},{\"@type\":\"BreadcrumbList\",\"@id\":\"https:\\\/\\\/blogdacondessa.com.br\\\/blog\\\/saude\\\/especialista-explica-como-funciona-o-procedimento-que-corrige-o-popular-freio-na-lingua\\\/#breadcrumb\",\"itemListElement\":[{\"@type\":\"ListItem\",\"position\":1,\"name\":\"In\u00edcio\",\"item\":\"https:\\\/\\\/blogdacondessa.com.br\\\/blog\\\/\"},{\"@type\":\"ListItem\",\"position\":2,\"name\":\"Especialista explica como funciona o procedimento que corrige o popular \u201cfreio na l\u00edngua\u201d\"}]},{\"@type\":\"WebSite\",\"@id\":\"https:\\\/\\\/blogdacondessa.com.br\\\/blog\\\/#website\",\"url\":\"https:\\\/\\\/blogdacondessa.com.br\\\/blog\\\/\",\"name\":\"Blog da Condessa\",\"description\":\"Com Shirley de Souza O\u2019Campos\",\"potentialAction\":[{\"@type\":\"SearchAction\",\"target\":{\"@type\":\"EntryPoint\",\"urlTemplate\":\"https:\\\/\\\/blogdacondessa.com.br\\\/blog\\\/?s={search_term_string}\"},\"query-input\":{\"@type\":\"PropertyValueSpecification\",\"valueRequired\":true,\"valueName\":\"search_term_string\"}}],\"inLanguage\":\"pt-BR\"},{\"@type\":\"Person\",\"@id\":\"https:\\\/\\\/blogdacondessa.com.br\\\/blog\\\/#\\\/schema\\\/person\\\/1d667ff8b785195b568677489d266035\",\"name\":\"Blog da Condessa\",\"image\":{\"@type\":\"ImageObject\",\"inLanguage\":\"pt-BR\",\"@id\":\"https:\\\/\\\/secure.gravatar.com\\\/avatar\\\/377c0eb8b4ad2bfc25461b41564b5971e721ca34a57642868fc7b0c8ac7b52c5?s=96&d=mm&r=g\",\"url\":\"https:\\\/\\\/secure.gravatar.com\\\/avatar\\\/377c0eb8b4ad2bfc25461b41564b5971e721ca34a57642868fc7b0c8ac7b52c5?s=96&d=mm&r=g\",\"contentUrl\":\"https:\\\/\\\/secure.gravatar.com\\\/avatar\\\/377c0eb8b4ad2bfc25461b41564b5971e721ca34a57642868fc7b0c8ac7b52c5?s=96&d=mm&r=g\",\"caption\":\"Blog da Condessa\"},\"url\":\"https:\\\/\\\/blogdacondessa.com.br\\\/blog\\\/author\\\/beatriz\\\/\"}]}<\/script>\n<!-- \/ Yoast SEO plugin. -->","yoast_head_json":{"title":"Especialista explica como funciona o procedimento que corrige o popular \u201cfreio na l\u00edngua\u201d &#8902; Blog da Condessa","robots":{"index":"index","follow":"follow","max-snippet":"max-snippet:-1","max-image-preview":"max-image-preview:large","max-video-preview":"max-video-preview:-1"},"canonical":"https:\/\/blogdacondessa.com.br\/blog\/saude\/especialista-explica-como-funciona-o-procedimento-que-corrige-o-popular-freio-na-lingua\/","og_locale":"pt_BR","og_type":"article","og_title":"Especialista explica como funciona o procedimento que corrige o popular \u201cfreio na l\u00edngua\u201d &#8902; Blog da Condessa","og_description":"A \u201cl\u00edngua presa\u201d, conhecida nos termos m\u00e9dicos como anquiloglossia, \u00e9 uma condi\u00e7\u00e3o em que o fr\u00eanulo lingual \u00e9 curto, espesso ou resistente, dificultando movimenta\u00e7\u00e3o da l\u00edngua. A origem pode ser gen\u00e9tica ou por traumas, e atinge beb\u00eas e adultos. \u00c9 o caso de Ravi, filho da influenciadora Viih Tube, que com poucos meses de vida [&hellip;]","og_url":"https:\/\/blogdacondessa.com.br\/blog\/saude\/especialista-explica-como-funciona-o-procedimento-que-corrige-o-popular-freio-na-lingua\/","og_site_name":"Blog da Condessa","article_published_time":"2025-02-08T09:00:29+00:00","og_image":[{"width":1280,"height":960,"url":"https:\/\/blogdacondessa.com.br\/blog\/wp-content\/uploads\/2025\/02\/Frenectomia-Foto_Prefeitura-de-Buzios.jpg","type":"image\/jpeg"}],"author":"Blog da Condessa","twitter_card":"summary_large_image","twitter_misc":{"Escrito por":"Blog da Condessa","Est. tempo de leitura":"3 minutos"},"schema":{"@context":"https:\/\/schema.org","@graph":[{"@type":"Article","@id":"https:\/\/blogdacondessa.com.br\/blog\/saude\/especialista-explica-como-funciona-o-procedimento-que-corrige-o-popular-freio-na-lingua\/#article","isPartOf":{"@id":"https:\/\/blogdacondessa.com.br\/blog\/saude\/especialista-explica-como-funciona-o-procedimento-que-corrige-o-popular-freio-na-lingua\/"},"author":{"name":"Blog da Condessa","@id":"https:\/\/blogdacondessa.com.br\/blog\/#\/schema\/person\/1d667ff8b785195b568677489d266035"},"headline":"Especialista explica como funciona o procedimento que corrige o popular \u201cfreio na l\u00edngua\u201d","datePublished":"2025-02-08T09:00:29+00:00","mainEntityOfPage":{"@id":"https:\/\/blogdacondessa.com.br\/blog\/saude\/especialista-explica-como-funciona-o-procedimento-que-corrige-o-popular-freio-na-lingua\/"},"wordCount":554,"image":{"@id":"https:\/\/blogdacondessa.com.br\/blog\/saude\/especialista-explica-como-funciona-o-procedimento-que-corrige-o-popular-freio-na-lingua\/#primaryimage"},"thumbnailUrl":"https:\/\/blogdacondessa.com.br\/blog\/wp-content\/uploads\/2025\/02\/Frenectomia-Foto_Prefeitura-de-Buzios.jpg","articleSection":["Sa\u00fade"],"inLanguage":"pt-BR"},{"@type":"WebPage","@id":"https:\/\/blogdacondessa.com.br\/blog\/saude\/especialista-explica-como-funciona-o-procedimento-que-corrige-o-popular-freio-na-lingua\/","url":"https:\/\/blogdacondessa.com.br\/blog\/saude\/especialista-explica-como-funciona-o-procedimento-que-corrige-o-popular-freio-na-lingua\/","name":"Especialista explica como funciona o procedimento que corrige o popular \u201cfreio na l\u00edngua\u201d &#8902; Blog da Condessa","isPartOf":{"@id":"https:\/\/blogdacondessa.com.br\/blog\/#website"},"primaryImageOfPage":{"@id":"https:\/\/blogdacondessa.com.br\/blog\/saude\/especialista-explica-como-funciona-o-procedimento-que-corrige-o-popular-freio-na-lingua\/#primaryimage"},"image":{"@id":"https:\/\/blogdacondessa.com.br\/blog\/saude\/especialista-explica-como-funciona-o-procedimento-que-corrige-o-popular-freio-na-lingua\/#primaryimage"},"thumbnailUrl":"https:\/\/blogdacondessa.com.br\/blog\/wp-content\/uploads\/2025\/02\/Frenectomia-Foto_Prefeitura-de-Buzios.jpg","datePublished":"2025-02-08T09:00:29+00:00","author":{"@id":"https:\/\/blogdacondessa.com.br\/blog\/#\/schema\/person\/1d667ff8b785195b568677489d266035"},"breadcrumb":{"@id":"https:\/\/blogdacondessa.com.br\/blog\/saude\/especialista-explica-como-funciona-o-procedimento-que-corrige-o-popular-freio-na-lingua\/#breadcrumb"},"inLanguage":"pt-BR","potentialAction":[{"@type":"ReadAction","target":["https:\/\/blogdacondessa.com.br\/blog\/saude\/especialista-explica-como-funciona-o-procedimento-que-corrige-o-popular-freio-na-lingua\/"]}]},{"@type":"ImageObject","inLanguage":"pt-BR","@id":"https:\/\/blogdacondessa.com.br\/blog\/saude\/especialista-explica-como-funciona-o-procedimento-que-corrige-o-popular-freio-na-lingua\/#primaryimage","url":"https:\/\/blogdacondessa.com.br\/blog\/wp-content\/uploads\/2025\/02\/Frenectomia-Foto_Prefeitura-de-Buzios.jpg","contentUrl":"https:\/\/blogdacondessa.com.br\/blog\/wp-content\/uploads\/2025\/02\/Frenectomia-Foto_Prefeitura-de-Buzios.jpg","width":1280,"height":960,"caption":"Foto: Assessoria"},{"@type":"BreadcrumbList","@id":"https:\/\/blogdacondessa.com.br\/blog\/saude\/especialista-explica-como-funciona-o-procedimento-que-corrige-o-popular-freio-na-lingua\/#breadcrumb","itemListElement":[{"@type":"ListItem","position":1,"name":"In\u00edcio","item":"https:\/\/blogdacondessa.com.br\/blog\/"},{"@type":"ListItem","position":2,"name":"Especialista explica como funciona o procedimento que corrige o popular \u201cfreio na l\u00edngua\u201d"}]},{"@type":"WebSite","@id":"https:\/\/blogdacondessa.com.br\/blog\/#website","url":"https:\/\/blogdacondessa.com.br\/blog\/","name":"Blog da Condessa","description":"Com Shirley de Souza O\u2019Campos","potentialAction":[{"@type":"SearchAction","target":{"@type":"EntryPoint","urlTemplate":"https:\/\/blogdacondessa.com.br\/blog\/?s={search_term_string}"},"query-input":{"@type":"PropertyValueSpecification","valueRequired":true,"valueName":"search_term_string"}}],"inLanguage":"pt-BR"},{"@type":"Person","@id":"https:\/\/blogdacondessa.com.br\/blog\/#\/schema\/person\/1d667ff8b785195b568677489d266035","name":"Blog da Condessa","image":{"@type":"ImageObject","inLanguage":"pt-BR","@id":"https:\/\/secure.gravatar.com\/avatar\/377c0eb8b4ad2bfc25461b41564b5971e721ca34a57642868fc7b0c8ac7b52c5?s=96&d=mm&r=g","url":"https:\/\/secure.gravatar.com\/avatar\/377c0eb8b4ad2bfc25461b41564b5971e721ca34a57642868fc7b0c8ac7b52c5?s=96&d=mm&r=g","contentUrl":"https:\/\/secure.gravatar.com\/avatar\/377c0eb8b4ad2bfc25461b41564b5971e721ca34a57642868fc7b0c8ac7b52c5?s=96&d=mm&r=g","caption":"Blog da Condessa"},"url":"https:\/\/blogdacondessa.com.br\/blog\/author\/beatriz\/"}]}},"_links":{"self":[{"href":"https:\/\/blogdacondessa.com.br\/blog\/wp-json\/wp\/v2\/posts\/11208","targetHints":{"allow":["GET"]}}],"collection":[{"href":"https:\/\/blogdacondessa.com.br\/blog\/wp-json\/wp\/v2\/posts"}],"about":[{"href":"https:\/\/blogdacondessa.com.br\/blog\/wp-json\/wp\/v2\/types\/post"}],"author":[{"embeddable":true,"href":"https:\/\/blogdacondessa.com.br\/blog\/wp-json\/wp\/v2\/users\/2"}],"replies":[{"embeddable":true,"href":"https:\/\/blogdacondessa.com.br\/blog\/wp-json\/wp\/v2\/comments?post=11208"}],"version-history":[{"count":0,"href":"https:\/\/blogdacondessa.com.br\/blog\/wp-json\/wp\/v2\/posts\/11208\/revisions"}],"wp:featuredmedia":[{"embeddable":true,"href":"https:\/\/blogdacondessa.com.br\/blog\/wp-json\/wp\/v2\/media\/11209"}],"wp:attachment":[{"href":"https:\/\/blogdacondessa.com.br\/blog\/wp-json\/wp\/v2\/media?parent=11208"}],"wp:term":[{"taxonomy":"category","embeddable":true,"href":"https:\/\/blogdacondessa.com.br\/blog\/wp-json\/wp\/v2\/categories?post=11208"},{"taxonomy":"post_tag","embeddable":true,"href":"https:\/\/blogdacondessa.com.br\/blog\/wp-json\/wp\/v2\/tags?post=11208"}],"curies":[{"name":"wp","href":"https:\/\/api.w.org\/{rel}","templated":true}]}}