{"id":11057,"date":"2025-01-10T05:00:27","date_gmt":"2025-01-10T09:00:27","guid":{"rendered":"https:\/\/blogdacondessa.com.br\/blog\/?p=11057"},"modified":"2025-01-09T19:34:35","modified_gmt":"2025-01-09T23:34:35","slug":"colonia-de-ferias-gratuita-agita-garotada-trazendo-diversao-cultura-e-muito-conhecimento","status":"publish","type":"post","link":"https:\/\/blogdacondessa.com.br\/blog\/cotidiano\/colonia-de-ferias-gratuita-agita-garotada-trazendo-diversao-cultura-e-muito-conhecimento\/","title":{"rendered":"Col\u00f4nia de f\u00e9rias gratuita agita garotada trazendo divers\u00e3o, cultura e muito conhecimento"},"content":{"rendered":"<p>Vagas s\u00e3o limitadas; atividades s\u00e3o realizadas todos os s\u00e1bados e precisam de agendamento.<br \/>\nO Museu de Arte Sacra de Mato Grosso (MAS-MT) realiza mais uma edi\u00e7\u00e3o da Col\u00f4nia de F\u00e9rias que promete agitar a garotada, proporcionando mais que divers\u00e3o, como atividades l\u00fadicas, art\u00edsticas e criativas.<br \/>\nA temporada tem in\u00edcio no dia 15 deste m\u00eas e vai at\u00e9 o dia 19 e \u00e9 voltada \u00e0s crian\u00e7as de 5 a 13 anos. Como explica a diretora do MAS-MT, Viviene Lozi, as turmas ser\u00e3o divididas em matutino \u2013 atendimento de 5 a 9 anos \u2013 e vespertino \u2013 de 10 a 13 anos -. \u201cAs inscri\u00e7\u00f5es s\u00e3o gratuitas, est\u00e3o abertas e s\u00e3o limitadas\u201d, alerta.<br \/>\nAl\u00e9m de atividades como jogos, brincadeiras tradicionais e atividades ao ar livre, as crian\u00e7as ter\u00e3o a oportunidade de conhecer um pouco do museu, por meio do tour. \u201c\u00c9 uma experi\u00eancia que permite conhecer a hist\u00f3ria e a arte sacra de forma l\u00fadica e divertida. Para al\u00e9m disso, existem outras atividades focadas na criatividade e no desenvolvimento das habilidades, por meio de oficinas de pintura, desenho e colagem. Ser\u00e1 uma temporada repleta de arte, aprendizado e momentos inesquec\u00edveis\u201d, pontua Viviene.<br \/>\nTodas as atividades ser\u00e3o ministradas por artistas locais e renomados como: Carlos Pina, Rita Ximenes, Isabel Ara\u00fajo e Dayse Ojeda. As crian\u00e7as ter\u00e3o ainda sess\u00e3o de cinema acompanhada de pipoca.<br \/>\n<strong>Programa\u00e7\u00e3o:<\/strong><br \/>\n15\/01\/2025 &#8211; Identificando o Museu de Arte Sacra, Ca\u00e7a ao Tesouro e Oficina de Block Print<br \/>\nMatutino, 08h30 \u00e0s 12h: 05 a 09 anos<br \/>\nVespertino, 13h30 \u00e0s 17h: 10 a 13 anos<br \/>\nArtista: Rita Ximenes<\/p>\n<p>16\/01\/2025 &#8211; Cinema e Jogos Educativos<br \/>\nMatutino, 08h30 \u00e0s 12h: 05 a 09 anos<br \/>\nVespertino, 13h30 \u00e0s 17h: 10 a 13 anos<\/p>\n<p>17\/01\/2025 &#8211; Oficina de Pintura a Dedo e Jogos Educativos<br \/>\nMatutino, 08h30 \u00e0s 12h: 05 a 09 anos<br \/>\nVespertino, 13h30 \u00e0s 17h: 10 a 13 anos<br \/>\nArtista: Isabel Ara\u00fajo<br \/>\n18\/01\/2025 &#8211; Oficina de Ter\u00e7os e Jogos Educativos<br \/>\nMatutino, 08h30 \u00e0s 12h: 05 a 09 anos<br \/>\nVespertino, 13h30 \u00e0s 17h: 10 a 13 anos<br \/>\nArtista: Dayse Ojeda<\/p>\n<p>19\/01\/2025- Oficina de Desenho em Azulejo e Jogos Educativos<br \/>\nMatutino, 10h \u00e0s 12h: 05 a 13 anos<br \/>\nArtista: Carlos Pina<br \/>\nDurante o per\u00edodo de atividades da Col\u00f4nia de f\u00e9rias, ser\u00e1 servido lanche aos participantes para repor as energias e aproveitar ao m\u00e1ximo o dia. Caso a crian\u00e7a possua algum tipo de restri\u00e7\u00e3o alimentar, solicitamos aos pais que tragam o lanche com as devidas orienta\u00e7\u00f5es m\u00e9dicas. Crian\u00e7as com defici\u00eancias devem estar acompanhadas de pais ou respons\u00e1veis.<br \/>\nServi\u00e7o<br \/>\nInscri\u00e7\u00f5es gratuitas pelo link da bio: https:\/\/linktr.ee\/masmt<br \/>\nPara mais informa\u00e7\u00f5es ou d\u00favidas, entre em contato conosco:<br \/>\nWhastApp: (65) 9 9965-0319.<br \/>\nTelefone: (65) 3056-1373.<\/p>\n","protected":false},"excerpt":{"rendered":"<p>Vagas s\u00e3o limitadas; atividades s\u00e3o realizadas todos os s\u00e1bados e precisam de agendamento. O Museu de Arte Sacra de Mato Grosso (MAS-MT) realiza mais uma edi\u00e7\u00e3o da Col\u00f4nia de F\u00e9rias que promete agitar a garotada, proporcionando mais que divers\u00e3o, como atividades l\u00fadicas, art\u00edsticas e criativas. A temporada tem in\u00edcio no dia 15 deste m\u00eas e [&hellip;]<\/p>\n","protected":false},"author":2,"featured_media":11058,"comment_status":"closed","ping_status":"closed","sticky":false,"template":"","format":"standard","meta":{"iawp_total_views":4,"footnotes":""},"categories":[24],"tags":[],"class_list":["post-11057","post","type-post","status-publish","format-standard","has-post-thumbnail","hentry","category-cotidiano"],"yoast_head":"<!-- This site is optimized with the Yoast SEO plugin v27.3 - https:\/\/yoast.com\/product\/yoast-seo-wordpress\/ -->\n<title>Col\u00f4nia de f\u00e9rias gratuita agita garotada trazendo divers\u00e3o, cultura e muito conhecimento &#8902; Blog da Condessa<\/title>\n<meta name=\"robots\" content=\"index, follow, max-snippet:-1, max-image-preview:large, max-video-preview:-1\" \/>\n<link rel=\"canonical\" href=\"https:\/\/blogdacondessa.com.br\/blog\/cotidiano\/colonia-de-ferias-gratuita-agita-garotada-trazendo-diversao-cultura-e-muito-conhecimento\/\" \/>\n<meta property=\"og:locale\" content=\"pt_BR\" \/>\n<meta property=\"og:type\" content=\"article\" \/>\n<meta property=\"og:title\" content=\"Col\u00f4nia de f\u00e9rias gratuita agita garotada trazendo divers\u00e3o, cultura e muito conhecimento &#8902; Blog da Condessa\" \/>\n<meta property=\"og:description\" content=\"Vagas s\u00e3o limitadas; atividades s\u00e3o realizadas todos os s\u00e1bados e precisam de agendamento. O Museu de Arte Sacra de Mato Grosso (MAS-MT) realiza mais uma edi\u00e7\u00e3o da Col\u00f4nia de F\u00e9rias que promete agitar a garotada, proporcionando mais que divers\u00e3o, como atividades l\u00fadicas, art\u00edsticas e criativas. A temporada tem in\u00edcio no dia 15 deste m\u00eas e [&hellip;]\" \/>\n<meta property=\"og:url\" content=\"https:\/\/blogdacondessa.com.br\/blog\/cotidiano\/colonia-de-ferias-gratuita-agita-garotada-trazendo-diversao-cultura-e-muito-conhecimento\/\" \/>\n<meta property=\"og:site_name\" content=\"Blog da Condessa\" \/>\n<meta property=\"article:published_time\" content=\"2025-01-10T09:00:27+00:00\" \/>\n<meta property=\"og:image\" content=\"https:\/\/blogdacondessa.com.br\/blog\/wp-content\/uploads\/2025\/01\/colonia-de-ferias.jpeg\" \/>\n\t<meta property=\"og:image:width\" content=\"920\" \/>\n\t<meta property=\"og:image:height\" content=\"613\" \/>\n\t<meta property=\"og:image:type\" content=\"image\/jpeg\" \/>\n<meta name=\"author\" content=\"Blog da Condessa\" \/>\n<meta name=\"twitter:card\" content=\"summary_large_image\" \/>\n<meta name=\"twitter:label1\" content=\"Escrito por\" \/>\n\t<meta name=\"twitter:data1\" content=\"Blog da Condessa\" \/>\n\t<meta name=\"twitter:label2\" content=\"Est. tempo de leitura\" \/>\n\t<meta name=\"twitter:data2\" content=\"3 minutos\" \/>\n<script type=\"application\/ld+json\" class=\"yoast-schema-graph\">{\"@context\":\"https:\\\/\\\/schema.org\",\"@graph\":[{\"@type\":\"Article\",\"@id\":\"https:\\\/\\\/blogdacondessa.com.br\\\/blog\\\/cotidiano\\\/colonia-de-ferias-gratuita-agita-garotada-trazendo-diversao-cultura-e-muito-conhecimento\\\/#article\",\"isPartOf\":{\"@id\":\"https:\\\/\\\/blogdacondessa.com.br\\\/blog\\\/cotidiano\\\/colonia-de-ferias-gratuita-agita-garotada-trazendo-diversao-cultura-e-muito-conhecimento\\\/\"},\"author\":{\"name\":\"Blog da Condessa\",\"@id\":\"https:\\\/\\\/blogdacondessa.com.br\\\/blog\\\/#\\\/schema\\\/person\\\/1d667ff8b785195b568677489d266035\"},\"headline\":\"Col\u00f4nia de f\u00e9rias gratuita agita garotada trazendo divers\u00e3o, cultura e muito conhecimento\",\"datePublished\":\"2025-01-10T09:00:27+00:00\",\"mainEntityOfPage\":{\"@id\":\"https:\\\/\\\/blogdacondessa.com.br\\\/blog\\\/cotidiano\\\/colonia-de-ferias-gratuita-agita-garotada-trazendo-diversao-cultura-e-muito-conhecimento\\\/\"},\"wordCount\":462,\"image\":{\"@id\":\"https:\\\/\\\/blogdacondessa.com.br\\\/blog\\\/cotidiano\\\/colonia-de-ferias-gratuita-agita-garotada-trazendo-diversao-cultura-e-muito-conhecimento\\\/#primaryimage\"},\"thumbnailUrl\":\"https:\\\/\\\/blogdacondessa.com.br\\\/blog\\\/wp-content\\\/uploads\\\/2025\\\/01\\\/colonia-de-ferias.jpeg\",\"articleSection\":[\"Cotidiano\"],\"inLanguage\":\"pt-BR\"},{\"@type\":\"WebPage\",\"@id\":\"https:\\\/\\\/blogdacondessa.com.br\\\/blog\\\/cotidiano\\\/colonia-de-ferias-gratuita-agita-garotada-trazendo-diversao-cultura-e-muito-conhecimento\\\/\",\"url\":\"https:\\\/\\\/blogdacondessa.com.br\\\/blog\\\/cotidiano\\\/colonia-de-ferias-gratuita-agita-garotada-trazendo-diversao-cultura-e-muito-conhecimento\\\/\",\"name\":\"Col\u00f4nia de f\u00e9rias gratuita agita garotada trazendo divers\u00e3o, cultura e muito conhecimento &#8902; Blog da Condessa\",\"isPartOf\":{\"@id\":\"https:\\\/\\\/blogdacondessa.com.br\\\/blog\\\/#website\"},\"primaryImageOfPage\":{\"@id\":\"https:\\\/\\\/blogdacondessa.com.br\\\/blog\\\/cotidiano\\\/colonia-de-ferias-gratuita-agita-garotada-trazendo-diversao-cultura-e-muito-conhecimento\\\/#primaryimage\"},\"image\":{\"@id\":\"https:\\\/\\\/blogdacondessa.com.br\\\/blog\\\/cotidiano\\\/colonia-de-ferias-gratuita-agita-garotada-trazendo-diversao-cultura-e-muito-conhecimento\\\/#primaryimage\"},\"thumbnailUrl\":\"https:\\\/\\\/blogdacondessa.com.br\\\/blog\\\/wp-content\\\/uploads\\\/2025\\\/01\\\/colonia-de-ferias.jpeg\",\"datePublished\":\"2025-01-10T09:00:27+00:00\",\"author\":{\"@id\":\"https:\\\/\\\/blogdacondessa.com.br\\\/blog\\\/#\\\/schema\\\/person\\\/1d667ff8b785195b568677489d266035\"},\"breadcrumb\":{\"@id\":\"https:\\\/\\\/blogdacondessa.com.br\\\/blog\\\/cotidiano\\\/colonia-de-ferias-gratuita-agita-garotada-trazendo-diversao-cultura-e-muito-conhecimento\\\/#breadcrumb\"},\"inLanguage\":\"pt-BR\",\"potentialAction\":[{\"@type\":\"ReadAction\",\"target\":[\"https:\\\/\\\/blogdacondessa.com.br\\\/blog\\\/cotidiano\\\/colonia-de-ferias-gratuita-agita-garotada-trazendo-diversao-cultura-e-muito-conhecimento\\\/\"]}]},{\"@type\":\"ImageObject\",\"inLanguage\":\"pt-BR\",\"@id\":\"https:\\\/\\\/blogdacondessa.com.br\\\/blog\\\/cotidiano\\\/colonia-de-ferias-gratuita-agita-garotada-trazendo-diversao-cultura-e-muito-conhecimento\\\/#primaryimage\",\"url\":\"https:\\\/\\\/blogdacondessa.com.br\\\/blog\\\/wp-content\\\/uploads\\\/2025\\\/01\\\/colonia-de-ferias.jpeg\",\"contentUrl\":\"https:\\\/\\\/blogdacondessa.com.br\\\/blog\\\/wp-content\\\/uploads\\\/2025\\\/01\\\/colonia-de-ferias.jpeg\",\"width\":920,\"height\":613,\"caption\":\"Foto: Assessoria\"},{\"@type\":\"BreadcrumbList\",\"@id\":\"https:\\\/\\\/blogdacondessa.com.br\\\/blog\\\/cotidiano\\\/colonia-de-ferias-gratuita-agita-garotada-trazendo-diversao-cultura-e-muito-conhecimento\\\/#breadcrumb\",\"itemListElement\":[{\"@type\":\"ListItem\",\"position\":1,\"name\":\"In\u00edcio\",\"item\":\"https:\\\/\\\/blogdacondessa.com.br\\\/blog\\\/\"},{\"@type\":\"ListItem\",\"position\":2,\"name\":\"Col\u00f4nia de f\u00e9rias gratuita agita garotada trazendo divers\u00e3o, cultura e muito conhecimento\"}]},{\"@type\":\"WebSite\",\"@id\":\"https:\\\/\\\/blogdacondessa.com.br\\\/blog\\\/#website\",\"url\":\"https:\\\/\\\/blogdacondessa.com.br\\\/blog\\\/\",\"name\":\"Blog da Condessa\",\"description\":\"Com Shirley de Souza O\u2019Campos\",\"potentialAction\":[{\"@type\":\"SearchAction\",\"target\":{\"@type\":\"EntryPoint\",\"urlTemplate\":\"https:\\\/\\\/blogdacondessa.com.br\\\/blog\\\/?s={search_term_string}\"},\"query-input\":{\"@type\":\"PropertyValueSpecification\",\"valueRequired\":true,\"valueName\":\"search_term_string\"}}],\"inLanguage\":\"pt-BR\"},{\"@type\":\"Person\",\"@id\":\"https:\\\/\\\/blogdacondessa.com.br\\\/blog\\\/#\\\/schema\\\/person\\\/1d667ff8b785195b568677489d266035\",\"name\":\"Blog da Condessa\",\"image\":{\"@type\":\"ImageObject\",\"inLanguage\":\"pt-BR\",\"@id\":\"https:\\\/\\\/secure.gravatar.com\\\/avatar\\\/377c0eb8b4ad2bfc25461b41564b5971e721ca34a57642868fc7b0c8ac7b52c5?s=96&d=mm&r=g\",\"url\":\"https:\\\/\\\/secure.gravatar.com\\\/avatar\\\/377c0eb8b4ad2bfc25461b41564b5971e721ca34a57642868fc7b0c8ac7b52c5?s=96&d=mm&r=g\",\"contentUrl\":\"https:\\\/\\\/secure.gravatar.com\\\/avatar\\\/377c0eb8b4ad2bfc25461b41564b5971e721ca34a57642868fc7b0c8ac7b52c5?s=96&d=mm&r=g\",\"caption\":\"Blog da Condessa\"},\"url\":\"https:\\\/\\\/blogdacondessa.com.br\\\/blog\\\/author\\\/beatriz\\\/\"}]}<\/script>\n<!-- \/ Yoast SEO plugin. -->","yoast_head_json":{"title":"Col\u00f4nia de f\u00e9rias gratuita agita garotada trazendo divers\u00e3o, cultura e muito conhecimento &#8902; Blog da Condessa","robots":{"index":"index","follow":"follow","max-snippet":"max-snippet:-1","max-image-preview":"max-image-preview:large","max-video-preview":"max-video-preview:-1"},"canonical":"https:\/\/blogdacondessa.com.br\/blog\/cotidiano\/colonia-de-ferias-gratuita-agita-garotada-trazendo-diversao-cultura-e-muito-conhecimento\/","og_locale":"pt_BR","og_type":"article","og_title":"Col\u00f4nia de f\u00e9rias gratuita agita garotada trazendo divers\u00e3o, cultura e muito conhecimento &#8902; Blog da Condessa","og_description":"Vagas s\u00e3o limitadas; atividades s\u00e3o realizadas todos os s\u00e1bados e precisam de agendamento. O Museu de Arte Sacra de Mato Grosso (MAS-MT) realiza mais uma edi\u00e7\u00e3o da Col\u00f4nia de F\u00e9rias que promete agitar a garotada, proporcionando mais que divers\u00e3o, como atividades l\u00fadicas, art\u00edsticas e criativas. A temporada tem in\u00edcio no dia 15 deste m\u00eas e [&hellip;]","og_url":"https:\/\/blogdacondessa.com.br\/blog\/cotidiano\/colonia-de-ferias-gratuita-agita-garotada-trazendo-diversao-cultura-e-muito-conhecimento\/","og_site_name":"Blog da Condessa","article_published_time":"2025-01-10T09:00:27+00:00","og_image":[{"width":920,"height":613,"url":"https:\/\/blogdacondessa.com.br\/blog\/wp-content\/uploads\/2025\/01\/colonia-de-ferias.jpeg","type":"image\/jpeg"}],"author":"Blog da Condessa","twitter_card":"summary_large_image","twitter_misc":{"Escrito por":"Blog da Condessa","Est. tempo de leitura":"3 minutos"},"schema":{"@context":"https:\/\/schema.org","@graph":[{"@type":"Article","@id":"https:\/\/blogdacondessa.com.br\/blog\/cotidiano\/colonia-de-ferias-gratuita-agita-garotada-trazendo-diversao-cultura-e-muito-conhecimento\/#article","isPartOf":{"@id":"https:\/\/blogdacondessa.com.br\/blog\/cotidiano\/colonia-de-ferias-gratuita-agita-garotada-trazendo-diversao-cultura-e-muito-conhecimento\/"},"author":{"name":"Blog da Condessa","@id":"https:\/\/blogdacondessa.com.br\/blog\/#\/schema\/person\/1d667ff8b785195b568677489d266035"},"headline":"Col\u00f4nia de f\u00e9rias gratuita agita garotada trazendo divers\u00e3o, cultura e muito conhecimento","datePublished":"2025-01-10T09:00:27+00:00","mainEntityOfPage":{"@id":"https:\/\/blogdacondessa.com.br\/blog\/cotidiano\/colonia-de-ferias-gratuita-agita-garotada-trazendo-diversao-cultura-e-muito-conhecimento\/"},"wordCount":462,"image":{"@id":"https:\/\/blogdacondessa.com.br\/blog\/cotidiano\/colonia-de-ferias-gratuita-agita-garotada-trazendo-diversao-cultura-e-muito-conhecimento\/#primaryimage"},"thumbnailUrl":"https:\/\/blogdacondessa.com.br\/blog\/wp-content\/uploads\/2025\/01\/colonia-de-ferias.jpeg","articleSection":["Cotidiano"],"inLanguage":"pt-BR"},{"@type":"WebPage","@id":"https:\/\/blogdacondessa.com.br\/blog\/cotidiano\/colonia-de-ferias-gratuita-agita-garotada-trazendo-diversao-cultura-e-muito-conhecimento\/","url":"https:\/\/blogdacondessa.com.br\/blog\/cotidiano\/colonia-de-ferias-gratuita-agita-garotada-trazendo-diversao-cultura-e-muito-conhecimento\/","name":"Col\u00f4nia de f\u00e9rias gratuita agita garotada trazendo divers\u00e3o, cultura e muito conhecimento &#8902; Blog da Condessa","isPartOf":{"@id":"https:\/\/blogdacondessa.com.br\/blog\/#website"},"primaryImageOfPage":{"@id":"https:\/\/blogdacondessa.com.br\/blog\/cotidiano\/colonia-de-ferias-gratuita-agita-garotada-trazendo-diversao-cultura-e-muito-conhecimento\/#primaryimage"},"image":{"@id":"https:\/\/blogdacondessa.com.br\/blog\/cotidiano\/colonia-de-ferias-gratuita-agita-garotada-trazendo-diversao-cultura-e-muito-conhecimento\/#primaryimage"},"thumbnailUrl":"https:\/\/blogdacondessa.com.br\/blog\/wp-content\/uploads\/2025\/01\/colonia-de-ferias.jpeg","datePublished":"2025-01-10T09:00:27+00:00","author":{"@id":"https:\/\/blogdacondessa.com.br\/blog\/#\/schema\/person\/1d667ff8b785195b568677489d266035"},"breadcrumb":{"@id":"https:\/\/blogdacondessa.com.br\/blog\/cotidiano\/colonia-de-ferias-gratuita-agita-garotada-trazendo-diversao-cultura-e-muito-conhecimento\/#breadcrumb"},"inLanguage":"pt-BR","potentialAction":[{"@type":"ReadAction","target":["https:\/\/blogdacondessa.com.br\/blog\/cotidiano\/colonia-de-ferias-gratuita-agita-garotada-trazendo-diversao-cultura-e-muito-conhecimento\/"]}]},{"@type":"ImageObject","inLanguage":"pt-BR","@id":"https:\/\/blogdacondessa.com.br\/blog\/cotidiano\/colonia-de-ferias-gratuita-agita-garotada-trazendo-diversao-cultura-e-muito-conhecimento\/#primaryimage","url":"https:\/\/blogdacondessa.com.br\/blog\/wp-content\/uploads\/2025\/01\/colonia-de-ferias.jpeg","contentUrl":"https:\/\/blogdacondessa.com.br\/blog\/wp-content\/uploads\/2025\/01\/colonia-de-ferias.jpeg","width":920,"height":613,"caption":"Foto: Assessoria"},{"@type":"BreadcrumbList","@id":"https:\/\/blogdacondessa.com.br\/blog\/cotidiano\/colonia-de-ferias-gratuita-agita-garotada-trazendo-diversao-cultura-e-muito-conhecimento\/#breadcrumb","itemListElement":[{"@type":"ListItem","position":1,"name":"In\u00edcio","item":"https:\/\/blogdacondessa.com.br\/blog\/"},{"@type":"ListItem","position":2,"name":"Col\u00f4nia de f\u00e9rias gratuita agita garotada trazendo divers\u00e3o, cultura e muito conhecimento"}]},{"@type":"WebSite","@id":"https:\/\/blogdacondessa.com.br\/blog\/#website","url":"https:\/\/blogdacondessa.com.br\/blog\/","name":"Blog da Condessa","description":"Com Shirley de Souza O\u2019Campos","potentialAction":[{"@type":"SearchAction","target":{"@type":"EntryPoint","urlTemplate":"https:\/\/blogdacondessa.com.br\/blog\/?s={search_term_string}"},"query-input":{"@type":"PropertyValueSpecification","valueRequired":true,"valueName":"search_term_string"}}],"inLanguage":"pt-BR"},{"@type":"Person","@id":"https:\/\/blogdacondessa.com.br\/blog\/#\/schema\/person\/1d667ff8b785195b568677489d266035","name":"Blog da Condessa","image":{"@type":"ImageObject","inLanguage":"pt-BR","@id":"https:\/\/secure.gravatar.com\/avatar\/377c0eb8b4ad2bfc25461b41564b5971e721ca34a57642868fc7b0c8ac7b52c5?s=96&d=mm&r=g","url":"https:\/\/secure.gravatar.com\/avatar\/377c0eb8b4ad2bfc25461b41564b5971e721ca34a57642868fc7b0c8ac7b52c5?s=96&d=mm&r=g","contentUrl":"https:\/\/secure.gravatar.com\/avatar\/377c0eb8b4ad2bfc25461b41564b5971e721ca34a57642868fc7b0c8ac7b52c5?s=96&d=mm&r=g","caption":"Blog da Condessa"},"url":"https:\/\/blogdacondessa.com.br\/blog\/author\/beatriz\/"}]}},"_links":{"self":[{"href":"https:\/\/blogdacondessa.com.br\/blog\/wp-json\/wp\/v2\/posts\/11057","targetHints":{"allow":["GET"]}}],"collection":[{"href":"https:\/\/blogdacondessa.com.br\/blog\/wp-json\/wp\/v2\/posts"}],"about":[{"href":"https:\/\/blogdacondessa.com.br\/blog\/wp-json\/wp\/v2\/types\/post"}],"author":[{"embeddable":true,"href":"https:\/\/blogdacondessa.com.br\/blog\/wp-json\/wp\/v2\/users\/2"}],"replies":[{"embeddable":true,"href":"https:\/\/blogdacondessa.com.br\/blog\/wp-json\/wp\/v2\/comments?post=11057"}],"version-history":[{"count":0,"href":"https:\/\/blogdacondessa.com.br\/blog\/wp-json\/wp\/v2\/posts\/11057\/revisions"}],"wp:featuredmedia":[{"embeddable":true,"href":"https:\/\/blogdacondessa.com.br\/blog\/wp-json\/wp\/v2\/media\/11058"}],"wp:attachment":[{"href":"https:\/\/blogdacondessa.com.br\/blog\/wp-json\/wp\/v2\/media?parent=11057"}],"wp:term":[{"taxonomy":"category","embeddable":true,"href":"https:\/\/blogdacondessa.com.br\/blog\/wp-json\/wp\/v2\/categories?post=11057"},{"taxonomy":"post_tag","embeddable":true,"href":"https:\/\/blogdacondessa.com.br\/blog\/wp-json\/wp\/v2\/tags?post=11057"}],"curies":[{"name":"wp","href":"https:\/\/api.w.org\/{rel}","templated":true}]}}