{"id":11005,"date":"2024-12-30T05:00:33","date_gmt":"2024-12-30T09:00:33","guid":{"rendered":"https:\/\/blogdacondessa.com.br\/blog\/?p=11005"},"modified":"2024-12-29T18:37:46","modified_gmt":"2024-12-29T22:37:46","slug":"por-que-cada-vez-mais-pessoas-vivem-mais-do-que-100-anos","status":"publish","type":"post","link":"https:\/\/blogdacondessa.com.br\/blog\/cotidiano\/por-que-cada-vez-mais-pessoas-vivem-mais-do-que-100-anos\/","title":{"rendered":"Por que cada vez mais pessoas vivem mais do que 100 anos?"},"content":{"rendered":"<p>A \u00faltima semana de novembro prometia ser mais uma semana comum para Jo\u00e3o Marinho Neto. O ex-pecuarista estava apenas aguardando o almo\u00e7o \u2013 o frango de panela habitual na casa de repouso onde ele mora, na pequena cidade de Apuiar\u00e9s (CE), a 130 km da capital do Estado, Fortaleza. Mas ele logo chegaria \u00e0s manchetes nacionais e internacionais. Com 112 anos, Neto passou a ser o homem mais velho do mundo. &#8220;E sou tamb\u00e9m o mais bonito&#8221;, brincou ele para a enfermeira que lhe deu a not\u00edcia.<br \/>\nNeto &#8220;herdou&#8221; o lugar no Livro Guinness dos Recordes com a morte do brit\u00e2nico John Tinniswood, em 25 de novembro. Ele tamb\u00e9m tinha 112 anos de idade. Atualmente, a pessoa mais velha do mundo \u00e9 a japonesa Tomiko Itooka, de 116 anos. Mas Itooka tamb\u00e9m \u00e9 uma recordista relativamente nova. Ela foi &#8220;coroada&#8221; em agosto passado.<br \/>\nQuase 1 milh\u00e3o de centen\u00e1rios<br \/>\nA Divis\u00e3o de Popula\u00e7\u00e3o da Organiza\u00e7\u00e3o das Na\u00e7\u00f5es Unidas (ONU) estima que, em 2024, cerca de 588 mil pessoas vivas no planeta tenham comemorado seu 100\u00ba anivers\u00e1rio. A tend\u00eancia \u00e9 que este n\u00famero se aproxime da marca de 1 milh\u00e3o at\u00e9 o final da d\u00e9cada.<br \/>\nEm 1990, apenas 92 mil pessoas atingiram o marco dos tr\u00eas d\u00edgitos.<br \/>\nO ser humano percorreu um longo caminho em termos de expectativa de vida, gra\u00e7as aos avan\u00e7os em uma s\u00e9rie de \u00e1reas que nos deram melhores medicamentos, boa alimenta\u00e7\u00e3o e condi\u00e7\u00f5es de vida vantajosas, em compara\u00e7\u00e3o com nossos ancestrais.<br \/>\nEm m\u00e9dia, uma pessoa que nasceu em 1960 (o primeiro ano em que a ONU come\u00e7ou a manter dados globais sobre longevidade) tinha expectativa de vida de cerca de 52 anos.<br \/>\nSeis d\u00e9cadas depois, a expectativa de vida global m\u00e9dia \u00e9 de 73 anos e a ONU projeta que ela ir\u00e1 atingir 77 anos at\u00e9 2050.<br \/>\nOu seja, mesmo com todos os avan\u00e7os, chegar a 100 anos n\u00e3o \u00e9 pouca coisa. As pessoas que atingiram essa idade representavam apenas 0,007% da popula\u00e7\u00e3o mundial em 2023, segundo os dados da ONU.<br \/>\nE os cientistas alertam que a possibilidade de atingir 100 anos de idade ainda \u00e9 pequena para a maioria de n\u00f3s. Um estudo de 2024, do Instituto Nacional de Pesquisas Demogr\u00e1ficas da Fran\u00e7a, estimou que menos de 2% dos meninos e menos de 5% das meninas nascidas em 2023 ir\u00e3o atingir esta marca.<br \/>\nAl\u00e9m disso, a maioria das pessoas que chega \u00e0 velhice provavelmente ir\u00e1 sofrer de doen\u00e7as cr\u00f4nicas.<br \/>\n&#8220;Viver mais n\u00e3o \u00e9 sin\u00f4nimo de viver bem&#8221;, diz Janet Lord, professora de Biologia Celular da Universidade de Birmingham, no Reino Unido.<br \/>\nLord explica que, em m\u00e9dia, os homens passam seus \u00faltimos 16 anos de vida enfrentando condi\u00e7\u00f5es que v\u00e3o de diabetes \u00e0 dem\u00eancia. Para as mulheres, este tempo sobe para 19 anos.<br \/>\nQual \u00e9 o segredo dos &#8216;supercenten\u00e1rios&#8217;?<br \/>\nSe comemorar 100 anivers\u00e1rios j\u00e1 \u00e9 dif\u00edcil, imagine seguir ainda mais al\u00e9m. Nos Estados Unidos, um estudo de longo prazo da Universidade de Boston estimou que apenas 1 em cada 5 milh\u00f5es de americanos atinge o est\u00e1gio &#8220;supercenten\u00e1rio&#8221; \u2013 quando se ultrapassa os 110 anos.<br \/>\nEsta taxa, por\u00e9m, vem aumentando. O n\u00famero de americanos com 100 anos de idade ou mais aumentou de cerca de 50 mil em 2010 para mais de 80 mil em 2020, segundo os n\u00fameros do Censo dos Estados Unidos.<br \/>\nOs &#8220;supercenten\u00e1rios&#8221; naturalmente atraem muita aten\u00e7\u00e3o dos cientistas que estudam o envelhecimento humano.<br \/>\n&#8220;Esses indiv\u00edduos desafiam o que acontece com a maioria das pessoas na velhice. E ainda n\u00e3o temos certeza do porqu\u00ea&#8221;, segundo Lord.<br \/>\nAl\u00e9m da longevidade, os supercenten\u00e1rios se destacam por terem uma sa\u00fade relativamente boa para sua idade.<br \/>\nNeto, por exemplo, exceto pela sua vis\u00e3o bastante fraca, n\u00e3o tem outros problemas de sa\u00fade, segundo Aleluia Teixeira, uma das enfermeiras que cuida do supercenten\u00e1rio.<br \/>\n&#8220;Ele n\u00e3o precisa de medicamentos, nem tem hist\u00f3rico de doen\u00e7as graves. Ele tem 112 anos!&#8221;, declarou ela \u00e0 BBC.<br \/>\nO que intriga ainda mais os especialistas em idade \u00e9 o fato que algumas pessoas que chegam aos 100 anos ou mais n\u00e3o s\u00e3o exatamente um exemplo de boas pr\u00e1ticas em sa\u00fade.<br \/>\nNeto, por exemplo, viveu uma vida bastante limpa e foi abst\u00eamio, segundo seu filho mais velho, Ant\u00f4nio. Mas outros supercenten\u00e1rios foram, digamos, um pouco mais descuidados.<br \/>\nA francesa Jeanne Calment morreu em 1997, com 122 anos de idade. Oficialmente, ela \u00e9 o \u00fanico ser humano a ter ultrapassado os 120 anos. Mas Calment era fumante e adorava uma barra de chocolate.<br \/>\nMais surpreendentemente, um artigo de 2011, publicado no peri\u00f3dico cient\u00edfico Journal of the American Geriatric Society, estudou um grupo de 400 judeus americanos com 95 anos ou mais \u2013 e encontrou uma profus\u00e3o de maus h\u00e1bitos.<br \/>\nQuase 60% dos participantes eram fumantes contumazes, metade deles tinha sido obesa durante a maior parte da vida e apenas 3% eram vegetarianos.<br \/>\nIsso sem falar em outros dados surpreendentes \u2013 muitos deles n\u00e3o faziam exerc\u00edcio, nem mesmo de forma moderada.<br \/>\n&#8220;A primeira coisa que precisamos dizer \u00e0s pessoas interessadas em viver tanto tempo \u00e9 n\u00e3o seguir dicas de estilo de vida de centen\u00e1rios ou supercenten\u00e1rios&#8221;, orienta Richard Faragher, professor de biogerontologia da Universidade de Brighton, no Reino Unido, um dos principais especialistas em estudos do envelhecimento.<br \/>\n&#8220;H\u00e1 algo excepcional sobre eles. Porque muitos fazem exatamente o oposto do que sabemos que pode ajudar algu\u00e9m a viver mais&#8221;, acrescenta o especialista.<br \/>\nOs cientistas suspeitam que a gen\u00e9tica desempenhe um papel importante na longevidade.<br \/>\nOs centen\u00e1rios (e supercenten\u00e1rios) parecem ser capazes de se proteger contra o desgaste que afeta os mais jovens com o passar do tempo. Eles tamb\u00e9m se mostram capazes de compensar at\u00e9 mesmo h\u00e1bitos pouco saud\u00e1veis que levam a maioria de n\u00f3s \u00e0 morte precoce.<br \/>\nO n\u00famero crescente de pessoas chegando aos 100 anos tamb\u00e9m levou os cientistas a questionar se os limites da longevidade humana tamb\u00e9m ser\u00e3o estendidos.<br \/>\nPesquisadores da Universidade de Washington, nos EUA, afirmam que a longevidade extrema atingir\u00e1 novos limites ainda neste s\u00e9culo \u2013 e possivelmente resultar\u00e1 em casos de pessoas que ir\u00e3o assoprar 125 ou at\u00e9 130 velinhas nos seus bolos de anivers\u00e1rio.<br \/>\n&#8220;Acreditamos que \u00e9 quase certo que algu\u00e9m quebrar\u00e1 o atual recorde de idade at\u00e9 2100 e que \u00e9 bem poss\u00edvel que algu\u00e9m possa viver at\u00e9 os 126, 128 ou 130 anos&#8221;, estima Michael Pearce, estat\u00edstico e um dos autores do estudo.<br \/>\nPearce e o professor Adrian Raftery usaram o International Database on Longevity, uma base de dados sobre expectativa de vida, para simular os limites de longevidade para as pr\u00f3ximas d\u00e9cadas. Eles conclu\u00edram que h\u00e1 uma probabilidade pr\u00f3xima dos 100% de que o recorde de Calment ser\u00e1 batido e uma chance de 68% de que algu\u00e9m comemore em breve um anivers\u00e1rio de 127 anos.<br \/>\nO fato de ser mulher tamb\u00e9m ajuda. No dia 9 de dezembro de 2024, as 53 pessoas mais velhas do mundo s\u00e3o mulheres. Neto \u00e9 o 54\u00ba.<br \/>\nAs regras do jogo do envelhecimento<br \/>\nH\u00e1, no entanto, muitas perguntas que a ci\u00eancia ainda precisa responder para entender completamente o quebra-cabe\u00e7a do envelhecimento.<br \/>\nEspecialistas como Richard Siow, diretor de Pesquisas do Envelhecimento do King&#8217;s College de Londres, acreditam que esse entendimento \u00e9 crucial para abordar quest\u00f5es de qualidade de vida com uma popula\u00e7\u00e3o global cada vez mais envelhecida. A ONU calcula que o mundo j\u00e1 \u00e9 habitado por mais pessoas com mais de 65 anos do que por crian\u00e7as com menos de 5 anos de idade.<br \/>\n&#8220;A grande quest\u00e3o aqui n\u00e3o \u00e9 discutir quanto tempo podemos viver, mas como podemos retardar o in\u00edcio do decl\u00ednio relacionado \u00e0 idade e permanecer saud\u00e1veis por mais tempo do que agora&#8221;, aponta Siow.<br \/>\n&#8220;Desta forma, se tivermos a sorte de chegar \u00e0 velhice, poderemos aproveitar esses anos, em vez de viv\u00ea-los em sofrimento.&#8221;<br \/>\nOrganiza\u00e7\u00f5es como a HelpAge International, uma rede que oferece apoio a idosos em todo o mundo, apontam que essa filosofia \u00e9 crucial para ajudar a abordar o envelhecimento da popula\u00e7\u00e3o como uma oportunidade, n\u00e3o como um fardo para os sistemas de sa\u00fade e bem-estar social.<br \/>\n&#8220;Essa vis\u00e3o fatalista que fala do envelhecimento como um problema n\u00e3o \u00e9 o nosso alvo&#8221;, argumenta Eduardo Klien, porta-voz da HelpAge.<br \/>\n&#8220;Os idosos com boa sa\u00fade oferecem um enorme potencial para as sociedades de v\u00e1rias maneiras, inclusive na economia.&#8221;<br \/>\nA propor\u00e7\u00e3o de centen\u00e1rios no Reino Unido atingiu um recorde em 2020 e a tend\u00eancia \u00e9 que esse n\u00famero s\u00f3 cres\u00e7a daqui em diante.<br \/>\nNo Brasil, o n\u00famero tamb\u00e9m \u00e9 crescente. Segundo o \u00faltimo Censo do IBGE, havia em 2022 quase 38 mil centen\u00e1rios.<\/p>\n","protected":false},"excerpt":{"rendered":"<p>A \u00faltima semana de novembro prometia ser mais uma semana comum para Jo\u00e3o Marinho Neto. O ex-pecuarista estava apenas aguardando o almo\u00e7o \u2013 o frango de panela habitual na casa de repouso onde ele mora, na pequena cidade de Apuiar\u00e9s (CE), a 130 km da capital do Estado, Fortaleza. Mas ele logo chegaria \u00e0s manchetes [&hellip;]<\/p>\n","protected":false},"author":2,"featured_media":11006,"comment_status":"closed","ping_status":"closed","sticky":false,"template":"","format":"standard","meta":{"iawp_total_views":2,"footnotes":""},"categories":[24],"tags":[],"class_list":["post-11005","post","type-post","status-publish","format-standard","has-post-thumbnail","hentry","category-cotidiano"],"yoast_head":"<!-- This site is optimized with the Yoast SEO plugin v27.3 - https:\/\/yoast.com\/product\/yoast-seo-wordpress\/ -->\n<title>Por que cada vez mais pessoas vivem mais do que 100 anos? &#8902; Blog da Condessa<\/title>\n<meta name=\"robots\" content=\"index, follow, max-snippet:-1, max-image-preview:large, max-video-preview:-1\" \/>\n<link rel=\"canonical\" href=\"https:\/\/blogdacondessa.com.br\/blog\/cotidiano\/por-que-cada-vez-mais-pessoas-vivem-mais-do-que-100-anos\/\" \/>\n<meta property=\"og:locale\" content=\"pt_BR\" \/>\n<meta property=\"og:type\" content=\"article\" \/>\n<meta property=\"og:title\" content=\"Por que cada vez mais pessoas vivem mais do que 100 anos? &#8902; Blog da Condessa\" \/>\n<meta property=\"og:description\" content=\"A \u00faltima semana de novembro prometia ser mais uma semana comum para Jo\u00e3o Marinho Neto. O ex-pecuarista estava apenas aguardando o almo\u00e7o \u2013 o frango de panela habitual na casa de repouso onde ele mora, na pequena cidade de Apuiar\u00e9s (CE), a 130 km da capital do Estado, Fortaleza. Mas ele logo chegaria \u00e0s manchetes [&hellip;]\" \/>\n<meta property=\"og:url\" content=\"https:\/\/blogdacondessa.com.br\/blog\/cotidiano\/por-que-cada-vez-mais-pessoas-vivem-mais-do-que-100-anos\/\" \/>\n<meta property=\"og:site_name\" content=\"Blog da Condessa\" \/>\n<meta property=\"article:published_time\" content=\"2024-12-30T09:00:33+00:00\" \/>\n<meta property=\"og:image\" content=\"https:\/\/blogdacondessa.com.br\/blog\/wp-content\/uploads\/2024\/12\/cem-anos.webp\" \/>\n\t<meta property=\"og:image:width\" content=\"800\" \/>\n\t<meta property=\"og:image:height\" content=\"450\" \/>\n\t<meta property=\"og:image:type\" content=\"image\/webp\" \/>\n<meta name=\"author\" content=\"Blog da Condessa\" \/>\n<meta name=\"twitter:card\" content=\"summary_large_image\" \/>\n<meta name=\"twitter:label1\" content=\"Escrito por\" \/>\n\t<meta name=\"twitter:data1\" content=\"Blog da Condessa\" \/>\n\t<meta name=\"twitter:label2\" content=\"Est. tempo de leitura\" \/>\n\t<meta name=\"twitter:data2\" content=\"8 minutos\" \/>\n<script type=\"application\/ld+json\" class=\"yoast-schema-graph\">{\"@context\":\"https:\\\/\\\/schema.org\",\"@graph\":[{\"@type\":\"Article\",\"@id\":\"https:\\\/\\\/blogdacondessa.com.br\\\/blog\\\/cotidiano\\\/por-que-cada-vez-mais-pessoas-vivem-mais-do-que-100-anos\\\/#article\",\"isPartOf\":{\"@id\":\"https:\\\/\\\/blogdacondessa.com.br\\\/blog\\\/cotidiano\\\/por-que-cada-vez-mais-pessoas-vivem-mais-do-que-100-anos\\\/\"},\"author\":{\"name\":\"Blog da Condessa\",\"@id\":\"https:\\\/\\\/blogdacondessa.com.br\\\/blog\\\/#\\\/schema\\\/person\\\/1d667ff8b785195b568677489d266035\"},\"headline\":\"Por que cada vez mais pessoas vivem mais do que 100 anos?\",\"datePublished\":\"2024-12-30T09:00:33+00:00\",\"mainEntityOfPage\":{\"@id\":\"https:\\\/\\\/blogdacondessa.com.br\\\/blog\\\/cotidiano\\\/por-que-cada-vez-mais-pessoas-vivem-mais-do-que-100-anos\\\/\"},\"wordCount\":1453,\"image\":{\"@id\":\"https:\\\/\\\/blogdacondessa.com.br\\\/blog\\\/cotidiano\\\/por-que-cada-vez-mais-pessoas-vivem-mais-do-que-100-anos\\\/#primaryimage\"},\"thumbnailUrl\":\"https:\\\/\\\/blogdacondessa.com.br\\\/blog\\\/wp-content\\\/uploads\\\/2024\\\/12\\\/cem-anos.webp\",\"articleSection\":[\"Cotidiano\"],\"inLanguage\":\"pt-BR\"},{\"@type\":\"WebPage\",\"@id\":\"https:\\\/\\\/blogdacondessa.com.br\\\/blog\\\/cotidiano\\\/por-que-cada-vez-mais-pessoas-vivem-mais-do-que-100-anos\\\/\",\"url\":\"https:\\\/\\\/blogdacondessa.com.br\\\/blog\\\/cotidiano\\\/por-que-cada-vez-mais-pessoas-vivem-mais-do-que-100-anos\\\/\",\"name\":\"Por que cada vez mais pessoas vivem mais do que 100 anos? &#8902; Blog da Condessa\",\"isPartOf\":{\"@id\":\"https:\\\/\\\/blogdacondessa.com.br\\\/blog\\\/#website\"},\"primaryImageOfPage\":{\"@id\":\"https:\\\/\\\/blogdacondessa.com.br\\\/blog\\\/cotidiano\\\/por-que-cada-vez-mais-pessoas-vivem-mais-do-que-100-anos\\\/#primaryimage\"},\"image\":{\"@id\":\"https:\\\/\\\/blogdacondessa.com.br\\\/blog\\\/cotidiano\\\/por-que-cada-vez-mais-pessoas-vivem-mais-do-que-100-anos\\\/#primaryimage\"},\"thumbnailUrl\":\"https:\\\/\\\/blogdacondessa.com.br\\\/blog\\\/wp-content\\\/uploads\\\/2024\\\/12\\\/cem-anos.webp\",\"datePublished\":\"2024-12-30T09:00:33+00:00\",\"author\":{\"@id\":\"https:\\\/\\\/blogdacondessa.com.br\\\/blog\\\/#\\\/schema\\\/person\\\/1d667ff8b785195b568677489d266035\"},\"breadcrumb\":{\"@id\":\"https:\\\/\\\/blogdacondessa.com.br\\\/blog\\\/cotidiano\\\/por-que-cada-vez-mais-pessoas-vivem-mais-do-que-100-anos\\\/#breadcrumb\"},\"inLanguage\":\"pt-BR\",\"potentialAction\":[{\"@type\":\"ReadAction\",\"target\":[\"https:\\\/\\\/blogdacondessa.com.br\\\/blog\\\/cotidiano\\\/por-que-cada-vez-mais-pessoas-vivem-mais-do-que-100-anos\\\/\"]}]},{\"@type\":\"ImageObject\",\"inLanguage\":\"pt-BR\",\"@id\":\"https:\\\/\\\/blogdacondessa.com.br\\\/blog\\\/cotidiano\\\/por-que-cada-vez-mais-pessoas-vivem-mais-do-que-100-anos\\\/#primaryimage\",\"url\":\"https:\\\/\\\/blogdacondessa.com.br\\\/blog\\\/wp-content\\\/uploads\\\/2024\\\/12\\\/cem-anos.webp\",\"contentUrl\":\"https:\\\/\\\/blogdacondessa.com.br\\\/blog\\\/wp-content\\\/uploads\\\/2024\\\/12\\\/cem-anos.webp\",\"width\":800,\"height\":450,\"caption\":\"Foto: Getty Images\"},{\"@type\":\"BreadcrumbList\",\"@id\":\"https:\\\/\\\/blogdacondessa.com.br\\\/blog\\\/cotidiano\\\/por-que-cada-vez-mais-pessoas-vivem-mais-do-que-100-anos\\\/#breadcrumb\",\"itemListElement\":[{\"@type\":\"ListItem\",\"position\":1,\"name\":\"In\u00edcio\",\"item\":\"https:\\\/\\\/blogdacondessa.com.br\\\/blog\\\/\"},{\"@type\":\"ListItem\",\"position\":2,\"name\":\"Por que cada vez mais pessoas vivem mais do que 100 anos?\"}]},{\"@type\":\"WebSite\",\"@id\":\"https:\\\/\\\/blogdacondessa.com.br\\\/blog\\\/#website\",\"url\":\"https:\\\/\\\/blogdacondessa.com.br\\\/blog\\\/\",\"name\":\"Blog da Condessa\",\"description\":\"Com Shirley de Souza O\u2019Campos\",\"potentialAction\":[{\"@type\":\"SearchAction\",\"target\":{\"@type\":\"EntryPoint\",\"urlTemplate\":\"https:\\\/\\\/blogdacondessa.com.br\\\/blog\\\/?s={search_term_string}\"},\"query-input\":{\"@type\":\"PropertyValueSpecification\",\"valueRequired\":true,\"valueName\":\"search_term_string\"}}],\"inLanguage\":\"pt-BR\"},{\"@type\":\"Person\",\"@id\":\"https:\\\/\\\/blogdacondessa.com.br\\\/blog\\\/#\\\/schema\\\/person\\\/1d667ff8b785195b568677489d266035\",\"name\":\"Blog da Condessa\",\"image\":{\"@type\":\"ImageObject\",\"inLanguage\":\"pt-BR\",\"@id\":\"https:\\\/\\\/secure.gravatar.com\\\/avatar\\\/377c0eb8b4ad2bfc25461b41564b5971e721ca34a57642868fc7b0c8ac7b52c5?s=96&d=mm&r=g\",\"url\":\"https:\\\/\\\/secure.gravatar.com\\\/avatar\\\/377c0eb8b4ad2bfc25461b41564b5971e721ca34a57642868fc7b0c8ac7b52c5?s=96&d=mm&r=g\",\"contentUrl\":\"https:\\\/\\\/secure.gravatar.com\\\/avatar\\\/377c0eb8b4ad2bfc25461b41564b5971e721ca34a57642868fc7b0c8ac7b52c5?s=96&d=mm&r=g\",\"caption\":\"Blog da Condessa\"},\"url\":\"https:\\\/\\\/blogdacondessa.com.br\\\/blog\\\/author\\\/beatriz\\\/\"}]}<\/script>\n<!-- \/ Yoast SEO plugin. -->","yoast_head_json":{"title":"Por que cada vez mais pessoas vivem mais do que 100 anos? &#8902; Blog da Condessa","robots":{"index":"index","follow":"follow","max-snippet":"max-snippet:-1","max-image-preview":"max-image-preview:large","max-video-preview":"max-video-preview:-1"},"canonical":"https:\/\/blogdacondessa.com.br\/blog\/cotidiano\/por-que-cada-vez-mais-pessoas-vivem-mais-do-que-100-anos\/","og_locale":"pt_BR","og_type":"article","og_title":"Por que cada vez mais pessoas vivem mais do que 100 anos? &#8902; Blog da Condessa","og_description":"A \u00faltima semana de novembro prometia ser mais uma semana comum para Jo\u00e3o Marinho Neto. O ex-pecuarista estava apenas aguardando o almo\u00e7o \u2013 o frango de panela habitual na casa de repouso onde ele mora, na pequena cidade de Apuiar\u00e9s (CE), a 130 km da capital do Estado, Fortaleza. Mas ele logo chegaria \u00e0s manchetes [&hellip;]","og_url":"https:\/\/blogdacondessa.com.br\/blog\/cotidiano\/por-que-cada-vez-mais-pessoas-vivem-mais-do-que-100-anos\/","og_site_name":"Blog da Condessa","article_published_time":"2024-12-30T09:00:33+00:00","og_image":[{"width":800,"height":450,"url":"https:\/\/blogdacondessa.com.br\/blog\/wp-content\/uploads\/2024\/12\/cem-anos.webp","type":"image\/webp"}],"author":"Blog da Condessa","twitter_card":"summary_large_image","twitter_misc":{"Escrito por":"Blog da Condessa","Est. tempo de leitura":"8 minutos"},"schema":{"@context":"https:\/\/schema.org","@graph":[{"@type":"Article","@id":"https:\/\/blogdacondessa.com.br\/blog\/cotidiano\/por-que-cada-vez-mais-pessoas-vivem-mais-do-que-100-anos\/#article","isPartOf":{"@id":"https:\/\/blogdacondessa.com.br\/blog\/cotidiano\/por-que-cada-vez-mais-pessoas-vivem-mais-do-que-100-anos\/"},"author":{"name":"Blog da Condessa","@id":"https:\/\/blogdacondessa.com.br\/blog\/#\/schema\/person\/1d667ff8b785195b568677489d266035"},"headline":"Por que cada vez mais pessoas vivem mais do que 100 anos?","datePublished":"2024-12-30T09:00:33+00:00","mainEntityOfPage":{"@id":"https:\/\/blogdacondessa.com.br\/blog\/cotidiano\/por-que-cada-vez-mais-pessoas-vivem-mais-do-que-100-anos\/"},"wordCount":1453,"image":{"@id":"https:\/\/blogdacondessa.com.br\/blog\/cotidiano\/por-que-cada-vez-mais-pessoas-vivem-mais-do-que-100-anos\/#primaryimage"},"thumbnailUrl":"https:\/\/blogdacondessa.com.br\/blog\/wp-content\/uploads\/2024\/12\/cem-anos.webp","articleSection":["Cotidiano"],"inLanguage":"pt-BR"},{"@type":"WebPage","@id":"https:\/\/blogdacondessa.com.br\/blog\/cotidiano\/por-que-cada-vez-mais-pessoas-vivem-mais-do-que-100-anos\/","url":"https:\/\/blogdacondessa.com.br\/blog\/cotidiano\/por-que-cada-vez-mais-pessoas-vivem-mais-do-que-100-anos\/","name":"Por que cada vez mais pessoas vivem mais do que 100 anos? &#8902; Blog da Condessa","isPartOf":{"@id":"https:\/\/blogdacondessa.com.br\/blog\/#website"},"primaryImageOfPage":{"@id":"https:\/\/blogdacondessa.com.br\/blog\/cotidiano\/por-que-cada-vez-mais-pessoas-vivem-mais-do-que-100-anos\/#primaryimage"},"image":{"@id":"https:\/\/blogdacondessa.com.br\/blog\/cotidiano\/por-que-cada-vez-mais-pessoas-vivem-mais-do-que-100-anos\/#primaryimage"},"thumbnailUrl":"https:\/\/blogdacondessa.com.br\/blog\/wp-content\/uploads\/2024\/12\/cem-anos.webp","datePublished":"2024-12-30T09:00:33+00:00","author":{"@id":"https:\/\/blogdacondessa.com.br\/blog\/#\/schema\/person\/1d667ff8b785195b568677489d266035"},"breadcrumb":{"@id":"https:\/\/blogdacondessa.com.br\/blog\/cotidiano\/por-que-cada-vez-mais-pessoas-vivem-mais-do-que-100-anos\/#breadcrumb"},"inLanguage":"pt-BR","potentialAction":[{"@type":"ReadAction","target":["https:\/\/blogdacondessa.com.br\/blog\/cotidiano\/por-que-cada-vez-mais-pessoas-vivem-mais-do-que-100-anos\/"]}]},{"@type":"ImageObject","inLanguage":"pt-BR","@id":"https:\/\/blogdacondessa.com.br\/blog\/cotidiano\/por-que-cada-vez-mais-pessoas-vivem-mais-do-que-100-anos\/#primaryimage","url":"https:\/\/blogdacondessa.com.br\/blog\/wp-content\/uploads\/2024\/12\/cem-anos.webp","contentUrl":"https:\/\/blogdacondessa.com.br\/blog\/wp-content\/uploads\/2024\/12\/cem-anos.webp","width":800,"height":450,"caption":"Foto: Getty Images"},{"@type":"BreadcrumbList","@id":"https:\/\/blogdacondessa.com.br\/blog\/cotidiano\/por-que-cada-vez-mais-pessoas-vivem-mais-do-que-100-anos\/#breadcrumb","itemListElement":[{"@type":"ListItem","position":1,"name":"In\u00edcio","item":"https:\/\/blogdacondessa.com.br\/blog\/"},{"@type":"ListItem","position":2,"name":"Por que cada vez mais pessoas vivem mais do que 100 anos?"}]},{"@type":"WebSite","@id":"https:\/\/blogdacondessa.com.br\/blog\/#website","url":"https:\/\/blogdacondessa.com.br\/blog\/","name":"Blog da Condessa","description":"Com Shirley de Souza O\u2019Campos","potentialAction":[{"@type":"SearchAction","target":{"@type":"EntryPoint","urlTemplate":"https:\/\/blogdacondessa.com.br\/blog\/?s={search_term_string}"},"query-input":{"@type":"PropertyValueSpecification","valueRequired":true,"valueName":"search_term_string"}}],"inLanguage":"pt-BR"},{"@type":"Person","@id":"https:\/\/blogdacondessa.com.br\/blog\/#\/schema\/person\/1d667ff8b785195b568677489d266035","name":"Blog da Condessa","image":{"@type":"ImageObject","inLanguage":"pt-BR","@id":"https:\/\/secure.gravatar.com\/avatar\/377c0eb8b4ad2bfc25461b41564b5971e721ca34a57642868fc7b0c8ac7b52c5?s=96&d=mm&r=g","url":"https:\/\/secure.gravatar.com\/avatar\/377c0eb8b4ad2bfc25461b41564b5971e721ca34a57642868fc7b0c8ac7b52c5?s=96&d=mm&r=g","contentUrl":"https:\/\/secure.gravatar.com\/avatar\/377c0eb8b4ad2bfc25461b41564b5971e721ca34a57642868fc7b0c8ac7b52c5?s=96&d=mm&r=g","caption":"Blog da Condessa"},"url":"https:\/\/blogdacondessa.com.br\/blog\/author\/beatriz\/"}]}},"_links":{"self":[{"href":"https:\/\/blogdacondessa.com.br\/blog\/wp-json\/wp\/v2\/posts\/11005","targetHints":{"allow":["GET"]}}],"collection":[{"href":"https:\/\/blogdacondessa.com.br\/blog\/wp-json\/wp\/v2\/posts"}],"about":[{"href":"https:\/\/blogdacondessa.com.br\/blog\/wp-json\/wp\/v2\/types\/post"}],"author":[{"embeddable":true,"href":"https:\/\/blogdacondessa.com.br\/blog\/wp-json\/wp\/v2\/users\/2"}],"replies":[{"embeddable":true,"href":"https:\/\/blogdacondessa.com.br\/blog\/wp-json\/wp\/v2\/comments?post=11005"}],"version-history":[{"count":0,"href":"https:\/\/blogdacondessa.com.br\/blog\/wp-json\/wp\/v2\/posts\/11005\/revisions"}],"wp:featuredmedia":[{"embeddable":true,"href":"https:\/\/blogdacondessa.com.br\/blog\/wp-json\/wp\/v2\/media\/11006"}],"wp:attachment":[{"href":"https:\/\/blogdacondessa.com.br\/blog\/wp-json\/wp\/v2\/media?parent=11005"}],"wp:term":[{"taxonomy":"category","embeddable":true,"href":"https:\/\/blogdacondessa.com.br\/blog\/wp-json\/wp\/v2\/categories?post=11005"},{"taxonomy":"post_tag","embeddable":true,"href":"https:\/\/blogdacondessa.com.br\/blog\/wp-json\/wp\/v2\/tags?post=11005"}],"curies":[{"name":"wp","href":"https:\/\/api.w.org\/{rel}","templated":true}]}}