{"id":10962,"date":"2024-12-22T05:00:54","date_gmt":"2024-12-22T09:00:54","guid":{"rendered":"https:\/\/blogdacondessa.com.br\/blog\/?p=10962"},"modified":"2024-12-21T18:13:00","modified_gmt":"2024-12-21T22:13:00","slug":"nova-cancao-de-aranyn-explora-artes-visuais-e-une-artistas-de-cuiaba","status":"publish","type":"post","link":"https:\/\/blogdacondessa.com.br\/blog\/geral\/nova-cancao-de-aranyn-explora-artes-visuais-e-une-artistas-de-cuiaba\/","title":{"rendered":"Nova can\u00e7\u00e3o de Aranyn explora artes visuais e une artistas de Cuiab\u00e1"},"content":{"rendered":"<p>A arte transcende suas express\u00f5es. Uma vez que algu\u00e9m se entrega para vive-la, passa tamb\u00e9m a ser plural. Na can\u00e7\u00e3o &#8220;Cores&#8221;, novo trabalho autoral de Aranyn lan\u00e7ado no \u00faltimo dia 12, a compositora comenta que essa m\u00fasica nasceu para falar sobre o caminho do artista e as constantes incertezas e desafios para se manter nele. &#8220;Surgiu como um desabafo e virou quase um mantra para afirmar o potencial que acredito ter. Al\u00e9m disso, d\u00e1 pra relacionar a m\u00fasica com a complexidade do ser humano, sendo colorido e n\u00e3o uma cor (coisa) s\u00f3&#8221;, comenta a artista.<br \/>\nO lan\u00e7amento acompanha um visualizer produzido em parceria com o artista pl\u00e1stico Adriano Figueiredo e a dire\u00e7\u00e3o de Maria Reis, ambos conterr\u00e2neos de Mato Grosso. Aranyn \u00e9 uma artista que n\u00e3o se limita a uma \u00fanica forma de express\u00e3o, mescla suas artes como dan\u00e7a, canto e artes c\u00eanicas. Prova que a arte \u00e9 um campo de infinitas possibilidades. &#8220;Entendo a necessidade que algumas pessoas possuem de nos rotular e nos limitar a uma caracter\u00edstica ou profiss\u00e3o, mas &#8216;Cores&#8217; vem a\u00ed para mostrar que somos plurais e at\u00e9 contradit\u00f3rios&#8221;, comenta.<br \/>\nPara Adriano Figueiredo, artista pl\u00e1stico escolhido para dar tom ao visual da m\u00fasica, a can\u00e7\u00e3o fala muito de Cuiab\u00e1, mesmo que indiretamente, pois a Capital tem um sol que deixa as cores ainda mais vivas. &#8220;Me identifiquei desde o primeiro momento, por ser outra artista cuiabana, que fala de cores e liberdade de se expressar. Tenho tr\u00eas filhas mulheres e \u00e9 o que tento transmitir para elas, a liberdade de escolha e poder decidir quem s\u00e3o. Cores tamb\u00e9m \u00e9 sobre isso&#8221;, descreve o artista.<br \/>\nPara Maria Reis tamb\u00e9m foi um trabalho cheio de inspira\u00e7\u00e3o que transcendeu, al\u00e9m da sonoridade e imagens, mas pela energia de entrega e de experimento de todos os envolvidos. &#8220;Acompanho o processo musical desde o in\u00edcio e ver ele tomar forma, ap\u00f3s longos meses de trabalho coletivo, fez toda a diferen\u00e7a. O Adriano em seu atelier pintando uma pessoa pela primeira vez, al\u00e9m de todo suporte que ela recebeu de pessoas que acreditam no projeto, deixaram tudo ainda mais lindo&#8221;, completa.<br \/>\nA nova can\u00e7\u00e3o traz a tona uma vibe misteriosa e assertiva com um arranjo de pegada r\u00edtmica alegre com influ\u00eancias da guitarra africana, que colore a faixa de maneira \u00fanica. A produ\u00e7\u00e3o \u00e9 assinada por Jeff Fingers, com masteriza\u00e7\u00e3o de Luciano Scalercio, e marca uma nova fase na carreira da artista, que j\u00e1 planeja novos lan\u00e7amentos para 2025.<br \/>\n<strong>Sobre a artista<\/strong><br \/>\nNos \u00faltimos cinco anos, Aranyn tem dedicado sua energia criativa \u00e0 m\u00fasica. Seu projeto autoral come\u00e7ou com o lan\u00e7amento do single &#8220;Sexta-feira&#8221;, que mescla POP e MPB e apresenta uma sonoridade \u00fanica. O videoclipe da faixa, produzido e co-dirigido pela pr\u00f3pria artista, est\u00e1 dispon\u00edvel nas principais plataformas digitais e destaca sua independ\u00eancia e vis\u00e3o criativa. Em seu canal no YouTube, a cantora ainda deu vida ao &#8220;Aranyn Sessions&#8221;, um projeto que explora vers\u00f5es de can\u00e7\u00f5es de artistas consagrados, como Djavan, Dua Lipa, Miley Cyrus e Luedji Luna, evidenciando sua versatilidade musical e respeito \u00e0s influ\u00eancias que moldaram sua identidade sonora.<\/p>\n","protected":false},"excerpt":{"rendered":"<p>A arte transcende suas express\u00f5es. Uma vez que algu\u00e9m se entrega para vive-la, passa tamb\u00e9m a ser plural. Na can\u00e7\u00e3o &#8220;Cores&#8221;, novo trabalho autoral de Aranyn lan\u00e7ado no \u00faltimo dia 12, a compositora comenta que essa m\u00fasica nasceu para falar sobre o caminho do artista e as constantes incertezas e desafios para se manter nele. [&hellip;]<\/p>\n","protected":false},"author":2,"featured_media":10963,"comment_status":"closed","ping_status":"closed","sticky":false,"template":"","format":"standard","meta":{"iawp_total_views":1,"footnotes":""},"categories":[16],"tags":[],"class_list":["post-10962","post","type-post","status-publish","format-standard","has-post-thumbnail","hentry","category-geral"],"yoast_head":"<!-- This site is optimized with the Yoast SEO plugin v27.3 - https:\/\/yoast.com\/product\/yoast-seo-wordpress\/ -->\n<title>Nova can\u00e7\u00e3o de Aranyn explora artes visuais e une artistas de Cuiab\u00e1 &#8902; Blog da Condessa<\/title>\n<meta name=\"robots\" content=\"index, follow, max-snippet:-1, max-image-preview:large, max-video-preview:-1\" \/>\n<link rel=\"canonical\" href=\"https:\/\/blogdacondessa.com.br\/blog\/geral\/nova-cancao-de-aranyn-explora-artes-visuais-e-une-artistas-de-cuiaba\/\" \/>\n<meta property=\"og:locale\" content=\"pt_BR\" \/>\n<meta property=\"og:type\" content=\"article\" \/>\n<meta property=\"og:title\" content=\"Nova can\u00e7\u00e3o de Aranyn explora artes visuais e une artistas de Cuiab\u00e1 &#8902; Blog da Condessa\" \/>\n<meta property=\"og:description\" content=\"A arte transcende suas express\u00f5es. Uma vez que algu\u00e9m se entrega para vive-la, passa tamb\u00e9m a ser plural. Na can\u00e7\u00e3o &#8220;Cores&#8221;, novo trabalho autoral de Aranyn lan\u00e7ado no \u00faltimo dia 12, a compositora comenta que essa m\u00fasica nasceu para falar sobre o caminho do artista e as constantes incertezas e desafios para se manter nele. [&hellip;]\" \/>\n<meta property=\"og:url\" content=\"https:\/\/blogdacondessa.com.br\/blog\/geral\/nova-cancao-de-aranyn-explora-artes-visuais-e-une-artistas-de-cuiaba\/\" \/>\n<meta property=\"og:site_name\" content=\"Blog da Condessa\" \/>\n<meta property=\"article:published_time\" content=\"2024-12-22T09:00:54+00:00\" \/>\n<meta property=\"og:image\" content=\"https:\/\/blogdacondessa.com.br\/blog\/wp-content\/uploads\/2024\/12\/aranyn.jpg\" \/>\n\t<meta property=\"og:image:width\" content=\"920\" \/>\n\t<meta property=\"og:image:height\" content=\"485\" \/>\n\t<meta property=\"og:image:type\" content=\"image\/jpeg\" \/>\n<meta name=\"author\" content=\"Blog da Condessa\" \/>\n<meta name=\"twitter:card\" content=\"summary_large_image\" \/>\n<meta name=\"twitter:label1\" content=\"Escrito por\" \/>\n\t<meta name=\"twitter:data1\" content=\"Blog da Condessa\" \/>\n\t<meta name=\"twitter:label2\" content=\"Est. tempo de leitura\" \/>\n\t<meta name=\"twitter:data2\" content=\"4 minutos\" \/>\n<script type=\"application\/ld+json\" class=\"yoast-schema-graph\">{\"@context\":\"https:\\\/\\\/schema.org\",\"@graph\":[{\"@type\":\"Article\",\"@id\":\"https:\\\/\\\/blogdacondessa.com.br\\\/blog\\\/geral\\\/nova-cancao-de-aranyn-explora-artes-visuais-e-une-artistas-de-cuiaba\\\/#article\",\"isPartOf\":{\"@id\":\"https:\\\/\\\/blogdacondessa.com.br\\\/blog\\\/geral\\\/nova-cancao-de-aranyn-explora-artes-visuais-e-une-artistas-de-cuiaba\\\/\"},\"author\":{\"name\":\"Blog da Condessa\",\"@id\":\"https:\\\/\\\/blogdacondessa.com.br\\\/blog\\\/#\\\/schema\\\/person\\\/1d667ff8b785195b568677489d266035\"},\"headline\":\"Nova can\u00e7\u00e3o de Aranyn explora artes visuais e une artistas de Cuiab\u00e1\",\"datePublished\":\"2024-12-22T09:00:54+00:00\",\"mainEntityOfPage\":{\"@id\":\"https:\\\/\\\/blogdacondessa.com.br\\\/blog\\\/geral\\\/nova-cancao-de-aranyn-explora-artes-visuais-e-une-artistas-de-cuiaba\\\/\"},\"wordCount\":564,\"image\":{\"@id\":\"https:\\\/\\\/blogdacondessa.com.br\\\/blog\\\/geral\\\/nova-cancao-de-aranyn-explora-artes-visuais-e-une-artistas-de-cuiaba\\\/#primaryimage\"},\"thumbnailUrl\":\"https:\\\/\\\/blogdacondessa.com.br\\\/blog\\\/wp-content\\\/uploads\\\/2024\\\/12\\\/aranyn.jpg\",\"articleSection\":[\"Variedades\"],\"inLanguage\":\"pt-BR\"},{\"@type\":\"WebPage\",\"@id\":\"https:\\\/\\\/blogdacondessa.com.br\\\/blog\\\/geral\\\/nova-cancao-de-aranyn-explora-artes-visuais-e-une-artistas-de-cuiaba\\\/\",\"url\":\"https:\\\/\\\/blogdacondessa.com.br\\\/blog\\\/geral\\\/nova-cancao-de-aranyn-explora-artes-visuais-e-une-artistas-de-cuiaba\\\/\",\"name\":\"Nova can\u00e7\u00e3o de Aranyn explora artes visuais e une artistas de Cuiab\u00e1 &#8902; Blog da Condessa\",\"isPartOf\":{\"@id\":\"https:\\\/\\\/blogdacondessa.com.br\\\/blog\\\/#website\"},\"primaryImageOfPage\":{\"@id\":\"https:\\\/\\\/blogdacondessa.com.br\\\/blog\\\/geral\\\/nova-cancao-de-aranyn-explora-artes-visuais-e-une-artistas-de-cuiaba\\\/#primaryimage\"},\"image\":{\"@id\":\"https:\\\/\\\/blogdacondessa.com.br\\\/blog\\\/geral\\\/nova-cancao-de-aranyn-explora-artes-visuais-e-une-artistas-de-cuiaba\\\/#primaryimage\"},\"thumbnailUrl\":\"https:\\\/\\\/blogdacondessa.com.br\\\/blog\\\/wp-content\\\/uploads\\\/2024\\\/12\\\/aranyn.jpg\",\"datePublished\":\"2024-12-22T09:00:54+00:00\",\"author\":{\"@id\":\"https:\\\/\\\/blogdacondessa.com.br\\\/blog\\\/#\\\/schema\\\/person\\\/1d667ff8b785195b568677489d266035\"},\"breadcrumb\":{\"@id\":\"https:\\\/\\\/blogdacondessa.com.br\\\/blog\\\/geral\\\/nova-cancao-de-aranyn-explora-artes-visuais-e-une-artistas-de-cuiaba\\\/#breadcrumb\"},\"inLanguage\":\"pt-BR\",\"potentialAction\":[{\"@type\":\"ReadAction\",\"target\":[\"https:\\\/\\\/blogdacondessa.com.br\\\/blog\\\/geral\\\/nova-cancao-de-aranyn-explora-artes-visuais-e-une-artistas-de-cuiaba\\\/\"]}]},{\"@type\":\"ImageObject\",\"inLanguage\":\"pt-BR\",\"@id\":\"https:\\\/\\\/blogdacondessa.com.br\\\/blog\\\/geral\\\/nova-cancao-de-aranyn-explora-artes-visuais-e-une-artistas-de-cuiaba\\\/#primaryimage\",\"url\":\"https:\\\/\\\/blogdacondessa.com.br\\\/blog\\\/wp-content\\\/uploads\\\/2024\\\/12\\\/aranyn.jpg\",\"contentUrl\":\"https:\\\/\\\/blogdacondessa.com.br\\\/blog\\\/wp-content\\\/uploads\\\/2024\\\/12\\\/aranyn.jpg\",\"width\":920,\"height\":485,\"caption\":\"Foto: Assessoria\"},{\"@type\":\"BreadcrumbList\",\"@id\":\"https:\\\/\\\/blogdacondessa.com.br\\\/blog\\\/geral\\\/nova-cancao-de-aranyn-explora-artes-visuais-e-une-artistas-de-cuiaba\\\/#breadcrumb\",\"itemListElement\":[{\"@type\":\"ListItem\",\"position\":1,\"name\":\"In\u00edcio\",\"item\":\"https:\\\/\\\/blogdacondessa.com.br\\\/blog\\\/\"},{\"@type\":\"ListItem\",\"position\":2,\"name\":\"Nova can\u00e7\u00e3o de Aranyn explora artes visuais e une artistas de Cuiab\u00e1\"}]},{\"@type\":\"WebSite\",\"@id\":\"https:\\\/\\\/blogdacondessa.com.br\\\/blog\\\/#website\",\"url\":\"https:\\\/\\\/blogdacondessa.com.br\\\/blog\\\/\",\"name\":\"Blog da Condessa\",\"description\":\"Com Shirley de Souza O\u2019Campos\",\"potentialAction\":[{\"@type\":\"SearchAction\",\"target\":{\"@type\":\"EntryPoint\",\"urlTemplate\":\"https:\\\/\\\/blogdacondessa.com.br\\\/blog\\\/?s={search_term_string}\"},\"query-input\":{\"@type\":\"PropertyValueSpecification\",\"valueRequired\":true,\"valueName\":\"search_term_string\"}}],\"inLanguage\":\"pt-BR\"},{\"@type\":\"Person\",\"@id\":\"https:\\\/\\\/blogdacondessa.com.br\\\/blog\\\/#\\\/schema\\\/person\\\/1d667ff8b785195b568677489d266035\",\"name\":\"Blog da Condessa\",\"image\":{\"@type\":\"ImageObject\",\"inLanguage\":\"pt-BR\",\"@id\":\"https:\\\/\\\/secure.gravatar.com\\\/avatar\\\/377c0eb8b4ad2bfc25461b41564b5971e721ca34a57642868fc7b0c8ac7b52c5?s=96&d=mm&r=g\",\"url\":\"https:\\\/\\\/secure.gravatar.com\\\/avatar\\\/377c0eb8b4ad2bfc25461b41564b5971e721ca34a57642868fc7b0c8ac7b52c5?s=96&d=mm&r=g\",\"contentUrl\":\"https:\\\/\\\/secure.gravatar.com\\\/avatar\\\/377c0eb8b4ad2bfc25461b41564b5971e721ca34a57642868fc7b0c8ac7b52c5?s=96&d=mm&r=g\",\"caption\":\"Blog da Condessa\"},\"url\":\"https:\\\/\\\/blogdacondessa.com.br\\\/blog\\\/author\\\/beatriz\\\/\"}]}<\/script>\n<!-- \/ Yoast SEO plugin. -->","yoast_head_json":{"title":"Nova can\u00e7\u00e3o de Aranyn explora artes visuais e une artistas de Cuiab\u00e1 &#8902; Blog da Condessa","robots":{"index":"index","follow":"follow","max-snippet":"max-snippet:-1","max-image-preview":"max-image-preview:large","max-video-preview":"max-video-preview:-1"},"canonical":"https:\/\/blogdacondessa.com.br\/blog\/geral\/nova-cancao-de-aranyn-explora-artes-visuais-e-une-artistas-de-cuiaba\/","og_locale":"pt_BR","og_type":"article","og_title":"Nova can\u00e7\u00e3o de Aranyn explora artes visuais e une artistas de Cuiab\u00e1 &#8902; Blog da Condessa","og_description":"A arte transcende suas express\u00f5es. Uma vez que algu\u00e9m se entrega para vive-la, passa tamb\u00e9m a ser plural. Na can\u00e7\u00e3o &#8220;Cores&#8221;, novo trabalho autoral de Aranyn lan\u00e7ado no \u00faltimo dia 12, a compositora comenta que essa m\u00fasica nasceu para falar sobre o caminho do artista e as constantes incertezas e desafios para se manter nele. [&hellip;]","og_url":"https:\/\/blogdacondessa.com.br\/blog\/geral\/nova-cancao-de-aranyn-explora-artes-visuais-e-une-artistas-de-cuiaba\/","og_site_name":"Blog da Condessa","article_published_time":"2024-12-22T09:00:54+00:00","og_image":[{"width":920,"height":485,"url":"https:\/\/blogdacondessa.com.br\/blog\/wp-content\/uploads\/2024\/12\/aranyn.jpg","type":"image\/jpeg"}],"author":"Blog da Condessa","twitter_card":"summary_large_image","twitter_misc":{"Escrito por":"Blog da Condessa","Est. tempo de leitura":"4 minutos"},"schema":{"@context":"https:\/\/schema.org","@graph":[{"@type":"Article","@id":"https:\/\/blogdacondessa.com.br\/blog\/geral\/nova-cancao-de-aranyn-explora-artes-visuais-e-une-artistas-de-cuiaba\/#article","isPartOf":{"@id":"https:\/\/blogdacondessa.com.br\/blog\/geral\/nova-cancao-de-aranyn-explora-artes-visuais-e-une-artistas-de-cuiaba\/"},"author":{"name":"Blog da Condessa","@id":"https:\/\/blogdacondessa.com.br\/blog\/#\/schema\/person\/1d667ff8b785195b568677489d266035"},"headline":"Nova can\u00e7\u00e3o de Aranyn explora artes visuais e une artistas de Cuiab\u00e1","datePublished":"2024-12-22T09:00:54+00:00","mainEntityOfPage":{"@id":"https:\/\/blogdacondessa.com.br\/blog\/geral\/nova-cancao-de-aranyn-explora-artes-visuais-e-une-artistas-de-cuiaba\/"},"wordCount":564,"image":{"@id":"https:\/\/blogdacondessa.com.br\/blog\/geral\/nova-cancao-de-aranyn-explora-artes-visuais-e-une-artistas-de-cuiaba\/#primaryimage"},"thumbnailUrl":"https:\/\/blogdacondessa.com.br\/blog\/wp-content\/uploads\/2024\/12\/aranyn.jpg","articleSection":["Variedades"],"inLanguage":"pt-BR"},{"@type":"WebPage","@id":"https:\/\/blogdacondessa.com.br\/blog\/geral\/nova-cancao-de-aranyn-explora-artes-visuais-e-une-artistas-de-cuiaba\/","url":"https:\/\/blogdacondessa.com.br\/blog\/geral\/nova-cancao-de-aranyn-explora-artes-visuais-e-une-artistas-de-cuiaba\/","name":"Nova can\u00e7\u00e3o de Aranyn explora artes visuais e une artistas de Cuiab\u00e1 &#8902; Blog da Condessa","isPartOf":{"@id":"https:\/\/blogdacondessa.com.br\/blog\/#website"},"primaryImageOfPage":{"@id":"https:\/\/blogdacondessa.com.br\/blog\/geral\/nova-cancao-de-aranyn-explora-artes-visuais-e-une-artistas-de-cuiaba\/#primaryimage"},"image":{"@id":"https:\/\/blogdacondessa.com.br\/blog\/geral\/nova-cancao-de-aranyn-explora-artes-visuais-e-une-artistas-de-cuiaba\/#primaryimage"},"thumbnailUrl":"https:\/\/blogdacondessa.com.br\/blog\/wp-content\/uploads\/2024\/12\/aranyn.jpg","datePublished":"2024-12-22T09:00:54+00:00","author":{"@id":"https:\/\/blogdacondessa.com.br\/blog\/#\/schema\/person\/1d667ff8b785195b568677489d266035"},"breadcrumb":{"@id":"https:\/\/blogdacondessa.com.br\/blog\/geral\/nova-cancao-de-aranyn-explora-artes-visuais-e-une-artistas-de-cuiaba\/#breadcrumb"},"inLanguage":"pt-BR","potentialAction":[{"@type":"ReadAction","target":["https:\/\/blogdacondessa.com.br\/blog\/geral\/nova-cancao-de-aranyn-explora-artes-visuais-e-une-artistas-de-cuiaba\/"]}]},{"@type":"ImageObject","inLanguage":"pt-BR","@id":"https:\/\/blogdacondessa.com.br\/blog\/geral\/nova-cancao-de-aranyn-explora-artes-visuais-e-une-artistas-de-cuiaba\/#primaryimage","url":"https:\/\/blogdacondessa.com.br\/blog\/wp-content\/uploads\/2024\/12\/aranyn.jpg","contentUrl":"https:\/\/blogdacondessa.com.br\/blog\/wp-content\/uploads\/2024\/12\/aranyn.jpg","width":920,"height":485,"caption":"Foto: Assessoria"},{"@type":"BreadcrumbList","@id":"https:\/\/blogdacondessa.com.br\/blog\/geral\/nova-cancao-de-aranyn-explora-artes-visuais-e-une-artistas-de-cuiaba\/#breadcrumb","itemListElement":[{"@type":"ListItem","position":1,"name":"In\u00edcio","item":"https:\/\/blogdacondessa.com.br\/blog\/"},{"@type":"ListItem","position":2,"name":"Nova can\u00e7\u00e3o de Aranyn explora artes visuais e une artistas de Cuiab\u00e1"}]},{"@type":"WebSite","@id":"https:\/\/blogdacondessa.com.br\/blog\/#website","url":"https:\/\/blogdacondessa.com.br\/blog\/","name":"Blog da Condessa","description":"Com Shirley de Souza O\u2019Campos","potentialAction":[{"@type":"SearchAction","target":{"@type":"EntryPoint","urlTemplate":"https:\/\/blogdacondessa.com.br\/blog\/?s={search_term_string}"},"query-input":{"@type":"PropertyValueSpecification","valueRequired":true,"valueName":"search_term_string"}}],"inLanguage":"pt-BR"},{"@type":"Person","@id":"https:\/\/blogdacondessa.com.br\/blog\/#\/schema\/person\/1d667ff8b785195b568677489d266035","name":"Blog da Condessa","image":{"@type":"ImageObject","inLanguage":"pt-BR","@id":"https:\/\/secure.gravatar.com\/avatar\/377c0eb8b4ad2bfc25461b41564b5971e721ca34a57642868fc7b0c8ac7b52c5?s=96&d=mm&r=g","url":"https:\/\/secure.gravatar.com\/avatar\/377c0eb8b4ad2bfc25461b41564b5971e721ca34a57642868fc7b0c8ac7b52c5?s=96&d=mm&r=g","contentUrl":"https:\/\/secure.gravatar.com\/avatar\/377c0eb8b4ad2bfc25461b41564b5971e721ca34a57642868fc7b0c8ac7b52c5?s=96&d=mm&r=g","caption":"Blog da Condessa"},"url":"https:\/\/blogdacondessa.com.br\/blog\/author\/beatriz\/"}]}},"_links":{"self":[{"href":"https:\/\/blogdacondessa.com.br\/blog\/wp-json\/wp\/v2\/posts\/10962","targetHints":{"allow":["GET"]}}],"collection":[{"href":"https:\/\/blogdacondessa.com.br\/blog\/wp-json\/wp\/v2\/posts"}],"about":[{"href":"https:\/\/blogdacondessa.com.br\/blog\/wp-json\/wp\/v2\/types\/post"}],"author":[{"embeddable":true,"href":"https:\/\/blogdacondessa.com.br\/blog\/wp-json\/wp\/v2\/users\/2"}],"replies":[{"embeddable":true,"href":"https:\/\/blogdacondessa.com.br\/blog\/wp-json\/wp\/v2\/comments?post=10962"}],"version-history":[{"count":0,"href":"https:\/\/blogdacondessa.com.br\/blog\/wp-json\/wp\/v2\/posts\/10962\/revisions"}],"wp:featuredmedia":[{"embeddable":true,"href":"https:\/\/blogdacondessa.com.br\/blog\/wp-json\/wp\/v2\/media\/10963"}],"wp:attachment":[{"href":"https:\/\/blogdacondessa.com.br\/blog\/wp-json\/wp\/v2\/media?parent=10962"}],"wp:term":[{"taxonomy":"category","embeddable":true,"href":"https:\/\/blogdacondessa.com.br\/blog\/wp-json\/wp\/v2\/categories?post=10962"},{"taxonomy":"post_tag","embeddable":true,"href":"https:\/\/blogdacondessa.com.br\/blog\/wp-json\/wp\/v2\/tags?post=10962"}],"curies":[{"name":"wp","href":"https:\/\/api.w.org\/{rel}","templated":true}]}}