{"id":10893,"date":"2024-12-10T16:35:49","date_gmt":"2024-12-10T20:35:49","guid":{"rendered":"https:\/\/blogdacondessa.com.br\/blog\/?p=10893"},"modified":"2024-12-10T17:39:16","modified_gmt":"2024-12-10T21:39:16","slug":"ufmt-10-de-dezembro","status":"publish","type":"post","link":"https:\/\/blogdacondessa.com.br\/blog\/artigos\/ufmt-10-de-dezembro\/","title":{"rendered":"UFMT &#8211; 10 DE DEZEMBRO"},"content":{"rendered":"<p>Nossa universidade federal completa 54 anos de cria\u00e7\u00e3o, mais de meio s\u00e9culo. Nascida na Base A\u00e9rea de Campo Grande, hoje Mato Grosso do Sul. Assinaram o ato de cria\u00e7\u00e3o o Presidente M\u00e9dici e o Ministro da Educa\u00e7\u00e3o Jarbas Passarinho.<br \/>\nEra Governador do Estado, ainda n\u00e3o dividido, Pedro Pedrossian, e eu seu Secret\u00e1rio de Educa\u00e7\u00e3o.<br \/>\n\u00c9 normal que a nossa cinquentona institui\u00e7\u00e3o de ensino superior lembre com carinho dessa data.<br \/>\nMuito se fez por muitos no per\u00edodo de consolida\u00e7\u00e3o desse projeto pensado em 1808 na antiga capital do Estado, Vila Bela da Sant\u00edssima Trindade.<br \/>\nForam 162 anos de muita luta da popula\u00e7\u00e3o do nosso Estado, para ter a sua universidade, onde pudesse fornecer ensino superior aos seus filhos.<br \/>\nFoi o maior projeto social implantado em nosso Estado, e ofereceu oportunidade a todas as classes sociais para o acesso \u00e0 qualifica\u00e7\u00e3o superior.<br \/>\nMuito se tem a comemorar nesta data, e historiadores, jornalistas, estudiosos, professores e estudantes procuram depoimentos dos fundadores ainda vivos.<br \/>\nMuitos j\u00e1 partiram, deixando saudade e exemplos de \u00e9tica e efici\u00eancia na tarefa de implanta\u00e7\u00e3o da nossa universidade.<br \/>\nN\u00e3o irei citar nomes para n\u00e3o cometer injusti\u00e7as, com os colegas de epopeia que vivem no plano espiritual.<br \/>\nOs frutos deste trabalho est\u00e3o espalhados pela nossa sociedade, ocupando nossos Poderes, sem exce\u00e7\u00e3o.<br \/>\nComo sobrevivente desse grupo que tirou um Decreto Presidencial do Di\u00e1rio Oficial da Uni\u00e3o de 10 de dezembro de 1970 e transformou-o em realidade, sou muito procurado para entrevistas e depoimentos.<br \/>\nEvito ao m\u00e1ximo comentar sobre o passado de mais de meio s\u00e9culo para n\u00e3o ser mal interpretado.<br \/>\nA hist\u00f3ria da universidade j\u00e1 foi contada nas minhas cr\u00f4nicas publicadas no blog do bar do Bugre, de f\u00e1cil acesso.<br \/>\nSendo protagonista, n\u00e3o continuei um trabalho que j\u00e1 existia, pois s\u00f3 exist\u00edamos no papel.<br \/>\nComo reitor pro tempore, e depois reitor-fundador criamos algo novo, bem diferente de descobrir o que j\u00e1 existe.<br \/>\nPara um jovem professor, ou aluno da UFMT, \u00e9 importante lembrar que nascemos como funda\u00e7\u00e3o regidos pela CLT.<br \/>\nT\u00ednhamos autonomia did\u00e1tica, financeira e administrativa.<br \/>\nO Presidente da Rep\u00fablica nomeava seis nomes para o Conselho Diretor.<br \/>\nDesses seis, um era eleito para ser Presidente e outro Vice-Presidente, com mandato de seis anos, podendo ser reeleito por mais seis.<br \/>\nO Presidente do Conselho Diretor, era o Presidente da Funda\u00e7\u00e3o Universidade Federal e Reitor.<br \/>\nAnos depois, a FUFMT foi transformada em autarquia, o que foi um erro do Governo Federal.<br \/>\n<em><strong>*Gabriel Novis Neves<\/strong><\/em><\/p>\n","protected":false},"excerpt":{"rendered":"<p>Nossa universidade federal completa 54 anos de cria\u00e7\u00e3o, mais de meio s\u00e9culo. Nascida na Base A\u00e9rea de Campo Grande, hoje Mato Grosso do Sul. Assinaram o ato de cria\u00e7\u00e3o o Presidente M\u00e9dici e o Ministro da Educa\u00e7\u00e3o Jarbas Passarinho. Era Governador do Estado, ainda n\u00e3o dividido, Pedro Pedrossian, e eu seu Secret\u00e1rio de Educa\u00e7\u00e3o. \u00c9 [&hellip;]<\/p>\n","protected":false},"author":2,"featured_media":10903,"comment_status":"closed","ping_status":"closed","sticky":false,"template":"","format":"standard","meta":{"iawp_total_views":24,"footnotes":""},"categories":[33],"tags":[],"class_list":["post-10893","post","type-post","status-publish","format-standard","has-post-thumbnail","hentry","category-artigos"],"yoast_head":"<!-- This site is optimized with the Yoast SEO plugin v27.3 - https:\/\/yoast.com\/product\/yoast-seo-wordpress\/ -->\n<title>UFMT - 10 DE DEZEMBRO &#8902; Blog da Condessa<\/title>\n<meta name=\"robots\" content=\"index, follow, max-snippet:-1, max-image-preview:large, max-video-preview:-1\" \/>\n<link rel=\"canonical\" href=\"https:\/\/blogdacondessa.com.br\/blog\/artigos\/ufmt-10-de-dezembro\/\" \/>\n<meta property=\"og:locale\" content=\"pt_BR\" \/>\n<meta property=\"og:type\" content=\"article\" \/>\n<meta property=\"og:title\" content=\"UFMT - 10 DE DEZEMBRO &#8902; Blog da Condessa\" \/>\n<meta property=\"og:description\" content=\"Nossa universidade federal completa 54 anos de cria\u00e7\u00e3o, mais de meio s\u00e9culo. Nascida na Base A\u00e9rea de Campo Grande, hoje Mato Grosso do Sul. Assinaram o ato de cria\u00e7\u00e3o o Presidente M\u00e9dici e o Ministro da Educa\u00e7\u00e3o Jarbas Passarinho. Era Governador do Estado, ainda n\u00e3o dividido, Pedro Pedrossian, e eu seu Secret\u00e1rio de Educa\u00e7\u00e3o. \u00c9 [&hellip;]\" \/>\n<meta property=\"og:url\" content=\"https:\/\/blogdacondessa.com.br\/blog\/artigos\/ufmt-10-de-dezembro\/\" \/>\n<meta property=\"og:site_name\" content=\"Blog da Condessa\" \/>\n<meta property=\"article:published_time\" content=\"2024-12-10T20:35:49+00:00\" \/>\n<meta property=\"article:modified_time\" content=\"2024-12-10T21:39:16+00:00\" \/>\n<meta property=\"og:image\" content=\"https:\/\/blogdacondessa.com.br\/blog\/wp-content\/uploads\/2024\/12\/gabriel-certa.jpg\" \/>\n\t<meta property=\"og:image:width\" content=\"718\" \/>\n\t<meta property=\"og:image:height\" content=\"1600\" \/>\n\t<meta property=\"og:image:type\" content=\"image\/jpeg\" \/>\n<meta name=\"author\" content=\"Blog da Condessa\" \/>\n<meta name=\"twitter:card\" content=\"summary_large_image\" \/>\n<meta name=\"twitter:label1\" content=\"Escrito por\" \/>\n\t<meta name=\"twitter:data1\" content=\"Blog da Condessa\" \/>\n\t<meta name=\"twitter:label2\" content=\"Est. tempo de leitura\" \/>\n\t<meta name=\"twitter:data2\" content=\"3 minutos\" \/>\n<script type=\"application\/ld+json\" class=\"yoast-schema-graph\">{\"@context\":\"https:\\\/\\\/schema.org\",\"@graph\":[{\"@type\":\"Article\",\"@id\":\"https:\\\/\\\/blogdacondessa.com.br\\\/blog\\\/artigos\\\/ufmt-10-de-dezembro\\\/#article\",\"isPartOf\":{\"@id\":\"https:\\\/\\\/blogdacondessa.com.br\\\/blog\\\/artigos\\\/ufmt-10-de-dezembro\\\/\"},\"author\":{\"name\":\"Blog da Condessa\",\"@id\":\"https:\\\/\\\/blogdacondessa.com.br\\\/blog\\\/#\\\/schema\\\/person\\\/1d667ff8b785195b568677489d266035\"},\"headline\":\"UFMT &#8211; 10 DE DEZEMBRO\",\"datePublished\":\"2024-12-10T20:35:49+00:00\",\"dateModified\":\"2024-12-10T21:39:16+00:00\",\"mainEntityOfPage\":{\"@id\":\"https:\\\/\\\/blogdacondessa.com.br\\\/blog\\\/artigos\\\/ufmt-10-de-dezembro\\\/\"},\"wordCount\":433,\"image\":{\"@id\":\"https:\\\/\\\/blogdacondessa.com.br\\\/blog\\\/artigos\\\/ufmt-10-de-dezembro\\\/#primaryimage\"},\"thumbnailUrl\":\"https:\\\/\\\/blogdacondessa.com.br\\\/blog\\\/wp-content\\\/uploads\\\/2024\\\/12\\\/gabriel-certa.jpg\",\"articleSection\":[\"Artigos\"],\"inLanguage\":\"pt-BR\"},{\"@type\":\"WebPage\",\"@id\":\"https:\\\/\\\/blogdacondessa.com.br\\\/blog\\\/artigos\\\/ufmt-10-de-dezembro\\\/\",\"url\":\"https:\\\/\\\/blogdacondessa.com.br\\\/blog\\\/artigos\\\/ufmt-10-de-dezembro\\\/\",\"name\":\"UFMT - 10 DE DEZEMBRO &#8902; Blog da Condessa\",\"isPartOf\":{\"@id\":\"https:\\\/\\\/blogdacondessa.com.br\\\/blog\\\/#website\"},\"primaryImageOfPage\":{\"@id\":\"https:\\\/\\\/blogdacondessa.com.br\\\/blog\\\/artigos\\\/ufmt-10-de-dezembro\\\/#primaryimage\"},\"image\":{\"@id\":\"https:\\\/\\\/blogdacondessa.com.br\\\/blog\\\/artigos\\\/ufmt-10-de-dezembro\\\/#primaryimage\"},\"thumbnailUrl\":\"https:\\\/\\\/blogdacondessa.com.br\\\/blog\\\/wp-content\\\/uploads\\\/2024\\\/12\\\/gabriel-certa.jpg\",\"datePublished\":\"2024-12-10T20:35:49+00:00\",\"dateModified\":\"2024-12-10T21:39:16+00:00\",\"author\":{\"@id\":\"https:\\\/\\\/blogdacondessa.com.br\\\/blog\\\/#\\\/schema\\\/person\\\/1d667ff8b785195b568677489d266035\"},\"breadcrumb\":{\"@id\":\"https:\\\/\\\/blogdacondessa.com.br\\\/blog\\\/artigos\\\/ufmt-10-de-dezembro\\\/#breadcrumb\"},\"inLanguage\":\"pt-BR\",\"potentialAction\":[{\"@type\":\"ReadAction\",\"target\":[\"https:\\\/\\\/blogdacondessa.com.br\\\/blog\\\/artigos\\\/ufmt-10-de-dezembro\\\/\"]}]},{\"@type\":\"ImageObject\",\"inLanguage\":\"pt-BR\",\"@id\":\"https:\\\/\\\/blogdacondessa.com.br\\\/blog\\\/artigos\\\/ufmt-10-de-dezembro\\\/#primaryimage\",\"url\":\"https:\\\/\\\/blogdacondessa.com.br\\\/blog\\\/wp-content\\\/uploads\\\/2024\\\/12\\\/gabriel-certa.jpg\",\"contentUrl\":\"https:\\\/\\\/blogdacondessa.com.br\\\/blog\\\/wp-content\\\/uploads\\\/2024\\\/12\\\/gabriel-certa.jpg\",\"width\":718,\"height\":1600},{\"@type\":\"BreadcrumbList\",\"@id\":\"https:\\\/\\\/blogdacondessa.com.br\\\/blog\\\/artigos\\\/ufmt-10-de-dezembro\\\/#breadcrumb\",\"itemListElement\":[{\"@type\":\"ListItem\",\"position\":1,\"name\":\"In\u00edcio\",\"item\":\"https:\\\/\\\/blogdacondessa.com.br\\\/blog\\\/\"},{\"@type\":\"ListItem\",\"position\":2,\"name\":\"UFMT &#8211; 10 DE DEZEMBRO\"}]},{\"@type\":\"WebSite\",\"@id\":\"https:\\\/\\\/blogdacondessa.com.br\\\/blog\\\/#website\",\"url\":\"https:\\\/\\\/blogdacondessa.com.br\\\/blog\\\/\",\"name\":\"Blog da Condessa\",\"description\":\"Com Shirley de Souza O\u2019Campos\",\"potentialAction\":[{\"@type\":\"SearchAction\",\"target\":{\"@type\":\"EntryPoint\",\"urlTemplate\":\"https:\\\/\\\/blogdacondessa.com.br\\\/blog\\\/?s={search_term_string}\"},\"query-input\":{\"@type\":\"PropertyValueSpecification\",\"valueRequired\":true,\"valueName\":\"search_term_string\"}}],\"inLanguage\":\"pt-BR\"},{\"@type\":\"Person\",\"@id\":\"https:\\\/\\\/blogdacondessa.com.br\\\/blog\\\/#\\\/schema\\\/person\\\/1d667ff8b785195b568677489d266035\",\"name\":\"Blog da Condessa\",\"image\":{\"@type\":\"ImageObject\",\"inLanguage\":\"pt-BR\",\"@id\":\"https:\\\/\\\/secure.gravatar.com\\\/avatar\\\/377c0eb8b4ad2bfc25461b41564b5971e721ca34a57642868fc7b0c8ac7b52c5?s=96&d=mm&r=g\",\"url\":\"https:\\\/\\\/secure.gravatar.com\\\/avatar\\\/377c0eb8b4ad2bfc25461b41564b5971e721ca34a57642868fc7b0c8ac7b52c5?s=96&d=mm&r=g\",\"contentUrl\":\"https:\\\/\\\/secure.gravatar.com\\\/avatar\\\/377c0eb8b4ad2bfc25461b41564b5971e721ca34a57642868fc7b0c8ac7b52c5?s=96&d=mm&r=g\",\"caption\":\"Blog da Condessa\"},\"url\":\"https:\\\/\\\/blogdacondessa.com.br\\\/blog\\\/author\\\/beatriz\\\/\"}]}<\/script>\n<!-- \/ Yoast SEO plugin. -->","yoast_head_json":{"title":"UFMT - 10 DE DEZEMBRO &#8902; Blog da Condessa","robots":{"index":"index","follow":"follow","max-snippet":"max-snippet:-1","max-image-preview":"max-image-preview:large","max-video-preview":"max-video-preview:-1"},"canonical":"https:\/\/blogdacondessa.com.br\/blog\/artigos\/ufmt-10-de-dezembro\/","og_locale":"pt_BR","og_type":"article","og_title":"UFMT - 10 DE DEZEMBRO &#8902; Blog da Condessa","og_description":"Nossa universidade federal completa 54 anos de cria\u00e7\u00e3o, mais de meio s\u00e9culo. Nascida na Base A\u00e9rea de Campo Grande, hoje Mato Grosso do Sul. Assinaram o ato de cria\u00e7\u00e3o o Presidente M\u00e9dici e o Ministro da Educa\u00e7\u00e3o Jarbas Passarinho. Era Governador do Estado, ainda n\u00e3o dividido, Pedro Pedrossian, e eu seu Secret\u00e1rio de Educa\u00e7\u00e3o. \u00c9 [&hellip;]","og_url":"https:\/\/blogdacondessa.com.br\/blog\/artigos\/ufmt-10-de-dezembro\/","og_site_name":"Blog da Condessa","article_published_time":"2024-12-10T20:35:49+00:00","article_modified_time":"2024-12-10T21:39:16+00:00","og_image":[{"width":718,"height":1600,"url":"https:\/\/blogdacondessa.com.br\/blog\/wp-content\/uploads\/2024\/12\/gabriel-certa.jpg","type":"image\/jpeg"}],"author":"Blog da Condessa","twitter_card":"summary_large_image","twitter_misc":{"Escrito por":"Blog da Condessa","Est. tempo de leitura":"3 minutos"},"schema":{"@context":"https:\/\/schema.org","@graph":[{"@type":"Article","@id":"https:\/\/blogdacondessa.com.br\/blog\/artigos\/ufmt-10-de-dezembro\/#article","isPartOf":{"@id":"https:\/\/blogdacondessa.com.br\/blog\/artigos\/ufmt-10-de-dezembro\/"},"author":{"name":"Blog da Condessa","@id":"https:\/\/blogdacondessa.com.br\/blog\/#\/schema\/person\/1d667ff8b785195b568677489d266035"},"headline":"UFMT &#8211; 10 DE DEZEMBRO","datePublished":"2024-12-10T20:35:49+00:00","dateModified":"2024-12-10T21:39:16+00:00","mainEntityOfPage":{"@id":"https:\/\/blogdacondessa.com.br\/blog\/artigos\/ufmt-10-de-dezembro\/"},"wordCount":433,"image":{"@id":"https:\/\/blogdacondessa.com.br\/blog\/artigos\/ufmt-10-de-dezembro\/#primaryimage"},"thumbnailUrl":"https:\/\/blogdacondessa.com.br\/blog\/wp-content\/uploads\/2024\/12\/gabriel-certa.jpg","articleSection":["Artigos"],"inLanguage":"pt-BR"},{"@type":"WebPage","@id":"https:\/\/blogdacondessa.com.br\/blog\/artigos\/ufmt-10-de-dezembro\/","url":"https:\/\/blogdacondessa.com.br\/blog\/artigos\/ufmt-10-de-dezembro\/","name":"UFMT - 10 DE DEZEMBRO &#8902; Blog da Condessa","isPartOf":{"@id":"https:\/\/blogdacondessa.com.br\/blog\/#website"},"primaryImageOfPage":{"@id":"https:\/\/blogdacondessa.com.br\/blog\/artigos\/ufmt-10-de-dezembro\/#primaryimage"},"image":{"@id":"https:\/\/blogdacondessa.com.br\/blog\/artigos\/ufmt-10-de-dezembro\/#primaryimage"},"thumbnailUrl":"https:\/\/blogdacondessa.com.br\/blog\/wp-content\/uploads\/2024\/12\/gabriel-certa.jpg","datePublished":"2024-12-10T20:35:49+00:00","dateModified":"2024-12-10T21:39:16+00:00","author":{"@id":"https:\/\/blogdacondessa.com.br\/blog\/#\/schema\/person\/1d667ff8b785195b568677489d266035"},"breadcrumb":{"@id":"https:\/\/blogdacondessa.com.br\/blog\/artigos\/ufmt-10-de-dezembro\/#breadcrumb"},"inLanguage":"pt-BR","potentialAction":[{"@type":"ReadAction","target":["https:\/\/blogdacondessa.com.br\/blog\/artigos\/ufmt-10-de-dezembro\/"]}]},{"@type":"ImageObject","inLanguage":"pt-BR","@id":"https:\/\/blogdacondessa.com.br\/blog\/artigos\/ufmt-10-de-dezembro\/#primaryimage","url":"https:\/\/blogdacondessa.com.br\/blog\/wp-content\/uploads\/2024\/12\/gabriel-certa.jpg","contentUrl":"https:\/\/blogdacondessa.com.br\/blog\/wp-content\/uploads\/2024\/12\/gabriel-certa.jpg","width":718,"height":1600},{"@type":"BreadcrumbList","@id":"https:\/\/blogdacondessa.com.br\/blog\/artigos\/ufmt-10-de-dezembro\/#breadcrumb","itemListElement":[{"@type":"ListItem","position":1,"name":"In\u00edcio","item":"https:\/\/blogdacondessa.com.br\/blog\/"},{"@type":"ListItem","position":2,"name":"UFMT &#8211; 10 DE DEZEMBRO"}]},{"@type":"WebSite","@id":"https:\/\/blogdacondessa.com.br\/blog\/#website","url":"https:\/\/blogdacondessa.com.br\/blog\/","name":"Blog da Condessa","description":"Com Shirley de Souza O\u2019Campos","potentialAction":[{"@type":"SearchAction","target":{"@type":"EntryPoint","urlTemplate":"https:\/\/blogdacondessa.com.br\/blog\/?s={search_term_string}"},"query-input":{"@type":"PropertyValueSpecification","valueRequired":true,"valueName":"search_term_string"}}],"inLanguage":"pt-BR"},{"@type":"Person","@id":"https:\/\/blogdacondessa.com.br\/blog\/#\/schema\/person\/1d667ff8b785195b568677489d266035","name":"Blog da Condessa","image":{"@type":"ImageObject","inLanguage":"pt-BR","@id":"https:\/\/secure.gravatar.com\/avatar\/377c0eb8b4ad2bfc25461b41564b5971e721ca34a57642868fc7b0c8ac7b52c5?s=96&d=mm&r=g","url":"https:\/\/secure.gravatar.com\/avatar\/377c0eb8b4ad2bfc25461b41564b5971e721ca34a57642868fc7b0c8ac7b52c5?s=96&d=mm&r=g","contentUrl":"https:\/\/secure.gravatar.com\/avatar\/377c0eb8b4ad2bfc25461b41564b5971e721ca34a57642868fc7b0c8ac7b52c5?s=96&d=mm&r=g","caption":"Blog da Condessa"},"url":"https:\/\/blogdacondessa.com.br\/blog\/author\/beatriz\/"}]}},"_links":{"self":[{"href":"https:\/\/blogdacondessa.com.br\/blog\/wp-json\/wp\/v2\/posts\/10893","targetHints":{"allow":["GET"]}}],"collection":[{"href":"https:\/\/blogdacondessa.com.br\/blog\/wp-json\/wp\/v2\/posts"}],"about":[{"href":"https:\/\/blogdacondessa.com.br\/blog\/wp-json\/wp\/v2\/types\/post"}],"author":[{"embeddable":true,"href":"https:\/\/blogdacondessa.com.br\/blog\/wp-json\/wp\/v2\/users\/2"}],"replies":[{"embeddable":true,"href":"https:\/\/blogdacondessa.com.br\/blog\/wp-json\/wp\/v2\/comments?post=10893"}],"version-history":[{"count":0,"href":"https:\/\/blogdacondessa.com.br\/blog\/wp-json\/wp\/v2\/posts\/10893\/revisions"}],"wp:featuredmedia":[{"embeddable":true,"href":"https:\/\/blogdacondessa.com.br\/blog\/wp-json\/wp\/v2\/media\/10903"}],"wp:attachment":[{"href":"https:\/\/blogdacondessa.com.br\/blog\/wp-json\/wp\/v2\/media?parent=10893"}],"wp:term":[{"taxonomy":"category","embeddable":true,"href":"https:\/\/blogdacondessa.com.br\/blog\/wp-json\/wp\/v2\/categories?post=10893"},{"taxonomy":"post_tag","embeddable":true,"href":"https:\/\/blogdacondessa.com.br\/blog\/wp-json\/wp\/v2\/tags?post=10893"}],"curies":[{"name":"wp","href":"https:\/\/api.w.org\/{rel}","templated":true}]}}