{"id":10890,"date":"2024-12-10T05:00:25","date_gmt":"2024-12-10T09:00:25","guid":{"rendered":"https:\/\/blogdacondessa.com.br\/blog\/?p=10890"},"modified":"2024-12-09T18:51:11","modified_gmt":"2024-12-09T22:51:11","slug":"a-crescente-demanda-por-cuidadores-de-idosos-em-um-brasil-cada-vez-mais-velho-fui-trocar-lampada-e-fiquei","status":"publish","type":"post","link":"https:\/\/blogdacondessa.com.br\/blog\/cidades-2\/a-crescente-demanda-por-cuidadores-de-idosos-em-um-brasil-cada-vez-mais-velho-fui-trocar-lampada-e-fiquei\/","title":{"rendered":"A crescente demanda por cuidadores de idosos em um Brasil cada vez mais velho: &#8216;Fui trocar l\u00e2mpada e fiquei&#8217;"},"content":{"rendered":"<p>&#8220;Eu sentia um amor muito grande. N\u00e3o tem nem explica\u00e7\u00e3o para o sentimento.&#8221;<br \/>\n\u00c9 assim que o cuidador de idosos Rodrigo Rafael de Camargo, de 39 anos, lembra de Carlos, que tinha dem\u00eancia e faleceu em abril, aos 87.<br \/>\n\u201cQuando eu chegava, ele j\u00e1 dava um grito. \u2018Rodrigo, vem aqui um pouco. Voc\u00ea n\u00e3o viu o que est\u00e1 acontecendo com o controle da TV aqui?\u2019&#8221;, recorda-se. &#8220;A\u00ed eu mexia no controle e tava tudo funcionando. Eu abria o controle, tirava a pilha, colocava a pilha no lugar, pegava um paninho, limpava por dentro. A\u00ed eu falava, \u2018t\u00e1 funcionando\u2019. Mas n\u00e3o tinha nem parado, sabe? Aquilo era s\u00f3 para eu estar perto dele&#8221;, prossegue.<br \/>\n&#8220;Era um sentimento muito gostoso, ver como ele gostava de ficar perto de mim.\u201d A demanda por profissionais como Rodrigo \u00e9 cada vez maior em um Brasil que fica cada vez mais velho. Em 2070, mais de um ter\u00e7o (37,8%) dos brasileiros ser\u00e3o idosos, segundo o Instituto Brasileiro de Geografia e Estat\u00edstica (IBGE). De 2000 para 2023, a propor\u00e7\u00e3o de pessoas com 60 anos ou mais na popula\u00e7\u00e3o brasileira quase duplicou: subiu de 8,7% para 15,6%.<br \/>\nAo mesmo tempo, a taxa de fecundidade do pa\u00eds recuou de 2,32 em 2000 para 1,57 filho por mulher em 2023. E a popula\u00e7\u00e3o do pa\u00eds vai parar de crescer em 2041, segundo proje\u00e7\u00e3o do IBGE.<br \/>\nBoa parte do cuidado com a popula\u00e7\u00e3o brasileira que envelhece recai e recair\u00e1 cada vez mais na figura do cuidador de idosos \u2014 um trabalhador invis\u00edvel em uma atividade n\u00e3o regulamentada que, segundo especialistas na \u00e1rea, pode ganhar mais de tr\u00eas sal\u00e1rios m\u00ednimos (R$4.236). H\u00e1 expectativa de que uma nova pol\u00edtica para a profiss\u00e3o seja aprovada em Bras\u00edlia. Ap\u00f3s anos de campanhas pela sociedade civil, a C\u00e2mara dos Deputados aprovou, em 12 de novembro, um projeto de lei que institui a Pol\u00edtica Nacional de Cuidado. O texto agora aguarda aprecia\u00e7\u00e3o pelo Senado. A proposta coloca o cuidado como um direito do cidad\u00e3o e abre caminho, segundo especialistas, para a regulamenta\u00e7\u00e3o da profiss\u00e3o de cuidador de idosos e, muitos esperam, a oferta de cuidado como um servi\u00e7o no \u00e2mbito do Sistema \u00danico de Sa\u00fade (SUS). A BBC News Brasil entrevistou especialistas na \u00e1rea, al\u00e9m de ouvir a experi\u00eancia de Rodrigo, para entender como \u00e9 o cotidiano dos cuidadores de idosos e o que pode mudar a regulamenta\u00e7\u00e3o da atividade e o investimento na forma\u00e7\u00e3o destes trabalhadores.<br \/>\nAfinal, seria esta uma profiss\u00e3o do futuro no Brasil?<br \/>\n<strong>&#8216;Fui trocar uma l\u00e2mpada e virei cuidador&#8217;<\/strong><br \/>\nRodrigo trabalhava como seguran\u00e7a de um condom\u00ednio em Indaiatuba, no interior de S\u00e3o Paulo, quando um pedido de um casal de moradores, Carlos e Maria das Dores, mudou sua vida. \u201cFui trocar uma l\u00e2mpada, e eles me convidaram para ser motorista deles. Depois virei cuidador. Com o Seu Carlos, eu chegava de manh\u00e3, tinha de preparar os medicamentos \u2014 ele tomava muitos comprimidos.&#8221;<br \/>\n&#8220;Ele tinha dem\u00eancia, e teve tamb\u00e9m derrame. \u00c0s vezes, dava um branco na mente dele e ele acabava esquecendo algumas coisas. A\u00ed eu ficava conversando com ele, at\u00e9 que ele come\u00e7ava a lembrar. Nos tornamos muito amigos.\u201d<br \/>\nO cuidador se lembra do dia em que come\u00e7ou a ajudar Carlos a fazer a higiene pessoal. Um momento delicado, mas a partir dali &#8220;ficou tudo mais f\u00e1cil&#8221;.<br \/>\n\u201cFoi uma vez que fomos ao hospital colher um exame. Ele era bem fechado. Ia colocar uma camisa, voc\u00ea tinha de sair de perto. E ele n\u00e3o estava conseguindo fazer a coleta. Eu falei, \u2018seu Carlos, o senhor quer uma ajuda?\u2019 \u2018Mas n\u00e3o tem problema?\u2019 \u2018N\u00e3o.\u2019 Ajudei a fazer a coleta do xixi. A\u00ed ele come\u00e7ou a pegar intimidade.&#8221;<br \/>\n&#8220;Nos \u00faltimos tempos, ele ficou bem debilitado, ent\u00e3o tive de ajudar mais com a higiene. Mas eu me sentia muito confort\u00e1vel com ele. E acho tamb\u00e9m porque eu tive uma conviv\u00eancia com meu tio, ele \u00e9 cadeirante. Ajudei a cuidar dos ferimentos dele. Ent\u00e3o veio me ajudar nessa parte.&#8221;<br \/>\nRodrigo \u00e9 um perfil at\u00edpico entre cuidadores de idosos.<br \/>\nO cuidador t\u00edpico no Brasil tem perfil mais parecido com o da empregada dom\u00e9stica, diz \u00e0 BBC News Brasil Jorge F\u00e9lix, autor do livro A economia da longevidade: O envelhecimento populacional muito al\u00e9m da previd\u00eancia.<br \/>\n\u201cO cuidador \u00e9 uma mulher com cerca de 40 anos de idade, negra, pobre, com poucos anos de estudo, que v\u00ea hoje, com a regulamenta\u00e7\u00e3o da profiss\u00e3o de empregada dom\u00e9stica, menos demanda por seus servi\u00e7os como dom\u00e9stica\u201d, diz F\u00e9lix, que \u00e9 pesquisador da Funda\u00e7\u00e3o de Amparo \u00e0 Pesquisa do Estado de S\u00e3o Paulo (Fapesp) e professor de gerontologia na Universidade de S\u00e3o Paulo (USP).<br \/>\nEle afirma que a classe m\u00e9dia n\u00e3o quer mais contratar empregadas em hor\u00e1rio integral para n\u00e3o ter que arcar com o custo de assinar a carteira. A demanda por cuidadoras, por outro lado, aumenta cada vez mais.<br \/>\nIsso se reflete, inclusive, nos sal\u00e1rios, diz o pesquisador.<br \/>\n\u201cA cuidadora hoje consegue ganhar at\u00e9 tr\u00eas sal\u00e1rios m\u00ednimos e, se ela tiver forma\u00e7\u00e3o, pode ganhar at\u00e9 mais\u201d, diz.<br \/>\nRodrigo, que depois passou a cuidar da vi\u00fava de Carlos, Maria das Dores, 85 anos, diz n\u00e3o ter inten\u00e7\u00e3o de fazer o curso de cuidador.<br \/>\n\u201cConhe\u00e7o uma pessoa que trabalha (como cuidadora) que falou para mim que eu fa\u00e7o muito mais do que uma pessoa que fez o curso. Sou uma pessoa que o que tiver que fazer, eu fa\u00e7o. Levo no pilates, agacho, coloco o sapato no p\u00e9 dela. \u00c0s vezes, quem est\u00e1 em volta fica olhando, mas eu fa\u00e7o. Porque vejo a dificuldade que tem.&#8221;<br \/>\n&#8220;E gosto de fazer a mais do que aquilo que tem de fazer. Na maioria das vezes, quando voc\u00ea estuda, voc\u00ea tem um limite. Mas eu n\u00e3o vejo uma barreira. Participo de tudo, me sinto como um filho. Prefiro assim do que ter um curso e ter de me limitar.\u201d<br \/>\nNo entanto, especialistas chamam a aten\u00e7\u00e3o para os riscos que a falta de forma\u00e7\u00e3o e preparos adequados dos cuidadores pode trazer para os pr\u00f3prios trabalhadores.<br \/>\nF\u00e9lix compara a postura de Rodrigo \u00e0 de muitas trabalhadoras dom\u00e9sticas brasileiras.<br \/>\n\u201cH\u00e1 um voluntarismo muito grande. \u2018Pode deixar, eu limpo a vidra\u00e7a, subo na escada, comigo n\u00e3o tem tempo feio\u2019\u201d, diz o pesquisador.<br \/>\nNo trabalho de cuidado, no entanto, essa atitude pode ser muito mais prejudicial ao profissional, explica F\u00e9lix.<br \/>\n\u201cV\u00e3o levantar a pessoa, v\u00e3o pegar o peso do corpo da pessoa idosa, mas n\u00e3o colocam uma cinta para proteger a coluna, n\u00e3o conseguem ver seus pr\u00f3prios limites\u201d, diz o pesquisador.<br \/>\n\u201cExiste tamb\u00e9m o aspecto psicol\u00f3gico. Quando ela [a cuidadora] n\u00e3o tem forma\u00e7\u00e3o, ela tem mais inseguran\u00e7a. N\u00e3o sabe como lidar com uma situa\u00e7\u00e3o de surto da pessoa que ela est\u00e1 cuidando. Ent\u00e3o, o medo, a inseguran\u00e7a, o estresse, a ansiedade s\u00e3o muito grandes.\u201d<br \/>\nO custo pessoal para o cuidador e das profiss\u00f5es que envolvem cuidado de uma forma geral tamb\u00e9m est\u00e1 ligado ao envolvimento emocional com a pessoa cuidada.<br \/>\n<strong>&#8216;Voc\u00ea vai demorar para voltar?&#8217;<\/strong><br \/>\nRodrigo conta como a rela\u00e7\u00e3o com Carlos, al\u00e9m de se tornar cada vez mais \u00edntima, tamb\u00e9m ficava cada vez mais intensa e ganhava novos contornos conforme o idoso requisitava cada vez mais sua presen\u00e7a.<br \/>\n\u201c\u00c0s vezes, eu tinha de ir \u00e0 farm\u00e1cia, e ele falava, \u2018voc\u00ea n\u00e3o vai demorar n\u00e3o, n\u00e9?\u2019 \u00c0s vezes, eu levava ele e ele ficava dentro do carro, pra ficar me olhando. Ele queria ficar pr\u00f3ximo. E quando eu ia embora, ele perguntava: \u2018voc\u00ea vai demorar pra voltar?\u2019\u201d<br \/>\n\u201cMais especial foi nos \u00faltimos dias da vida dele. Deixa eu dar uma respirada. (Pausa) Ele falava que me tinha como um filho. \u00c9 que ele teve s\u00f3 filhas mulheres. Quando ele estava internado, as meninas (vendo que eu estava sofrendo), arrumaram enfermeiras para ficar com ele. Eu n\u00e3o me sinto muito bem em hospital, e vendo a forma como ele estava, eu sofria muito. Ent\u00e3o eu s\u00f3 ia nas visitas. Eu chegava l\u00e1, ele sentia muita falta. Ele falava, \u2018por que voc\u00ea me abandonou?\u2019\u201d<br \/>\n\u201cO dia que ficou mais marcado foi o dia que eu levei ele para o hospital. Ele tava em casa, tava passando mal. Eu perguntei, \u2018seu Carlos, t\u00e1 tudo bem? O que o senhor t\u00e1 sentindo?\u2019 Ele falou, \u2018ah, minha vista est\u00e1 diferente\u2019. Eu falei, \u2018a gente vai para o hospital\u2019. Ele falou, \u2018n\u00e3o, n\u00e3o precisa. O filme est\u00e1 acabando\u2019. \u2018Mas que filme?\u2019 &#8216;O filme t\u00e1 acabando. O filme acabando, acaba tudo.&#8217; Foi onde come\u00e7ou&#8221;, relata Rodrigo, em meio \u00e0s l\u00e1grimas.<br \/>\n&#8220;Ele foi pro hospital, ficou internado. Pouco depois, veio a falecer.&#8221;<br \/>\nAo lembrar dos seus \u00faltimos momentos juntos, Rodrigo explica emocionado que teve de procurar um m\u00e9dico para lidar com ansiedade e depress\u00e3o.<br \/>\n\u00c9 preciso pensar no envelhecimento precoce do profissional cuidador, sobretudo quando a pessoa de quem ela est\u00e1 cuidando morre, diz o geront\u00f3logo Jorge F\u00e9lix.<br \/>\nEle vai al\u00e9m: \u201cIsso deveria ser pensado inclusive em termos da previd\u00eancia social [do cuidador]\u201d.<br \/>\nF\u00e9lix compara o desgaste do cuidador ao de uma enfermeira, por exemplo.<br \/>\n\u201cA enfermeira tem um amplo preparo, inclusive psicol\u00f3gico, para lidar com essas situa\u00e7\u00f5es. Ela tem um treinamento para tratar de forma humana, mas n\u00e3o ter um envolvimento\u201d, diz o pesquisador.<br \/>\nSem esse escudo psicol\u00f3gico, o luto do cuidador acelera seu envelhecimento, diz F\u00e9lix.<br \/>\n\u201c\u00c9 como se ele tivesse perdido a raz\u00e3o de viver. S\u00e3o situa\u00e7\u00f5es com as quais eles deveriam aprender a lidar no curso de forma\u00e7\u00e3o.\u201d<br \/>\n<strong>Forma\u00e7\u00e3o profissional<\/strong><br \/>\nNesse sentido, uma forma\u00e7\u00e3o profissional adequada seria fundamental para a prote\u00e7\u00e3o e benef\u00edcio tanto do cuidador quanto da pessoa cuidada, segundo os especialistas.<br \/>\nPor iniciativa de ONGs como a Abraz (Associa\u00e7\u00e3o Brasileira de Alzheimer e Outras Dem\u00eancias), um curso t\u00e9cnico profissionalizante de Cuidadores de Pessoas Idosas foi inserido no cat\u00e1logo nacional do Minist\u00e9rio da Educa\u00e7\u00e3o.<br \/>\nNo entanto, sem uma regulamenta\u00e7\u00e3o da profiss\u00e3o e sem uma padroniza\u00e7\u00e3o no tipo de forma\u00e7\u00e3o necess\u00e1ria para o exerc\u00edcio da atividade, o relato \u00e9 de que a demanda por cursos desse tipo acaba sendo baixa.<br \/>\nO professor e pesquisador Daniel Groisman, da Funda\u00e7\u00e3o Oswaldo Cruz (Fiocruz), diz que a entidade oferecia um curso de qualifica\u00e7\u00e3o profissional (com menos horas do que o curso t\u00e9cnico) para cuidadores, mas hoje opta por oferecer cursos de forma\u00e7\u00e3o para formadores de cuidadores.<br \/>\nAinda assim, uma pesquisa longitudinal da Fiocruz com ex-alunas do curso de qualifica\u00e7\u00e3o trouxe resultados bastante encorajadores, comenta Groisman, coordenador do projeto Cuidando de Quem Cuida.<br \/>\n\u201cUm primeiro resultado foi que o acesso \u00e0 forma\u00e7\u00e3o teve um impacto positivo para a empregabilidade\u201d, diz Groisman.<br \/>\n\u201cComparando o que as pessoas estavam fazendo na \u00e9poca em que procuraram o curso e o que estavam fazendo quando foram entrevistadas, houve um aumento significativo no n\u00famero de pessoas atuando como cuidadoras e uma diminui\u00e7\u00e3o no n\u00famero de pessoas que estavam desempregadas.\u201d<br \/>\nAs ex-alunas tamb\u00e9m falaram da melhoria na qualidade do seu trabalho como cuidadoras, prossegue Groisman.<br \/>\n\u201c\u00c9 um resultado importante, elas saberem trabalhar com melhor qualidade tanto em rela\u00e7\u00e3o \u00e0s pr\u00e1ticas do cuidado como tamb\u00e9m com uma consci\u00eancia para se protegerem de situa\u00e7\u00f5es de sobrecarga de trabalho e viola\u00e7\u00f5es de direitos.\u201d<br \/>\nO estudo tamb\u00e9m concluiu que as cuidadoras com forma\u00e7\u00e3o s\u00e3o mais aptas a prevenir acidentes dom\u00e9sticos com idosos, j\u00e1 que entendem como criar um ambiente mais seguro para a pessoa idosa em casa.<br \/>\nFinalmente, lembra Groisman, em uma profiss\u00e3o que pode ser t\u00e3o solit\u00e1ria, as cuidadoras e cuidadores que fazem o curso podem encontrar solidariedade no conv\u00edvio com outros profissionais.<br \/>\nCom ou sem qualifica\u00e7\u00e3o profissional, Rodrigo parece estar certo de que cuidar \u00e9 sua verdadeira voca\u00e7\u00e3o e conta como a profiss\u00e3o o transformou.<br \/>\n&#8220;Eu trabalhava no condom\u00ednio [como vigia]. Voc\u00ea v\u00ea muito \u00f3dio e voc\u00ea acaba mudando a sua personalidade. Um exemplo pra voc\u00ea: Eu ia atender uma ocorr\u00eancia. Chegava em uma casa, o vizinho tinha ligado na portaria para reclamar do barulho. Voc\u00ea ia conversar, explicar a lei, a pessoa muitas vezes te humilhava. &#8216;Voc\u00ea n\u00e3o \u00e9 nada, eu sou tal coisa.&#8217;<br \/>\n&#8220;Ent\u00e3o voc\u00ea vai mudando a sua personalidade. Tem de ser mais grosso, mais r\u00edgido. Mas quando eu vim trabalhar com eles, vi que \u00e9 mais amor. Voltei a ter um sentimento novamente. Percebi que aquele trabalho n\u00e3o era bom pra mim, porque eu n\u00e3o sou uma pessoa daquele jeito. Eu sou uma pessoa atenciosa, uma pessoa carinhosa. Foi muito bom para eu entender que estava na \u00e1rea errada.&#8221;<br \/>\nSemanas depois da entrevista \u00e0 BBC News Brasil, Rodrigo contou que foi desligado do trabalho por corte de custos e passou a trabalhar como cuidador de outro idoso: &#8220;Mas n\u00e3o quero me apegar muito, porque a gente sofre&#8221;.<br \/>\n<strong>Profiss\u00e3o do futuro?<\/strong><br \/>\nEm um Brasil que envelhece, uma atividade t\u00e3o antiga pode tamb\u00e9m ser uma profiss\u00e3o do futuro.<br \/>\nSegundo dados da Pesquisa Nacional por Amostra de Domic\u00edlios (Pnad), entre 2019 e 2023 houve um aumento de 15% no n\u00famero de cuidadores remunerados no Brasil. A pesquisa estima que eles somavam, em 2023, cerca de 840 mil.<br \/>\nPara compreender o tamanho do mercado em potencial, \u00e9 importante olhar para o cuidado n\u00e3o remunerado feito no pa\u00eds hoje.<br \/>\nO n\u00famero de familiares que se dedicavam a cuidados de pessoas de 60 anos ou mais saltou de 3,7 milh\u00f5es em 2016 para 5,1 milh\u00f5es em 2019, segundo o IBGE.<br \/>\nS\u00e3o pessoas \u2014 na maioria, mulheres \u2014 que trabalham muitas vezes na invisibilidade, sem remunera\u00e7\u00e3o, fazendo grandes sacrif\u00edcios pessoais (por exemplo, abandonando suas profiss\u00f5es, colocando em risco sua sa\u00fade e sua pr\u00f3pria sobreviv\u00eancia financeira na velhice), segundo especialistas.<br \/>\nOlhando para essa realidade, Groisman e F\u00e9lix respondem que cuidar j\u00e1 \u00e9 uma profiss\u00e3o cr\u00edtica para o Brasil do presente.<br \/>\nSe vai ser uma profiss\u00e3o do futuro, isso vai depender, em grande parte, do governo brasileiro, diz Jorge F\u00e9lix.<br \/>\nEle cita o projeto de lei que estabelece a Pol\u00edtica Nacional de Cuidado, enviado pelo governo federal ao Congresso.<br \/>\n\u201cPrimeiro, o Congresso vai discutir essa pol\u00edtica. E isso vai formar a base para depois voc\u00ea definir e regulamentar a profiss\u00e3o de cuidadora\u201d, diz F\u00e9lix.<br \/>\n\u201c\u00c9 a primeira vez que o Executivo tenta tomar uma iniciativa sobre a quest\u00e3o do cuidado, principalmente, estabelecendo o direito ao cuidado.\u201d<br \/>\nF\u00e9lix considera que se trata de um avan\u00e7o muito grande, mas diz que, por enquanto, o que existe s\u00e3o promessas.<br \/>\n\u201cDurante a campanha presidencial, Lula faz essa promessa de criar um servi\u00e7o de cuidadora de idosos domiciliar. No meu entendimento, seria um servi\u00e7o semelhante ao dos agentes comunit\u00e1rios de sa\u00fade que j\u00e1 existe no SUS&#8221;, diz o pesquisador.<br \/>\n&#8220;Ent\u00e3o, voc\u00ea teria uma pessoa do servi\u00e7o p\u00fablico que vai \u00e0 sua casa, te d\u00e1 banho, ajuda sua fam\u00edlia a fazer a gest\u00e3o dos medicamentos, verifica se a pessoa est\u00e1 bem cuidada com visitas peri\u00f3dicas. S\u00e3o promessas, n\u00e3o \u00e9? Promessas.\u201d<br \/>\nF\u00e9lix acompanha atento os desdobramentos no Congresso. Ele diz que \u201ca profiss\u00e3o de cuidador pode ser uma profiss\u00e3o do futuro caso o Estado ofere\u00e7a, abrace esse servi\u00e7o, como ocorre em alguns pa\u00edses ricos\u201d.<br \/>\nMas, se a promessa n\u00e3o for cumprida, o cen\u00e1rio pintado \u00e9 preocupante, diz o especialista.<br \/>\nSe o custo do cuidado recair somente sobre a fam\u00edlia, o envelhecimento populacional trar\u00e1 um aumento na demanda, mas essas fam\u00edlias n\u00e3o ter\u00e3o como pagar, diz.<br \/>\n\u201cSomente 20% da popula\u00e7\u00e3o brasileira paga por esse servi\u00e7o\u201d, diz.<br \/>\n\u201cSe continuar assim, voc\u00ea continua a ter muitas pessoas sem cuidado. Que ficam sozinhas em casa, e morrem em casa sem ningu\u00e9m saber.\u201d<br \/>\nProcurado pela BBC News Brasil em outubro, o Minist\u00e9rio do Desenvolvimento e Assist\u00eancia Social, Fam\u00edlia e Combate \u00e0 Fome (MDS) n\u00e3o ofereceu previs\u00e3o para a conclus\u00e3o da tramita\u00e7\u00e3o da Pol\u00edtica Nacional de Cuidado, mas informou que al\u00e9m de avan\u00e7ar na garantia do direito ao cuidado, a pol\u00edtica deve \u201cdiminuir a sobrecarga de trabalho de cuidados que hoje recai sobre as fam\u00edlias e dentro delas sobre as mulheres\u201d.<br \/>\nO minist\u00e9rio disse ainda reconhecer a import\u00e2ncia da regulamenta\u00e7\u00e3o da profiss\u00e3o de cuidador e cuidadora.<br \/>\nEnquanto ela \u00e9 debatida no Legislativo, a pasta disse trabalhar para \u201catender \u00e0s demandas das(os) profissionais que atuam neste setor, tais como oferta de forma\u00e7\u00e3o profissional, eleva\u00e7\u00e3o de escolaridade da categoria, promo\u00e7\u00e3o de trabalho decente (acesso a direitos trabalhistas, fiscaliza\u00e7\u00e3o do trabalho, adequa\u00e7\u00e3o \u00e0s normas de seguran\u00e7a e sa\u00fade), entre outras\u201d.<br \/>\nEm 2019, o Congresso Nacional manteve veto do ent\u00e3o presidente Jair Bolsonaro a um projeto de lei que regulamentava a profiss\u00e3o de cuidador. Na ocasi\u00e3o, o governo justificou o veto dizendo que o texto criava regulamenta\u00e7\u00f5es \u201ccom a imposi\u00e7\u00e3o de requisitos e condicionantes, ofendendo o direito fundamental de livre exerc\u00edcio profissional\u201d.<br \/>\nNa resposta \u00e0 BBC Brasil, ao mencionar esse veto, o minist\u00e9rio disse que ele \u201cindica que os termos da regulamenta\u00e7\u00e3o ainda est\u00e3o sendo debatidos e disputados no \u00e2mbito do legislativo nacional\u201d.<br \/>\nTamb\u00e9m em resposta \u00e0 BBC News Brasil, o Minist\u00e9rio da Sa\u00fade informou que, al\u00e9m do atendimento oferecido pelos agentes comunit\u00e1rios de sa\u00fade (mencionados por F\u00e9lix), a pasta oferece \u201catendimento multiprofissional e domiciliar por meio das equipes de Estrat\u00e9gia de Sa\u00fade da Fam\u00edlia, voltado para demandas de sa\u00fade de rotina, especialmente para idosos\u201d.<br \/>\nO Minist\u00e9rio da Sa\u00fade n\u00e3o mencionou quantas pessoas recebem atendimento por meio desse servi\u00e7o. (Fonte: BBC News Brasil)<\/p>\n","protected":false},"excerpt":{"rendered":"<p>&#8220;Eu sentia um amor muito grande. N\u00e3o tem nem explica\u00e7\u00e3o para o sentimento.&#8221; \u00c9 assim que o cuidador de idosos Rodrigo Rafael de Camargo, de 39 anos, lembra de Carlos, que tinha dem\u00eancia e faleceu em abril, aos 87. \u201cQuando eu chegava, ele j\u00e1 dava um grito. \u2018Rodrigo, vem aqui um pouco. Voc\u00ea n\u00e3o viu [&hellip;]<\/p>\n","protected":false},"author":2,"featured_media":10891,"comment_status":"closed","ping_status":"closed","sticky":false,"template":"","format":"standard","meta":{"iawp_total_views":6,"footnotes":""},"categories":[15],"tags":[],"class_list":["post-10890","post","type-post","status-publish","format-standard","has-post-thumbnail","hentry","category-cidades-2"],"yoast_head":"<!-- This site is optimized with the Yoast SEO plugin v27.3 - https:\/\/yoast.com\/product\/yoast-seo-wordpress\/ -->\n<title>A crescente demanda por cuidadores de idosos em um Brasil cada vez mais velho: &#039;Fui trocar l\u00e2mpada e fiquei&#039; &#8902; Blog da Condessa<\/title>\n<meta name=\"robots\" content=\"index, follow, max-snippet:-1, max-image-preview:large, max-video-preview:-1\" \/>\n<link rel=\"canonical\" href=\"https:\/\/blogdacondessa.com.br\/blog\/cidades-2\/a-crescente-demanda-por-cuidadores-de-idosos-em-um-brasil-cada-vez-mais-velho-fui-trocar-lampada-e-fiquei\/\" \/>\n<meta property=\"og:locale\" content=\"pt_BR\" \/>\n<meta property=\"og:type\" content=\"article\" \/>\n<meta property=\"og:title\" content=\"A crescente demanda por cuidadores de idosos em um Brasil cada vez mais velho: &#039;Fui trocar l\u00e2mpada e fiquei&#039; &#8902; Blog da Condessa\" \/>\n<meta property=\"og:description\" content=\"&#8220;Eu sentia um amor muito grande. N\u00e3o tem nem explica\u00e7\u00e3o para o sentimento.&#8221; \u00c9 assim que o cuidador de idosos Rodrigo Rafael de Camargo, de 39 anos, lembra de Carlos, que tinha dem\u00eancia e faleceu em abril, aos 87. \u201cQuando eu chegava, ele j\u00e1 dava um grito. \u2018Rodrigo, vem aqui um pouco. Voc\u00ea n\u00e3o viu [&hellip;]\" \/>\n<meta property=\"og:url\" content=\"https:\/\/blogdacondessa.com.br\/blog\/cidades-2\/a-crescente-demanda-por-cuidadores-de-idosos-em-um-brasil-cada-vez-mais-velho-fui-trocar-lampada-e-fiquei\/\" \/>\n<meta property=\"og:site_name\" content=\"Blog da Condessa\" \/>\n<meta property=\"article:published_time\" content=\"2024-12-10T09:00:25+00:00\" \/>\n<meta property=\"og:image\" content=\"https:\/\/blogdacondessa.com.br\/blog\/wp-content\/uploads\/2024\/12\/CUIDADOR.webp\" \/>\n\t<meta property=\"og:image:width\" content=\"800\" \/>\n\t<meta property=\"og:image:height\" content=\"449\" \/>\n\t<meta property=\"og:image:type\" content=\"image\/webp\" \/>\n<meta name=\"author\" content=\"Blog da Condessa\" \/>\n<meta name=\"twitter:card\" content=\"summary_large_image\" \/>\n<meta name=\"twitter:label1\" content=\"Escrito por\" \/>\n\t<meta name=\"twitter:data1\" content=\"Blog da Condessa\" \/>\n\t<meta name=\"twitter:label2\" content=\"Est. tempo de leitura\" \/>\n\t<meta name=\"twitter:data2\" content=\"16 minutos\" \/>\n<script type=\"application\/ld+json\" class=\"yoast-schema-graph\">{\"@context\":\"https:\\\/\\\/schema.org\",\"@graph\":[{\"@type\":\"Article\",\"@id\":\"https:\\\/\\\/blogdacondessa.com.br\\\/blog\\\/cidades-2\\\/a-crescente-demanda-por-cuidadores-de-idosos-em-um-brasil-cada-vez-mais-velho-fui-trocar-lampada-e-fiquei\\\/#article\",\"isPartOf\":{\"@id\":\"https:\\\/\\\/blogdacondessa.com.br\\\/blog\\\/cidades-2\\\/a-crescente-demanda-por-cuidadores-de-idosos-em-um-brasil-cada-vez-mais-velho-fui-trocar-lampada-e-fiquei\\\/\"},\"author\":{\"name\":\"Blog da Condessa\",\"@id\":\"https:\\\/\\\/blogdacondessa.com.br\\\/blog\\\/#\\\/schema\\\/person\\\/1d667ff8b785195b568677489d266035\"},\"headline\":\"A crescente demanda por cuidadores de idosos em um Brasil cada vez mais velho: &#8216;Fui trocar l\u00e2mpada e fiquei&#8217;\",\"datePublished\":\"2024-12-10T09:00:25+00:00\",\"mainEntityOfPage\":{\"@id\":\"https:\\\/\\\/blogdacondessa.com.br\\\/blog\\\/cidades-2\\\/a-crescente-demanda-por-cuidadores-de-idosos-em-um-brasil-cada-vez-mais-velho-fui-trocar-lampada-e-fiquei\\\/\"},\"wordCount\":3059,\"image\":{\"@id\":\"https:\\\/\\\/blogdacondessa.com.br\\\/blog\\\/cidades-2\\\/a-crescente-demanda-por-cuidadores-de-idosos-em-um-brasil-cada-vez-mais-velho-fui-trocar-lampada-e-fiquei\\\/#primaryimage\"},\"thumbnailUrl\":\"https:\\\/\\\/blogdacondessa.com.br\\\/blog\\\/wp-content\\\/uploads\\\/2024\\\/12\\\/CUIDADOR.webp\",\"articleSection\":[\"Nacional\"],\"inLanguage\":\"pt-BR\"},{\"@type\":\"WebPage\",\"@id\":\"https:\\\/\\\/blogdacondessa.com.br\\\/blog\\\/cidades-2\\\/a-crescente-demanda-por-cuidadores-de-idosos-em-um-brasil-cada-vez-mais-velho-fui-trocar-lampada-e-fiquei\\\/\",\"url\":\"https:\\\/\\\/blogdacondessa.com.br\\\/blog\\\/cidades-2\\\/a-crescente-demanda-por-cuidadores-de-idosos-em-um-brasil-cada-vez-mais-velho-fui-trocar-lampada-e-fiquei\\\/\",\"name\":\"A crescente demanda por cuidadores de idosos em um Brasil cada vez mais velho: 'Fui trocar l\u00e2mpada e fiquei' &#8902; Blog da Condessa\",\"isPartOf\":{\"@id\":\"https:\\\/\\\/blogdacondessa.com.br\\\/blog\\\/#website\"},\"primaryImageOfPage\":{\"@id\":\"https:\\\/\\\/blogdacondessa.com.br\\\/blog\\\/cidades-2\\\/a-crescente-demanda-por-cuidadores-de-idosos-em-um-brasil-cada-vez-mais-velho-fui-trocar-lampada-e-fiquei\\\/#primaryimage\"},\"image\":{\"@id\":\"https:\\\/\\\/blogdacondessa.com.br\\\/blog\\\/cidades-2\\\/a-crescente-demanda-por-cuidadores-de-idosos-em-um-brasil-cada-vez-mais-velho-fui-trocar-lampada-e-fiquei\\\/#primaryimage\"},\"thumbnailUrl\":\"https:\\\/\\\/blogdacondessa.com.br\\\/blog\\\/wp-content\\\/uploads\\\/2024\\\/12\\\/CUIDADOR.webp\",\"datePublished\":\"2024-12-10T09:00:25+00:00\",\"author\":{\"@id\":\"https:\\\/\\\/blogdacondessa.com.br\\\/blog\\\/#\\\/schema\\\/person\\\/1d667ff8b785195b568677489d266035\"},\"breadcrumb\":{\"@id\":\"https:\\\/\\\/blogdacondessa.com.br\\\/blog\\\/cidades-2\\\/a-crescente-demanda-por-cuidadores-de-idosos-em-um-brasil-cada-vez-mais-velho-fui-trocar-lampada-e-fiquei\\\/#breadcrumb\"},\"inLanguage\":\"pt-BR\",\"potentialAction\":[{\"@type\":\"ReadAction\",\"target\":[\"https:\\\/\\\/blogdacondessa.com.br\\\/blog\\\/cidades-2\\\/a-crescente-demanda-por-cuidadores-de-idosos-em-um-brasil-cada-vez-mais-velho-fui-trocar-lampada-e-fiquei\\\/\"]}]},{\"@type\":\"ImageObject\",\"inLanguage\":\"pt-BR\",\"@id\":\"https:\\\/\\\/blogdacondessa.com.br\\\/blog\\\/cidades-2\\\/a-crescente-demanda-por-cuidadores-de-idosos-em-um-brasil-cada-vez-mais-velho-fui-trocar-lampada-e-fiquei\\\/#primaryimage\",\"url\":\"https:\\\/\\\/blogdacondessa.com.br\\\/blog\\\/wp-content\\\/uploads\\\/2024\\\/12\\\/CUIDADOR.webp\",\"contentUrl\":\"https:\\\/\\\/blogdacondessa.com.br\\\/blog\\\/wp-content\\\/uploads\\\/2024\\\/12\\\/CUIDADOR.webp\",\"width\":800,\"height\":449,\"caption\":\"Cr\u00e9dito,Getty Images\"},{\"@type\":\"BreadcrumbList\",\"@id\":\"https:\\\/\\\/blogdacondessa.com.br\\\/blog\\\/cidades-2\\\/a-crescente-demanda-por-cuidadores-de-idosos-em-um-brasil-cada-vez-mais-velho-fui-trocar-lampada-e-fiquei\\\/#breadcrumb\",\"itemListElement\":[{\"@type\":\"ListItem\",\"position\":1,\"name\":\"In\u00edcio\",\"item\":\"https:\\\/\\\/blogdacondessa.com.br\\\/blog\\\/\"},{\"@type\":\"ListItem\",\"position\":2,\"name\":\"A crescente demanda por cuidadores de idosos em um Brasil cada vez mais velho: &#8216;Fui trocar l\u00e2mpada e fiquei&#8217;\"}]},{\"@type\":\"WebSite\",\"@id\":\"https:\\\/\\\/blogdacondessa.com.br\\\/blog\\\/#website\",\"url\":\"https:\\\/\\\/blogdacondessa.com.br\\\/blog\\\/\",\"name\":\"Blog da Condessa\",\"description\":\"Com Shirley de Souza O\u2019Campos\",\"potentialAction\":[{\"@type\":\"SearchAction\",\"target\":{\"@type\":\"EntryPoint\",\"urlTemplate\":\"https:\\\/\\\/blogdacondessa.com.br\\\/blog\\\/?s={search_term_string}\"},\"query-input\":{\"@type\":\"PropertyValueSpecification\",\"valueRequired\":true,\"valueName\":\"search_term_string\"}}],\"inLanguage\":\"pt-BR\"},{\"@type\":\"Person\",\"@id\":\"https:\\\/\\\/blogdacondessa.com.br\\\/blog\\\/#\\\/schema\\\/person\\\/1d667ff8b785195b568677489d266035\",\"name\":\"Blog da Condessa\",\"image\":{\"@type\":\"ImageObject\",\"inLanguage\":\"pt-BR\",\"@id\":\"https:\\\/\\\/secure.gravatar.com\\\/avatar\\\/377c0eb8b4ad2bfc25461b41564b5971e721ca34a57642868fc7b0c8ac7b52c5?s=96&d=mm&r=g\",\"url\":\"https:\\\/\\\/secure.gravatar.com\\\/avatar\\\/377c0eb8b4ad2bfc25461b41564b5971e721ca34a57642868fc7b0c8ac7b52c5?s=96&d=mm&r=g\",\"contentUrl\":\"https:\\\/\\\/secure.gravatar.com\\\/avatar\\\/377c0eb8b4ad2bfc25461b41564b5971e721ca34a57642868fc7b0c8ac7b52c5?s=96&d=mm&r=g\",\"caption\":\"Blog da Condessa\"},\"url\":\"https:\\\/\\\/blogdacondessa.com.br\\\/blog\\\/author\\\/beatriz\\\/\"}]}<\/script>\n<!-- \/ Yoast SEO plugin. -->","yoast_head_json":{"title":"A crescente demanda por cuidadores de idosos em um Brasil cada vez mais velho: 'Fui trocar l\u00e2mpada e fiquei' &#8902; Blog da Condessa","robots":{"index":"index","follow":"follow","max-snippet":"max-snippet:-1","max-image-preview":"max-image-preview:large","max-video-preview":"max-video-preview:-1"},"canonical":"https:\/\/blogdacondessa.com.br\/blog\/cidades-2\/a-crescente-demanda-por-cuidadores-de-idosos-em-um-brasil-cada-vez-mais-velho-fui-trocar-lampada-e-fiquei\/","og_locale":"pt_BR","og_type":"article","og_title":"A crescente demanda por cuidadores de idosos em um Brasil cada vez mais velho: 'Fui trocar l\u00e2mpada e fiquei' &#8902; Blog da Condessa","og_description":"&#8220;Eu sentia um amor muito grande. N\u00e3o tem nem explica\u00e7\u00e3o para o sentimento.&#8221; \u00c9 assim que o cuidador de idosos Rodrigo Rafael de Camargo, de 39 anos, lembra de Carlos, que tinha dem\u00eancia e faleceu em abril, aos 87. \u201cQuando eu chegava, ele j\u00e1 dava um grito. \u2018Rodrigo, vem aqui um pouco. Voc\u00ea n\u00e3o viu [&hellip;]","og_url":"https:\/\/blogdacondessa.com.br\/blog\/cidades-2\/a-crescente-demanda-por-cuidadores-de-idosos-em-um-brasil-cada-vez-mais-velho-fui-trocar-lampada-e-fiquei\/","og_site_name":"Blog da Condessa","article_published_time":"2024-12-10T09:00:25+00:00","og_image":[{"width":800,"height":449,"url":"https:\/\/blogdacondessa.com.br\/blog\/wp-content\/uploads\/2024\/12\/CUIDADOR.webp","type":"image\/webp"}],"author":"Blog da Condessa","twitter_card":"summary_large_image","twitter_misc":{"Escrito por":"Blog da Condessa","Est. tempo de leitura":"16 minutos"},"schema":{"@context":"https:\/\/schema.org","@graph":[{"@type":"Article","@id":"https:\/\/blogdacondessa.com.br\/blog\/cidades-2\/a-crescente-demanda-por-cuidadores-de-idosos-em-um-brasil-cada-vez-mais-velho-fui-trocar-lampada-e-fiquei\/#article","isPartOf":{"@id":"https:\/\/blogdacondessa.com.br\/blog\/cidades-2\/a-crescente-demanda-por-cuidadores-de-idosos-em-um-brasil-cada-vez-mais-velho-fui-trocar-lampada-e-fiquei\/"},"author":{"name":"Blog da Condessa","@id":"https:\/\/blogdacondessa.com.br\/blog\/#\/schema\/person\/1d667ff8b785195b568677489d266035"},"headline":"A crescente demanda por cuidadores de idosos em um Brasil cada vez mais velho: &#8216;Fui trocar l\u00e2mpada e fiquei&#8217;","datePublished":"2024-12-10T09:00:25+00:00","mainEntityOfPage":{"@id":"https:\/\/blogdacondessa.com.br\/blog\/cidades-2\/a-crescente-demanda-por-cuidadores-de-idosos-em-um-brasil-cada-vez-mais-velho-fui-trocar-lampada-e-fiquei\/"},"wordCount":3059,"image":{"@id":"https:\/\/blogdacondessa.com.br\/blog\/cidades-2\/a-crescente-demanda-por-cuidadores-de-idosos-em-um-brasil-cada-vez-mais-velho-fui-trocar-lampada-e-fiquei\/#primaryimage"},"thumbnailUrl":"https:\/\/blogdacondessa.com.br\/blog\/wp-content\/uploads\/2024\/12\/CUIDADOR.webp","articleSection":["Nacional"],"inLanguage":"pt-BR"},{"@type":"WebPage","@id":"https:\/\/blogdacondessa.com.br\/blog\/cidades-2\/a-crescente-demanda-por-cuidadores-de-idosos-em-um-brasil-cada-vez-mais-velho-fui-trocar-lampada-e-fiquei\/","url":"https:\/\/blogdacondessa.com.br\/blog\/cidades-2\/a-crescente-demanda-por-cuidadores-de-idosos-em-um-brasil-cada-vez-mais-velho-fui-trocar-lampada-e-fiquei\/","name":"A crescente demanda por cuidadores de idosos em um Brasil cada vez mais velho: 'Fui trocar l\u00e2mpada e fiquei' &#8902; Blog da Condessa","isPartOf":{"@id":"https:\/\/blogdacondessa.com.br\/blog\/#website"},"primaryImageOfPage":{"@id":"https:\/\/blogdacondessa.com.br\/blog\/cidades-2\/a-crescente-demanda-por-cuidadores-de-idosos-em-um-brasil-cada-vez-mais-velho-fui-trocar-lampada-e-fiquei\/#primaryimage"},"image":{"@id":"https:\/\/blogdacondessa.com.br\/blog\/cidades-2\/a-crescente-demanda-por-cuidadores-de-idosos-em-um-brasil-cada-vez-mais-velho-fui-trocar-lampada-e-fiquei\/#primaryimage"},"thumbnailUrl":"https:\/\/blogdacondessa.com.br\/blog\/wp-content\/uploads\/2024\/12\/CUIDADOR.webp","datePublished":"2024-12-10T09:00:25+00:00","author":{"@id":"https:\/\/blogdacondessa.com.br\/blog\/#\/schema\/person\/1d667ff8b785195b568677489d266035"},"breadcrumb":{"@id":"https:\/\/blogdacondessa.com.br\/blog\/cidades-2\/a-crescente-demanda-por-cuidadores-de-idosos-em-um-brasil-cada-vez-mais-velho-fui-trocar-lampada-e-fiquei\/#breadcrumb"},"inLanguage":"pt-BR","potentialAction":[{"@type":"ReadAction","target":["https:\/\/blogdacondessa.com.br\/blog\/cidades-2\/a-crescente-demanda-por-cuidadores-de-idosos-em-um-brasil-cada-vez-mais-velho-fui-trocar-lampada-e-fiquei\/"]}]},{"@type":"ImageObject","inLanguage":"pt-BR","@id":"https:\/\/blogdacondessa.com.br\/blog\/cidades-2\/a-crescente-demanda-por-cuidadores-de-idosos-em-um-brasil-cada-vez-mais-velho-fui-trocar-lampada-e-fiquei\/#primaryimage","url":"https:\/\/blogdacondessa.com.br\/blog\/wp-content\/uploads\/2024\/12\/CUIDADOR.webp","contentUrl":"https:\/\/blogdacondessa.com.br\/blog\/wp-content\/uploads\/2024\/12\/CUIDADOR.webp","width":800,"height":449,"caption":"Cr\u00e9dito,Getty Images"},{"@type":"BreadcrumbList","@id":"https:\/\/blogdacondessa.com.br\/blog\/cidades-2\/a-crescente-demanda-por-cuidadores-de-idosos-em-um-brasil-cada-vez-mais-velho-fui-trocar-lampada-e-fiquei\/#breadcrumb","itemListElement":[{"@type":"ListItem","position":1,"name":"In\u00edcio","item":"https:\/\/blogdacondessa.com.br\/blog\/"},{"@type":"ListItem","position":2,"name":"A crescente demanda por cuidadores de idosos em um Brasil cada vez mais velho: &#8216;Fui trocar l\u00e2mpada e fiquei&#8217;"}]},{"@type":"WebSite","@id":"https:\/\/blogdacondessa.com.br\/blog\/#website","url":"https:\/\/blogdacondessa.com.br\/blog\/","name":"Blog da Condessa","description":"Com Shirley de Souza O\u2019Campos","potentialAction":[{"@type":"SearchAction","target":{"@type":"EntryPoint","urlTemplate":"https:\/\/blogdacondessa.com.br\/blog\/?s={search_term_string}"},"query-input":{"@type":"PropertyValueSpecification","valueRequired":true,"valueName":"search_term_string"}}],"inLanguage":"pt-BR"},{"@type":"Person","@id":"https:\/\/blogdacondessa.com.br\/blog\/#\/schema\/person\/1d667ff8b785195b568677489d266035","name":"Blog da Condessa","image":{"@type":"ImageObject","inLanguage":"pt-BR","@id":"https:\/\/secure.gravatar.com\/avatar\/377c0eb8b4ad2bfc25461b41564b5971e721ca34a57642868fc7b0c8ac7b52c5?s=96&d=mm&r=g","url":"https:\/\/secure.gravatar.com\/avatar\/377c0eb8b4ad2bfc25461b41564b5971e721ca34a57642868fc7b0c8ac7b52c5?s=96&d=mm&r=g","contentUrl":"https:\/\/secure.gravatar.com\/avatar\/377c0eb8b4ad2bfc25461b41564b5971e721ca34a57642868fc7b0c8ac7b52c5?s=96&d=mm&r=g","caption":"Blog da Condessa"},"url":"https:\/\/blogdacondessa.com.br\/blog\/author\/beatriz\/"}]}},"_links":{"self":[{"href":"https:\/\/blogdacondessa.com.br\/blog\/wp-json\/wp\/v2\/posts\/10890","targetHints":{"allow":["GET"]}}],"collection":[{"href":"https:\/\/blogdacondessa.com.br\/blog\/wp-json\/wp\/v2\/posts"}],"about":[{"href":"https:\/\/blogdacondessa.com.br\/blog\/wp-json\/wp\/v2\/types\/post"}],"author":[{"embeddable":true,"href":"https:\/\/blogdacondessa.com.br\/blog\/wp-json\/wp\/v2\/users\/2"}],"replies":[{"embeddable":true,"href":"https:\/\/blogdacondessa.com.br\/blog\/wp-json\/wp\/v2\/comments?post=10890"}],"version-history":[{"count":0,"href":"https:\/\/blogdacondessa.com.br\/blog\/wp-json\/wp\/v2\/posts\/10890\/revisions"}],"wp:featuredmedia":[{"embeddable":true,"href":"https:\/\/blogdacondessa.com.br\/blog\/wp-json\/wp\/v2\/media\/10891"}],"wp:attachment":[{"href":"https:\/\/blogdacondessa.com.br\/blog\/wp-json\/wp\/v2\/media?parent=10890"}],"wp:term":[{"taxonomy":"category","embeddable":true,"href":"https:\/\/blogdacondessa.com.br\/blog\/wp-json\/wp\/v2\/categories?post=10890"},{"taxonomy":"post_tag","embeddable":true,"href":"https:\/\/blogdacondessa.com.br\/blog\/wp-json\/wp\/v2\/tags?post=10890"}],"curies":[{"name":"wp","href":"https:\/\/api.w.org\/{rel}","templated":true}]}}