{"id":10887,"date":"2024-12-10T05:00:50","date_gmt":"2024-12-10T09:00:50","guid":{"rendered":"https:\/\/blogdacondessa.com.br\/blog\/?p=10887"},"modified":"2024-12-09T18:38:48","modified_gmt":"2024-12-09T22:38:48","slug":"premio-homenageia-personalidades-de-mato-grosso","status":"publish","type":"post","link":"https:\/\/blogdacondessa.com.br\/blog\/cidades\/premio-homenageia-personalidades-de-mato-grosso\/","title":{"rendered":"Pr\u00eamio homenageia personalidades de Mato Grosso"},"content":{"rendered":"<p>Destaque deste ano \u00e9 o aumento da participa\u00e7\u00e3o de personalidades do interior do estado.<br \/>\nAcontece no pr\u00f3ximo dia 19 de dezembro no anfiteatro do Col\u00e9gio Liceu Cuiabano, \u00e0s 19h, o Pr\u00eamio Maria Taquara &#8211; Gente de Express\u00e3o 2024, que ir\u00e1 homenagear personalidades locais que foram destaques nas \u00e1reas: mulheres de neg\u00f3cios, projeto social, imprensa, m\u00fasica, cultura e diversidade, pot\u00eancia nas redes e personalidade feminina. O pr\u00eamio, que j\u00e1 acontece h\u00e1 3 anos, ganhou relev\u00e2ncia e \u00e9 considerado Os Melhores do Ano pelos mato-grossenses.<br \/>\nAs indica\u00e7\u00e3o acontecem a partir de uma an\u00e1lise minuciosa realizada pelo idealizador do pr\u00eamio, o produtor de eventos Ghon\u00e7alo Rodrigo. &#8220;Analisamos todas as pessoas que se destacaram, na sociedade e profissionalmente, ao longo do ano de 2024 e selecionamos os perfis mais expressivos. Os ganhadores s\u00e3o escolhidos ap\u00f3s a constata\u00e7\u00e3o de que seus feitos e a\u00e7\u00f5es impactaram positivamente a sociedade, contribuindo para um futuro melhor&#8221;, esclarece ele.<br \/>\nO \u00fanico nome do evento conhecido at\u00e9 o momento \u00e9 o da mestre de cerim\u00f4nias, a modelo Mavi Rondon, pois todo o processo \u00e9 mantido em segredo, tanto os nomes dos homenageados, quanto das personalidades que ir\u00e3o entregar a honraria aos escolhidos.<br \/>\n&#8220;Como cuiabano, me sinto realizado em manter vivo o legado dessa mulher t\u00e3o audaciosa e t\u00e3o \u00e0 frente do seu tempo, que foi Maria Taquara. Tenho orgulho de exaltar a ousadia e a coragem das mulheres cuiabanas&#8221;, destaca Rodrigo.<br \/>\nO diferencial este ano fica por conta da inclus\u00e3o de personalidades masculinas nas homenagens, j\u00e1 que a ideia do pr\u00eamio inicialmente era contemplar apenas as jornadas femininas.<br \/>\n<strong>Servi\u00e7o<\/strong><br \/>\nPr\u00eamio Maria Taquara &#8211; Gente de Express\u00e3o 2024<br \/>\nQuando: 19 de dezembro, \u00e0s 19h<br \/>\nOnde: anfiteatro do Col\u00e9gio Liceu Cuiabano<br \/>\nMais informa\u00e7\u00f5es:(65)98118-5025<\/p>\n","protected":false},"excerpt":{"rendered":"<p>Destaque deste ano \u00e9 o aumento da participa\u00e7\u00e3o de personalidades do interior do estado. Acontece no pr\u00f3ximo dia 19 de dezembro no anfiteatro do Col\u00e9gio Liceu Cuiabano, \u00e0s 19h, o Pr\u00eamio Maria Taquara &#8211; Gente de Express\u00e3o 2024, que ir\u00e1 homenagear personalidades locais que foram destaques nas \u00e1reas: mulheres de neg\u00f3cios, projeto social, imprensa, m\u00fasica, [&hellip;]<\/p>\n","protected":false},"author":2,"featured_media":10888,"comment_status":"closed","ping_status":"closed","sticky":false,"template":"","format":"standard","meta":{"iawp_total_views":9,"footnotes":""},"categories":[12],"tags":[],"class_list":["post-10887","post","type-post","status-publish","format-standard","has-post-thumbnail","hentry","category-cidades"],"yoast_head":"<!-- This site is optimized with the Yoast SEO plugin v27.3 - https:\/\/yoast.com\/product\/yoast-seo-wordpress\/ -->\n<title>Pr\u00eamio homenageia personalidades de Mato Grosso &#8902; Blog da Condessa<\/title>\n<meta name=\"robots\" content=\"index, follow, max-snippet:-1, max-image-preview:large, max-video-preview:-1\" \/>\n<link rel=\"canonical\" href=\"https:\/\/blogdacondessa.com.br\/blog\/cidades\/premio-homenageia-personalidades-de-mato-grosso\/\" \/>\n<meta property=\"og:locale\" content=\"pt_BR\" \/>\n<meta property=\"og:type\" content=\"article\" \/>\n<meta property=\"og:title\" content=\"Pr\u00eamio homenageia personalidades de Mato Grosso &#8902; Blog da Condessa\" \/>\n<meta property=\"og:description\" content=\"Destaque deste ano \u00e9 o aumento da participa\u00e7\u00e3o de personalidades do interior do estado. Acontece no pr\u00f3ximo dia 19 de dezembro no anfiteatro do Col\u00e9gio Liceu Cuiabano, \u00e0s 19h, o Pr\u00eamio Maria Taquara &#8211; Gente de Express\u00e3o 2024, que ir\u00e1 homenagear personalidades locais que foram destaques nas \u00e1reas: mulheres de neg\u00f3cios, projeto social, imprensa, m\u00fasica, [&hellip;]\" \/>\n<meta property=\"og:url\" content=\"https:\/\/blogdacondessa.com.br\/blog\/cidades\/premio-homenageia-personalidades-de-mato-grosso\/\" \/>\n<meta property=\"og:site_name\" content=\"Blog da Condessa\" \/>\n<meta property=\"article:published_time\" content=\"2024-12-10T09:00:50+00:00\" \/>\n<meta property=\"og:image\" content=\"https:\/\/blogdacondessa.com.br\/blog\/wp-content\/uploads\/2024\/12\/premio-personalidades.jpg\" \/>\n\t<meta property=\"og:image:width\" content=\"400\" \/>\n\t<meta property=\"og:image:height\" content=\"409\" \/>\n\t<meta property=\"og:image:type\" content=\"image\/jpeg\" \/>\n<meta name=\"author\" content=\"Blog da Condessa\" \/>\n<meta name=\"twitter:card\" content=\"summary_large_image\" \/>\n<meta name=\"twitter:label1\" content=\"Escrito por\" \/>\n\t<meta name=\"twitter:data1\" content=\"Blog da Condessa\" \/>\n\t<meta name=\"twitter:label2\" content=\"Est. tempo de leitura\" \/>\n\t<meta name=\"twitter:data2\" content=\"2 minutos\" \/>\n<script type=\"application\/ld+json\" class=\"yoast-schema-graph\">{\"@context\":\"https:\\\/\\\/schema.org\",\"@graph\":[{\"@type\":\"Article\",\"@id\":\"https:\\\/\\\/blogdacondessa.com.br\\\/blog\\\/cidades\\\/premio-homenageia-personalidades-de-mato-grosso\\\/#article\",\"isPartOf\":{\"@id\":\"https:\\\/\\\/blogdacondessa.com.br\\\/blog\\\/cidades\\\/premio-homenageia-personalidades-de-mato-grosso\\\/\"},\"author\":{\"name\":\"Blog da Condessa\",\"@id\":\"https:\\\/\\\/blogdacondessa.com.br\\\/blog\\\/#\\\/schema\\\/person\\\/1d667ff8b785195b568677489d266035\"},\"headline\":\"Pr\u00eamio homenageia personalidades de Mato Grosso\",\"datePublished\":\"2024-12-10T09:00:50+00:00\",\"mainEntityOfPage\":{\"@id\":\"https:\\\/\\\/blogdacondessa.com.br\\\/blog\\\/cidades\\\/premio-homenageia-personalidades-de-mato-grosso\\\/\"},\"wordCount\":307,\"image\":{\"@id\":\"https:\\\/\\\/blogdacondessa.com.br\\\/blog\\\/cidades\\\/premio-homenageia-personalidades-de-mato-grosso\\\/#primaryimage\"},\"thumbnailUrl\":\"https:\\\/\\\/blogdacondessa.com.br\\\/blog\\\/wp-content\\\/uploads\\\/2024\\\/12\\\/premio-personalidades.jpg\",\"articleSection\":[\"Cidades\"],\"inLanguage\":\"pt-BR\"},{\"@type\":\"WebPage\",\"@id\":\"https:\\\/\\\/blogdacondessa.com.br\\\/blog\\\/cidades\\\/premio-homenageia-personalidades-de-mato-grosso\\\/\",\"url\":\"https:\\\/\\\/blogdacondessa.com.br\\\/blog\\\/cidades\\\/premio-homenageia-personalidades-de-mato-grosso\\\/\",\"name\":\"Pr\u00eamio homenageia personalidades de Mato Grosso &#8902; Blog da Condessa\",\"isPartOf\":{\"@id\":\"https:\\\/\\\/blogdacondessa.com.br\\\/blog\\\/#website\"},\"primaryImageOfPage\":{\"@id\":\"https:\\\/\\\/blogdacondessa.com.br\\\/blog\\\/cidades\\\/premio-homenageia-personalidades-de-mato-grosso\\\/#primaryimage\"},\"image\":{\"@id\":\"https:\\\/\\\/blogdacondessa.com.br\\\/blog\\\/cidades\\\/premio-homenageia-personalidades-de-mato-grosso\\\/#primaryimage\"},\"thumbnailUrl\":\"https:\\\/\\\/blogdacondessa.com.br\\\/blog\\\/wp-content\\\/uploads\\\/2024\\\/12\\\/premio-personalidades.jpg\",\"datePublished\":\"2024-12-10T09:00:50+00:00\",\"author\":{\"@id\":\"https:\\\/\\\/blogdacondessa.com.br\\\/blog\\\/#\\\/schema\\\/person\\\/1d667ff8b785195b568677489d266035\"},\"breadcrumb\":{\"@id\":\"https:\\\/\\\/blogdacondessa.com.br\\\/blog\\\/cidades\\\/premio-homenageia-personalidades-de-mato-grosso\\\/#breadcrumb\"},\"inLanguage\":\"pt-BR\",\"potentialAction\":[{\"@type\":\"ReadAction\",\"target\":[\"https:\\\/\\\/blogdacondessa.com.br\\\/blog\\\/cidades\\\/premio-homenageia-personalidades-de-mato-grosso\\\/\"]}]},{\"@type\":\"ImageObject\",\"inLanguage\":\"pt-BR\",\"@id\":\"https:\\\/\\\/blogdacondessa.com.br\\\/blog\\\/cidades\\\/premio-homenageia-personalidades-de-mato-grosso\\\/#primaryimage\",\"url\":\"https:\\\/\\\/blogdacondessa.com.br\\\/blog\\\/wp-content\\\/uploads\\\/2024\\\/12\\\/premio-personalidades.jpg\",\"contentUrl\":\"https:\\\/\\\/blogdacondessa.com.br\\\/blog\\\/wp-content\\\/uploads\\\/2024\\\/12\\\/premio-personalidades.jpg\",\"width\":400,\"height\":409,\"caption\":\"Foto: Reprodu\u00e7\u00e3o\"},{\"@type\":\"BreadcrumbList\",\"@id\":\"https:\\\/\\\/blogdacondessa.com.br\\\/blog\\\/cidades\\\/premio-homenageia-personalidades-de-mato-grosso\\\/#breadcrumb\",\"itemListElement\":[{\"@type\":\"ListItem\",\"position\":1,\"name\":\"In\u00edcio\",\"item\":\"https:\\\/\\\/blogdacondessa.com.br\\\/blog\\\/\"},{\"@type\":\"ListItem\",\"position\":2,\"name\":\"Pr\u00eamio homenageia personalidades de Mato Grosso\"}]},{\"@type\":\"WebSite\",\"@id\":\"https:\\\/\\\/blogdacondessa.com.br\\\/blog\\\/#website\",\"url\":\"https:\\\/\\\/blogdacondessa.com.br\\\/blog\\\/\",\"name\":\"Blog da Condessa\",\"description\":\"Com Shirley de Souza O\u2019Campos\",\"potentialAction\":[{\"@type\":\"SearchAction\",\"target\":{\"@type\":\"EntryPoint\",\"urlTemplate\":\"https:\\\/\\\/blogdacondessa.com.br\\\/blog\\\/?s={search_term_string}\"},\"query-input\":{\"@type\":\"PropertyValueSpecification\",\"valueRequired\":true,\"valueName\":\"search_term_string\"}}],\"inLanguage\":\"pt-BR\"},{\"@type\":\"Person\",\"@id\":\"https:\\\/\\\/blogdacondessa.com.br\\\/blog\\\/#\\\/schema\\\/person\\\/1d667ff8b785195b568677489d266035\",\"name\":\"Blog da Condessa\",\"image\":{\"@type\":\"ImageObject\",\"inLanguage\":\"pt-BR\",\"@id\":\"https:\\\/\\\/secure.gravatar.com\\\/avatar\\\/377c0eb8b4ad2bfc25461b41564b5971e721ca34a57642868fc7b0c8ac7b52c5?s=96&d=mm&r=g\",\"url\":\"https:\\\/\\\/secure.gravatar.com\\\/avatar\\\/377c0eb8b4ad2bfc25461b41564b5971e721ca34a57642868fc7b0c8ac7b52c5?s=96&d=mm&r=g\",\"contentUrl\":\"https:\\\/\\\/secure.gravatar.com\\\/avatar\\\/377c0eb8b4ad2bfc25461b41564b5971e721ca34a57642868fc7b0c8ac7b52c5?s=96&d=mm&r=g\",\"caption\":\"Blog da Condessa\"},\"url\":\"https:\\\/\\\/blogdacondessa.com.br\\\/blog\\\/author\\\/beatriz\\\/\"}]}<\/script>\n<!-- \/ Yoast SEO plugin. -->","yoast_head_json":{"title":"Pr\u00eamio homenageia personalidades de Mato Grosso &#8902; Blog da Condessa","robots":{"index":"index","follow":"follow","max-snippet":"max-snippet:-1","max-image-preview":"max-image-preview:large","max-video-preview":"max-video-preview:-1"},"canonical":"https:\/\/blogdacondessa.com.br\/blog\/cidades\/premio-homenageia-personalidades-de-mato-grosso\/","og_locale":"pt_BR","og_type":"article","og_title":"Pr\u00eamio homenageia personalidades de Mato Grosso &#8902; Blog da Condessa","og_description":"Destaque deste ano \u00e9 o aumento da participa\u00e7\u00e3o de personalidades do interior do estado. Acontece no pr\u00f3ximo dia 19 de dezembro no anfiteatro do Col\u00e9gio Liceu Cuiabano, \u00e0s 19h, o Pr\u00eamio Maria Taquara &#8211; Gente de Express\u00e3o 2024, que ir\u00e1 homenagear personalidades locais que foram destaques nas \u00e1reas: mulheres de neg\u00f3cios, projeto social, imprensa, m\u00fasica, [&hellip;]","og_url":"https:\/\/blogdacondessa.com.br\/blog\/cidades\/premio-homenageia-personalidades-de-mato-grosso\/","og_site_name":"Blog da Condessa","article_published_time":"2024-12-10T09:00:50+00:00","og_image":[{"width":400,"height":409,"url":"https:\/\/blogdacondessa.com.br\/blog\/wp-content\/uploads\/2024\/12\/premio-personalidades.jpg","type":"image\/jpeg"}],"author":"Blog da Condessa","twitter_card":"summary_large_image","twitter_misc":{"Escrito por":"Blog da Condessa","Est. tempo de leitura":"2 minutos"},"schema":{"@context":"https:\/\/schema.org","@graph":[{"@type":"Article","@id":"https:\/\/blogdacondessa.com.br\/blog\/cidades\/premio-homenageia-personalidades-de-mato-grosso\/#article","isPartOf":{"@id":"https:\/\/blogdacondessa.com.br\/blog\/cidades\/premio-homenageia-personalidades-de-mato-grosso\/"},"author":{"name":"Blog da Condessa","@id":"https:\/\/blogdacondessa.com.br\/blog\/#\/schema\/person\/1d667ff8b785195b568677489d266035"},"headline":"Pr\u00eamio homenageia personalidades de Mato Grosso","datePublished":"2024-12-10T09:00:50+00:00","mainEntityOfPage":{"@id":"https:\/\/blogdacondessa.com.br\/blog\/cidades\/premio-homenageia-personalidades-de-mato-grosso\/"},"wordCount":307,"image":{"@id":"https:\/\/blogdacondessa.com.br\/blog\/cidades\/premio-homenageia-personalidades-de-mato-grosso\/#primaryimage"},"thumbnailUrl":"https:\/\/blogdacondessa.com.br\/blog\/wp-content\/uploads\/2024\/12\/premio-personalidades.jpg","articleSection":["Cidades"],"inLanguage":"pt-BR"},{"@type":"WebPage","@id":"https:\/\/blogdacondessa.com.br\/blog\/cidades\/premio-homenageia-personalidades-de-mato-grosso\/","url":"https:\/\/blogdacondessa.com.br\/blog\/cidades\/premio-homenageia-personalidades-de-mato-grosso\/","name":"Pr\u00eamio homenageia personalidades de Mato Grosso &#8902; Blog da Condessa","isPartOf":{"@id":"https:\/\/blogdacondessa.com.br\/blog\/#website"},"primaryImageOfPage":{"@id":"https:\/\/blogdacondessa.com.br\/blog\/cidades\/premio-homenageia-personalidades-de-mato-grosso\/#primaryimage"},"image":{"@id":"https:\/\/blogdacondessa.com.br\/blog\/cidades\/premio-homenageia-personalidades-de-mato-grosso\/#primaryimage"},"thumbnailUrl":"https:\/\/blogdacondessa.com.br\/blog\/wp-content\/uploads\/2024\/12\/premio-personalidades.jpg","datePublished":"2024-12-10T09:00:50+00:00","author":{"@id":"https:\/\/blogdacondessa.com.br\/blog\/#\/schema\/person\/1d667ff8b785195b568677489d266035"},"breadcrumb":{"@id":"https:\/\/blogdacondessa.com.br\/blog\/cidades\/premio-homenageia-personalidades-de-mato-grosso\/#breadcrumb"},"inLanguage":"pt-BR","potentialAction":[{"@type":"ReadAction","target":["https:\/\/blogdacondessa.com.br\/blog\/cidades\/premio-homenageia-personalidades-de-mato-grosso\/"]}]},{"@type":"ImageObject","inLanguage":"pt-BR","@id":"https:\/\/blogdacondessa.com.br\/blog\/cidades\/premio-homenageia-personalidades-de-mato-grosso\/#primaryimage","url":"https:\/\/blogdacondessa.com.br\/blog\/wp-content\/uploads\/2024\/12\/premio-personalidades.jpg","contentUrl":"https:\/\/blogdacondessa.com.br\/blog\/wp-content\/uploads\/2024\/12\/premio-personalidades.jpg","width":400,"height":409,"caption":"Foto: Reprodu\u00e7\u00e3o"},{"@type":"BreadcrumbList","@id":"https:\/\/blogdacondessa.com.br\/blog\/cidades\/premio-homenageia-personalidades-de-mato-grosso\/#breadcrumb","itemListElement":[{"@type":"ListItem","position":1,"name":"In\u00edcio","item":"https:\/\/blogdacondessa.com.br\/blog\/"},{"@type":"ListItem","position":2,"name":"Pr\u00eamio homenageia personalidades de Mato Grosso"}]},{"@type":"WebSite","@id":"https:\/\/blogdacondessa.com.br\/blog\/#website","url":"https:\/\/blogdacondessa.com.br\/blog\/","name":"Blog da Condessa","description":"Com Shirley de Souza O\u2019Campos","potentialAction":[{"@type":"SearchAction","target":{"@type":"EntryPoint","urlTemplate":"https:\/\/blogdacondessa.com.br\/blog\/?s={search_term_string}"},"query-input":{"@type":"PropertyValueSpecification","valueRequired":true,"valueName":"search_term_string"}}],"inLanguage":"pt-BR"},{"@type":"Person","@id":"https:\/\/blogdacondessa.com.br\/blog\/#\/schema\/person\/1d667ff8b785195b568677489d266035","name":"Blog da Condessa","image":{"@type":"ImageObject","inLanguage":"pt-BR","@id":"https:\/\/secure.gravatar.com\/avatar\/377c0eb8b4ad2bfc25461b41564b5971e721ca34a57642868fc7b0c8ac7b52c5?s=96&d=mm&r=g","url":"https:\/\/secure.gravatar.com\/avatar\/377c0eb8b4ad2bfc25461b41564b5971e721ca34a57642868fc7b0c8ac7b52c5?s=96&d=mm&r=g","contentUrl":"https:\/\/secure.gravatar.com\/avatar\/377c0eb8b4ad2bfc25461b41564b5971e721ca34a57642868fc7b0c8ac7b52c5?s=96&d=mm&r=g","caption":"Blog da Condessa"},"url":"https:\/\/blogdacondessa.com.br\/blog\/author\/beatriz\/"}]}},"_links":{"self":[{"href":"https:\/\/blogdacondessa.com.br\/blog\/wp-json\/wp\/v2\/posts\/10887","targetHints":{"allow":["GET"]}}],"collection":[{"href":"https:\/\/blogdacondessa.com.br\/blog\/wp-json\/wp\/v2\/posts"}],"about":[{"href":"https:\/\/blogdacondessa.com.br\/blog\/wp-json\/wp\/v2\/types\/post"}],"author":[{"embeddable":true,"href":"https:\/\/blogdacondessa.com.br\/blog\/wp-json\/wp\/v2\/users\/2"}],"replies":[{"embeddable":true,"href":"https:\/\/blogdacondessa.com.br\/blog\/wp-json\/wp\/v2\/comments?post=10887"}],"version-history":[{"count":0,"href":"https:\/\/blogdacondessa.com.br\/blog\/wp-json\/wp\/v2\/posts\/10887\/revisions"}],"wp:featuredmedia":[{"embeddable":true,"href":"https:\/\/blogdacondessa.com.br\/blog\/wp-json\/wp\/v2\/media\/10888"}],"wp:attachment":[{"href":"https:\/\/blogdacondessa.com.br\/blog\/wp-json\/wp\/v2\/media?parent=10887"}],"wp:term":[{"taxonomy":"category","embeddable":true,"href":"https:\/\/blogdacondessa.com.br\/blog\/wp-json\/wp\/v2\/categories?post=10887"},{"taxonomy":"post_tag","embeddable":true,"href":"https:\/\/blogdacondessa.com.br\/blog\/wp-json\/wp\/v2\/tags?post=10887"}],"curies":[{"name":"wp","href":"https:\/\/api.w.org\/{rel}","templated":true}]}}