{"id":10793,"date":"2024-11-22T05:00:51","date_gmt":"2024-11-22T09:00:51","guid":{"rendered":"https:\/\/blogdacondessa.com.br\/blog\/?p=10793"},"modified":"2024-11-21T17:12:53","modified_gmt":"2024-11-21T21:12:53","slug":"camara-de-cuiaba-conquista-selo-diamante-de-transparencia-publica","status":"publish","type":"post","link":"https:\/\/blogdacondessa.com.br\/blog\/politica\/camara-de-cuiaba-conquista-selo-diamante-de-transparencia-publica\/","title":{"rendered":"C\u00e2mara de Cuiab\u00e1 conquista Selo Diamante de Transpar\u00eancia P\u00fablica"},"content":{"rendered":"<p>A C\u00e2mara Municipal de Cuiab\u00e1, sob gest\u00e3o do presidente Chico 2000 (PL), conquistou o Selo Diamante de Transpar\u00eancia P\u00fablica no Programa Nacional de Transpar\u00eancia P\u00fablica (PNTP). O parlamento alcan\u00e7ou o \u00edndice de 98,10% de transpar\u00eancia, referente ao ano de 2024.<br \/>\nChico valorizou a evolu\u00e7\u00e3o da C\u00e2mara de Cuiab\u00e1, que em 2023, obteve o Selo Ouro, com 91,02%. A certifica\u00e7\u00e3o \u00e9 conferida pela Associa\u00e7\u00e3o dos Membros dos Tribunais de Contas do Brasil (Atricon).<br \/>\n&#8220;N\u00f3s buscamos isso, em 2023 tivemos Selo Ouro, por meio d\u00e9cimo n\u00f3s perdemos o Selo Diamante, ent\u00e3o estabelecemos a meta, a busca do Selo Diamante, tivemos 98,10%, isso em raz\u00e3o do trabalho s\u00e9rio da equipe. Um resultado que nos deixa feliz, mostra que a C\u00e2mara de Cuiab\u00e1 est\u00e1 preocupado em transmitir tudo que acontece aqui, atrav\u00e9s do Portal de Transpar\u00eancia&#8221;, comentou o presidente.<br \/>\nO vereador refor\u00e7ou que o reconhecimento \u00e9 fruto do compromisso do Legislativo em promover a transpar\u00eancia e o acesso \u00e0 informa\u00e7\u00e3o, a\u00e7\u00f5es fundamentais para o exerc\u00edcio da cidadania e o fortalecimento da democracia.<br \/>\n&#8220;Esse Selo significa que a C\u00e2mara de Cuiab\u00e1 n\u00e3o esconde os seus dados, tudo que \u00e9 feito a n\u00edvel de gest\u00e3o interna, como \u00e9 tratado o or\u00e7amento, tudo se torna p\u00fablico. Todas as informa\u00e7\u00f5es e processos licitat\u00f3rios s\u00e3o postos ao alcance de an\u00e1lise. \u00c9 a C\u00e2mara zelando por aquilo que n\u00e3o \u00e9 nosso, mas de todos os cidad\u00e3os&#8221;, acrescentou.<br \/>\nO Selo Diamante ser\u00e1 entregue pelo Tribunal de Contas de Mato Grosso (TCE-MT) no dia 4 de dezembro, \u00e0s 9h, no Audit\u00f3rio da Escola de Contas do TCE.<\/p>\n","protected":false},"excerpt":{"rendered":"<p>A C\u00e2mara Municipal de Cuiab\u00e1, sob gest\u00e3o do presidente Chico 2000 (PL), conquistou o Selo Diamante de Transpar\u00eancia P\u00fablica no Programa Nacional de Transpar\u00eancia P\u00fablica (PNTP). O parlamento alcan\u00e7ou o \u00edndice de 98,10% de transpar\u00eancia, referente ao ano de 2024. Chico valorizou a evolu\u00e7\u00e3o da C\u00e2mara de Cuiab\u00e1, que em 2023, obteve o Selo Ouro, [&hellip;]<\/p>\n","protected":false},"author":2,"featured_media":10794,"comment_status":"closed","ping_status":"closed","sticky":false,"template":"","format":"standard","meta":{"iawp_total_views":22,"footnotes":""},"categories":[10],"tags":[],"class_list":["post-10793","post","type-post","status-publish","format-standard","has-post-thumbnail","hentry","category-politica"],"yoast_head":"<!-- This site is optimized with the Yoast SEO plugin v27.3 - https:\/\/yoast.com\/product\/yoast-seo-wordpress\/ -->\n<title>C\u00e2mara de Cuiab\u00e1 conquista Selo Diamante de Transpar\u00eancia P\u00fablica &#8902; Blog da Condessa<\/title>\n<meta name=\"robots\" content=\"index, follow, max-snippet:-1, max-image-preview:large, max-video-preview:-1\" \/>\n<link rel=\"canonical\" href=\"https:\/\/blogdacondessa.com.br\/blog\/politica\/camara-de-cuiaba-conquista-selo-diamante-de-transparencia-publica\/\" \/>\n<meta property=\"og:locale\" content=\"pt_BR\" \/>\n<meta property=\"og:type\" content=\"article\" \/>\n<meta property=\"og:title\" content=\"C\u00e2mara de Cuiab\u00e1 conquista Selo Diamante de Transpar\u00eancia P\u00fablica &#8902; Blog da Condessa\" \/>\n<meta property=\"og:description\" content=\"A C\u00e2mara Municipal de Cuiab\u00e1, sob gest\u00e3o do presidente Chico 2000 (PL), conquistou o Selo Diamante de Transpar\u00eancia P\u00fablica no Programa Nacional de Transpar\u00eancia P\u00fablica (PNTP). O parlamento alcan\u00e7ou o \u00edndice de 98,10% de transpar\u00eancia, referente ao ano de 2024. Chico valorizou a evolu\u00e7\u00e3o da C\u00e2mara de Cuiab\u00e1, que em 2023, obteve o Selo Ouro, [&hellip;]\" \/>\n<meta property=\"og:url\" content=\"https:\/\/blogdacondessa.com.br\/blog\/politica\/camara-de-cuiaba-conquista-selo-diamante-de-transparencia-publica\/\" \/>\n<meta property=\"og:site_name\" content=\"Blog da Condessa\" \/>\n<meta property=\"article:published_time\" content=\"2024-11-22T09:00:51+00:00\" \/>\n<meta property=\"og:image\" content=\"https:\/\/blogdacondessa.com.br\/blog\/wp-content\/uploads\/2024\/11\/camara-municipal.jpg\" \/>\n\t<meta property=\"og:image:width\" content=\"337\" \/>\n\t<meta property=\"og:image:height\" content=\"450\" \/>\n\t<meta property=\"og:image:type\" content=\"image\/jpeg\" \/>\n<meta name=\"author\" content=\"Blog da Condessa\" \/>\n<meta name=\"twitter:card\" content=\"summary_large_image\" \/>\n<meta name=\"twitter:label1\" content=\"Escrito por\" \/>\n\t<meta name=\"twitter:data1\" content=\"Blog da Condessa\" \/>\n\t<meta name=\"twitter:label2\" content=\"Est. tempo de leitura\" \/>\n\t<meta name=\"twitter:data2\" content=\"2 minutos\" \/>\n<script type=\"application\/ld+json\" class=\"yoast-schema-graph\">{\"@context\":\"https:\\\/\\\/schema.org\",\"@graph\":[{\"@type\":\"Article\",\"@id\":\"https:\\\/\\\/blogdacondessa.com.br\\\/blog\\\/politica\\\/camara-de-cuiaba-conquista-selo-diamante-de-transparencia-publica\\\/#article\",\"isPartOf\":{\"@id\":\"https:\\\/\\\/blogdacondessa.com.br\\\/blog\\\/politica\\\/camara-de-cuiaba-conquista-selo-diamante-de-transparencia-publica\\\/\"},\"author\":{\"name\":\"Blog da Condessa\",\"@id\":\"https:\\\/\\\/blogdacondessa.com.br\\\/blog\\\/#\\\/schema\\\/person\\\/1d667ff8b785195b568677489d266035\"},\"headline\":\"C\u00e2mara de Cuiab\u00e1 conquista Selo Diamante de Transpar\u00eancia P\u00fablica\",\"datePublished\":\"2024-11-22T09:00:51+00:00\",\"mainEntityOfPage\":{\"@id\":\"https:\\\/\\\/blogdacondessa.com.br\\\/blog\\\/politica\\\/camara-de-cuiaba-conquista-selo-diamante-de-transparencia-publica\\\/\"},\"wordCount\":292,\"image\":{\"@id\":\"https:\\\/\\\/blogdacondessa.com.br\\\/blog\\\/politica\\\/camara-de-cuiaba-conquista-selo-diamante-de-transparencia-publica\\\/#primaryimage\"},\"thumbnailUrl\":\"https:\\\/\\\/blogdacondessa.com.br\\\/blog\\\/wp-content\\\/uploads\\\/2024\\\/11\\\/camara-municipal.jpg\",\"articleSection\":[\"Pol\u00edtica\"],\"inLanguage\":\"pt-BR\"},{\"@type\":\"WebPage\",\"@id\":\"https:\\\/\\\/blogdacondessa.com.br\\\/blog\\\/politica\\\/camara-de-cuiaba-conquista-selo-diamante-de-transparencia-publica\\\/\",\"url\":\"https:\\\/\\\/blogdacondessa.com.br\\\/blog\\\/politica\\\/camara-de-cuiaba-conquista-selo-diamante-de-transparencia-publica\\\/\",\"name\":\"C\u00e2mara de Cuiab\u00e1 conquista Selo Diamante de Transpar\u00eancia P\u00fablica &#8902; Blog da Condessa\",\"isPartOf\":{\"@id\":\"https:\\\/\\\/blogdacondessa.com.br\\\/blog\\\/#website\"},\"primaryImageOfPage\":{\"@id\":\"https:\\\/\\\/blogdacondessa.com.br\\\/blog\\\/politica\\\/camara-de-cuiaba-conquista-selo-diamante-de-transparencia-publica\\\/#primaryimage\"},\"image\":{\"@id\":\"https:\\\/\\\/blogdacondessa.com.br\\\/blog\\\/politica\\\/camara-de-cuiaba-conquista-selo-diamante-de-transparencia-publica\\\/#primaryimage\"},\"thumbnailUrl\":\"https:\\\/\\\/blogdacondessa.com.br\\\/blog\\\/wp-content\\\/uploads\\\/2024\\\/11\\\/camara-municipal.jpg\",\"datePublished\":\"2024-11-22T09:00:51+00:00\",\"author\":{\"@id\":\"https:\\\/\\\/blogdacondessa.com.br\\\/blog\\\/#\\\/schema\\\/person\\\/1d667ff8b785195b568677489d266035\"},\"breadcrumb\":{\"@id\":\"https:\\\/\\\/blogdacondessa.com.br\\\/blog\\\/politica\\\/camara-de-cuiaba-conquista-selo-diamante-de-transparencia-publica\\\/#breadcrumb\"},\"inLanguage\":\"pt-BR\",\"potentialAction\":[{\"@type\":\"ReadAction\",\"target\":[\"https:\\\/\\\/blogdacondessa.com.br\\\/blog\\\/politica\\\/camara-de-cuiaba-conquista-selo-diamante-de-transparencia-publica\\\/\"]}]},{\"@type\":\"ImageObject\",\"inLanguage\":\"pt-BR\",\"@id\":\"https:\\\/\\\/blogdacondessa.com.br\\\/blog\\\/politica\\\/camara-de-cuiaba-conquista-selo-diamante-de-transparencia-publica\\\/#primaryimage\",\"url\":\"https:\\\/\\\/blogdacondessa.com.br\\\/blog\\\/wp-content\\\/uploads\\\/2024\\\/11\\\/camara-municipal.jpg\",\"contentUrl\":\"https:\\\/\\\/blogdacondessa.com.br\\\/blog\\\/wp-content\\\/uploads\\\/2024\\\/11\\\/camara-municipal.jpg\",\"width\":337,\"height\":450,\"caption\":\"Fonte: Secom\"},{\"@type\":\"BreadcrumbList\",\"@id\":\"https:\\\/\\\/blogdacondessa.com.br\\\/blog\\\/politica\\\/camara-de-cuiaba-conquista-selo-diamante-de-transparencia-publica\\\/#breadcrumb\",\"itemListElement\":[{\"@type\":\"ListItem\",\"position\":1,\"name\":\"In\u00edcio\",\"item\":\"https:\\\/\\\/blogdacondessa.com.br\\\/blog\\\/\"},{\"@type\":\"ListItem\",\"position\":2,\"name\":\"C\u00e2mara de Cuiab\u00e1 conquista Selo Diamante de Transpar\u00eancia P\u00fablica\"}]},{\"@type\":\"WebSite\",\"@id\":\"https:\\\/\\\/blogdacondessa.com.br\\\/blog\\\/#website\",\"url\":\"https:\\\/\\\/blogdacondessa.com.br\\\/blog\\\/\",\"name\":\"Blog da Condessa\",\"description\":\"Com Shirley de Souza O\u2019Campos\",\"potentialAction\":[{\"@type\":\"SearchAction\",\"target\":{\"@type\":\"EntryPoint\",\"urlTemplate\":\"https:\\\/\\\/blogdacondessa.com.br\\\/blog\\\/?s={search_term_string}\"},\"query-input\":{\"@type\":\"PropertyValueSpecification\",\"valueRequired\":true,\"valueName\":\"search_term_string\"}}],\"inLanguage\":\"pt-BR\"},{\"@type\":\"Person\",\"@id\":\"https:\\\/\\\/blogdacondessa.com.br\\\/blog\\\/#\\\/schema\\\/person\\\/1d667ff8b785195b568677489d266035\",\"name\":\"Blog da Condessa\",\"image\":{\"@type\":\"ImageObject\",\"inLanguage\":\"pt-BR\",\"@id\":\"https:\\\/\\\/secure.gravatar.com\\\/avatar\\\/377c0eb8b4ad2bfc25461b41564b5971e721ca34a57642868fc7b0c8ac7b52c5?s=96&d=mm&r=g\",\"url\":\"https:\\\/\\\/secure.gravatar.com\\\/avatar\\\/377c0eb8b4ad2bfc25461b41564b5971e721ca34a57642868fc7b0c8ac7b52c5?s=96&d=mm&r=g\",\"contentUrl\":\"https:\\\/\\\/secure.gravatar.com\\\/avatar\\\/377c0eb8b4ad2bfc25461b41564b5971e721ca34a57642868fc7b0c8ac7b52c5?s=96&d=mm&r=g\",\"caption\":\"Blog da Condessa\"},\"url\":\"https:\\\/\\\/blogdacondessa.com.br\\\/blog\\\/author\\\/beatriz\\\/\"}]}<\/script>\n<!-- \/ Yoast SEO plugin. -->","yoast_head_json":{"title":"C\u00e2mara de Cuiab\u00e1 conquista Selo Diamante de Transpar\u00eancia P\u00fablica &#8902; Blog da Condessa","robots":{"index":"index","follow":"follow","max-snippet":"max-snippet:-1","max-image-preview":"max-image-preview:large","max-video-preview":"max-video-preview:-1"},"canonical":"https:\/\/blogdacondessa.com.br\/blog\/politica\/camara-de-cuiaba-conquista-selo-diamante-de-transparencia-publica\/","og_locale":"pt_BR","og_type":"article","og_title":"C\u00e2mara de Cuiab\u00e1 conquista Selo Diamante de Transpar\u00eancia P\u00fablica &#8902; Blog da Condessa","og_description":"A C\u00e2mara Municipal de Cuiab\u00e1, sob gest\u00e3o do presidente Chico 2000 (PL), conquistou o Selo Diamante de Transpar\u00eancia P\u00fablica no Programa Nacional de Transpar\u00eancia P\u00fablica (PNTP). O parlamento alcan\u00e7ou o \u00edndice de 98,10% de transpar\u00eancia, referente ao ano de 2024. Chico valorizou a evolu\u00e7\u00e3o da C\u00e2mara de Cuiab\u00e1, que em 2023, obteve o Selo Ouro, [&hellip;]","og_url":"https:\/\/blogdacondessa.com.br\/blog\/politica\/camara-de-cuiaba-conquista-selo-diamante-de-transparencia-publica\/","og_site_name":"Blog da Condessa","article_published_time":"2024-11-22T09:00:51+00:00","og_image":[{"width":337,"height":450,"url":"https:\/\/blogdacondessa.com.br\/blog\/wp-content\/uploads\/2024\/11\/camara-municipal.jpg","type":"image\/jpeg"}],"author":"Blog da Condessa","twitter_card":"summary_large_image","twitter_misc":{"Escrito por":"Blog da Condessa","Est. tempo de leitura":"2 minutos"},"schema":{"@context":"https:\/\/schema.org","@graph":[{"@type":"Article","@id":"https:\/\/blogdacondessa.com.br\/blog\/politica\/camara-de-cuiaba-conquista-selo-diamante-de-transparencia-publica\/#article","isPartOf":{"@id":"https:\/\/blogdacondessa.com.br\/blog\/politica\/camara-de-cuiaba-conquista-selo-diamante-de-transparencia-publica\/"},"author":{"name":"Blog da Condessa","@id":"https:\/\/blogdacondessa.com.br\/blog\/#\/schema\/person\/1d667ff8b785195b568677489d266035"},"headline":"C\u00e2mara de Cuiab\u00e1 conquista Selo Diamante de Transpar\u00eancia P\u00fablica","datePublished":"2024-11-22T09:00:51+00:00","mainEntityOfPage":{"@id":"https:\/\/blogdacondessa.com.br\/blog\/politica\/camara-de-cuiaba-conquista-selo-diamante-de-transparencia-publica\/"},"wordCount":292,"image":{"@id":"https:\/\/blogdacondessa.com.br\/blog\/politica\/camara-de-cuiaba-conquista-selo-diamante-de-transparencia-publica\/#primaryimage"},"thumbnailUrl":"https:\/\/blogdacondessa.com.br\/blog\/wp-content\/uploads\/2024\/11\/camara-municipal.jpg","articleSection":["Pol\u00edtica"],"inLanguage":"pt-BR"},{"@type":"WebPage","@id":"https:\/\/blogdacondessa.com.br\/blog\/politica\/camara-de-cuiaba-conquista-selo-diamante-de-transparencia-publica\/","url":"https:\/\/blogdacondessa.com.br\/blog\/politica\/camara-de-cuiaba-conquista-selo-diamante-de-transparencia-publica\/","name":"C\u00e2mara de Cuiab\u00e1 conquista Selo Diamante de Transpar\u00eancia P\u00fablica &#8902; Blog da Condessa","isPartOf":{"@id":"https:\/\/blogdacondessa.com.br\/blog\/#website"},"primaryImageOfPage":{"@id":"https:\/\/blogdacondessa.com.br\/blog\/politica\/camara-de-cuiaba-conquista-selo-diamante-de-transparencia-publica\/#primaryimage"},"image":{"@id":"https:\/\/blogdacondessa.com.br\/blog\/politica\/camara-de-cuiaba-conquista-selo-diamante-de-transparencia-publica\/#primaryimage"},"thumbnailUrl":"https:\/\/blogdacondessa.com.br\/blog\/wp-content\/uploads\/2024\/11\/camara-municipal.jpg","datePublished":"2024-11-22T09:00:51+00:00","author":{"@id":"https:\/\/blogdacondessa.com.br\/blog\/#\/schema\/person\/1d667ff8b785195b568677489d266035"},"breadcrumb":{"@id":"https:\/\/blogdacondessa.com.br\/blog\/politica\/camara-de-cuiaba-conquista-selo-diamante-de-transparencia-publica\/#breadcrumb"},"inLanguage":"pt-BR","potentialAction":[{"@type":"ReadAction","target":["https:\/\/blogdacondessa.com.br\/blog\/politica\/camara-de-cuiaba-conquista-selo-diamante-de-transparencia-publica\/"]}]},{"@type":"ImageObject","inLanguage":"pt-BR","@id":"https:\/\/blogdacondessa.com.br\/blog\/politica\/camara-de-cuiaba-conquista-selo-diamante-de-transparencia-publica\/#primaryimage","url":"https:\/\/blogdacondessa.com.br\/blog\/wp-content\/uploads\/2024\/11\/camara-municipal.jpg","contentUrl":"https:\/\/blogdacondessa.com.br\/blog\/wp-content\/uploads\/2024\/11\/camara-municipal.jpg","width":337,"height":450,"caption":"Fonte: Secom"},{"@type":"BreadcrumbList","@id":"https:\/\/blogdacondessa.com.br\/blog\/politica\/camara-de-cuiaba-conquista-selo-diamante-de-transparencia-publica\/#breadcrumb","itemListElement":[{"@type":"ListItem","position":1,"name":"In\u00edcio","item":"https:\/\/blogdacondessa.com.br\/blog\/"},{"@type":"ListItem","position":2,"name":"C\u00e2mara de Cuiab\u00e1 conquista Selo Diamante de Transpar\u00eancia P\u00fablica"}]},{"@type":"WebSite","@id":"https:\/\/blogdacondessa.com.br\/blog\/#website","url":"https:\/\/blogdacondessa.com.br\/blog\/","name":"Blog da Condessa","description":"Com Shirley de Souza O\u2019Campos","potentialAction":[{"@type":"SearchAction","target":{"@type":"EntryPoint","urlTemplate":"https:\/\/blogdacondessa.com.br\/blog\/?s={search_term_string}"},"query-input":{"@type":"PropertyValueSpecification","valueRequired":true,"valueName":"search_term_string"}}],"inLanguage":"pt-BR"},{"@type":"Person","@id":"https:\/\/blogdacondessa.com.br\/blog\/#\/schema\/person\/1d667ff8b785195b568677489d266035","name":"Blog da Condessa","image":{"@type":"ImageObject","inLanguage":"pt-BR","@id":"https:\/\/secure.gravatar.com\/avatar\/377c0eb8b4ad2bfc25461b41564b5971e721ca34a57642868fc7b0c8ac7b52c5?s=96&d=mm&r=g","url":"https:\/\/secure.gravatar.com\/avatar\/377c0eb8b4ad2bfc25461b41564b5971e721ca34a57642868fc7b0c8ac7b52c5?s=96&d=mm&r=g","contentUrl":"https:\/\/secure.gravatar.com\/avatar\/377c0eb8b4ad2bfc25461b41564b5971e721ca34a57642868fc7b0c8ac7b52c5?s=96&d=mm&r=g","caption":"Blog da Condessa"},"url":"https:\/\/blogdacondessa.com.br\/blog\/author\/beatriz\/"}]}},"_links":{"self":[{"href":"https:\/\/blogdacondessa.com.br\/blog\/wp-json\/wp\/v2\/posts\/10793","targetHints":{"allow":["GET"]}}],"collection":[{"href":"https:\/\/blogdacondessa.com.br\/blog\/wp-json\/wp\/v2\/posts"}],"about":[{"href":"https:\/\/blogdacondessa.com.br\/blog\/wp-json\/wp\/v2\/types\/post"}],"author":[{"embeddable":true,"href":"https:\/\/blogdacondessa.com.br\/blog\/wp-json\/wp\/v2\/users\/2"}],"replies":[{"embeddable":true,"href":"https:\/\/blogdacondessa.com.br\/blog\/wp-json\/wp\/v2\/comments?post=10793"}],"version-history":[{"count":0,"href":"https:\/\/blogdacondessa.com.br\/blog\/wp-json\/wp\/v2\/posts\/10793\/revisions"}],"wp:featuredmedia":[{"embeddable":true,"href":"https:\/\/blogdacondessa.com.br\/blog\/wp-json\/wp\/v2\/media\/10794"}],"wp:attachment":[{"href":"https:\/\/blogdacondessa.com.br\/blog\/wp-json\/wp\/v2\/media?parent=10793"}],"wp:term":[{"taxonomy":"category","embeddable":true,"href":"https:\/\/blogdacondessa.com.br\/blog\/wp-json\/wp\/v2\/categories?post=10793"},{"taxonomy":"post_tag","embeddable":true,"href":"https:\/\/blogdacondessa.com.br\/blog\/wp-json\/wp\/v2\/tags?post=10793"}],"curies":[{"name":"wp","href":"https:\/\/api.w.org\/{rel}","templated":true}]}}